{"id":6036,"date":"2025-11-19T10:28:16","date_gmt":"2025-11-19T13:28:16","guid":{"rendered":"https:\/\/www.fiemg.com.br\/regional-sede\/noticias\/black-friday-2025-industria-da-moda-mineira-aumenta-producao-e-projeta-crescimento-de-ate-30\/"},"modified":"2025-11-19T10:33:57","modified_gmt":"2025-11-19T13:33:57","slug":"black-friday-2025-industria-da-moda-mineira-aumenta-producao-e-projeta-crescimento-de-ate-30","status":"publish","type":"noticias","link":"https:\/\/www.fiemg.com.br\/regional-sede\/noticias\/black-friday-2025-industria-da-moda-mineira-aumenta-producao-e-projeta-crescimento-de-ate-30\/","title":{"rendered":"Black Friday 2025: Ind\u00fastria da Moda Mineira Aumenta Produ\u00e7\u00e3o e Projeta Crescimento de At\u00e9 30%"},"content":{"rendered":"\n<p>A Black Friday se consolidou como o maior evento comercial do pa\u00eds. Em 2024, o e-commerce brasileiro movimentou <strong>R$9,38 bilh\u00f5es<\/strong>, segundo levantamento da <strong>Confi.Neotrust <\/strong>divulgado pelo<strong> E-commerce Brasil<\/strong>.&nbsp;<\/p>\n\n\n\n<p>Para 2025, estudos de mercado projetam um avan\u00e7o significativo, com estimativas de crescimento em torno de <strong>16,5%<\/strong>, de acordo com an\u00e1lise da <strong>Gauge e W3haus <\/strong>publicada pela<strong> Exame<\/strong>, impulsionado por um consumidor mais racional, que compara pre\u00e7os com anteced\u00eancia, pesquisa mais e privilegia produtos funcionais e de uso imediato. Esse novo comportamento aumenta a responsabilidade da ind\u00fastria, que precisa garantir disponibilidade, variedade e prazos de entrega compat\u00edveis com a expectativa do p\u00fablico.<\/p>\n\n\n\n<p>No setor da moda, que inclui vestu\u00e1rio, cal\u00e7ados e acess\u00f3rios, a Black Friday depende diretamente da <strong>capacidade produtiva das f\u00e1bricas<\/strong>. O ritmo da data \u00e9 determinado pela prepara\u00e7\u00e3o industrial, que envolve decis\u00f5es sobre estoques, mix de produtos, log\u00edstica e efici\u00eancia dos canais digitais.&nbsp;<\/p>\n\n\n\n<p>As empresas do setor t\u00eam ajustado seus processos para 2025. A estrat\u00e9gia envolve <strong>revisar o hist\u00f3rico de vendas, refor\u00e7ar produtos de alto giro, acelerar cole\u00e7\u00f5es c\u00e1psula e reduzir riscos de encalhe<\/strong>. O consumidor da Black Friday est\u00e1 mais racional e exige rapidez, transpar\u00eancia e valor real. Isso demanda precis\u00e3o da ind\u00fastria nos meses que antecedem a campanha.<\/p>\n\n\n\n<p>No vestu\u00e1rio, representado pelo Sindicato das Ind\u00fastrias do Vestu\u00e1rio de Minas Gerais, o comportamento do consumidor tem direcionado as cole\u00e7\u00f5es para pe\u00e7as casuais, roupas de conforto e itens athleisure. As <strong>empresas relatam estabilidade da produ\u00e7\u00e3o no \u00faltimo trimestre<\/strong> e uma prepara\u00e7\u00e3o cuidadosa para novembro. O presidente do sindicato, Rog\u00e9rio Vasconcellos, avalia que a mudan\u00e7a do consumidor impacta diretamente a ind\u00fastria. \u201cO cliente analisa mais, compara mais e compra apenas o que faz sentido. A ind\u00fastria precisa acompanhar essa maturidade com qualidade e efici\u00eancia\u201d, afirmou Vasconcellos. Ele destacou que a Black Friday \u00e9 uma oportunidade importante para girar estoque e refor\u00e7ar parcerias com o varejo.<\/p>\n\n\n\n<p>Entre os acess\u00f3rios autorais, o movimento tamb\u00e9m \u00e9 positivo. A Claudia Marisguia Bijoux, que integra o Sindicato das Ind\u00fastrias de Joalherias, Ourivesarias, Lapida\u00e7\u00f5es e Obras de Pedras Preciosas, Relojoarias, Folheados de Metais Preciosos e Bijuterias de Minas Gerais, <strong>registrou crescimento<\/strong> no volume produzido no \u00faltimo trimestre e ajustou a estrat\u00e9gia para lan\u00e7amentos mais frequentes. A empresa espera um<strong> aumento de aproximadamente 10%<\/strong> no faturamento durante a Black Friday. De acordo com a diretora criativa, Nivia Marisguia, a identidade da marca \u00e9 determinante para se destacar na data. \u201cA Black Friday tem um ritmo intenso, ent\u00e3o trabalhamos com cole\u00e7\u00f5es c\u00e1psula que preservam nossa assinatura. O p\u00fablico nota quando existe curadoria e autenticidade\u201d, destacou Marisguia.<\/p>\n\n\n\n<p>No setor de cal\u00e7ados e bolsas, ligado ao Sindicato das Ind\u00fastrias de Cal\u00e7ados, Bolsas e Cintos de Minas Gerais, o cen\u00e1rio tamb\u00e9m \u00e9 de crescimento. A&nbsp; Balaia aumentou sua produ\u00e7\u00e3o em cerca de <strong>10%<\/strong> no \u00faltimo trimestre e projeta avan\u00e7o entre <strong>20 e 30% nas vendas<\/strong> durante a semana da Black Friday. A demanda tem se concentrado em produtos funcionais, como bolsas m\u00e9dias, modelos compactos e cal\u00e7ados leves. O s\u00f3cio Lucas Viola Dias Ladeira explica que a estrat\u00e9gia \u00e9 equilibrar volume e margem. \u201cAs clientes buscam praticidade e versatilidade. Nosso desafio \u00e9 entregar isso com qualidade, mesmo em um m\u00eas em que os custos sobem\u201d, declarou Ladeira.&nbsp;<\/p>\n\n\n\n<p>A Relic\u00e1rio Bolsas e Pastas, que atua principalmente no e-commerce, tamb\u00e9m projeta resultados expressivos. A expectativa da empresa \u00e9 de <strong>crescimento em torno de 30%<\/strong> durante a Black Friday de 2025. Para atingir essa meta, a marca refor\u00e7ou os estoques de produtos de maior giro e evitou ampliar o portf\u00f3lio sem necessidade. Segundo o s\u00f3cio-fundador, George Silv\u00e9rio, a <strong>estrat\u00e9gia \u00e9 direcionada por dados<\/strong>. \u201cProduzimos o que tem hist\u00f3rico comprovado de venda e ajustamos o restante do mix. A Black Friday exige precis\u00e3o, n\u00e3o quantidade\u201d, enfatizou Silv\u00e9rio.<\/p>\n\n\n\n<p>Analisando o setor como um todo, a moda mineira chega \u00e0 Black Friday 2025 com um conjunto robusto de estrat\u00e9gias industriais, reduzindo riscos, refor\u00e7ando produtos essenciais, acelerando lan\u00e7amentos e ajustando opera\u00e7\u00f5es internas para responder ao comportamento do consumidor. A digitaliza\u00e7\u00e3o das vendas, aliada \u00e0 revis\u00e3o de cole\u00e7\u00f5es e ao fortalecimento log\u00edstico, cria um ambiente mais competitivo e preparado para atender ao ritmo do varejo.<\/p>\n\n\n\n<p>O desempenho da Black Friday depende, de forma direta, dessa engrenagem industrial. Antes que o consumidor encontre produtos em promo\u00e7\u00e3o, a ind\u00fastria j\u00e1 decidiu o que produzir, como estocar, como distribuir e em que volume atender. Em 2025, o setor produtivo mineiro demonstra estar preparado, impulsionado pelo crescimento industrial recente e pela maturidade das empresas.<\/p>\n\n\n\n<p><em>Fernanda Borges<br><\/em><strong>Imprensa FIEMG<\/strong><\/p>\n\n\n\n<p><\/p>\n","protected":false},"featured_media":6039,"template":"","categories":[15],"tags":[1318,629],"class_list":["post-6036","noticias","type-noticias","status-publish","has-post-thumbnail","hentry","category-desenvolvimento-industrial","tag-black-friday","tag-sindicatos"],"acf":[],"yoast_head":"<!-- This site is optimized with the Yoast SEO plugin v26.2 - https:\/\/yoast.com\/wordpress\/plugins\/seo\/ -->\n<title>Black Friday 2025: Ind\u00fastria da Moda Mineira Aumenta Produ\u00e7\u00e3o e Projeta Crescimento de At\u00e9 30% - FIEMG<\/title>\n<meta name=\"description\" content=\"A corrida da ind\u00fastria mineira para atender a uma Black Friday cada vez mais competitiva, marcada por alta demanda e desafios log\u00edsticos.\" \/>\n<meta name=\"robots\" content=\"index, follow, max-snippet:-1, max-image-preview:large, max-video-preview:-1\" \/>\n<link rel=\"canonical\" href=\"https:\/\/www.fiemg.com.br\/regional-sede\/noticias\/black-friday-2025-industria-da-moda-mineira-aumenta-producao-e-projeta-crescimento-de-ate-30\/\" \/>\n<meta property=\"og:locale\" content=\"pt_BR\" \/>\n<meta property=\"og:type\" content=\"article\" \/>\n<meta property=\"og:title\" content=\"Black Friday 2025: Ind\u00fastria da Moda Mineira Aumenta Produ\u00e7\u00e3o e Projeta Crescimento de At\u00e9 30% - FIEMG\" \/>\n<meta property=\"og:description\" content=\"A corrida da ind\u00fastria mineira para atender a uma Black Friday cada vez mais competitiva, marcada por alta demanda e desafios log\u00edsticos.\" \/>\n<meta property=\"og:url\" content=\"https:\/\/www.fiemg.com.br\/regional-sede\/noticias\/black-friday-2025-industria-da-moda-mineira-aumenta-producao-e-projeta-crescimento-de-ate-30\/\" \/>\n<meta property=\"og:site_name\" content=\"FIEMG\" \/>\n<meta property=\"article:modified_time\" content=\"2025-11-19T13:33:57+00:00\" \/>\n<meta property=\"og:image\" content=\"https:\/\/www.fiemg.com.br\/regional-sede\/wp-content\/uploads\/sites\/21\/2025\/11\/Black-Friday.png\" \/>\n\t<meta property=\"og:image:width\" content=\"512\" \/>\n\t<meta property=\"og:image:height\" content=\"512\" \/>\n\t<meta property=\"og:image:type\" content=\"image\/png\" \/>\n<meta name=\"twitter:card\" content=\"summary_large_image\" \/>\n<meta name=\"twitter:label1\" content=\"Est. tempo de leitura\" \/>\n\t<meta name=\"twitter:data1\" content=\"5 minutos\" \/>\n<script type=\"application\/ld+json\" class=\"yoast-schema-graph\">{\"@context\":\"https:\/\/schema.org\",\"@graph\":[{\"@type\":\"WebPage\",\"@id\":\"https:\/\/www.fiemg.com.br\/regional-sede\/noticias\/black-friday-2025-industria-da-moda-mineira-aumenta-producao-e-projeta-crescimento-de-ate-30\/\",\"url\":\"https:\/\/www.fiemg.com.br\/regional-sede\/noticias\/black-friday-2025-industria-da-moda-mineira-aumenta-producao-e-projeta-crescimento-de-ate-30\/\",\"name\":\"Black Friday 2025: Ind\u00fastria da Moda Mineira Aumenta Produ\u00e7\u00e3o e Projeta Crescimento de At\u00e9 30% - FIEMG\",\"isPartOf\":{\"@id\":\"https:\/\/www.fiemg.com.br\/regional-sede\/#website\"},\"primaryImageOfPage\":{\"@id\":\"https:\/\/www.fiemg.com.br\/regional-sede\/noticias\/black-friday-2025-industria-da-moda-mineira-aumenta-producao-e-projeta-crescimento-de-ate-30\/#primaryimage\"},\"image\":{\"@id\":\"https:\/\/www.fiemg.com.br\/regional-sede\/noticias\/black-friday-2025-industria-da-moda-mineira-aumenta-producao-e-projeta-crescimento-de-ate-30\/#primaryimage\"},\"thumbnailUrl\":\"https:\/\/www.fiemg.com.br\/regional-sede\/wp-content\/uploads\/sites\/21\/2025\/11\/Black-Friday.png\",\"datePublished\":\"2025-11-19T13:28:16+00:00\",\"dateModified\":\"2025-11-19T13:33:57+00:00\",\"description\":\"A corrida da ind\u00fastria mineira para atender a uma Black Friday cada vez mais competitiva, marcada por alta demanda e desafios log\u00edsticos.\",\"breadcrumb\":{\"@id\":\"https:\/\/www.fiemg.com.br\/regional-sede\/noticias\/black-friday-2025-industria-da-moda-mineira-aumenta-producao-e-projeta-crescimento-de-ate-30\/#breadcrumb\"},\"inLanguage\":\"pt-BR\",\"potentialAction\":[{\"@type\":\"ReadAction\",\"target\":[\"https:\/\/www.fiemg.com.br\/regional-sede\/noticias\/black-friday-2025-industria-da-moda-mineira-aumenta-producao-e-projeta-crescimento-de-ate-30\/\"]}]},{\"@type\":\"ImageObject\",\"inLanguage\":\"pt-BR\",\"@id\":\"https:\/\/www.fiemg.com.br\/regional-sede\/noticias\/black-friday-2025-industria-da-moda-mineira-aumenta-producao-e-projeta-crescimento-de-ate-30\/#primaryimage\",\"url\":\"https:\/\/www.fiemg.com.br\/regional-sede\/wp-content\/uploads\/sites\/21\/2025\/11\/Black-Friday.png\",\"contentUrl\":\"https:\/\/www.fiemg.com.br\/regional-sede\/wp-content\/uploads\/sites\/21\/2025\/11\/Black-Friday.png\",\"width\":512,\"height\":512},{\"@type\":\"BreadcrumbList\",\"@id\":\"https:\/\/www.fiemg.com.br\/regional-sede\/noticias\/black-friday-2025-industria-da-moda-mineira-aumenta-producao-e-projeta-crescimento-de-ate-30\/#breadcrumb\",\"itemListElement\":[{\"@type\":\"ListItem\",\"position\":1,\"name\":\"In\u00edcio\",\"item\":\"https:\/\/www.fiemg.com.br\/regional-sede\/\"},{\"@type\":\"ListItem\",\"position\":2,\"name\":\"Black Friday 2025: Ind\u00fastria da Moda Mineira Aumenta Produ\u00e7\u00e3o e Projeta Crescimento de At\u00e9 30%\"}]},{\"@type\":\"WebSite\",\"@id\":\"https:\/\/www.fiemg.com.br\/regional-sede\/#website\",\"url\":\"https:\/\/www.fiemg.com.br\/regional-sede\/\",\"name\":\"FIEMG\",\"description\":\"Federa\u00e7\u00e3o das Ind\u00fastrias do Estado de Minas Gerais\",\"publisher\":{\"@id\":\"https:\/\/www.fiemg.com.br\/regional-sede\/#organization\"},\"potentialAction\":[{\"@type\":\"SearchAction\",\"target\":{\"@type\":\"EntryPoint\",\"urlTemplate\":\"https:\/\/www.fiemg.com.br\/regional-sede\/?s={search_term_string}\"},\"query-input\":{\"@type\":\"PropertyValueSpecification\",\"valueRequired\":true,\"valueName\":\"search_term_string\"}}],\"inLanguage\":\"pt-BR\"},{\"@type\":\"Organization\",\"@id\":\"https:\/\/www.fiemg.com.br\/regional-sede\/#organization\",\"name\":\"FIEMG\",\"url\":\"https:\/\/www.fiemg.com.br\/regional-sede\/\",\"logo\":{\"@type\":\"ImageObject\",\"inLanguage\":\"pt-BR\",\"@id\":\"https:\/\/www.fiemg.com.br\/regional-sede\/#\/schema\/logo\/image\/\",\"url\":\"https:\/\/www.fiemg.com.br\/regional-sede\/wp-content\/uploads\/sites\/21\/2023\/02\/Ativo-1.png\",\"contentUrl\":\"https:\/\/www.fiemg.com.br\/regional-sede\/wp-content\/uploads\/sites\/21\/2023\/02\/Ativo-1.png\",\"width\":563,\"height\":149,\"caption\":\"FIEMG\"},\"image\":{\"@id\":\"https:\/\/www.fiemg.com.br\/regional-sede\/#\/schema\/logo\/image\/\"}}]}<\/script>\n<!-- \/ Yoast SEO plugin. -->","yoast_head_json":{"title":"Black Friday 2025: Ind\u00fastria da Moda Mineira Aumenta Produ\u00e7\u00e3o e Projeta Crescimento de At\u00e9 30% - FIEMG","description":"A corrida da ind\u00fastria mineira para atender a uma Black Friday cada vez mais competitiva, marcada por alta demanda e desafios log\u00edsticos.","robots":{"index":"index","follow":"follow","max-snippet":"max-snippet:-1","max-image-preview":"max-image-preview:large","max-video-preview":"max-video-preview:-1"},"canonical":"https:\/\/www.fiemg.com.br\/regional-sede\/noticias\/black-friday-2025-industria-da-moda-mineira-aumenta-producao-e-projeta-crescimento-de-ate-30\/","og_locale":"pt_BR","og_type":"article","og_title":"Black Friday 2025: Ind\u00fastria da Moda Mineira Aumenta Produ\u00e7\u00e3o e Projeta Crescimento de At\u00e9 30% - FIEMG","og_description":"A corrida da ind\u00fastria mineira para atender a uma Black Friday cada vez mais competitiva, marcada por alta demanda e desafios log\u00edsticos.","og_url":"https:\/\/www.fiemg.com.br\/regional-sede\/noticias\/black-friday-2025-industria-da-moda-mineira-aumenta-producao-e-projeta-crescimento-de-ate-30\/","og_site_name":"FIEMG","article_modified_time":"2025-11-19T13:33:57+00:00","og_image":[{"width":512,"height":512,"url":"https:\/\/www.fiemg.com.br\/regional-sede\/wp-content\/uploads\/sites\/21\/2025\/11\/Black-Friday.png","type":"image\/png"}],"twitter_card":"summary_large_image","twitter_misc":{"Est. tempo de leitura":"5 minutos"},"schema":{"@context":"https:\/\/schema.org","@graph":[{"@type":"WebPage","@id":"https:\/\/www.fiemg.com.br\/regional-sede\/noticias\/black-friday-2025-industria-da-moda-mineira-aumenta-producao-e-projeta-crescimento-de-ate-30\/","url":"https:\/\/www.fiemg.com.br\/regional-sede\/noticias\/black-friday-2025-industria-da-moda-mineira-aumenta-producao-e-projeta-crescimento-de-ate-30\/","name":"Black Friday 2025: Ind\u00fastria da Moda Mineira Aumenta Produ\u00e7\u00e3o e Projeta Crescimento de At\u00e9 30% - FIEMG","isPartOf":{"@id":"https:\/\/www.fiemg.com.br\/regional-sede\/#website"},"primaryImageOfPage":{"@id":"https:\/\/www.fiemg.com.br\/regional-sede\/noticias\/black-friday-2025-industria-da-moda-mineira-aumenta-producao-e-projeta-crescimento-de-ate-30\/#primaryimage"},"image":{"@id":"https:\/\/www.fiemg.com.br\/regional-sede\/noticias\/black-friday-2025-industria-da-moda-mineira-aumenta-producao-e-projeta-crescimento-de-ate-30\/#primaryimage"},"thumbnailUrl":"https:\/\/www.fiemg.com.br\/regional-sede\/wp-content\/uploads\/sites\/21\/2025\/11\/Black-Friday.png","datePublished":"2025-11-19T13:28:16+00:00","dateModified":"2025-11-19T13:33:57+00:00","description":"A corrida da ind\u00fastria mineira para atender a uma Black Friday cada vez mais competitiva, marcada por alta demanda e desafios log\u00edsticos.","breadcrumb":{"@id":"https:\/\/www.fiemg.com.br\/regional-sede\/noticias\/black-friday-2025-industria-da-moda-mineira-aumenta-producao-e-projeta-crescimento-de-ate-30\/#breadcrumb"},"inLanguage":"pt-BR","potentialAction":[{"@type":"ReadAction","target":["https:\/\/www.fiemg.com.br\/regional-sede\/noticias\/black-friday-2025-industria-da-moda-mineira-aumenta-producao-e-projeta-crescimento-de-ate-30\/"]}]},{"@type":"ImageObject","inLanguage":"pt-BR","@id":"https:\/\/www.fiemg.com.br\/regional-sede\/noticias\/black-friday-2025-industria-da-moda-mineira-aumenta-producao-e-projeta-crescimento-de-ate-30\/#primaryimage","url":"https:\/\/www.fiemg.com.br\/regional-sede\/wp-content\/uploads\/sites\/21\/2025\/11\/Black-Friday.png","contentUrl":"https:\/\/www.fiemg.com.br\/regional-sede\/wp-content\/uploads\/sites\/21\/2025\/11\/Black-Friday.png","width":512,"height":512},{"@type":"BreadcrumbList","@id":"https:\/\/www.fiemg.com.br\/regional-sede\/noticias\/black-friday-2025-industria-da-moda-mineira-aumenta-producao-e-projeta-crescimento-de-ate-30\/#breadcrumb","itemListElement":[{"@type":"ListItem","position":1,"name":"In\u00edcio","item":"https:\/\/www.fiemg.com.br\/regional-sede\/"},{"@type":"ListItem","position":2,"name":"Black Friday 2025: Ind\u00fastria da Moda Mineira Aumenta Produ\u00e7\u00e3o e Projeta Crescimento de At\u00e9 30%"}]},{"@type":"WebSite","@id":"https:\/\/www.fiemg.com.br\/regional-sede\/#website","url":"https:\/\/www.fiemg.com.br\/regional-sede\/","name":"FIEMG","description":"Federa\u00e7\u00e3o das Ind\u00fastrias do Estado de Minas Gerais","publisher":{"@id":"https:\/\/www.fiemg.com.br\/regional-sede\/#organization"},"potentialAction":[{"@type":"SearchAction","target":{"@type":"EntryPoint","urlTemplate":"https:\/\/www.fiemg.com.br\/regional-sede\/?s={search_term_string}"},"query-input":{"@type":"PropertyValueSpecification","valueRequired":true,"valueName":"search_term_string"}}],"inLanguage":"pt-BR"},{"@type":"Organization","@id":"https:\/\/www.fiemg.com.br\/regional-sede\/#organization","name":"FIEMG","url":"https:\/\/www.fiemg.com.br\/regional-sede\/","logo":{"@type":"ImageObject","inLanguage":"pt-BR","@id":"https:\/\/www.fiemg.com.br\/regional-sede\/#\/schema\/logo\/image\/","url":"https:\/\/www.fiemg.com.br\/regional-sede\/wp-content\/uploads\/sites\/21\/2023\/02\/Ativo-1.png","contentUrl":"https:\/\/www.fiemg.com.br\/regional-sede\/wp-content\/uploads\/sites\/21\/2023\/02\/Ativo-1.png","width":563,"height":149,"caption":"FIEMG"},"image":{"@id":"https:\/\/www.fiemg.com.br\/regional-sede\/#\/schema\/logo\/image\/"}}]}},"_links":{"self":[{"href":"https:\/\/www.fiemg.com.br\/regional-sede\/wp-json\/wp\/v2\/noticias\/6036","targetHints":{"allow":["GET"]}}],"collection":[{"href":"https:\/\/www.fiemg.com.br\/regional-sede\/wp-json\/wp\/v2\/noticias"}],"about":[{"href":"https:\/\/www.fiemg.com.br\/regional-sede\/wp-json\/wp\/v2\/types\/noticias"}],"wp:featuredmedia":[{"embeddable":true,"href":"https:\/\/www.fiemg.com.br\/regional-sede\/wp-json\/wp\/v2\/media\/6039"}],"wp:attachment":[{"href":"https:\/\/www.fiemg.com.br\/regional-sede\/wp-json\/wp\/v2\/media?parent=6036"}],"wp:term":[{"taxonomy":"category","embeddable":true,"href":"https:\/\/www.fiemg.com.br\/regional-sede\/wp-json\/wp\/v2\/categories?post=6036"},{"taxonomy":"post_tag","embeddable":true,"href":"https:\/\/www.fiemg.com.br\/regional-sede\/wp-json\/wp\/v2\/tags?post=6036"}],"curies":[{"name":"wp","href":"https:\/\/api.w.org\/{rel}","templated":true}]}}