{"id":6043,"date":"2025-11-21T08:10:05","date_gmt":"2025-11-21T11:10:05","guid":{"rendered":"https:\/\/www.fiemg.com.br\/regional-sede\/noticias\/considera-altamente-positiva-a-decisao-anunciada-nesta-quinta-feira-20-pelos-estados-unidos-de-retirar-a-tarifa-de-40\/"},"modified":"2025-11-21T08:10:14","modified_gmt":"2025-11-21T11:10:14","slug":"considera-altamente-positiva-a-decisao-anunciada-nesta-quinta-feira-20-pelos-estados-unidos-de-retirar-a-tarifa-de-40","status":"publish","type":"noticias","link":"https:\/\/www.fiemg.com.br\/regional-sede\/noticias\/considera-altamente-positiva-a-decisao-anunciada-nesta-quinta-feira-20-pelos-estados-unidos-de-retirar-a-tarifa-de-40\/","title":{"rendered":"FIEMG celebra retirada de tarifas pelos EUA e refor\u00e7a import\u00e2ncia do di\u00e1logo"},"content":{"rendered":"\n<p><\/p>\n\n\n\n<p>A Federa\u00e7\u00e3o das Ind\u00fastrias do Estado de Minas Gerais (FIEMG) considera altamente positiva a decis\u00e3o anunciada nesta quinta-feira (20) pelos Estados Unidos de retirar a tarifa de 40% aplicada a diversos produtos brasileiros. A revers\u00e3o abrange itens relevantes para a cadeia produtiva mineira, como o caf\u00e9 e a carne bovina, trazendo al\u00edvio para setores que vinham enfrentando perda de competitividade no mercado norte-americano.<\/p>\n\n\n\n<p>A FIEMG destaca que a medida refor\u00e7a a efic\u00e1cia do caminho que sempre defendeu: a negocia\u00e7\u00e3o constante e t\u00e9cnica entre os dois pa\u00edses como instrumento central para a retomada das condi\u00e7\u00f5es adequadas de com\u00e9rcio.<\/p>\n\n\n\n<p>Fl\u00e1vio Roscoe, presidente da FIEMG, afirma que \u201ca retirada da tarifa de 40% confirma aquilo que sempre defendemos: as negocia\u00e7\u00f5es s\u00e3o o meio mais eficaz para reequilibrar o ambiente de neg\u00f3cios. O di\u00e1logo consistente entre Brasil e Estados Unidos \u00e9 fundamental para proteger a ind\u00fastria mineira e garantir previsibilidade aos nossos exportadores.\u201d<\/p>\n\n\n\n<p>A entidade lembra que, na \u00faltima semana, j\u00e1 havia ocorrido uma primeira redu\u00e7\u00e3o parcial das tarifas por parte dos EUA, e que a nova decis\u00e3o representa avan\u00e7o significativo na revers\u00e3o do tarifa\u00e7o. Para a FIEMG, o resultado evidencia a import\u00e2ncia da persist\u00eancia nas tratativas e da busca por solu\u00e7\u00f5es negociadas.<\/p>\n\n\n\n<p>A Federa\u00e7\u00e3o seguir\u00e1 acompanhando os pr\u00f3ximos passos e atuando para que a competitividade da ind\u00fastria mineira seja plenamente restabelecida e assegurada no longo prazo.<\/p>\n\n\n\n<p><strong>Imprensa FIEMG<\/strong><\/p>\n\n\n\n<p><\/p>\n","protected":false},"featured_media":1567,"template":"","categories":[15],"tags":[1319,78],"class_list":["post-6043","noticias","type-noticias","status-publish","has-post-thumbnail","hentry","category-desenvolvimento-industrial","tag-eu","tag-fiemg"],"acf":[],"yoast_head":"<!-- This site is optimized with the Yoast SEO plugin v26.2 - https:\/\/yoast.com\/wordpress\/plugins\/seo\/ -->\n<title>FIEMG celebra retirada de tarifas pelos EUA e refor\u00e7a import\u00e2ncia do di\u00e1logo - FIEMG<\/title>\n<meta name=\"description\" content=\"considera altamente positiva a decis\u00e3o anunciada nesta quinta-feira (20) pelos Estados Unidos de retirar a tarifa de 40%\" \/>\n<meta name=\"robots\" content=\"index, follow, max-snippet:-1, max-image-preview:large, max-video-preview:-1\" \/>\n<link rel=\"canonical\" href=\"https:\/\/www.fiemg.com.br\/regional-sede\/noticias\/considera-altamente-positiva-a-decisao-anunciada-nesta-quinta-feira-20-pelos-estados-unidos-de-retirar-a-tarifa-de-40\/\" \/>\n<meta property=\"og:locale\" content=\"pt_BR\" \/>\n<meta property=\"og:type\" content=\"article\" \/>\n<meta property=\"og:title\" content=\"FIEMG celebra retirada de tarifas pelos EUA e refor\u00e7a import\u00e2ncia do di\u00e1logo - FIEMG\" \/>\n<meta property=\"og:description\" content=\"considera altamente positiva a decis\u00e3o anunciada nesta quinta-feira (20) pelos Estados Unidos de retirar a tarifa de 40%\" \/>\n<meta property=\"og:url\" content=\"https:\/\/www.fiemg.com.br\/regional-sede\/noticias\/considera-altamente-positiva-a-decisao-anunciada-nesta-quinta-feira-20-pelos-estados-unidos-de-retirar-a-tarifa-de-40\/\" \/>\n<meta property=\"og:site_name\" content=\"FIEMG\" \/>\n<meta property=\"article:modified_time\" content=\"2025-11-21T11:10:14+00:00\" \/>\n<meta property=\"og:image\" content=\"https:\/\/www.fiemg.com.br\/regional-sede\/wp-content\/uploads\/sites\/21\/2023\/08\/default.png\" \/>\n\t<meta property=\"og:image:width\" content=\"300\" \/>\n\t<meta property=\"og:image:height\" content=\"300\" \/>\n\t<meta property=\"og:image:type\" content=\"image\/png\" \/>\n<meta name=\"twitter:card\" content=\"summary_large_image\" \/>\n<meta name=\"twitter:label1\" content=\"Est. tempo de leitura\" \/>\n\t<meta name=\"twitter:data1\" content=\"2 minutos\" \/>\n<script type=\"application\/ld+json\" class=\"yoast-schema-graph\">{\"@context\":\"https:\/\/schema.org\",\"@graph\":[{\"@type\":\"WebPage\",\"@id\":\"https:\/\/www.fiemg.com.br\/regional-sede\/noticias\/considera-altamente-positiva-a-decisao-anunciada-nesta-quinta-feira-20-pelos-estados-unidos-de-retirar-a-tarifa-de-40\/\",\"url\":\"https:\/\/www.fiemg.com.br\/regional-sede\/noticias\/considera-altamente-positiva-a-decisao-anunciada-nesta-quinta-feira-20-pelos-estados-unidos-de-retirar-a-tarifa-de-40\/\",\"name\":\"FIEMG celebra retirada de tarifas pelos EUA e refor\u00e7a import\u00e2ncia do di\u00e1logo - FIEMG\",\"isPartOf\":{\"@id\":\"https:\/\/www.fiemg.com.br\/regional-sede\/#website\"},\"primaryImageOfPage\":{\"@id\":\"https:\/\/www.fiemg.com.br\/regional-sede\/noticias\/considera-altamente-positiva-a-decisao-anunciada-nesta-quinta-feira-20-pelos-estados-unidos-de-retirar-a-tarifa-de-40\/#primaryimage\"},\"image\":{\"@id\":\"https:\/\/www.fiemg.com.br\/regional-sede\/noticias\/considera-altamente-positiva-a-decisao-anunciada-nesta-quinta-feira-20-pelos-estados-unidos-de-retirar-a-tarifa-de-40\/#primaryimage\"},\"thumbnailUrl\":\"https:\/\/www.fiemg.com.br\/regional-sede\/wp-content\/uploads\/sites\/21\/2023\/08\/default.png\",\"datePublished\":\"2025-11-21T11:10:05+00:00\",\"dateModified\":\"2025-11-21T11:10:14+00:00\",\"description\":\"considera altamente positiva a decis\u00e3o anunciada nesta quinta-feira (20) pelos Estados Unidos de retirar a tarifa de 40%\",\"breadcrumb\":{\"@id\":\"https:\/\/www.fiemg.com.br\/regional-sede\/noticias\/considera-altamente-positiva-a-decisao-anunciada-nesta-quinta-feira-20-pelos-estados-unidos-de-retirar-a-tarifa-de-40\/#breadcrumb\"},\"inLanguage\":\"pt-BR\",\"potentialAction\":[{\"@type\":\"ReadAction\",\"target\":[\"https:\/\/www.fiemg.com.br\/regional-sede\/noticias\/considera-altamente-positiva-a-decisao-anunciada-nesta-quinta-feira-20-pelos-estados-unidos-de-retirar-a-tarifa-de-40\/\"]}]},{\"@type\":\"ImageObject\",\"inLanguage\":\"pt-BR\",\"@id\":\"https:\/\/www.fiemg.com.br\/regional-sede\/noticias\/considera-altamente-positiva-a-decisao-anunciada-nesta-quinta-feira-20-pelos-estados-unidos-de-retirar-a-tarifa-de-40\/#primaryimage\",\"url\":\"https:\/\/www.fiemg.com.br\/regional-sede\/wp-content\/uploads\/sites\/21\/2023\/08\/default.png\",\"contentUrl\":\"https:\/\/www.fiemg.com.br\/regional-sede\/wp-content\/uploads\/sites\/21\/2023\/08\/default.png\",\"width\":300,\"height\":300},{\"@type\":\"BreadcrumbList\",\"@id\":\"https:\/\/www.fiemg.com.br\/regional-sede\/noticias\/considera-altamente-positiva-a-decisao-anunciada-nesta-quinta-feira-20-pelos-estados-unidos-de-retirar-a-tarifa-de-40\/#breadcrumb\",\"itemListElement\":[{\"@type\":\"ListItem\",\"position\":1,\"name\":\"In\u00edcio\",\"item\":\"https:\/\/www.fiemg.com.br\/regional-sede\/\"},{\"@type\":\"ListItem\",\"position\":2,\"name\":\"FIEMG celebra retirada de tarifas pelos EUA e refor\u00e7a import\u00e2ncia do di\u00e1logo\"}]},{\"@type\":\"WebSite\",\"@id\":\"https:\/\/www.fiemg.com.br\/regional-sede\/#website\",\"url\":\"https:\/\/www.fiemg.com.br\/regional-sede\/\",\"name\":\"FIEMG\",\"description\":\"Federa\u00e7\u00e3o das Ind\u00fastrias do Estado de Minas Gerais\",\"publisher\":{\"@id\":\"https:\/\/www.fiemg.com.br\/regional-sede\/#organization\"},\"potentialAction\":[{\"@type\":\"SearchAction\",\"target\":{\"@type\":\"EntryPoint\",\"urlTemplate\":\"https:\/\/www.fiemg.com.br\/regional-sede\/?s={search_term_string}\"},\"query-input\":{\"@type\":\"PropertyValueSpecification\",\"valueRequired\":true,\"valueName\":\"search_term_string\"}}],\"inLanguage\":\"pt-BR\"},{\"@type\":\"Organization\",\"@id\":\"https:\/\/www.fiemg.com.br\/regional-sede\/#organization\",\"name\":\"FIEMG\",\"url\":\"https:\/\/www.fiemg.com.br\/regional-sede\/\",\"logo\":{\"@type\":\"ImageObject\",\"inLanguage\":\"pt-BR\",\"@id\":\"https:\/\/www.fiemg.com.br\/regional-sede\/#\/schema\/logo\/image\/\",\"url\":\"https:\/\/www.fiemg.com.br\/regional-sede\/wp-content\/uploads\/sites\/21\/2023\/02\/Ativo-1.png\",\"contentUrl\":\"https:\/\/www.fiemg.com.br\/regional-sede\/wp-content\/uploads\/sites\/21\/2023\/02\/Ativo-1.png\",\"width\":563,\"height\":149,\"caption\":\"FIEMG\"},\"image\":{\"@id\":\"https:\/\/www.fiemg.com.br\/regional-sede\/#\/schema\/logo\/image\/\"}}]}<\/script>\n<!-- \/ Yoast SEO plugin. -->","yoast_head_json":{"title":"FIEMG celebra retirada de tarifas pelos EUA e refor\u00e7a import\u00e2ncia do di\u00e1logo - FIEMG","description":"considera altamente positiva a decis\u00e3o anunciada nesta quinta-feira (20) pelos Estados Unidos de retirar a tarifa de 40%","robots":{"index":"index","follow":"follow","max-snippet":"max-snippet:-1","max-image-preview":"max-image-preview:large","max-video-preview":"max-video-preview:-1"},"canonical":"https:\/\/www.fiemg.com.br\/regional-sede\/noticias\/considera-altamente-positiva-a-decisao-anunciada-nesta-quinta-feira-20-pelos-estados-unidos-de-retirar-a-tarifa-de-40\/","og_locale":"pt_BR","og_type":"article","og_title":"FIEMG celebra retirada de tarifas pelos EUA e refor\u00e7a import\u00e2ncia do di\u00e1logo - FIEMG","og_description":"considera altamente positiva a decis\u00e3o anunciada nesta quinta-feira (20) pelos Estados Unidos de retirar a tarifa de 40%","og_url":"https:\/\/www.fiemg.com.br\/regional-sede\/noticias\/considera-altamente-positiva-a-decisao-anunciada-nesta-quinta-feira-20-pelos-estados-unidos-de-retirar-a-tarifa-de-40\/","og_site_name":"FIEMG","article_modified_time":"2025-11-21T11:10:14+00:00","og_image":[{"width":300,"height":300,"url":"https:\/\/www.fiemg.com.br\/regional-sede\/wp-content\/uploads\/sites\/21\/2023\/08\/default.png","type":"image\/png"}],"twitter_card":"summary_large_image","twitter_misc":{"Est. tempo de leitura":"2 minutos"},"schema":{"@context":"https:\/\/schema.org","@graph":[{"@type":"WebPage","@id":"https:\/\/www.fiemg.com.br\/regional-sede\/noticias\/considera-altamente-positiva-a-decisao-anunciada-nesta-quinta-feira-20-pelos-estados-unidos-de-retirar-a-tarifa-de-40\/","url":"https:\/\/www.fiemg.com.br\/regional-sede\/noticias\/considera-altamente-positiva-a-decisao-anunciada-nesta-quinta-feira-20-pelos-estados-unidos-de-retirar-a-tarifa-de-40\/","name":"FIEMG celebra retirada de tarifas pelos EUA e refor\u00e7a import\u00e2ncia do di\u00e1logo - FIEMG","isPartOf":{"@id":"https:\/\/www.fiemg.com.br\/regional-sede\/#website"},"primaryImageOfPage":{"@id":"https:\/\/www.fiemg.com.br\/regional-sede\/noticias\/considera-altamente-positiva-a-decisao-anunciada-nesta-quinta-feira-20-pelos-estados-unidos-de-retirar-a-tarifa-de-40\/#primaryimage"},"image":{"@id":"https:\/\/www.fiemg.com.br\/regional-sede\/noticias\/considera-altamente-positiva-a-decisao-anunciada-nesta-quinta-feira-20-pelos-estados-unidos-de-retirar-a-tarifa-de-40\/#primaryimage"},"thumbnailUrl":"https:\/\/www.fiemg.com.br\/regional-sede\/wp-content\/uploads\/sites\/21\/2023\/08\/default.png","datePublished":"2025-11-21T11:10:05+00:00","dateModified":"2025-11-21T11:10:14+00:00","description":"considera altamente positiva a decis\u00e3o anunciada nesta quinta-feira (20) pelos Estados Unidos de retirar a tarifa de 40%","breadcrumb":{"@id":"https:\/\/www.fiemg.com.br\/regional-sede\/noticias\/considera-altamente-positiva-a-decisao-anunciada-nesta-quinta-feira-20-pelos-estados-unidos-de-retirar-a-tarifa-de-40\/#breadcrumb"},"inLanguage":"pt-BR","potentialAction":[{"@type":"ReadAction","target":["https:\/\/www.fiemg.com.br\/regional-sede\/noticias\/considera-altamente-positiva-a-decisao-anunciada-nesta-quinta-feira-20-pelos-estados-unidos-de-retirar-a-tarifa-de-40\/"]}]},{"@type":"ImageObject","inLanguage":"pt-BR","@id":"https:\/\/www.fiemg.com.br\/regional-sede\/noticias\/considera-altamente-positiva-a-decisao-anunciada-nesta-quinta-feira-20-pelos-estados-unidos-de-retirar-a-tarifa-de-40\/#primaryimage","url":"https:\/\/www.fiemg.com.br\/regional-sede\/wp-content\/uploads\/sites\/21\/2023\/08\/default.png","contentUrl":"https:\/\/www.fiemg.com.br\/regional-sede\/wp-content\/uploads\/sites\/21\/2023\/08\/default.png","width":300,"height":300},{"@type":"BreadcrumbList","@id":"https:\/\/www.fiemg.com.br\/regional-sede\/noticias\/considera-altamente-positiva-a-decisao-anunciada-nesta-quinta-feira-20-pelos-estados-unidos-de-retirar-a-tarifa-de-40\/#breadcrumb","itemListElement":[{"@type":"ListItem","position":1,"name":"In\u00edcio","item":"https:\/\/www.fiemg.com.br\/regional-sede\/"},{"@type":"ListItem","position":2,"name":"FIEMG celebra retirada de tarifas pelos EUA e refor\u00e7a import\u00e2ncia do di\u00e1logo"}]},{"@type":"WebSite","@id":"https:\/\/www.fiemg.com.br\/regional-sede\/#website","url":"https:\/\/www.fiemg.com.br\/regional-sede\/","name":"FIEMG","description":"Federa\u00e7\u00e3o das Ind\u00fastrias do Estado de Minas Gerais","publisher":{"@id":"https:\/\/www.fiemg.com.br\/regional-sede\/#organization"},"potentialAction":[{"@type":"SearchAction","target":{"@type":"EntryPoint","urlTemplate":"https:\/\/www.fiemg.com.br\/regional-sede\/?s={search_term_string}"},"query-input":{"@type":"PropertyValueSpecification","valueRequired":true,"valueName":"search_term_string"}}],"inLanguage":"pt-BR"},{"@type":"Organization","@id":"https:\/\/www.fiemg.com.br\/regional-sede\/#organization","name":"FIEMG","url":"https:\/\/www.fiemg.com.br\/regional-sede\/","logo":{"@type":"ImageObject","inLanguage":"pt-BR","@id":"https:\/\/www.fiemg.com.br\/regional-sede\/#\/schema\/logo\/image\/","url":"https:\/\/www.fiemg.com.br\/regional-sede\/wp-content\/uploads\/sites\/21\/2023\/02\/Ativo-1.png","contentUrl":"https:\/\/www.fiemg.com.br\/regional-sede\/wp-content\/uploads\/sites\/21\/2023\/02\/Ativo-1.png","width":563,"height":149,"caption":"FIEMG"},"image":{"@id":"https:\/\/www.fiemg.com.br\/regional-sede\/#\/schema\/logo\/image\/"}}]}},"_links":{"self":[{"href":"https:\/\/www.fiemg.com.br\/regional-sede\/wp-json\/wp\/v2\/noticias\/6043","targetHints":{"allow":["GET"]}}],"collection":[{"href":"https:\/\/www.fiemg.com.br\/regional-sede\/wp-json\/wp\/v2\/noticias"}],"about":[{"href":"https:\/\/www.fiemg.com.br\/regional-sede\/wp-json\/wp\/v2\/types\/noticias"}],"wp:featuredmedia":[{"embeddable":true,"href":"https:\/\/www.fiemg.com.br\/regional-sede\/wp-json\/wp\/v2\/media\/1567"}],"wp:attachment":[{"href":"https:\/\/www.fiemg.com.br\/regional-sede\/wp-json\/wp\/v2\/media?parent=6043"}],"wp:term":[{"taxonomy":"category","embeddable":true,"href":"https:\/\/www.fiemg.com.br\/regional-sede\/wp-json\/wp\/v2\/categories?post=6043"},{"taxonomy":"post_tag","embeddable":true,"href":"https:\/\/www.fiemg.com.br\/regional-sede\/wp-json\/wp\/v2\/tags?post=6043"}],"curies":[{"name":"wp","href":"https:\/\/api.w.org\/{rel}","templated":true}]}}