{"id":6047,"date":"2025-11-21T15:35:37","date_gmt":"2025-11-21T18:35:37","guid":{"rendered":"https:\/\/www.fiemg.com.br\/regional-sede\/noticias\/camara-de-alimentos-discute-riscos-do-pl-533-2025-para-o-setor-e-consumidores\/"},"modified":"2025-11-21T15:35:44","modified_gmt":"2025-11-21T18:35:44","slug":"camara-de-alimentos-discute-riscos-do-pl-533-2025-para-o-setor-e-consumidores","status":"publish","type":"noticias","link":"https:\/\/www.fiemg.com.br\/regional-sede\/noticias\/camara-de-alimentos-discute-riscos-do-pl-533-2025-para-o-setor-e-consumidores\/","title":{"rendered":"C\u00e2mara de Alimentos discute riscos do PL 533\/2025 para o setor e consumidores"},"content":{"rendered":"\n<p>A C\u00e2mara da Ind\u00fastria de Alimentos e Bebidas da FIEMG realizou, nesta sexta-feira (21\/11), uma reuni\u00e3o extraordin\u00e1ria para avaliar os impactos do Projeto de Lei 533\/2025, que trata da Pol\u00edtica Municipal de Log\u00edstica Reversa em Belo Horizonte. O objetivo foi compreender o parecer j\u00e1 aprovado na Comiss\u00e3o de Legisla\u00e7\u00e3o e Justi\u00e7a da C\u00e2mara Municipal e esclarecer o papel da ind\u00fastria no andamento da proposta.<\/p>\n\n\n\n<p>O presidente da C\u00e2mara, Vinicius Dantas, destacou que o texto apresenta sobreposi\u00e7\u00f5es com normas j\u00e1 vigentes. \u201c\u00c9 um projeto redundante na legisla\u00e7\u00e3o\u201d, afirmou. Para ele, a perspectiva \u00e9 que o PL ainda enfrente resist\u00eancia ao avan\u00e7ar nas demais comiss\u00f5es, mas tudo deve ser avaliado com aten\u00e7\u00e3o pela ind\u00fastria.<\/p>\n\n\n\n<p>Dantas lembrou ainda que os processos industriais seguem rigorosos crit\u00e9rios legais. \u201cA opera\u00e7\u00e3o de uma ind\u00fastria se faz atrav\u00e9s de processos exatamente para que possa funcionar. As condicionantes precisam ser cumpridas e, quando est\u00e1 licenciado, \u00e9 sinal de que as condicionantes foram cumpridas\u201d, afirmou.<\/p>\n\n\n\n<p>O presidente do Sindisorvete, Wander Bertolace, refor\u00e7ou que o setor n\u00e3o \u00e9 contr\u00e1rio \u00e0 log\u00edstica reversa, mas \u00e0 forma como o PL prop\u00f5e sua implementa\u00e7\u00e3o. \u201cO que a gente busca \u00e9 que seja bem implementado, para que n\u00e3o seja um inibidor das cadeias da ind\u00fastria\u201d, disse. Para ele, o principal risco est\u00e1 em transferir \u00e0s ind\u00fastrias a responsabilidade de fiscalizar fornecedores. <\/p>\n\n\n\n<p>\u201cExiste alguns estados que ainda n\u00e3o implantaram a log\u00edstica reversa e, mesmo dentro do nosso estado, nem todos os munic\u00edpios implantaram. Isso pode ser um grande inibidor de fornecedores da cadeia da ind\u00fastria\u201d, avaliou.<\/p>\n\n\n\n<p>A coordenadora Jur\u00eddico-Ambiental da FIEMG, Monicke Sant\u2019Anna, lembrou que a entidade integra a comiss\u00e3o municipal de log\u00edstica reversa e acompanha o tema de perto. Para ela, o PL traz potenciais distor\u00e7\u00f5es competitivas. \u201cCom esse PL, a competitividade fica impactada, pois onde vai desonerar uma ind\u00fastria, outra ser\u00e1 onerada\u201d, alertou.<\/p>\n\n\n\n<p>Segundo ela, o cuidado deve ser evitar desequil\u00edbrios no ambiente de neg\u00f3cios. \u201cEspecificamente, seria isso: n\u00e3o tirar obrigatoriedade, mas tamb\u00e9m n\u00e3o gerar perda de competitividade de uma forma onde haja desequil\u00edbrio econ\u00f4mico e financeiro para as nossas ind\u00fastrias\u201d, refletiu.<\/p>\n\n\n\n<p>A FIEMG seguir\u00e1 acompanhando a tramita\u00e7\u00e3o do PL 533\/2025 e refor\u00e7ar\u00e1, junto aos parlamentares, a import\u00e2ncia de uma legisla\u00e7\u00e3o que considere a realidade produtiva, a seguran\u00e7a jur\u00eddica e o impacto direto para consumidores e empresas de Belo Horizonte.<\/p>\n\n\n\n<p><em>Ana Paula Motta<\/em><br><strong>Imprensa FIEMG<\/strong><\/p>\n\n\n\n<p><\/p>\n","protected":false},"featured_media":6048,"template":"","categories":[15],"tags":[1320,1321,969],"class_list":["post-6047","noticias","type-noticias","status-publish","has-post-thumbnail","hentry","category-desenvolvimento-industrial","tag-fiemg-meio-ambiente","tag-industria-de-alimentos","tag-logistica-reversa"],"acf":[],"yoast_head":"<!-- This site is optimized with the Yoast SEO plugin v26.2 - https:\/\/yoast.com\/wordpress\/plugins\/seo\/ -->\n<title>C\u00e2mara de Alimentos discute riscos do PL 533\/2025 para o setor e consumidores - FIEMG<\/title>\n<meta name=\"robots\" content=\"index, follow, max-snippet:-1, max-image-preview:large, max-video-preview:-1\" \/>\n<link rel=\"canonical\" href=\"https:\/\/www.fiemg.com.br\/regional-sede\/noticias\/camara-de-alimentos-discute-riscos-do-pl-533-2025-para-o-setor-e-consumidores\/\" \/>\n<meta property=\"og:locale\" content=\"pt_BR\" \/>\n<meta property=\"og:type\" content=\"article\" \/>\n<meta property=\"og:title\" content=\"C\u00e2mara de Alimentos discute riscos do PL 533\/2025 para o setor e consumidores - FIEMG\" \/>\n<meta property=\"og:description\" content=\"A C\u00e2mara da Ind\u00fastria de Alimentos e Bebidas da FIEMG realizou, nesta sexta-feira (21\/11), uma reuni\u00e3o extraordin\u00e1ria para avaliar os impactos do Projeto de Lei 533\/2025, que trata da Pol\u00edtica Municipal de Log\u00edstica Reversa em Belo Horizonte. O objetivo foi compreender o parecer j\u00e1 aprovado na Comiss\u00e3o de Legisla\u00e7\u00e3o e Justi\u00e7a da C\u00e2mara Municipal e [&hellip;]\" \/>\n<meta property=\"og:url\" content=\"https:\/\/www.fiemg.com.br\/regional-sede\/noticias\/camara-de-alimentos-discute-riscos-do-pl-533-2025-para-o-setor-e-consumidores\/\" \/>\n<meta property=\"og:site_name\" content=\"FIEMG\" \/>\n<meta property=\"article:modified_time\" content=\"2025-11-21T18:35:44+00:00\" \/>\n<meta property=\"og:image\" content=\"https:\/\/www.fiemg.com.br\/regional-sede\/wp-content\/uploads\/sites\/21\/2025\/11\/Thumb-Noticia-4.jpg\" \/>\n\t<meta property=\"og:image:width\" content=\"512\" \/>\n\t<meta property=\"og:image:height\" content=\"512\" \/>\n\t<meta property=\"og:image:type\" content=\"image\/jpeg\" \/>\n<meta name=\"twitter:card\" content=\"summary_large_image\" \/>\n<meta name=\"twitter:label1\" content=\"Est. tempo de leitura\" \/>\n\t<meta name=\"twitter:data1\" content=\"3 minutos\" \/>\n<script type=\"application\/ld+json\" class=\"yoast-schema-graph\">{\"@context\":\"https:\/\/schema.org\",\"@graph\":[{\"@type\":\"WebPage\",\"@id\":\"https:\/\/www.fiemg.com.br\/regional-sede\/noticias\/camara-de-alimentos-discute-riscos-do-pl-533-2025-para-o-setor-e-consumidores\/\",\"url\":\"https:\/\/www.fiemg.com.br\/regional-sede\/noticias\/camara-de-alimentos-discute-riscos-do-pl-533-2025-para-o-setor-e-consumidores\/\",\"name\":\"C\u00e2mara de Alimentos discute riscos do PL 533\/2025 para o setor e consumidores - FIEMG\",\"isPartOf\":{\"@id\":\"https:\/\/www.fiemg.com.br\/regional-sede\/#website\"},\"primaryImageOfPage\":{\"@id\":\"https:\/\/www.fiemg.com.br\/regional-sede\/noticias\/camara-de-alimentos-discute-riscos-do-pl-533-2025-para-o-setor-e-consumidores\/#primaryimage\"},\"image\":{\"@id\":\"https:\/\/www.fiemg.com.br\/regional-sede\/noticias\/camara-de-alimentos-discute-riscos-do-pl-533-2025-para-o-setor-e-consumidores\/#primaryimage\"},\"thumbnailUrl\":\"https:\/\/www.fiemg.com.br\/regional-sede\/wp-content\/uploads\/sites\/21\/2025\/11\/Thumb-Noticia-4.jpg\",\"datePublished\":\"2025-11-21T18:35:37+00:00\",\"dateModified\":\"2025-11-21T18:35:44+00:00\",\"breadcrumb\":{\"@id\":\"https:\/\/www.fiemg.com.br\/regional-sede\/noticias\/camara-de-alimentos-discute-riscos-do-pl-533-2025-para-o-setor-e-consumidores\/#breadcrumb\"},\"inLanguage\":\"pt-BR\",\"potentialAction\":[{\"@type\":\"ReadAction\",\"target\":[\"https:\/\/www.fiemg.com.br\/regional-sede\/noticias\/camara-de-alimentos-discute-riscos-do-pl-533-2025-para-o-setor-e-consumidores\/\"]}]},{\"@type\":\"ImageObject\",\"inLanguage\":\"pt-BR\",\"@id\":\"https:\/\/www.fiemg.com.br\/regional-sede\/noticias\/camara-de-alimentos-discute-riscos-do-pl-533-2025-para-o-setor-e-consumidores\/#primaryimage\",\"url\":\"https:\/\/www.fiemg.com.br\/regional-sede\/wp-content\/uploads\/sites\/21\/2025\/11\/Thumb-Noticia-4.jpg\",\"contentUrl\":\"https:\/\/www.fiemg.com.br\/regional-sede\/wp-content\/uploads\/sites\/21\/2025\/11\/Thumb-Noticia-4.jpg\",\"width\":512,\"height\":512},{\"@type\":\"BreadcrumbList\",\"@id\":\"https:\/\/www.fiemg.com.br\/regional-sede\/noticias\/camara-de-alimentos-discute-riscos-do-pl-533-2025-para-o-setor-e-consumidores\/#breadcrumb\",\"itemListElement\":[{\"@type\":\"ListItem\",\"position\":1,\"name\":\"In\u00edcio\",\"item\":\"https:\/\/www.fiemg.com.br\/regional-sede\/\"},{\"@type\":\"ListItem\",\"position\":2,\"name\":\"C\u00e2mara de Alimentos discute riscos do PL 533\/2025 para o setor e consumidores\"}]},{\"@type\":\"WebSite\",\"@id\":\"https:\/\/www.fiemg.com.br\/regional-sede\/#website\",\"url\":\"https:\/\/www.fiemg.com.br\/regional-sede\/\",\"name\":\"FIEMG\",\"description\":\"Federa\u00e7\u00e3o das Ind\u00fastrias do Estado de Minas Gerais\",\"publisher\":{\"@id\":\"https:\/\/www.fiemg.com.br\/regional-sede\/#organization\"},\"potentialAction\":[{\"@type\":\"SearchAction\",\"target\":{\"@type\":\"EntryPoint\",\"urlTemplate\":\"https:\/\/www.fiemg.com.br\/regional-sede\/?s={search_term_string}\"},\"query-input\":{\"@type\":\"PropertyValueSpecification\",\"valueRequired\":true,\"valueName\":\"search_term_string\"}}],\"inLanguage\":\"pt-BR\"},{\"@type\":\"Organization\",\"@id\":\"https:\/\/www.fiemg.com.br\/regional-sede\/#organization\",\"name\":\"FIEMG\",\"url\":\"https:\/\/www.fiemg.com.br\/regional-sede\/\",\"logo\":{\"@type\":\"ImageObject\",\"inLanguage\":\"pt-BR\",\"@id\":\"https:\/\/www.fiemg.com.br\/regional-sede\/#\/schema\/logo\/image\/\",\"url\":\"https:\/\/www.fiemg.com.br\/regional-sede\/wp-content\/uploads\/sites\/21\/2023\/02\/Ativo-1.png\",\"contentUrl\":\"https:\/\/www.fiemg.com.br\/regional-sede\/wp-content\/uploads\/sites\/21\/2023\/02\/Ativo-1.png\",\"width\":563,\"height\":149,\"caption\":\"FIEMG\"},\"image\":{\"@id\":\"https:\/\/www.fiemg.com.br\/regional-sede\/#\/schema\/logo\/image\/\"}}]}<\/script>\n<!-- \/ Yoast SEO plugin. -->","yoast_head_json":{"title":"C\u00e2mara de Alimentos discute riscos do PL 533\/2025 para o setor e consumidores - FIEMG","robots":{"index":"index","follow":"follow","max-snippet":"max-snippet:-1","max-image-preview":"max-image-preview:large","max-video-preview":"max-video-preview:-1"},"canonical":"https:\/\/www.fiemg.com.br\/regional-sede\/noticias\/camara-de-alimentos-discute-riscos-do-pl-533-2025-para-o-setor-e-consumidores\/","og_locale":"pt_BR","og_type":"article","og_title":"C\u00e2mara de Alimentos discute riscos do PL 533\/2025 para o setor e consumidores - FIEMG","og_description":"A C\u00e2mara da Ind\u00fastria de Alimentos e Bebidas da FIEMG realizou, nesta sexta-feira (21\/11), uma reuni\u00e3o extraordin\u00e1ria para avaliar os impactos do Projeto de Lei 533\/2025, que trata da Pol\u00edtica Municipal de Log\u00edstica Reversa em Belo Horizonte. O objetivo foi compreender o parecer j\u00e1 aprovado na Comiss\u00e3o de Legisla\u00e7\u00e3o e Justi\u00e7a da C\u00e2mara Municipal e [&hellip;]","og_url":"https:\/\/www.fiemg.com.br\/regional-sede\/noticias\/camara-de-alimentos-discute-riscos-do-pl-533-2025-para-o-setor-e-consumidores\/","og_site_name":"FIEMG","article_modified_time":"2025-11-21T18:35:44+00:00","og_image":[{"width":512,"height":512,"url":"https:\/\/www.fiemg.com.br\/regional-sede\/wp-content\/uploads\/sites\/21\/2025\/11\/Thumb-Noticia-4.jpg","type":"image\/jpeg"}],"twitter_card":"summary_large_image","twitter_misc":{"Est. tempo de leitura":"3 minutos"},"schema":{"@context":"https:\/\/schema.org","@graph":[{"@type":"WebPage","@id":"https:\/\/www.fiemg.com.br\/regional-sede\/noticias\/camara-de-alimentos-discute-riscos-do-pl-533-2025-para-o-setor-e-consumidores\/","url":"https:\/\/www.fiemg.com.br\/regional-sede\/noticias\/camara-de-alimentos-discute-riscos-do-pl-533-2025-para-o-setor-e-consumidores\/","name":"C\u00e2mara de Alimentos discute riscos do PL 533\/2025 para o setor e consumidores - FIEMG","isPartOf":{"@id":"https:\/\/www.fiemg.com.br\/regional-sede\/#website"},"primaryImageOfPage":{"@id":"https:\/\/www.fiemg.com.br\/regional-sede\/noticias\/camara-de-alimentos-discute-riscos-do-pl-533-2025-para-o-setor-e-consumidores\/#primaryimage"},"image":{"@id":"https:\/\/www.fiemg.com.br\/regional-sede\/noticias\/camara-de-alimentos-discute-riscos-do-pl-533-2025-para-o-setor-e-consumidores\/#primaryimage"},"thumbnailUrl":"https:\/\/www.fiemg.com.br\/regional-sede\/wp-content\/uploads\/sites\/21\/2025\/11\/Thumb-Noticia-4.jpg","datePublished":"2025-11-21T18:35:37+00:00","dateModified":"2025-11-21T18:35:44+00:00","breadcrumb":{"@id":"https:\/\/www.fiemg.com.br\/regional-sede\/noticias\/camara-de-alimentos-discute-riscos-do-pl-533-2025-para-o-setor-e-consumidores\/#breadcrumb"},"inLanguage":"pt-BR","potentialAction":[{"@type":"ReadAction","target":["https:\/\/www.fiemg.com.br\/regional-sede\/noticias\/camara-de-alimentos-discute-riscos-do-pl-533-2025-para-o-setor-e-consumidores\/"]}]},{"@type":"ImageObject","inLanguage":"pt-BR","@id":"https:\/\/www.fiemg.com.br\/regional-sede\/noticias\/camara-de-alimentos-discute-riscos-do-pl-533-2025-para-o-setor-e-consumidores\/#primaryimage","url":"https:\/\/www.fiemg.com.br\/regional-sede\/wp-content\/uploads\/sites\/21\/2025\/11\/Thumb-Noticia-4.jpg","contentUrl":"https:\/\/www.fiemg.com.br\/regional-sede\/wp-content\/uploads\/sites\/21\/2025\/11\/Thumb-Noticia-4.jpg","width":512,"height":512},{"@type":"BreadcrumbList","@id":"https:\/\/www.fiemg.com.br\/regional-sede\/noticias\/camara-de-alimentos-discute-riscos-do-pl-533-2025-para-o-setor-e-consumidores\/#breadcrumb","itemListElement":[{"@type":"ListItem","position":1,"name":"In\u00edcio","item":"https:\/\/www.fiemg.com.br\/regional-sede\/"},{"@type":"ListItem","position":2,"name":"C\u00e2mara de Alimentos discute riscos do PL 533\/2025 para o setor e consumidores"}]},{"@type":"WebSite","@id":"https:\/\/www.fiemg.com.br\/regional-sede\/#website","url":"https:\/\/www.fiemg.com.br\/regional-sede\/","name":"FIEMG","description":"Federa\u00e7\u00e3o das Ind\u00fastrias do Estado de Minas Gerais","publisher":{"@id":"https:\/\/www.fiemg.com.br\/regional-sede\/#organization"},"potentialAction":[{"@type":"SearchAction","target":{"@type":"EntryPoint","urlTemplate":"https:\/\/www.fiemg.com.br\/regional-sede\/?s={search_term_string}"},"query-input":{"@type":"PropertyValueSpecification","valueRequired":true,"valueName":"search_term_string"}}],"inLanguage":"pt-BR"},{"@type":"Organization","@id":"https:\/\/www.fiemg.com.br\/regional-sede\/#organization","name":"FIEMG","url":"https:\/\/www.fiemg.com.br\/regional-sede\/","logo":{"@type":"ImageObject","inLanguage":"pt-BR","@id":"https:\/\/www.fiemg.com.br\/regional-sede\/#\/schema\/logo\/image\/","url":"https:\/\/www.fiemg.com.br\/regional-sede\/wp-content\/uploads\/sites\/21\/2023\/02\/Ativo-1.png","contentUrl":"https:\/\/www.fiemg.com.br\/regional-sede\/wp-content\/uploads\/sites\/21\/2023\/02\/Ativo-1.png","width":563,"height":149,"caption":"FIEMG"},"image":{"@id":"https:\/\/www.fiemg.com.br\/regional-sede\/#\/schema\/logo\/image\/"}}]}},"_links":{"self":[{"href":"https:\/\/www.fiemg.com.br\/regional-sede\/wp-json\/wp\/v2\/noticias\/6047","targetHints":{"allow":["GET"]}}],"collection":[{"href":"https:\/\/www.fiemg.com.br\/regional-sede\/wp-json\/wp\/v2\/noticias"}],"about":[{"href":"https:\/\/www.fiemg.com.br\/regional-sede\/wp-json\/wp\/v2\/types\/noticias"}],"wp:featuredmedia":[{"embeddable":true,"href":"https:\/\/www.fiemg.com.br\/regional-sede\/wp-json\/wp\/v2\/media\/6048"}],"wp:attachment":[{"href":"https:\/\/www.fiemg.com.br\/regional-sede\/wp-json\/wp\/v2\/media?parent=6047"}],"wp:term":[{"taxonomy":"category","embeddable":true,"href":"https:\/\/www.fiemg.com.br\/regional-sede\/wp-json\/wp\/v2\/categories?post=6047"},{"taxonomy":"post_tag","embeddable":true,"href":"https:\/\/www.fiemg.com.br\/regional-sede\/wp-json\/wp\/v2\/tags?post=6047"}],"curies":[{"name":"wp","href":"https:\/\/api.w.org\/{rel}","templated":true}]}}