{"id":6083,"date":"2025-11-26T17:09:51","date_gmt":"2025-11-26T20:09:51","guid":{"rendered":"https:\/\/www.fiemg.com.br\/regional-sede\/?post_type=noticias&#038;p=6083"},"modified":"2025-11-26T17:09:55","modified_gmt":"2025-11-26T20:09:55","slug":"fiemg-promove-debate-estrategico-sobre-os-rumos-da-infraestrutura-em-minas-gerais","status":"publish","type":"noticias","link":"https:\/\/www.fiemg.com.br\/regional-sede\/noticias\/fiemg-promove-debate-estrategico-sobre-os-rumos-da-infraestrutura-em-minas-gerais\/","title":{"rendered":"FIEMG promove debate estrat\u00e9gico sobre os rumos da infraestrutura em Minas Gerais"},"content":{"rendered":"\n<p>Na manh\u00e3 desta quarta-feira (26\/11), a FIEMG recebeu especialistas, empres\u00e1rios e representantes sindicais para a reuni\u00e3o do Conselho de Infraestrutura da entidade. O encontro promoveu um amplo debate sobre o futuro da infraestrutura em Minas Gerais, abordando temas como expans\u00e3o ferrovi\u00e1ria, cen\u00e1rio pol\u00edtico, projetos de saneamento e transporte hidrovi\u00e1rio.<\/p>\n\n\n\n<p>Abrindo o evento, o presidente do Conselho, Emir Cadar, destacou a import\u00e2ncia do engajamento dos participantes e o papel estrat\u00e9gico do Coinfra dentro da FIEMG. Ele refor\u00e7ou que o desempenho do conselho \u00e9 resultado direto da atua\u00e7\u00e3o qualificada de seus membros. \u201cQuero agradecer a cada um pelo sucesso do Coinfra. Estamos entre os primeiros colocados no ranking da FIEMG, e isso se deve \u00e0s pessoas que constroem este conselho. Minas est\u00e1 evoluindo com qualidade e no caminho certo.\u201d, afirmou Cadar.<\/p>\n\n\n\n<p>Em seguida, a gerente de Infraestrutura da Companhia de Desenvolvimento de Minas Gerais (CODEMGE), Marcela Dant\u00e9s, apresentou um panorama do futuro da infraestrutura no estado. Ela destacou os principais projetos de concess\u00f5es e parcerias, o ambiente regulat\u00f3rio favor\u00e1vel e os investimentos previstos para os pr\u00f3ximos anos. \u201cMinas vive um momento estrat\u00e9gico, com estabilidade e seguran\u00e7a jur\u00eddica. Hoje temos 23 contratos em execu\u00e7\u00e3o, somando 23 bilh\u00f5es de reais em investimentos. Investir em infraestrutura \u00e9 investir em desenvolvimento e qualidade de vida.\u201d, enfatizou Dant\u00e9s.<\/p>\n\n\n\n<p>Retratando o panorama do setor ferrovi\u00e1rio de cargas no Brasil, Davi Barreto, diretor-presidente da Associa\u00e7\u00e3o Nacional dos Transportadores Ferrovi\u00e1rios (ANTF), apresentou dados sobre a evolu\u00e7\u00e3o do setor, os desafios de expans\u00e3o da malha e a relev\u00e2ncia de Minas Gerais para o transporte ferrovi\u00e1rio. \u201cO Brasil transporta mais de 540 milh\u00f5es de toneladas por ferrovia por ano. Para avan\u00e7armos, precisamos de seguran\u00e7a regulat\u00f3ria, vis\u00e3o de longo prazo e mais integra\u00e7\u00e3o entre poder p\u00fablico, concession\u00e1rias e setor produtivo.\u201d, ressaltou Barreto.<\/p>\n\n\n\n<p>Para encerrar o evento, o diretor de Novos Neg\u00f3cios da Aegea, Jo\u00e3o L\u00facio Filho, apresentou a atua\u00e7\u00e3o da companhia no setor de saneamento e destacou os avan\u00e7os proporcionados pelo novo marco legal. Ele explicou o crescimento da empresa a partir de modelos de concess\u00e3o e PPPs, ressaltou os desafios hist\u00f3ricos do saneamento b\u00e1sico no Brasil e mostrou exemplos de resultados j\u00e1 observados em cidades atendidas pela Aegea, incluindo melhorias ambientais e amplia\u00e7\u00e3o do acesso \u00e0 \u00e1gua e esgoto. \u201c\u00c9 uma honra falar sobre saneamento em Minas Gerais. Saneamento \u00e9 sa\u00fade e dignidade, e o pa\u00eds ainda convive com grandes desigualdades de acesso. A Aegea tem buscado enfrentar esse desafio com efici\u00eancia, governan\u00e7a e investimentos que j\u00e1 transformam realidades, recuperam rios, praias e garantem servi\u00e7os essenciais para milh\u00f5es de pessoas.\u201d, destacou Jo\u00e3o L\u00facio.<\/p>\n\n\n\n<p>Acesse <strong><a href=\"https:\/\/www.flickr.com\/photos\/sistemafiemg\/albums\/72177720330589649\/\">aqui<\/a><\/strong> para ver as fotos desse encontro.<\/p>\n\n\n\n<p><strong>Imprensa FIEMG<\/strong><\/p>\n","protected":false},"featured_media":6098,"template":"","categories":[],"tags":[],"class_list":["post-6083","noticias","type-noticias","status-publish","has-post-thumbnail","hentry"],"acf":[],"yoast_head":"<!-- This site is optimized with the Yoast SEO plugin v26.2 - https:\/\/yoast.com\/wordpress\/plugins\/seo\/ -->\n<title>FIEMG promove debate estrat\u00e9gico sobre os rumos da infraestrutura em Minas Gerais - FIEMG<\/title>\n<meta name=\"description\" content=\"FIEMG, CODEMGE, ANTF e Aegea exploram parcerias para avan\u00e7ar a infraestrutura mineira\" \/>\n<meta name=\"robots\" content=\"index, follow, max-snippet:-1, max-image-preview:large, max-video-preview:-1\" \/>\n<link rel=\"canonical\" href=\"https:\/\/www.fiemg.com.br\/regional-sede\/noticias\/fiemg-promove-debate-estrategico-sobre-os-rumos-da-infraestrutura-em-minas-gerais\/\" \/>\n<meta property=\"og:locale\" content=\"pt_BR\" \/>\n<meta property=\"og:type\" content=\"article\" \/>\n<meta property=\"og:title\" content=\"FIEMG promove debate estrat\u00e9gico sobre os rumos da infraestrutura em Minas Gerais - FIEMG\" \/>\n<meta property=\"og:description\" content=\"FIEMG, CODEMGE, ANTF e Aegea exploram parcerias para avan\u00e7ar a infraestrutura mineira\" \/>\n<meta property=\"og:url\" content=\"https:\/\/www.fiemg.com.br\/regional-sede\/noticias\/fiemg-promove-debate-estrategico-sobre-os-rumos-da-infraestrutura-em-minas-gerais\/\" \/>\n<meta property=\"og:site_name\" content=\"FIEMG\" \/>\n<meta property=\"article:modified_time\" content=\"2025-11-26T20:09:55+00:00\" \/>\n<meta property=\"og:image\" content=\"https:\/\/www.fiemg.com.br\/regional-sede\/wp-content\/uploads\/sites\/21\/2025\/11\/Thumb-Noticia-51.jpg\" \/>\n\t<meta property=\"og:image:width\" content=\"512\" \/>\n\t<meta property=\"og:image:height\" content=\"512\" \/>\n\t<meta property=\"og:image:type\" content=\"image\/jpeg\" \/>\n<meta name=\"twitter:card\" content=\"summary_large_image\" \/>\n<meta name=\"twitter:label1\" content=\"Est. tempo de leitura\" \/>\n\t<meta name=\"twitter:data1\" content=\"3 minutos\" \/>\n<script type=\"application\/ld+json\" class=\"yoast-schema-graph\">{\"@context\":\"https:\/\/schema.org\",\"@graph\":[{\"@type\":\"WebPage\",\"@id\":\"https:\/\/www.fiemg.com.br\/regional-sede\/noticias\/fiemg-promove-debate-estrategico-sobre-os-rumos-da-infraestrutura-em-minas-gerais\/\",\"url\":\"https:\/\/www.fiemg.com.br\/regional-sede\/noticias\/fiemg-promove-debate-estrategico-sobre-os-rumos-da-infraestrutura-em-minas-gerais\/\",\"name\":\"FIEMG promove debate estrat\u00e9gico sobre os rumos da infraestrutura em Minas Gerais - FIEMG\",\"isPartOf\":{\"@id\":\"https:\/\/www.fiemg.com.br\/regional-sede\/#website\"},\"primaryImageOfPage\":{\"@id\":\"https:\/\/www.fiemg.com.br\/regional-sede\/noticias\/fiemg-promove-debate-estrategico-sobre-os-rumos-da-infraestrutura-em-minas-gerais\/#primaryimage\"},\"image\":{\"@id\":\"https:\/\/www.fiemg.com.br\/regional-sede\/noticias\/fiemg-promove-debate-estrategico-sobre-os-rumos-da-infraestrutura-em-minas-gerais\/#primaryimage\"},\"thumbnailUrl\":\"https:\/\/www.fiemg.com.br\/regional-sede\/wp-content\/uploads\/sites\/21\/2025\/11\/Thumb-Noticia-51.jpg\",\"datePublished\":\"2025-11-26T20:09:51+00:00\",\"dateModified\":\"2025-11-26T20:09:55+00:00\",\"description\":\"FIEMG, CODEMGE, ANTF e Aegea exploram parcerias para avan\u00e7ar a infraestrutura mineira\",\"breadcrumb\":{\"@id\":\"https:\/\/www.fiemg.com.br\/regional-sede\/noticias\/fiemg-promove-debate-estrategico-sobre-os-rumos-da-infraestrutura-em-minas-gerais\/#breadcrumb\"},\"inLanguage\":\"pt-BR\",\"potentialAction\":[{\"@type\":\"ReadAction\",\"target\":[\"https:\/\/www.fiemg.com.br\/regional-sede\/noticias\/fiemg-promove-debate-estrategico-sobre-os-rumos-da-infraestrutura-em-minas-gerais\/\"]}]},{\"@type\":\"ImageObject\",\"inLanguage\":\"pt-BR\",\"@id\":\"https:\/\/www.fiemg.com.br\/regional-sede\/noticias\/fiemg-promove-debate-estrategico-sobre-os-rumos-da-infraestrutura-em-minas-gerais\/#primaryimage\",\"url\":\"https:\/\/www.fiemg.com.br\/regional-sede\/wp-content\/uploads\/sites\/21\/2025\/11\/Thumb-Noticia-51.jpg\",\"contentUrl\":\"https:\/\/www.fiemg.com.br\/regional-sede\/wp-content\/uploads\/sites\/21\/2025\/11\/Thumb-Noticia-51.jpg\",\"width\":512,\"height\":512},{\"@type\":\"BreadcrumbList\",\"@id\":\"https:\/\/www.fiemg.com.br\/regional-sede\/noticias\/fiemg-promove-debate-estrategico-sobre-os-rumos-da-infraestrutura-em-minas-gerais\/#breadcrumb\",\"itemListElement\":[{\"@type\":\"ListItem\",\"position\":1,\"name\":\"In\u00edcio\",\"item\":\"https:\/\/www.fiemg.com.br\/regional-sede\/\"},{\"@type\":\"ListItem\",\"position\":2,\"name\":\"FIEMG promove debate estrat\u00e9gico sobre os rumos da infraestrutura em Minas Gerais\"}]},{\"@type\":\"WebSite\",\"@id\":\"https:\/\/www.fiemg.com.br\/regional-sede\/#website\",\"url\":\"https:\/\/www.fiemg.com.br\/regional-sede\/\",\"name\":\"FIEMG\",\"description\":\"Federa\u00e7\u00e3o das Ind\u00fastrias do Estado de Minas Gerais\",\"publisher\":{\"@id\":\"https:\/\/www.fiemg.com.br\/regional-sede\/#organization\"},\"potentialAction\":[{\"@type\":\"SearchAction\",\"target\":{\"@type\":\"EntryPoint\",\"urlTemplate\":\"https:\/\/www.fiemg.com.br\/regional-sede\/?s={search_term_string}\"},\"query-input\":{\"@type\":\"PropertyValueSpecification\",\"valueRequired\":true,\"valueName\":\"search_term_string\"}}],\"inLanguage\":\"pt-BR\"},{\"@type\":\"Organization\",\"@id\":\"https:\/\/www.fiemg.com.br\/regional-sede\/#organization\",\"name\":\"FIEMG\",\"url\":\"https:\/\/www.fiemg.com.br\/regional-sede\/\",\"logo\":{\"@type\":\"ImageObject\",\"inLanguage\":\"pt-BR\",\"@id\":\"https:\/\/www.fiemg.com.br\/regional-sede\/#\/schema\/logo\/image\/\",\"url\":\"https:\/\/www.fiemg.com.br\/regional-sede\/wp-content\/uploads\/sites\/21\/2023\/02\/Ativo-1.png\",\"contentUrl\":\"https:\/\/www.fiemg.com.br\/regional-sede\/wp-content\/uploads\/sites\/21\/2023\/02\/Ativo-1.png\",\"width\":563,\"height\":149,\"caption\":\"FIEMG\"},\"image\":{\"@id\":\"https:\/\/www.fiemg.com.br\/regional-sede\/#\/schema\/logo\/image\/\"}}]}<\/script>\n<!-- \/ Yoast SEO plugin. -->","yoast_head_json":{"title":"FIEMG promove debate estrat\u00e9gico sobre os rumos da infraestrutura em Minas Gerais - FIEMG","description":"FIEMG, CODEMGE, ANTF e Aegea exploram parcerias para avan\u00e7ar a infraestrutura mineira","robots":{"index":"index","follow":"follow","max-snippet":"max-snippet:-1","max-image-preview":"max-image-preview:large","max-video-preview":"max-video-preview:-1"},"canonical":"https:\/\/www.fiemg.com.br\/regional-sede\/noticias\/fiemg-promove-debate-estrategico-sobre-os-rumos-da-infraestrutura-em-minas-gerais\/","og_locale":"pt_BR","og_type":"article","og_title":"FIEMG promove debate estrat\u00e9gico sobre os rumos da infraestrutura em Minas Gerais - FIEMG","og_description":"FIEMG, CODEMGE, ANTF e Aegea exploram parcerias para avan\u00e7ar a infraestrutura mineira","og_url":"https:\/\/www.fiemg.com.br\/regional-sede\/noticias\/fiemg-promove-debate-estrategico-sobre-os-rumos-da-infraestrutura-em-minas-gerais\/","og_site_name":"FIEMG","article_modified_time":"2025-11-26T20:09:55+00:00","og_image":[{"width":512,"height":512,"url":"https:\/\/www.fiemg.com.br\/regional-sede\/wp-content\/uploads\/sites\/21\/2025\/11\/Thumb-Noticia-51.jpg","type":"image\/jpeg"}],"twitter_card":"summary_large_image","twitter_misc":{"Est. tempo de leitura":"3 minutos"},"schema":{"@context":"https:\/\/schema.org","@graph":[{"@type":"WebPage","@id":"https:\/\/www.fiemg.com.br\/regional-sede\/noticias\/fiemg-promove-debate-estrategico-sobre-os-rumos-da-infraestrutura-em-minas-gerais\/","url":"https:\/\/www.fiemg.com.br\/regional-sede\/noticias\/fiemg-promove-debate-estrategico-sobre-os-rumos-da-infraestrutura-em-minas-gerais\/","name":"FIEMG promove debate estrat\u00e9gico sobre os rumos da infraestrutura em Minas Gerais - FIEMG","isPartOf":{"@id":"https:\/\/www.fiemg.com.br\/regional-sede\/#website"},"primaryImageOfPage":{"@id":"https:\/\/www.fiemg.com.br\/regional-sede\/noticias\/fiemg-promove-debate-estrategico-sobre-os-rumos-da-infraestrutura-em-minas-gerais\/#primaryimage"},"image":{"@id":"https:\/\/www.fiemg.com.br\/regional-sede\/noticias\/fiemg-promove-debate-estrategico-sobre-os-rumos-da-infraestrutura-em-minas-gerais\/#primaryimage"},"thumbnailUrl":"https:\/\/www.fiemg.com.br\/regional-sede\/wp-content\/uploads\/sites\/21\/2025\/11\/Thumb-Noticia-51.jpg","datePublished":"2025-11-26T20:09:51+00:00","dateModified":"2025-11-26T20:09:55+00:00","description":"FIEMG, CODEMGE, ANTF e Aegea exploram parcerias para avan\u00e7ar a infraestrutura mineira","breadcrumb":{"@id":"https:\/\/www.fiemg.com.br\/regional-sede\/noticias\/fiemg-promove-debate-estrategico-sobre-os-rumos-da-infraestrutura-em-minas-gerais\/#breadcrumb"},"inLanguage":"pt-BR","potentialAction":[{"@type":"ReadAction","target":["https:\/\/www.fiemg.com.br\/regional-sede\/noticias\/fiemg-promove-debate-estrategico-sobre-os-rumos-da-infraestrutura-em-minas-gerais\/"]}]},{"@type":"ImageObject","inLanguage":"pt-BR","@id":"https:\/\/www.fiemg.com.br\/regional-sede\/noticias\/fiemg-promove-debate-estrategico-sobre-os-rumos-da-infraestrutura-em-minas-gerais\/#primaryimage","url":"https:\/\/www.fiemg.com.br\/regional-sede\/wp-content\/uploads\/sites\/21\/2025\/11\/Thumb-Noticia-51.jpg","contentUrl":"https:\/\/www.fiemg.com.br\/regional-sede\/wp-content\/uploads\/sites\/21\/2025\/11\/Thumb-Noticia-51.jpg","width":512,"height":512},{"@type":"BreadcrumbList","@id":"https:\/\/www.fiemg.com.br\/regional-sede\/noticias\/fiemg-promove-debate-estrategico-sobre-os-rumos-da-infraestrutura-em-minas-gerais\/#breadcrumb","itemListElement":[{"@type":"ListItem","position":1,"name":"In\u00edcio","item":"https:\/\/www.fiemg.com.br\/regional-sede\/"},{"@type":"ListItem","position":2,"name":"FIEMG promove debate estrat\u00e9gico sobre os rumos da infraestrutura em Minas Gerais"}]},{"@type":"WebSite","@id":"https:\/\/www.fiemg.com.br\/regional-sede\/#website","url":"https:\/\/www.fiemg.com.br\/regional-sede\/","name":"FIEMG","description":"Federa\u00e7\u00e3o das Ind\u00fastrias do Estado de Minas Gerais","publisher":{"@id":"https:\/\/www.fiemg.com.br\/regional-sede\/#organization"},"potentialAction":[{"@type":"SearchAction","target":{"@type":"EntryPoint","urlTemplate":"https:\/\/www.fiemg.com.br\/regional-sede\/?s={search_term_string}"},"query-input":{"@type":"PropertyValueSpecification","valueRequired":true,"valueName":"search_term_string"}}],"inLanguage":"pt-BR"},{"@type":"Organization","@id":"https:\/\/www.fiemg.com.br\/regional-sede\/#organization","name":"FIEMG","url":"https:\/\/www.fiemg.com.br\/regional-sede\/","logo":{"@type":"ImageObject","inLanguage":"pt-BR","@id":"https:\/\/www.fiemg.com.br\/regional-sede\/#\/schema\/logo\/image\/","url":"https:\/\/www.fiemg.com.br\/regional-sede\/wp-content\/uploads\/sites\/21\/2023\/02\/Ativo-1.png","contentUrl":"https:\/\/www.fiemg.com.br\/regional-sede\/wp-content\/uploads\/sites\/21\/2023\/02\/Ativo-1.png","width":563,"height":149,"caption":"FIEMG"},"image":{"@id":"https:\/\/www.fiemg.com.br\/regional-sede\/#\/schema\/logo\/image\/"}}]}},"_links":{"self":[{"href":"https:\/\/www.fiemg.com.br\/regional-sede\/wp-json\/wp\/v2\/noticias\/6083","targetHints":{"allow":["GET"]}}],"collection":[{"href":"https:\/\/www.fiemg.com.br\/regional-sede\/wp-json\/wp\/v2\/noticias"}],"about":[{"href":"https:\/\/www.fiemg.com.br\/regional-sede\/wp-json\/wp\/v2\/types\/noticias"}],"wp:featuredmedia":[{"embeddable":true,"href":"https:\/\/www.fiemg.com.br\/regional-sede\/wp-json\/wp\/v2\/media\/6098"}],"wp:attachment":[{"href":"https:\/\/www.fiemg.com.br\/regional-sede\/wp-json\/wp\/v2\/media?parent=6083"}],"wp:term":[{"taxonomy":"category","embeddable":true,"href":"https:\/\/www.fiemg.com.br\/regional-sede\/wp-json\/wp\/v2\/categories?post=6083"},{"taxonomy":"post_tag","embeddable":true,"href":"https:\/\/www.fiemg.com.br\/regional-sede\/wp-json\/wp\/v2\/tags?post=6083"}],"curies":[{"name":"wp","href":"https:\/\/api.w.org\/{rel}","templated":true}]}}