{"id":6087,"date":"2025-11-26T15:18:09","date_gmt":"2025-11-26T18:18:09","guid":{"rendered":"https:\/\/www.fiemg.com.br\/regional-sede\/noticias\/sinduscon-jf-e-iel-fiemg-alinham-novos-projetos-para-fortalecer-o-setor-da-construcao-civil-em-2026\/"},"modified":"2025-11-26T16:28:10","modified_gmt":"2025-11-26T19:28:10","slug":"sinduscon-jf-e-iel-fiemg-alinham-novos-projetos-para-fortalecer-o-setor-da-construcao-civil-em-2026","status":"publish","type":"noticias","link":"https:\/\/www.fiemg.com.br\/regional-sede\/noticias\/sinduscon-jf-e-iel-fiemg-alinham-novos-projetos-para-fortalecer-o-setor-da-construcao-civil-em-2026\/","title":{"rendered":"Sinduscon-JF e IEL\/FIEMG alinham novos projetos para fortalecer o setor da Constru\u00e7\u00e3o Civil em 2026"},"content":{"rendered":"\n<p>Representantes do Sindicato da Ind\u00fastria da Constru\u00e7\u00e3o Civil de Juiz de Fora (Sinduscon-JF) se reuniram com integrantes da \u00e1rea de Projetos para a Ind\u00fastria do IEL\/FIEMG, no dia 18 de novembro, na Escola SESI Granbery, para avan\u00e7ar na constru\u00e7\u00e3o de iniciativas estrat\u00e9gicas que dever\u00e3o nortear o ano de 2026. A equipe do IEL esteve em Juiz de Fora para o workshop de abertura da Consultoria sobre Reforma Tribut\u00e1ria \u2014 a\u00e7\u00e3o promovida pelo Sinduscon-JF em parceria com o programa FIEMG Competitiva e reconhecida como uma das principais entregas do Sindicato no ano.<\/p>\n\n\n\n<p>Participaram da reuni\u00e3o o gerente de projetos para a ind\u00fastria do IEL, Thadeu Chaves Tolentino Neves, e o analista Carlos Magno Cardoso da Silva. Pelo Sinduscon-JF, estiveram presentes o presidente Carlos Eduardo Manera, o vice-presidente Aur\u00e9lio Marangon J\u00fanior e a coordenadora Glauci Fuz\u00e1rio, respons\u00e1veis pela articula\u00e7\u00e3o de diversos projetos de forma\u00e7\u00e3o e capacita\u00e7\u00e3o do setor.<\/p>\n\n\n\n<p>O encontro teve como prop\u00f3sito principal identificar as demandas espec\u00edficas do Sindicato e da cadeia da Constru\u00e7\u00e3o Civil, compreender suas particularidades e alinhar propostas de cursos, treinamentos e projetos que possam atender de forma precisa \u00e0s ind\u00fastrias associadas. A equipe do IEL buscou ouvir a entidade, mapear desafios e mergulhar no conjunto de a\u00e7\u00f5es j\u00e1 desenvolvidas pelo Sinduscon-JF, que apresentou um panorama de suas atividades e de sua atua\u00e7\u00e3o junto aos empres\u00e1rios da \u00e1rea.<\/p>\n\n\n\n<p>Segundo o presidente do Sinduscon-JF, Carlos Eduardo Manera, a constru\u00e7\u00e3o de projetos conjuntos reafirma o compromisso da entidade com o desenvolvimento do setor. \u201cNossa miss\u00e3o \u00e9 oferecer iniciativas que gerem valor real para os associados. Essa parceria com o IEL e a FIEMG Competitiva amplia nossa capacidade de entregar solu\u00e7\u00f5es alinhadas aos desafios atuais e futuros da Constru\u00e7\u00e3o Civil\u201d, destacou.<\/p>\n\n\n\n<p>O alinhamento permitiu avan\u00e7ar no desenho preliminar de um planejamento para 2026, com foco na qualifica\u00e7\u00e3o profissional, na gest\u00e3o empresarial e em temas essenciais para a competitividade das empresas. O encontro refor\u00e7ou o protagonismo do Sinduscon-JF no di\u00e1logo com institui\u00e7\u00f5es estrat\u00e9gicas e seu compromisso cont\u00ednuo em antecipar demandas, construir solu\u00e7\u00f5es e fortalecer o setor da constru\u00e7\u00e3o civil na Zona da Mata.<\/p>\n\n\n\n<p>.<\/p>\n\n\n\n<p><em>Graciele Vianna<\/em><\/p>\n\n\n\n<p><strong>Imprensa FIEMG<\/strong><\/p>\n","protected":false},"featured_media":6088,"template":"","categories":[15],"tags":[],"class_list":["post-6087","noticias","type-noticias","status-publish","has-post-thumbnail","hentry","category-desenvolvimento-industrial"],"acf":[],"yoast_head":"<!-- This site is optimized with the Yoast SEO plugin v26.2 - https:\/\/yoast.com\/wordpress\/plugins\/seo\/ -->\n<title>Sinduscon-JF e IEL\/FIEMG alinham novos projetos para fortalecer o setor da Constru\u00e7\u00e3o Civil em 2026 - FIEMG<\/title>\n<meta name=\"robots\" content=\"index, follow, max-snippet:-1, max-image-preview:large, max-video-preview:-1\" \/>\n<link rel=\"canonical\" href=\"https:\/\/www.fiemg.com.br\/regional-sede\/noticias\/sinduscon-jf-e-iel-fiemg-alinham-novos-projetos-para-fortalecer-o-setor-da-construcao-civil-em-2026\/\" \/>\n<meta property=\"og:locale\" content=\"pt_BR\" \/>\n<meta property=\"og:type\" content=\"article\" \/>\n<meta property=\"og:title\" content=\"Sinduscon-JF e IEL\/FIEMG alinham novos projetos para fortalecer o setor da Constru\u00e7\u00e3o Civil em 2026 - FIEMG\" \/>\n<meta property=\"og:description\" content=\"Representantes do Sindicato da Ind\u00fastria da Constru\u00e7\u00e3o Civil de Juiz de Fora (Sinduscon-JF) se reuniram com integrantes da \u00e1rea de Projetos para a Ind\u00fastria do IEL\/FIEMG, no dia 18 de novembro, na Escola SESI Granbery, para avan\u00e7ar na constru\u00e7\u00e3o de iniciativas estrat\u00e9gicas que dever\u00e3o nortear o ano de 2026. A equipe do IEL esteve em [&hellip;]\" \/>\n<meta property=\"og:url\" content=\"https:\/\/www.fiemg.com.br\/regional-sede\/noticias\/sinduscon-jf-e-iel-fiemg-alinham-novos-projetos-para-fortalecer-o-setor-da-construcao-civil-em-2026\/\" \/>\n<meta property=\"og:site_name\" content=\"FIEMG\" \/>\n<meta property=\"article:modified_time\" content=\"2025-11-26T19:28:10+00:00\" \/>\n<meta property=\"og:image\" content=\"https:\/\/www.fiemg.com.br\/regional-sede\/wp-content\/uploads\/sites\/21\/2025\/11\/reuniao-IEL-1.png\" \/>\n\t<meta property=\"og:image:width\" content=\"512\" \/>\n\t<meta property=\"og:image:height\" content=\"512\" \/>\n\t<meta property=\"og:image:type\" content=\"image\/png\" \/>\n<meta name=\"twitter:card\" content=\"summary_large_image\" \/>\n<meta name=\"twitter:label1\" content=\"Est. tempo de leitura\" \/>\n\t<meta name=\"twitter:data1\" content=\"3 minutos\" \/>\n<script type=\"application\/ld+json\" class=\"yoast-schema-graph\">{\"@context\":\"https:\/\/schema.org\",\"@graph\":[{\"@type\":\"WebPage\",\"@id\":\"https:\/\/www.fiemg.com.br\/regional-sede\/noticias\/sinduscon-jf-e-iel-fiemg-alinham-novos-projetos-para-fortalecer-o-setor-da-construcao-civil-em-2026\/\",\"url\":\"https:\/\/www.fiemg.com.br\/regional-sede\/noticias\/sinduscon-jf-e-iel-fiemg-alinham-novos-projetos-para-fortalecer-o-setor-da-construcao-civil-em-2026\/\",\"name\":\"Sinduscon-JF e IEL\/FIEMG alinham novos projetos para fortalecer o setor da Constru\u00e7\u00e3o Civil em 2026 - FIEMG\",\"isPartOf\":{\"@id\":\"https:\/\/www.fiemg.com.br\/regional-sede\/#website\"},\"primaryImageOfPage\":{\"@id\":\"https:\/\/www.fiemg.com.br\/regional-sede\/noticias\/sinduscon-jf-e-iel-fiemg-alinham-novos-projetos-para-fortalecer-o-setor-da-construcao-civil-em-2026\/#primaryimage\"},\"image\":{\"@id\":\"https:\/\/www.fiemg.com.br\/regional-sede\/noticias\/sinduscon-jf-e-iel-fiemg-alinham-novos-projetos-para-fortalecer-o-setor-da-construcao-civil-em-2026\/#primaryimage\"},\"thumbnailUrl\":\"https:\/\/www.fiemg.com.br\/regional-sede\/wp-content\/uploads\/sites\/21\/2025\/11\/reuniao-IEL-1.png\",\"datePublished\":\"2025-11-26T18:18:09+00:00\",\"dateModified\":\"2025-11-26T19:28:10+00:00\",\"breadcrumb\":{\"@id\":\"https:\/\/www.fiemg.com.br\/regional-sede\/noticias\/sinduscon-jf-e-iel-fiemg-alinham-novos-projetos-para-fortalecer-o-setor-da-construcao-civil-em-2026\/#breadcrumb\"},\"inLanguage\":\"pt-BR\",\"potentialAction\":[{\"@type\":\"ReadAction\",\"target\":[\"https:\/\/www.fiemg.com.br\/regional-sede\/noticias\/sinduscon-jf-e-iel-fiemg-alinham-novos-projetos-para-fortalecer-o-setor-da-construcao-civil-em-2026\/\"]}]},{\"@type\":\"ImageObject\",\"inLanguage\":\"pt-BR\",\"@id\":\"https:\/\/www.fiemg.com.br\/regional-sede\/noticias\/sinduscon-jf-e-iel-fiemg-alinham-novos-projetos-para-fortalecer-o-setor-da-construcao-civil-em-2026\/#primaryimage\",\"url\":\"https:\/\/www.fiemg.com.br\/regional-sede\/wp-content\/uploads\/sites\/21\/2025\/11\/reuniao-IEL-1.png\",\"contentUrl\":\"https:\/\/www.fiemg.com.br\/regional-sede\/wp-content\/uploads\/sites\/21\/2025\/11\/reuniao-IEL-1.png\",\"width\":512,\"height\":512},{\"@type\":\"BreadcrumbList\",\"@id\":\"https:\/\/www.fiemg.com.br\/regional-sede\/noticias\/sinduscon-jf-e-iel-fiemg-alinham-novos-projetos-para-fortalecer-o-setor-da-construcao-civil-em-2026\/#breadcrumb\",\"itemListElement\":[{\"@type\":\"ListItem\",\"position\":1,\"name\":\"In\u00edcio\",\"item\":\"https:\/\/www.fiemg.com.br\/regional-sede\/\"},{\"@type\":\"ListItem\",\"position\":2,\"name\":\"Sinduscon-JF e IEL\/FIEMG alinham novos projetos para fortalecer o setor da Constru\u00e7\u00e3o Civil em 2026\"}]},{\"@type\":\"WebSite\",\"@id\":\"https:\/\/www.fiemg.com.br\/regional-sede\/#website\",\"url\":\"https:\/\/www.fiemg.com.br\/regional-sede\/\",\"name\":\"FIEMG\",\"description\":\"Federa\u00e7\u00e3o das Ind\u00fastrias do Estado de Minas Gerais\",\"publisher\":{\"@id\":\"https:\/\/www.fiemg.com.br\/regional-sede\/#organization\"},\"potentialAction\":[{\"@type\":\"SearchAction\",\"target\":{\"@type\":\"EntryPoint\",\"urlTemplate\":\"https:\/\/www.fiemg.com.br\/regional-sede\/?s={search_term_string}\"},\"query-input\":{\"@type\":\"PropertyValueSpecification\",\"valueRequired\":true,\"valueName\":\"search_term_string\"}}],\"inLanguage\":\"pt-BR\"},{\"@type\":\"Organization\",\"@id\":\"https:\/\/www.fiemg.com.br\/regional-sede\/#organization\",\"name\":\"FIEMG\",\"url\":\"https:\/\/www.fiemg.com.br\/regional-sede\/\",\"logo\":{\"@type\":\"ImageObject\",\"inLanguage\":\"pt-BR\",\"@id\":\"https:\/\/www.fiemg.com.br\/regional-sede\/#\/schema\/logo\/image\/\",\"url\":\"https:\/\/www.fiemg.com.br\/regional-sede\/wp-content\/uploads\/sites\/21\/2023\/02\/Ativo-1.png\",\"contentUrl\":\"https:\/\/www.fiemg.com.br\/regional-sede\/wp-content\/uploads\/sites\/21\/2023\/02\/Ativo-1.png\",\"width\":563,\"height\":149,\"caption\":\"FIEMG\"},\"image\":{\"@id\":\"https:\/\/www.fiemg.com.br\/regional-sede\/#\/schema\/logo\/image\/\"}}]}<\/script>\n<!-- \/ Yoast SEO plugin. -->","yoast_head_json":{"title":"Sinduscon-JF e IEL\/FIEMG alinham novos projetos para fortalecer o setor da Constru\u00e7\u00e3o Civil em 2026 - FIEMG","robots":{"index":"index","follow":"follow","max-snippet":"max-snippet:-1","max-image-preview":"max-image-preview:large","max-video-preview":"max-video-preview:-1"},"canonical":"https:\/\/www.fiemg.com.br\/regional-sede\/noticias\/sinduscon-jf-e-iel-fiemg-alinham-novos-projetos-para-fortalecer-o-setor-da-construcao-civil-em-2026\/","og_locale":"pt_BR","og_type":"article","og_title":"Sinduscon-JF e IEL\/FIEMG alinham novos projetos para fortalecer o setor da Constru\u00e7\u00e3o Civil em 2026 - FIEMG","og_description":"Representantes do Sindicato da Ind\u00fastria da Constru\u00e7\u00e3o Civil de Juiz de Fora (Sinduscon-JF) se reuniram com integrantes da \u00e1rea de Projetos para a Ind\u00fastria do IEL\/FIEMG, no dia 18 de novembro, na Escola SESI Granbery, para avan\u00e7ar na constru\u00e7\u00e3o de iniciativas estrat\u00e9gicas que dever\u00e3o nortear o ano de 2026. A equipe do IEL esteve em [&hellip;]","og_url":"https:\/\/www.fiemg.com.br\/regional-sede\/noticias\/sinduscon-jf-e-iel-fiemg-alinham-novos-projetos-para-fortalecer-o-setor-da-construcao-civil-em-2026\/","og_site_name":"FIEMG","article_modified_time":"2025-11-26T19:28:10+00:00","og_image":[{"width":512,"height":512,"url":"https:\/\/www.fiemg.com.br\/regional-sede\/wp-content\/uploads\/sites\/21\/2025\/11\/reuniao-IEL-1.png","type":"image\/png"}],"twitter_card":"summary_large_image","twitter_misc":{"Est. tempo de leitura":"3 minutos"},"schema":{"@context":"https:\/\/schema.org","@graph":[{"@type":"WebPage","@id":"https:\/\/www.fiemg.com.br\/regional-sede\/noticias\/sinduscon-jf-e-iel-fiemg-alinham-novos-projetos-para-fortalecer-o-setor-da-construcao-civil-em-2026\/","url":"https:\/\/www.fiemg.com.br\/regional-sede\/noticias\/sinduscon-jf-e-iel-fiemg-alinham-novos-projetos-para-fortalecer-o-setor-da-construcao-civil-em-2026\/","name":"Sinduscon-JF e IEL\/FIEMG alinham novos projetos para fortalecer o setor da Constru\u00e7\u00e3o Civil em 2026 - FIEMG","isPartOf":{"@id":"https:\/\/www.fiemg.com.br\/regional-sede\/#website"},"primaryImageOfPage":{"@id":"https:\/\/www.fiemg.com.br\/regional-sede\/noticias\/sinduscon-jf-e-iel-fiemg-alinham-novos-projetos-para-fortalecer-o-setor-da-construcao-civil-em-2026\/#primaryimage"},"image":{"@id":"https:\/\/www.fiemg.com.br\/regional-sede\/noticias\/sinduscon-jf-e-iel-fiemg-alinham-novos-projetos-para-fortalecer-o-setor-da-construcao-civil-em-2026\/#primaryimage"},"thumbnailUrl":"https:\/\/www.fiemg.com.br\/regional-sede\/wp-content\/uploads\/sites\/21\/2025\/11\/reuniao-IEL-1.png","datePublished":"2025-11-26T18:18:09+00:00","dateModified":"2025-11-26T19:28:10+00:00","breadcrumb":{"@id":"https:\/\/www.fiemg.com.br\/regional-sede\/noticias\/sinduscon-jf-e-iel-fiemg-alinham-novos-projetos-para-fortalecer-o-setor-da-construcao-civil-em-2026\/#breadcrumb"},"inLanguage":"pt-BR","potentialAction":[{"@type":"ReadAction","target":["https:\/\/www.fiemg.com.br\/regional-sede\/noticias\/sinduscon-jf-e-iel-fiemg-alinham-novos-projetos-para-fortalecer-o-setor-da-construcao-civil-em-2026\/"]}]},{"@type":"ImageObject","inLanguage":"pt-BR","@id":"https:\/\/www.fiemg.com.br\/regional-sede\/noticias\/sinduscon-jf-e-iel-fiemg-alinham-novos-projetos-para-fortalecer-o-setor-da-construcao-civil-em-2026\/#primaryimage","url":"https:\/\/www.fiemg.com.br\/regional-sede\/wp-content\/uploads\/sites\/21\/2025\/11\/reuniao-IEL-1.png","contentUrl":"https:\/\/www.fiemg.com.br\/regional-sede\/wp-content\/uploads\/sites\/21\/2025\/11\/reuniao-IEL-1.png","width":512,"height":512},{"@type":"BreadcrumbList","@id":"https:\/\/www.fiemg.com.br\/regional-sede\/noticias\/sinduscon-jf-e-iel-fiemg-alinham-novos-projetos-para-fortalecer-o-setor-da-construcao-civil-em-2026\/#breadcrumb","itemListElement":[{"@type":"ListItem","position":1,"name":"In\u00edcio","item":"https:\/\/www.fiemg.com.br\/regional-sede\/"},{"@type":"ListItem","position":2,"name":"Sinduscon-JF e IEL\/FIEMG alinham novos projetos para fortalecer o setor da Constru\u00e7\u00e3o Civil em 2026"}]},{"@type":"WebSite","@id":"https:\/\/www.fiemg.com.br\/regional-sede\/#website","url":"https:\/\/www.fiemg.com.br\/regional-sede\/","name":"FIEMG","description":"Federa\u00e7\u00e3o das Ind\u00fastrias do Estado de Minas Gerais","publisher":{"@id":"https:\/\/www.fiemg.com.br\/regional-sede\/#organization"},"potentialAction":[{"@type":"SearchAction","target":{"@type":"EntryPoint","urlTemplate":"https:\/\/www.fiemg.com.br\/regional-sede\/?s={search_term_string}"},"query-input":{"@type":"PropertyValueSpecification","valueRequired":true,"valueName":"search_term_string"}}],"inLanguage":"pt-BR"},{"@type":"Organization","@id":"https:\/\/www.fiemg.com.br\/regional-sede\/#organization","name":"FIEMG","url":"https:\/\/www.fiemg.com.br\/regional-sede\/","logo":{"@type":"ImageObject","inLanguage":"pt-BR","@id":"https:\/\/www.fiemg.com.br\/regional-sede\/#\/schema\/logo\/image\/","url":"https:\/\/www.fiemg.com.br\/regional-sede\/wp-content\/uploads\/sites\/21\/2023\/02\/Ativo-1.png","contentUrl":"https:\/\/www.fiemg.com.br\/regional-sede\/wp-content\/uploads\/sites\/21\/2023\/02\/Ativo-1.png","width":563,"height":149,"caption":"FIEMG"},"image":{"@id":"https:\/\/www.fiemg.com.br\/regional-sede\/#\/schema\/logo\/image\/"}}]}},"_links":{"self":[{"href":"https:\/\/www.fiemg.com.br\/regional-sede\/wp-json\/wp\/v2\/noticias\/6087","targetHints":{"allow":["GET"]}}],"collection":[{"href":"https:\/\/www.fiemg.com.br\/regional-sede\/wp-json\/wp\/v2\/noticias"}],"about":[{"href":"https:\/\/www.fiemg.com.br\/regional-sede\/wp-json\/wp\/v2\/types\/noticias"}],"wp:featuredmedia":[{"embeddable":true,"href":"https:\/\/www.fiemg.com.br\/regional-sede\/wp-json\/wp\/v2\/media\/6088"}],"wp:attachment":[{"href":"https:\/\/www.fiemg.com.br\/regional-sede\/wp-json\/wp\/v2\/media?parent=6087"}],"wp:term":[{"taxonomy":"category","embeddable":true,"href":"https:\/\/www.fiemg.com.br\/regional-sede\/wp-json\/wp\/v2\/categories?post=6087"},{"taxonomy":"post_tag","embeddable":true,"href":"https:\/\/www.fiemg.com.br\/regional-sede\/wp-json\/wp\/v2\/tags?post=6087"}],"curies":[{"name":"wp","href":"https:\/\/api.w.org\/{rel}","templated":true}]}}