{"id":6103,"date":"2025-11-27T11:44:24","date_gmt":"2025-11-27T14:44:24","guid":{"rendered":"https:\/\/www.fiemg.com.br\/regional-sede\/noticias\/camara-da-base-florestal-encerra-o-ano-com-debates-sobre-frete-cop-30-e-novas-regras-ambientais\/"},"modified":"2025-11-27T11:44:30","modified_gmt":"2025-11-27T14:44:30","slug":"camara-da-base-florestal-encerra-o-ano-com-debates-sobre-frete-cop-30-e-novas-regras-ambientais","status":"publish","type":"noticias","link":"https:\/\/www.fiemg.com.br\/regional-sede\/noticias\/camara-da-base-florestal-encerra-o-ano-com-debates-sobre-frete-cop-30-e-novas-regras-ambientais\/","title":{"rendered":"C\u00e2mara da Base Florestal encerra o ano com debates sobre frete, COP 30 e novas regras ambientais"},"content":{"rendered":"\n<p>A C\u00e2mara da Ind\u00fastria de Base Florestal da FIEMG realizou, nesta quinta-feira (27\/11), sua \u00faltima reuni\u00e3o do ano, abordando temas que t\u00eam influenciado diretamente a competitividade do setor: o \u00f4nus do frete no Brasil, os resultados do Minas Day e os avan\u00e7os rumo \u00e0 COP 30, al\u00e9m dos desdobramentos da DN COPAM 259 e da Taxonomia Sustent\u00e1vel Brasileira.<\/p>\n\n\n\n<p>O presidente da C\u00e2mara, Fausto Varela Can\u00e7ado, agradeceu o empenho dos membros ao longo de 2025 e destacou a complexidade do cen\u00e1rio enfrentado pelas empresas. Ele alertou para o impacto do frete e defendeu a necessidade de preservar o livre mercado. \u201cFoi um dos anos mais penosos, com muitas situa\u00e7\u00f5es adversas e inseguran\u00e7a para quem produz. O \u00f4nus do frete pesa no produto, no emprego e em toda a opera\u00e7\u00e3o. O que precisamos \u00e9 garantir o livre com\u00e9rcio.\u201d, afirmou Can\u00e7ado.<\/p>\n\n\n\n<p>A analista ambiental da FIEMG, Priscila Sette, apresentou um panorama do Minas Day, evento pr\u00e9-COP realizado no Rio de Janeiro com participa\u00e7\u00e3o de governo e setor produtivo. \u201cO Minas Day destacou iniciativas relevantes de descarboniza\u00e7\u00e3o e refor\u00e7ou o protagonismo de Minas Gerais na agenda clim\u00e1tica, com cases da FIEMG e do Sindifer expostos durante todo o evento\u201d, destacou. Ela tamb\u00e9m comentou os principais pontos do decreto que institui a Taxonomia Sustent\u00e1vel Brasileira, que dever\u00e1 orientar investimentos verdes no pa\u00eds, tema que segue monitorado pela FIEMG.<\/p>\n\n\n\n<p>A analista ambiental Nathalia Fonseca trouxe atualiza\u00e7\u00f5es sobre a Delibera\u00e7\u00e3o Normativa COPAM 259, destacando as preocupa\u00e7\u00f5es do setor com a poss\u00edvel inclus\u00e3o de esp\u00e9cies amplamente cultivadas, como a til\u00e1pia, em listas de esp\u00e9cies amea\u00e7adas ou invasoras. \u201cA inclus\u00e3o da til\u00e1pia inviabilizaria cadeias produtivas inteiras e afetaria comercializa\u00e7\u00e3o e exporta\u00e7\u00f5es. O tema ganhou propor\u00e7\u00e3o nacional, e a lista estadual est\u00e1 paralisada aguardando defini\u00e7\u00e3o federal.\u201d, enfatizou Fonseca.<\/p>\n\n\n\n<p>Confira as fotos da reuni\u00e3o atrav\u00e9s do <a href=\"https:\/\/www.flickr.com\/photos\/sistemafiemg\/albums\/72177720330575542\/\">Flickr do Sistema FIEMG<\/a>.<\/p>\n\n\n\n<p><em>Fernanda Borges<br><\/em><strong>Imprensa FIEMG<\/strong><\/p>\n","protected":false},"featured_media":6104,"template":"","categories":[15],"tags":[78,629],"class_list":["post-6103","noticias","type-noticias","status-publish","has-post-thumbnail","hentry","category-desenvolvimento-industrial","tag-fiemg","tag-sindicatos"],"acf":[],"yoast_head":"<!-- This site is optimized with the Yoast SEO plugin v26.2 - https:\/\/yoast.com\/wordpress\/plugins\/seo\/ -->\n<title>C\u00e2mara da Base Florestal encerra o ano com debates sobre frete, COP 30 e novas regras ambientais - FIEMG<\/title>\n<meta name=\"description\" content=\"Reuni\u00e3o re\u00fane setor produtivo para discutir impactos do frete, agenda clim\u00e1tica e novas normas ambientais que influenciam a competitividade da ind\u00fastria.\" \/>\n<meta name=\"robots\" content=\"index, follow, max-snippet:-1, max-image-preview:large, max-video-preview:-1\" \/>\n<link rel=\"canonical\" href=\"https:\/\/www.fiemg.com.br\/regional-sede\/noticias\/camara-da-base-florestal-encerra-o-ano-com-debates-sobre-frete-cop-30-e-novas-regras-ambientais\/\" \/>\n<meta property=\"og:locale\" content=\"pt_BR\" \/>\n<meta property=\"og:type\" content=\"article\" \/>\n<meta property=\"og:title\" content=\"C\u00e2mara da Base Florestal encerra o ano com debates sobre frete, COP 30 e novas regras ambientais - FIEMG\" \/>\n<meta property=\"og:description\" content=\"Reuni\u00e3o re\u00fane setor produtivo para discutir impactos do frete, agenda clim\u00e1tica e novas normas ambientais que influenciam a competitividade da ind\u00fastria.\" \/>\n<meta property=\"og:url\" content=\"https:\/\/www.fiemg.com.br\/regional-sede\/noticias\/camara-da-base-florestal-encerra-o-ano-com-debates-sobre-frete-cop-30-e-novas-regras-ambientais\/\" \/>\n<meta property=\"og:site_name\" content=\"FIEMG\" \/>\n<meta property=\"article:modified_time\" content=\"2025-11-27T14:44:30+00:00\" \/>\n<meta property=\"og:image\" content=\"https:\/\/www.fiemg.com.br\/regional-sede\/wp-content\/uploads\/sites\/21\/2025\/11\/Camara-de-Base-Florestal-1.png\" \/>\n\t<meta property=\"og:image:width\" content=\"512\" \/>\n\t<meta property=\"og:image:height\" content=\"512\" \/>\n\t<meta property=\"og:image:type\" content=\"image\/png\" \/>\n<meta name=\"twitter:card\" content=\"summary_large_image\" \/>\n<meta name=\"twitter:label1\" content=\"Est. tempo de leitura\" \/>\n\t<meta name=\"twitter:data1\" content=\"2 minutos\" \/>\n<script type=\"application\/ld+json\" class=\"yoast-schema-graph\">{\"@context\":\"https:\/\/schema.org\",\"@graph\":[{\"@type\":\"WebPage\",\"@id\":\"https:\/\/www.fiemg.com.br\/regional-sede\/noticias\/camara-da-base-florestal-encerra-o-ano-com-debates-sobre-frete-cop-30-e-novas-regras-ambientais\/\",\"url\":\"https:\/\/www.fiemg.com.br\/regional-sede\/noticias\/camara-da-base-florestal-encerra-o-ano-com-debates-sobre-frete-cop-30-e-novas-regras-ambientais\/\",\"name\":\"C\u00e2mara da Base Florestal encerra o ano com debates sobre frete, COP 30 e novas regras ambientais - FIEMG\",\"isPartOf\":{\"@id\":\"https:\/\/www.fiemg.com.br\/regional-sede\/#website\"},\"primaryImageOfPage\":{\"@id\":\"https:\/\/www.fiemg.com.br\/regional-sede\/noticias\/camara-da-base-florestal-encerra-o-ano-com-debates-sobre-frete-cop-30-e-novas-regras-ambientais\/#primaryimage\"},\"image\":{\"@id\":\"https:\/\/www.fiemg.com.br\/regional-sede\/noticias\/camara-da-base-florestal-encerra-o-ano-com-debates-sobre-frete-cop-30-e-novas-regras-ambientais\/#primaryimage\"},\"thumbnailUrl\":\"https:\/\/www.fiemg.com.br\/regional-sede\/wp-content\/uploads\/sites\/21\/2025\/11\/Camara-de-Base-Florestal-1.png\",\"datePublished\":\"2025-11-27T14:44:24+00:00\",\"dateModified\":\"2025-11-27T14:44:30+00:00\",\"description\":\"Reuni\u00e3o re\u00fane setor produtivo para discutir impactos do frete, agenda clim\u00e1tica e novas normas ambientais que influenciam a competitividade da ind\u00fastria.\",\"breadcrumb\":{\"@id\":\"https:\/\/www.fiemg.com.br\/regional-sede\/noticias\/camara-da-base-florestal-encerra-o-ano-com-debates-sobre-frete-cop-30-e-novas-regras-ambientais\/#breadcrumb\"},\"inLanguage\":\"pt-BR\",\"potentialAction\":[{\"@type\":\"ReadAction\",\"target\":[\"https:\/\/www.fiemg.com.br\/regional-sede\/noticias\/camara-da-base-florestal-encerra-o-ano-com-debates-sobre-frete-cop-30-e-novas-regras-ambientais\/\"]}]},{\"@type\":\"ImageObject\",\"inLanguage\":\"pt-BR\",\"@id\":\"https:\/\/www.fiemg.com.br\/regional-sede\/noticias\/camara-da-base-florestal-encerra-o-ano-com-debates-sobre-frete-cop-30-e-novas-regras-ambientais\/#primaryimage\",\"url\":\"https:\/\/www.fiemg.com.br\/regional-sede\/wp-content\/uploads\/sites\/21\/2025\/11\/Camara-de-Base-Florestal-1.png\",\"contentUrl\":\"https:\/\/www.fiemg.com.br\/regional-sede\/wp-content\/uploads\/sites\/21\/2025\/11\/Camara-de-Base-Florestal-1.png\",\"width\":512,\"height\":512},{\"@type\":\"BreadcrumbList\",\"@id\":\"https:\/\/www.fiemg.com.br\/regional-sede\/noticias\/camara-da-base-florestal-encerra-o-ano-com-debates-sobre-frete-cop-30-e-novas-regras-ambientais\/#breadcrumb\",\"itemListElement\":[{\"@type\":\"ListItem\",\"position\":1,\"name\":\"In\u00edcio\",\"item\":\"https:\/\/www.fiemg.com.br\/regional-sede\/\"},{\"@type\":\"ListItem\",\"position\":2,\"name\":\"C\u00e2mara da Base Florestal encerra o ano com debates sobre frete, COP 30 e novas regras ambientais\"}]},{\"@type\":\"WebSite\",\"@id\":\"https:\/\/www.fiemg.com.br\/regional-sede\/#website\",\"url\":\"https:\/\/www.fiemg.com.br\/regional-sede\/\",\"name\":\"FIEMG\",\"description\":\"Federa\u00e7\u00e3o das Ind\u00fastrias do Estado de Minas Gerais\",\"publisher\":{\"@id\":\"https:\/\/www.fiemg.com.br\/regional-sede\/#organization\"},\"potentialAction\":[{\"@type\":\"SearchAction\",\"target\":{\"@type\":\"EntryPoint\",\"urlTemplate\":\"https:\/\/www.fiemg.com.br\/regional-sede\/?s={search_term_string}\"},\"query-input\":{\"@type\":\"PropertyValueSpecification\",\"valueRequired\":true,\"valueName\":\"search_term_string\"}}],\"inLanguage\":\"pt-BR\"},{\"@type\":\"Organization\",\"@id\":\"https:\/\/www.fiemg.com.br\/regional-sede\/#organization\",\"name\":\"FIEMG\",\"url\":\"https:\/\/www.fiemg.com.br\/regional-sede\/\",\"logo\":{\"@type\":\"ImageObject\",\"inLanguage\":\"pt-BR\",\"@id\":\"https:\/\/www.fiemg.com.br\/regional-sede\/#\/schema\/logo\/image\/\",\"url\":\"https:\/\/www.fiemg.com.br\/regional-sede\/wp-content\/uploads\/sites\/21\/2023\/02\/Ativo-1.png\",\"contentUrl\":\"https:\/\/www.fiemg.com.br\/regional-sede\/wp-content\/uploads\/sites\/21\/2023\/02\/Ativo-1.png\",\"width\":563,\"height\":149,\"caption\":\"FIEMG\"},\"image\":{\"@id\":\"https:\/\/www.fiemg.com.br\/regional-sede\/#\/schema\/logo\/image\/\"}}]}<\/script>\n<!-- \/ Yoast SEO plugin. -->","yoast_head_json":{"title":"C\u00e2mara da Base Florestal encerra o ano com debates sobre frete, COP 30 e novas regras ambientais - FIEMG","description":"Reuni\u00e3o re\u00fane setor produtivo para discutir impactos do frete, agenda clim\u00e1tica e novas normas ambientais que influenciam a competitividade da ind\u00fastria.","robots":{"index":"index","follow":"follow","max-snippet":"max-snippet:-1","max-image-preview":"max-image-preview:large","max-video-preview":"max-video-preview:-1"},"canonical":"https:\/\/www.fiemg.com.br\/regional-sede\/noticias\/camara-da-base-florestal-encerra-o-ano-com-debates-sobre-frete-cop-30-e-novas-regras-ambientais\/","og_locale":"pt_BR","og_type":"article","og_title":"C\u00e2mara da Base Florestal encerra o ano com debates sobre frete, COP 30 e novas regras ambientais - FIEMG","og_description":"Reuni\u00e3o re\u00fane setor produtivo para discutir impactos do frete, agenda clim\u00e1tica e novas normas ambientais que influenciam a competitividade da ind\u00fastria.","og_url":"https:\/\/www.fiemg.com.br\/regional-sede\/noticias\/camara-da-base-florestal-encerra-o-ano-com-debates-sobre-frete-cop-30-e-novas-regras-ambientais\/","og_site_name":"FIEMG","article_modified_time":"2025-11-27T14:44:30+00:00","og_image":[{"width":512,"height":512,"url":"https:\/\/www.fiemg.com.br\/regional-sede\/wp-content\/uploads\/sites\/21\/2025\/11\/Camara-de-Base-Florestal-1.png","type":"image\/png"}],"twitter_card":"summary_large_image","twitter_misc":{"Est. tempo de leitura":"2 minutos"},"schema":{"@context":"https:\/\/schema.org","@graph":[{"@type":"WebPage","@id":"https:\/\/www.fiemg.com.br\/regional-sede\/noticias\/camara-da-base-florestal-encerra-o-ano-com-debates-sobre-frete-cop-30-e-novas-regras-ambientais\/","url":"https:\/\/www.fiemg.com.br\/regional-sede\/noticias\/camara-da-base-florestal-encerra-o-ano-com-debates-sobre-frete-cop-30-e-novas-regras-ambientais\/","name":"C\u00e2mara da Base Florestal encerra o ano com debates sobre frete, COP 30 e novas regras ambientais - FIEMG","isPartOf":{"@id":"https:\/\/www.fiemg.com.br\/regional-sede\/#website"},"primaryImageOfPage":{"@id":"https:\/\/www.fiemg.com.br\/regional-sede\/noticias\/camara-da-base-florestal-encerra-o-ano-com-debates-sobre-frete-cop-30-e-novas-regras-ambientais\/#primaryimage"},"image":{"@id":"https:\/\/www.fiemg.com.br\/regional-sede\/noticias\/camara-da-base-florestal-encerra-o-ano-com-debates-sobre-frete-cop-30-e-novas-regras-ambientais\/#primaryimage"},"thumbnailUrl":"https:\/\/www.fiemg.com.br\/regional-sede\/wp-content\/uploads\/sites\/21\/2025\/11\/Camara-de-Base-Florestal-1.png","datePublished":"2025-11-27T14:44:24+00:00","dateModified":"2025-11-27T14:44:30+00:00","description":"Reuni\u00e3o re\u00fane setor produtivo para discutir impactos do frete, agenda clim\u00e1tica e novas normas ambientais que influenciam a competitividade da ind\u00fastria.","breadcrumb":{"@id":"https:\/\/www.fiemg.com.br\/regional-sede\/noticias\/camara-da-base-florestal-encerra-o-ano-com-debates-sobre-frete-cop-30-e-novas-regras-ambientais\/#breadcrumb"},"inLanguage":"pt-BR","potentialAction":[{"@type":"ReadAction","target":["https:\/\/www.fiemg.com.br\/regional-sede\/noticias\/camara-da-base-florestal-encerra-o-ano-com-debates-sobre-frete-cop-30-e-novas-regras-ambientais\/"]}]},{"@type":"ImageObject","inLanguage":"pt-BR","@id":"https:\/\/www.fiemg.com.br\/regional-sede\/noticias\/camara-da-base-florestal-encerra-o-ano-com-debates-sobre-frete-cop-30-e-novas-regras-ambientais\/#primaryimage","url":"https:\/\/www.fiemg.com.br\/regional-sede\/wp-content\/uploads\/sites\/21\/2025\/11\/Camara-de-Base-Florestal-1.png","contentUrl":"https:\/\/www.fiemg.com.br\/regional-sede\/wp-content\/uploads\/sites\/21\/2025\/11\/Camara-de-Base-Florestal-1.png","width":512,"height":512},{"@type":"BreadcrumbList","@id":"https:\/\/www.fiemg.com.br\/regional-sede\/noticias\/camara-da-base-florestal-encerra-o-ano-com-debates-sobre-frete-cop-30-e-novas-regras-ambientais\/#breadcrumb","itemListElement":[{"@type":"ListItem","position":1,"name":"In\u00edcio","item":"https:\/\/www.fiemg.com.br\/regional-sede\/"},{"@type":"ListItem","position":2,"name":"C\u00e2mara da Base Florestal encerra o ano com debates sobre frete, COP 30 e novas regras ambientais"}]},{"@type":"WebSite","@id":"https:\/\/www.fiemg.com.br\/regional-sede\/#website","url":"https:\/\/www.fiemg.com.br\/regional-sede\/","name":"FIEMG","description":"Federa\u00e7\u00e3o das Ind\u00fastrias do Estado de Minas Gerais","publisher":{"@id":"https:\/\/www.fiemg.com.br\/regional-sede\/#organization"},"potentialAction":[{"@type":"SearchAction","target":{"@type":"EntryPoint","urlTemplate":"https:\/\/www.fiemg.com.br\/regional-sede\/?s={search_term_string}"},"query-input":{"@type":"PropertyValueSpecification","valueRequired":true,"valueName":"search_term_string"}}],"inLanguage":"pt-BR"},{"@type":"Organization","@id":"https:\/\/www.fiemg.com.br\/regional-sede\/#organization","name":"FIEMG","url":"https:\/\/www.fiemg.com.br\/regional-sede\/","logo":{"@type":"ImageObject","inLanguage":"pt-BR","@id":"https:\/\/www.fiemg.com.br\/regional-sede\/#\/schema\/logo\/image\/","url":"https:\/\/www.fiemg.com.br\/regional-sede\/wp-content\/uploads\/sites\/21\/2023\/02\/Ativo-1.png","contentUrl":"https:\/\/www.fiemg.com.br\/regional-sede\/wp-content\/uploads\/sites\/21\/2023\/02\/Ativo-1.png","width":563,"height":149,"caption":"FIEMG"},"image":{"@id":"https:\/\/www.fiemg.com.br\/regional-sede\/#\/schema\/logo\/image\/"}}]}},"_links":{"self":[{"href":"https:\/\/www.fiemg.com.br\/regional-sede\/wp-json\/wp\/v2\/noticias\/6103","targetHints":{"allow":["GET"]}}],"collection":[{"href":"https:\/\/www.fiemg.com.br\/regional-sede\/wp-json\/wp\/v2\/noticias"}],"about":[{"href":"https:\/\/www.fiemg.com.br\/regional-sede\/wp-json\/wp\/v2\/types\/noticias"}],"wp:featuredmedia":[{"embeddable":true,"href":"https:\/\/www.fiemg.com.br\/regional-sede\/wp-json\/wp\/v2\/media\/6104"}],"wp:attachment":[{"href":"https:\/\/www.fiemg.com.br\/regional-sede\/wp-json\/wp\/v2\/media?parent=6103"}],"wp:term":[{"taxonomy":"category","embeddable":true,"href":"https:\/\/www.fiemg.com.br\/regional-sede\/wp-json\/wp\/v2\/categories?post=6103"},{"taxonomy":"post_tag","embeddable":true,"href":"https:\/\/www.fiemg.com.br\/regional-sede\/wp-json\/wp\/v2\/tags?post=6103"}],"curies":[{"name":"wp","href":"https:\/\/api.w.org\/{rel}","templated":true}]}}