{"id":6108,"date":"2025-11-27T16:43:04","date_gmt":"2025-11-27T19:43:04","guid":{"rendered":"https:\/\/www.fiemg.com.br\/regional-sede\/noticias\/camara-de-energia-encerra-ano-com-balanco-e-alertas-ao-setor\/"},"modified":"2025-11-27T16:43:09","modified_gmt":"2025-11-27T19:43:09","slug":"camara-de-energia-encerra-ano-com-balanco-e-alertas-ao-setor","status":"publish","type":"noticias","link":"https:\/\/www.fiemg.com.br\/regional-sede\/noticias\/camara-de-energia-encerra-ano-com-balanco-e-alertas-ao-setor\/","title":{"rendered":"C\u00e2mara de Energia encerra ano com balan\u00e7o e alertas ao setor"},"content":{"rendered":"\n<p>A C\u00e2mara da Ind\u00fastria de Energia, Petr\u00f3leo e G\u00e1s da FIEMG realizou, nesta quarta-feira (27\/11), a \u00faltima reuni\u00e3o ordin\u00e1ria de 2025, reunindo especialistas e representantes do setor para avaliar os avan\u00e7os do ano e projetar os desafios de 2026. A abertura foi conduzida pelo secret\u00e1rio executivo da C\u00e2mara, S\u00e9rgio Pataca, que representou o presidente Humberto Zica, excepcionalmente nesta reuni\u00e3o.<\/p>\n\n\n\n<p>Em nome da presid\u00eancia, Pataca destacou que 2025 foi marcado por entregas importantes e pela consolida\u00e7\u00e3o da C\u00e2mara como espa\u00e7o de di\u00e1logo estrat\u00e9gico para a ind\u00fastria. Segundo ele, a equipe \u201crealizou um trabalho consistente ao longo do ano, com forte participa\u00e7\u00e3o t\u00e9cnica e institucional\u201d. Ele tamb\u00e9m antecipou que 2026 exigir\u00e1 aten\u00e7\u00e3o redobrada diante de mudan\u00e7as regulat\u00f3rias previstas e do cen\u00e1rio econ\u00f4mico. Pataca chamou aten\u00e7\u00e3o ainda para a forte eleva\u00e7\u00e3o do custo da energia registrada no fim do ano. Para ele, \u201co salto da tarifa para a casa de R$ 300\/KWh deixou o setor em alerta e refor\u00e7a a necessidade de atua\u00e7\u00e3o coordenada para evitar novos impactos\u201d.<\/p>\n\n\n\n<p>A reuni\u00e3o contou com uma apresenta\u00e7\u00e3o da Gasmig, feita por Daniele Dias, gerente de Planejamento Estrat\u00e9gico. Ela trouxe atualiza\u00e7\u00f5es do Projeto Centro-Oeste e destacou o principal avan\u00e7o recente: a inaugura\u00e7\u00e3o da Linha Tronco. \u201cVer o gasoduto instalado \u00e9 um grande orgulho para toda a Gasmig\u201d, afirmou. Ela acrescentou que todas as linhas do projeto est\u00e3o praticamente conclu\u00eddas e que a companhia trabalha com previs\u00e3o de inaugurar, no primeiro semestre de 2026, os trechos que percorrem as cidades atendidas pelas Linhas Laterais.<\/p>\n\n\n\n<p>Durante sua exposi\u00e7\u00e3o, Daniele refor\u00e7ou que o conjunto de linhas laterais liga Betim a Divin\u00f3polis, ampliando o alcance regional do g\u00e1s natural, enquanto a Linha Tronco soma 100 km de extens\u00e3o e representa um marco importante para o abastecimento industrial. <\/p>\n\n\n\n<p>Em seguida, S\u00e9rgio Pataca apresentou uma an\u00e1lise detalhada da MP 1.304\/2025, recentemente sancionada como Lei n\u00ba 15.269\/2025. Ele lembrou que a medida foi editada com o objetivo de modernizar o setor e \u201cbuscar maior modicidade tarif\u00e1ria no cen\u00e1rio energ\u00e9tico brasileiro\u201d, conforme descreveu. Pataca ressaltou que a MP teve tramita\u00e7\u00e3o acelerada e foi aprovada em apenas um minuto no plen\u00e1rio, com a inclus\u00e3o de cinco \u201cjabutis\u201d que podem elevar os custos em mais de R$ 20 bilh\u00f5es at\u00e9 2040.<\/p>\n\n\n\n<p>Ao comentar a atua\u00e7\u00e3o da FIEMG no processo, o secret\u00e1rio executivo destacou os seis vetos estrat\u00e9gicos defendidos pela entidade, envolvendo cortes de gera\u00e7\u00e3o, restri\u00e7\u00f5es \u00e0 autoprodu\u00e7\u00e3o, desvio de finalidade da CDE, contrata\u00e7\u00e3o compuls\u00f3ria de carv\u00e3o mineral, interfer\u00eancia no planejamento t\u00e9cnico e riscos de inseguran\u00e7a jur\u00eddica. Pataca afirmou que \u201ca Lei 15.269\/2025 traz oportunidades, mas exige atua\u00e7\u00e3o firme para evitar aumento de custos e inseguran\u00e7a\u201d e refor\u00e7ou que a FIEMG seguir\u00e1 na linha de frente das discuss\u00f5es para garantir competitividade ao setor produtivo mineiro.<\/p>\n\n\n\n<p>O encontro tamb\u00e9m contou com uma exposi\u00e7\u00e3o da GRID Energia sobre encargos setoriais e tend\u00eancias de aumento na tarifa, tema que tem preocupado fortemente a ind\u00fastria diante da volatilidade recente dos custos.<\/p>\n\n\n\n<p>A reuni\u00e3o foi encerrada com o compromisso de manter, em 2026, uma agenda cont\u00ednua de acompanhamento regulat\u00f3rio, fortalecimento institucional e defesa do setor industrial.<\/p>\n\n\n\n<p><em>Ana Paula Motta<\/em><br><strong>Imprensa FIEMG<\/strong><\/p>\n","protected":false},"featured_media":6109,"template":"","categories":[15],"tags":[],"class_list":["post-6108","noticias","type-noticias","status-publish","has-post-thumbnail","hentry","category-desenvolvimento-industrial"],"acf":[],"yoast_head":"<!-- This site is optimized with the Yoast SEO plugin v26.2 - https:\/\/yoast.com\/wordpress\/plugins\/seo\/ -->\n<title>C\u00e2mara de Energia encerra ano com balan\u00e7o e alertas ao setor - FIEMG<\/title>\n<meta name=\"robots\" content=\"index, follow, max-snippet:-1, max-image-preview:large, max-video-preview:-1\" \/>\n<link rel=\"canonical\" href=\"https:\/\/www.fiemg.com.br\/regional-sede\/noticias\/camara-de-energia-encerra-ano-com-balanco-e-alertas-ao-setor\/\" \/>\n<meta property=\"og:locale\" content=\"pt_BR\" \/>\n<meta property=\"og:type\" content=\"article\" \/>\n<meta property=\"og:title\" content=\"C\u00e2mara de Energia encerra ano com balan\u00e7o e alertas ao setor - FIEMG\" \/>\n<meta property=\"og:description\" content=\"A C\u00e2mara da Ind\u00fastria de Energia, Petr\u00f3leo e G\u00e1s da FIEMG realizou, nesta quarta-feira (27\/11), a \u00faltima reuni\u00e3o ordin\u00e1ria de 2025, reunindo especialistas e representantes do setor para avaliar os avan\u00e7os do ano e projetar os desafios de 2026. A abertura foi conduzida pelo secret\u00e1rio executivo da C\u00e2mara, S\u00e9rgio Pataca, que representou o presidente Humberto [&hellip;]\" \/>\n<meta property=\"og:url\" content=\"https:\/\/www.fiemg.com.br\/regional-sede\/noticias\/camara-de-energia-encerra-ano-com-balanco-e-alertas-ao-setor\/\" \/>\n<meta property=\"og:site_name\" content=\"FIEMG\" \/>\n<meta property=\"article:modified_time\" content=\"2025-11-27T19:43:09+00:00\" \/>\n<meta property=\"og:image\" content=\"https:\/\/www.fiemg.com.br\/regional-sede\/wp-content\/uploads\/sites\/21\/2025\/11\/Thumb-Noticia-52.jpg\" \/>\n\t<meta property=\"og:image:width\" content=\"512\" \/>\n\t<meta property=\"og:image:height\" content=\"512\" \/>\n\t<meta property=\"og:image:type\" content=\"image\/jpeg\" \/>\n<meta name=\"twitter:card\" content=\"summary_large_image\" \/>\n<meta name=\"twitter:label1\" content=\"Est. tempo de leitura\" \/>\n\t<meta name=\"twitter:data1\" content=\"4 minutos\" \/>\n<script type=\"application\/ld+json\" class=\"yoast-schema-graph\">{\"@context\":\"https:\/\/schema.org\",\"@graph\":[{\"@type\":\"WebPage\",\"@id\":\"https:\/\/www.fiemg.com.br\/regional-sede\/noticias\/camara-de-energia-encerra-ano-com-balanco-e-alertas-ao-setor\/\",\"url\":\"https:\/\/www.fiemg.com.br\/regional-sede\/noticias\/camara-de-energia-encerra-ano-com-balanco-e-alertas-ao-setor\/\",\"name\":\"C\u00e2mara de Energia encerra ano com balan\u00e7o e alertas ao setor - FIEMG\",\"isPartOf\":{\"@id\":\"https:\/\/www.fiemg.com.br\/regional-sede\/#website\"},\"primaryImageOfPage\":{\"@id\":\"https:\/\/www.fiemg.com.br\/regional-sede\/noticias\/camara-de-energia-encerra-ano-com-balanco-e-alertas-ao-setor\/#primaryimage\"},\"image\":{\"@id\":\"https:\/\/www.fiemg.com.br\/regional-sede\/noticias\/camara-de-energia-encerra-ano-com-balanco-e-alertas-ao-setor\/#primaryimage\"},\"thumbnailUrl\":\"https:\/\/www.fiemg.com.br\/regional-sede\/wp-content\/uploads\/sites\/21\/2025\/11\/Thumb-Noticia-52.jpg\",\"datePublished\":\"2025-11-27T19:43:04+00:00\",\"dateModified\":\"2025-11-27T19:43:09+00:00\",\"breadcrumb\":{\"@id\":\"https:\/\/www.fiemg.com.br\/regional-sede\/noticias\/camara-de-energia-encerra-ano-com-balanco-e-alertas-ao-setor\/#breadcrumb\"},\"inLanguage\":\"pt-BR\",\"potentialAction\":[{\"@type\":\"ReadAction\",\"target\":[\"https:\/\/www.fiemg.com.br\/regional-sede\/noticias\/camara-de-energia-encerra-ano-com-balanco-e-alertas-ao-setor\/\"]}]},{\"@type\":\"ImageObject\",\"inLanguage\":\"pt-BR\",\"@id\":\"https:\/\/www.fiemg.com.br\/regional-sede\/noticias\/camara-de-energia-encerra-ano-com-balanco-e-alertas-ao-setor\/#primaryimage\",\"url\":\"https:\/\/www.fiemg.com.br\/regional-sede\/wp-content\/uploads\/sites\/21\/2025\/11\/Thumb-Noticia-52.jpg\",\"contentUrl\":\"https:\/\/www.fiemg.com.br\/regional-sede\/wp-content\/uploads\/sites\/21\/2025\/11\/Thumb-Noticia-52.jpg\",\"width\":512,\"height\":512},{\"@type\":\"BreadcrumbList\",\"@id\":\"https:\/\/www.fiemg.com.br\/regional-sede\/noticias\/camara-de-energia-encerra-ano-com-balanco-e-alertas-ao-setor\/#breadcrumb\",\"itemListElement\":[{\"@type\":\"ListItem\",\"position\":1,\"name\":\"In\u00edcio\",\"item\":\"https:\/\/www.fiemg.com.br\/regional-sede\/\"},{\"@type\":\"ListItem\",\"position\":2,\"name\":\"C\u00e2mara de Energia encerra ano com balan\u00e7o e alertas ao setor\"}]},{\"@type\":\"WebSite\",\"@id\":\"https:\/\/www.fiemg.com.br\/regional-sede\/#website\",\"url\":\"https:\/\/www.fiemg.com.br\/regional-sede\/\",\"name\":\"FIEMG\",\"description\":\"Federa\u00e7\u00e3o das Ind\u00fastrias do Estado de Minas Gerais\",\"publisher\":{\"@id\":\"https:\/\/www.fiemg.com.br\/regional-sede\/#organization\"},\"potentialAction\":[{\"@type\":\"SearchAction\",\"target\":{\"@type\":\"EntryPoint\",\"urlTemplate\":\"https:\/\/www.fiemg.com.br\/regional-sede\/?s={search_term_string}\"},\"query-input\":{\"@type\":\"PropertyValueSpecification\",\"valueRequired\":true,\"valueName\":\"search_term_string\"}}],\"inLanguage\":\"pt-BR\"},{\"@type\":\"Organization\",\"@id\":\"https:\/\/www.fiemg.com.br\/regional-sede\/#organization\",\"name\":\"FIEMG\",\"url\":\"https:\/\/www.fiemg.com.br\/regional-sede\/\",\"logo\":{\"@type\":\"ImageObject\",\"inLanguage\":\"pt-BR\",\"@id\":\"https:\/\/www.fiemg.com.br\/regional-sede\/#\/schema\/logo\/image\/\",\"url\":\"https:\/\/www.fiemg.com.br\/regional-sede\/wp-content\/uploads\/sites\/21\/2023\/02\/Ativo-1.png\",\"contentUrl\":\"https:\/\/www.fiemg.com.br\/regional-sede\/wp-content\/uploads\/sites\/21\/2023\/02\/Ativo-1.png\",\"width\":563,\"height\":149,\"caption\":\"FIEMG\"},\"image\":{\"@id\":\"https:\/\/www.fiemg.com.br\/regional-sede\/#\/schema\/logo\/image\/\"}}]}<\/script>\n<!-- \/ Yoast SEO plugin. -->","yoast_head_json":{"title":"C\u00e2mara de Energia encerra ano com balan\u00e7o e alertas ao setor - FIEMG","robots":{"index":"index","follow":"follow","max-snippet":"max-snippet:-1","max-image-preview":"max-image-preview:large","max-video-preview":"max-video-preview:-1"},"canonical":"https:\/\/www.fiemg.com.br\/regional-sede\/noticias\/camara-de-energia-encerra-ano-com-balanco-e-alertas-ao-setor\/","og_locale":"pt_BR","og_type":"article","og_title":"C\u00e2mara de Energia encerra ano com balan\u00e7o e alertas ao setor - FIEMG","og_description":"A C\u00e2mara da Ind\u00fastria de Energia, Petr\u00f3leo e G\u00e1s da FIEMG realizou, nesta quarta-feira (27\/11), a \u00faltima reuni\u00e3o ordin\u00e1ria de 2025, reunindo especialistas e representantes do setor para avaliar os avan\u00e7os do ano e projetar os desafios de 2026. A abertura foi conduzida pelo secret\u00e1rio executivo da C\u00e2mara, S\u00e9rgio Pataca, que representou o presidente Humberto [&hellip;]","og_url":"https:\/\/www.fiemg.com.br\/regional-sede\/noticias\/camara-de-energia-encerra-ano-com-balanco-e-alertas-ao-setor\/","og_site_name":"FIEMG","article_modified_time":"2025-11-27T19:43:09+00:00","og_image":[{"width":512,"height":512,"url":"https:\/\/www.fiemg.com.br\/regional-sede\/wp-content\/uploads\/sites\/21\/2025\/11\/Thumb-Noticia-52.jpg","type":"image\/jpeg"}],"twitter_card":"summary_large_image","twitter_misc":{"Est. tempo de leitura":"4 minutos"},"schema":{"@context":"https:\/\/schema.org","@graph":[{"@type":"WebPage","@id":"https:\/\/www.fiemg.com.br\/regional-sede\/noticias\/camara-de-energia-encerra-ano-com-balanco-e-alertas-ao-setor\/","url":"https:\/\/www.fiemg.com.br\/regional-sede\/noticias\/camara-de-energia-encerra-ano-com-balanco-e-alertas-ao-setor\/","name":"C\u00e2mara de Energia encerra ano com balan\u00e7o e alertas ao setor - FIEMG","isPartOf":{"@id":"https:\/\/www.fiemg.com.br\/regional-sede\/#website"},"primaryImageOfPage":{"@id":"https:\/\/www.fiemg.com.br\/regional-sede\/noticias\/camara-de-energia-encerra-ano-com-balanco-e-alertas-ao-setor\/#primaryimage"},"image":{"@id":"https:\/\/www.fiemg.com.br\/regional-sede\/noticias\/camara-de-energia-encerra-ano-com-balanco-e-alertas-ao-setor\/#primaryimage"},"thumbnailUrl":"https:\/\/www.fiemg.com.br\/regional-sede\/wp-content\/uploads\/sites\/21\/2025\/11\/Thumb-Noticia-52.jpg","datePublished":"2025-11-27T19:43:04+00:00","dateModified":"2025-11-27T19:43:09+00:00","breadcrumb":{"@id":"https:\/\/www.fiemg.com.br\/regional-sede\/noticias\/camara-de-energia-encerra-ano-com-balanco-e-alertas-ao-setor\/#breadcrumb"},"inLanguage":"pt-BR","potentialAction":[{"@type":"ReadAction","target":["https:\/\/www.fiemg.com.br\/regional-sede\/noticias\/camara-de-energia-encerra-ano-com-balanco-e-alertas-ao-setor\/"]}]},{"@type":"ImageObject","inLanguage":"pt-BR","@id":"https:\/\/www.fiemg.com.br\/regional-sede\/noticias\/camara-de-energia-encerra-ano-com-balanco-e-alertas-ao-setor\/#primaryimage","url":"https:\/\/www.fiemg.com.br\/regional-sede\/wp-content\/uploads\/sites\/21\/2025\/11\/Thumb-Noticia-52.jpg","contentUrl":"https:\/\/www.fiemg.com.br\/regional-sede\/wp-content\/uploads\/sites\/21\/2025\/11\/Thumb-Noticia-52.jpg","width":512,"height":512},{"@type":"BreadcrumbList","@id":"https:\/\/www.fiemg.com.br\/regional-sede\/noticias\/camara-de-energia-encerra-ano-com-balanco-e-alertas-ao-setor\/#breadcrumb","itemListElement":[{"@type":"ListItem","position":1,"name":"In\u00edcio","item":"https:\/\/www.fiemg.com.br\/regional-sede\/"},{"@type":"ListItem","position":2,"name":"C\u00e2mara de Energia encerra ano com balan\u00e7o e alertas ao setor"}]},{"@type":"WebSite","@id":"https:\/\/www.fiemg.com.br\/regional-sede\/#website","url":"https:\/\/www.fiemg.com.br\/regional-sede\/","name":"FIEMG","description":"Federa\u00e7\u00e3o das Ind\u00fastrias do Estado de Minas Gerais","publisher":{"@id":"https:\/\/www.fiemg.com.br\/regional-sede\/#organization"},"potentialAction":[{"@type":"SearchAction","target":{"@type":"EntryPoint","urlTemplate":"https:\/\/www.fiemg.com.br\/regional-sede\/?s={search_term_string}"},"query-input":{"@type":"PropertyValueSpecification","valueRequired":true,"valueName":"search_term_string"}}],"inLanguage":"pt-BR"},{"@type":"Organization","@id":"https:\/\/www.fiemg.com.br\/regional-sede\/#organization","name":"FIEMG","url":"https:\/\/www.fiemg.com.br\/regional-sede\/","logo":{"@type":"ImageObject","inLanguage":"pt-BR","@id":"https:\/\/www.fiemg.com.br\/regional-sede\/#\/schema\/logo\/image\/","url":"https:\/\/www.fiemg.com.br\/regional-sede\/wp-content\/uploads\/sites\/21\/2023\/02\/Ativo-1.png","contentUrl":"https:\/\/www.fiemg.com.br\/regional-sede\/wp-content\/uploads\/sites\/21\/2023\/02\/Ativo-1.png","width":563,"height":149,"caption":"FIEMG"},"image":{"@id":"https:\/\/www.fiemg.com.br\/regional-sede\/#\/schema\/logo\/image\/"}}]}},"_links":{"self":[{"href":"https:\/\/www.fiemg.com.br\/regional-sede\/wp-json\/wp\/v2\/noticias\/6108","targetHints":{"allow":["GET"]}}],"collection":[{"href":"https:\/\/www.fiemg.com.br\/regional-sede\/wp-json\/wp\/v2\/noticias"}],"about":[{"href":"https:\/\/www.fiemg.com.br\/regional-sede\/wp-json\/wp\/v2\/types\/noticias"}],"wp:featuredmedia":[{"embeddable":true,"href":"https:\/\/www.fiemg.com.br\/regional-sede\/wp-json\/wp\/v2\/media\/6109"}],"wp:attachment":[{"href":"https:\/\/www.fiemg.com.br\/regional-sede\/wp-json\/wp\/v2\/media?parent=6108"}],"wp:term":[{"taxonomy":"category","embeddable":true,"href":"https:\/\/www.fiemg.com.br\/regional-sede\/wp-json\/wp\/v2\/categories?post=6108"},{"taxonomy":"post_tag","embeddable":true,"href":"https:\/\/www.fiemg.com.br\/regional-sede\/wp-json\/wp\/v2\/tags?post=6108"}],"curies":[{"name":"wp","href":"https:\/\/api.w.org\/{rel}","templated":true}]}}