{"id":6203,"date":"2025-12-07T20:46:22","date_gmt":"2025-12-07T23:46:22","guid":{"rendered":"https:\/\/www.fiemg.com.br\/regional-sede\/noticias\/escola-sesi-granbery-celebra-o-natal-com-espetaculo-aberto-a-comunidade-e-participacao-da-orquestra-sesi-minas\/"},"modified":"2025-12-09T14:03:51","modified_gmt":"2025-12-09T17:03:51","slug":"escola-sesi-granbery-celebra-o-natal-com-espetaculo-aberto-a-comunidade-e-participacao-da-orquestra-sesi-minas","status":"publish","type":"noticias","link":"https:\/\/www.fiemg.com.br\/regional-sede\/noticias\/escola-sesi-granbery-celebra-o-natal-com-espetaculo-aberto-a-comunidade-e-participacao-da-orquestra-sesi-minas\/","title":{"rendered":"Escola SESI Granbery celebra o Natal com espet\u00e1culo aberto \u00e0 comunidade e participa\u00e7\u00e3o da Orquestra SESI Minas"},"content":{"rendered":"\n<p>A Escola SESI Granbery realiza, nos dias <strong>13 e 14 de dezembro<\/strong>, \u00e0s <strong>19h<\/strong>, a sua Cantata de Natal, um espet\u00e1culo art\u00edstico e comunit\u00e1rio que resgata uma das tradi\u00e7\u00f5es mais emblem\u00e1ticas do bairro Granbery, apresentando ao p\u00fablico de Juiz de Fora a nova fase da institui\u00e7\u00e3o, agora sob a gest\u00e3o da Rede SESI de Educa\u00e7\u00e3o. O evento, que acontece no jardim central da escola, em frente ao pr\u00e9dio hist\u00f3rico principal (Rua Batista de Oliveira, 1145), ser\u00e1 gratuito, aberto ao p\u00fablico e promete emocionar fam\u00edlias, moradores e visitantes.<\/p>\n\n\n\n<p>O antigo Col\u00e9gio Metodista Granbery sempre foi reconhecido pela forte liga\u00e7\u00e3o com o entorno e pela realiza\u00e7\u00e3o de sua Cantata de Natal, considerada por muitos um marco afetivo que anunciava o in\u00edcio das festividades de fim de ano em Juiz de Fora. Agora, com a inaugura\u00e7\u00e3o da Escola SESI Granbery, essa tradi\u00e7\u00e3o \u00e9 retomada com um novo brilho \u2014 preservando a mem\u00f3ria local e, ao mesmo tempo, apresentando um espet\u00e1culo aprimorado artisticamente. O evento contar\u00e1 com a apresenta\u00e7\u00e3o do <strong>coral dos alunos<\/strong> da escola e da <strong>Orquestra SESI Minas<\/strong>, que juntos ir\u00e3o oferecer ao p\u00fablico uma experi\u00eancia musical especialmente pensada para celebrar o esp\u00edrito natalino.<\/p>\n\n\n\n<p>O diretor da unidade, <strong>Vander Montesse<\/strong>, destaca a import\u00e2ncia simb\u00f3lica e cultural da iniciativa: <em>\u201c<\/em>A Cantata de Natal da Escola SESI Granbery \u00e9 um momento de valoriza\u00e7\u00e3o da arte e da cultura em uma \u00e9poca t\u00e3o emblem\u00e1tica como o per\u00edodo natalino, que nos remete a reflex\u00f5es sobre o Natal e tudo o que ele simboliza. Com a participa\u00e7\u00e3o da Orquestra SESI Minas, al\u00e9m do coral de alunos, esperamos que esta cantata seja um verdadeiro presente para Juiz de Fora, somado a toda a beleza que a arquitetura de nossa escola oferece a todos\u201d.<\/p>\n\n\n\n<p>Para a presidente da FIEMG Regional Zona da Mata e do Sindivest JF-GV, <strong>Mari\u00e2ngela Marcon<\/strong>, a realiza\u00e7\u00e3o da cantata refor\u00e7a o prop\u00f3sito do SESI de unir educa\u00e7\u00e3o, cultura e comunidade em iniciativas que ultrapassam os muros da escola. Ela ressalta que o evento simboliza a chegada do SESI Granbery como uma escola moderna, integrada e comprometida com os valores locais.&nbsp; \u201cA promo\u00e7\u00e3o deste evento representa um gesto de respeito \u00e0 hist\u00f3ria do bairro e uma demonstra\u00e7\u00e3o clara de que o SESI veio para somar, reviver tradi\u00e7\u00f5es e fortalecer o v\u00ednculo com as fam\u00edlias que acolheram a nova unidade desde o in\u00edcio\u201d, disse.<\/p>\n\n\n\n<p>Para a realiza\u00e7\u00e3o da cantata, a Rua Batista de Oliveira ser\u00e1 interditada, o p\u00fablico ficar\u00e1 distribu\u00eddo nas cal\u00e7adas e na via, e n\u00e3o haver\u00e1 cadeiras ou setores delimitados, uma forma democr\u00e1tica de receber o p\u00fablico para as duas apresenta\u00e7\u00f5es. \u201cA Cantata de Natal da Escola SESI Granbery chega como uma celebra\u00e7\u00e3o coletiva, que marca a continuidade de uma hist\u00f3ria e, ao mesmo tempo, inaugura uma nova etapa para a comunidade escolar, para o bairro e para a cidade. Toda a comunidade est\u00e1 convidada a participar\u201d, afirma Mari\u00e2ngela Marcon.<\/p>\n\n\n\n<p>.<\/p>\n\n\n\n<p><strong>Servi\u00e7o:<\/strong><\/p>\n\n\n\n<p><strong>Datas:<\/strong> 13 e 14 de dezembro<\/p>\n\n\n\n<p><strong>Hor\u00e1rio:<\/strong> 19h<\/p>\n\n\n\n<p><strong>Local:<\/strong> Escola SESI Granbery (Rua Batista de Oliveira, 1145 \u2013 Granbery, Juiz de Fora\/MG)<\/p>\n\n\n\n<p>.<\/p>\n\n\n\n<p><em>Graciele Vianna<\/em><\/p>\n\n\n\n<p><strong>Imprensa FIEMG<\/strong><\/p>\n\n\n\n<p><\/p>\n","protected":false},"featured_media":2487,"template":"","categories":[16],"tags":[],"class_list":["post-6203","noticias","type-noticias","status-publish","has-post-thumbnail","hentry","category-educacao"],"acf":[],"yoast_head":"<!-- This site is optimized with the Yoast SEO plugin v26.2 - https:\/\/yoast.com\/wordpress\/plugins\/seo\/ -->\n<title>Escola SESI Granbery celebra o Natal com espet\u00e1culo aberto \u00e0 comunidade e participa\u00e7\u00e3o da Orquestra SESI Minas - FIEMG<\/title>\n<meta name=\"robots\" content=\"index, follow, max-snippet:-1, max-image-preview:large, max-video-preview:-1\" \/>\n<link rel=\"canonical\" href=\"https:\/\/www.fiemg.com.br\/regional-sede\/noticias\/escola-sesi-granbery-celebra-o-natal-com-espetaculo-aberto-a-comunidade-e-participacao-da-orquestra-sesi-minas\/\" \/>\n<meta property=\"og:locale\" content=\"pt_BR\" \/>\n<meta property=\"og:type\" content=\"article\" \/>\n<meta property=\"og:title\" content=\"Escola SESI Granbery celebra o Natal com espet\u00e1culo aberto \u00e0 comunidade e participa\u00e7\u00e3o da Orquestra SESI Minas - FIEMG\" \/>\n<meta property=\"og:description\" content=\"A Escola SESI Granbery realiza, nos dias 13 e 14 de dezembro, \u00e0s 19h, a sua Cantata de Natal, um espet\u00e1culo art\u00edstico e comunit\u00e1rio que resgata uma das tradi\u00e7\u00f5es mais emblem\u00e1ticas do bairro Granbery, apresentando ao p\u00fablico de Juiz de Fora a nova fase da institui\u00e7\u00e3o, agora sob a gest\u00e3o da Rede SESI de Educa\u00e7\u00e3o. [&hellip;]\" \/>\n<meta property=\"og:url\" content=\"https:\/\/www.fiemg.com.br\/regional-sede\/noticias\/escola-sesi-granbery-celebra-o-natal-com-espetaculo-aberto-a-comunidade-e-participacao-da-orquestra-sesi-minas\/\" \/>\n<meta property=\"og:site_name\" content=\"FIEMG\" \/>\n<meta property=\"article:modified_time\" content=\"2025-12-09T17:03:51+00:00\" \/>\n<meta property=\"og:image\" content=\"https:\/\/www.fiemg.com.br\/regional-sede\/wp-content\/uploads\/sites\/21\/2024\/01\/Design-sem-nome.png\" \/>\n\t<meta property=\"og:image:width\" content=\"300\" \/>\n\t<meta property=\"og:image:height\" content=\"200\" \/>\n\t<meta property=\"og:image:type\" content=\"image\/png\" \/>\n<meta name=\"twitter:card\" content=\"summary_large_image\" \/>\n<meta name=\"twitter:label1\" content=\"Est. tempo de leitura\" \/>\n\t<meta name=\"twitter:data1\" content=\"3 minutos\" \/>\n<script type=\"application\/ld+json\" class=\"yoast-schema-graph\">{\"@context\":\"https:\/\/schema.org\",\"@graph\":[{\"@type\":\"WebPage\",\"@id\":\"https:\/\/www.fiemg.com.br\/regional-sede\/noticias\/escola-sesi-granbery-celebra-o-natal-com-espetaculo-aberto-a-comunidade-e-participacao-da-orquestra-sesi-minas\/\",\"url\":\"https:\/\/www.fiemg.com.br\/regional-sede\/noticias\/escola-sesi-granbery-celebra-o-natal-com-espetaculo-aberto-a-comunidade-e-participacao-da-orquestra-sesi-minas\/\",\"name\":\"Escola SESI Granbery celebra o Natal com espet\u00e1culo aberto \u00e0 comunidade e participa\u00e7\u00e3o da Orquestra SESI Minas - FIEMG\",\"isPartOf\":{\"@id\":\"https:\/\/www.fiemg.com.br\/regional-sede\/#website\"},\"primaryImageOfPage\":{\"@id\":\"https:\/\/www.fiemg.com.br\/regional-sede\/noticias\/escola-sesi-granbery-celebra-o-natal-com-espetaculo-aberto-a-comunidade-e-participacao-da-orquestra-sesi-minas\/#primaryimage\"},\"image\":{\"@id\":\"https:\/\/www.fiemg.com.br\/regional-sede\/noticias\/escola-sesi-granbery-celebra-o-natal-com-espetaculo-aberto-a-comunidade-e-participacao-da-orquestra-sesi-minas\/#primaryimage\"},\"thumbnailUrl\":\"https:\/\/www.fiemg.com.br\/regional-sede\/wp-content\/uploads\/sites\/21\/2024\/01\/Design-sem-nome.png\",\"datePublished\":\"2025-12-07T23:46:22+00:00\",\"dateModified\":\"2025-12-09T17:03:51+00:00\",\"breadcrumb\":{\"@id\":\"https:\/\/www.fiemg.com.br\/regional-sede\/noticias\/escola-sesi-granbery-celebra-o-natal-com-espetaculo-aberto-a-comunidade-e-participacao-da-orquestra-sesi-minas\/#breadcrumb\"},\"inLanguage\":\"pt-BR\",\"potentialAction\":[{\"@type\":\"ReadAction\",\"target\":[\"https:\/\/www.fiemg.com.br\/regional-sede\/noticias\/escola-sesi-granbery-celebra-o-natal-com-espetaculo-aberto-a-comunidade-e-participacao-da-orquestra-sesi-minas\/\"]}]},{\"@type\":\"ImageObject\",\"inLanguage\":\"pt-BR\",\"@id\":\"https:\/\/www.fiemg.com.br\/regional-sede\/noticias\/escola-sesi-granbery-celebra-o-natal-com-espetaculo-aberto-a-comunidade-e-participacao-da-orquestra-sesi-minas\/#primaryimage\",\"url\":\"https:\/\/www.fiemg.com.br\/regional-sede\/wp-content\/uploads\/sites\/21\/2024\/01\/Design-sem-nome.png\",\"contentUrl\":\"https:\/\/www.fiemg.com.br\/regional-sede\/wp-content\/uploads\/sites\/21\/2024\/01\/Design-sem-nome.png\",\"width\":300,\"height\":200},{\"@type\":\"BreadcrumbList\",\"@id\":\"https:\/\/www.fiemg.com.br\/regional-sede\/noticias\/escola-sesi-granbery-celebra-o-natal-com-espetaculo-aberto-a-comunidade-e-participacao-da-orquestra-sesi-minas\/#breadcrumb\",\"itemListElement\":[{\"@type\":\"ListItem\",\"position\":1,\"name\":\"In\u00edcio\",\"item\":\"https:\/\/www.fiemg.com.br\/regional-sede\/\"},{\"@type\":\"ListItem\",\"position\":2,\"name\":\"Escola SESI Granbery celebra o Natal com espet\u00e1culo aberto \u00e0 comunidade e participa\u00e7\u00e3o da Orquestra SESI Minas\"}]},{\"@type\":\"WebSite\",\"@id\":\"https:\/\/www.fiemg.com.br\/regional-sede\/#website\",\"url\":\"https:\/\/www.fiemg.com.br\/regional-sede\/\",\"name\":\"FIEMG\",\"description\":\"Federa\u00e7\u00e3o das Ind\u00fastrias do Estado de Minas Gerais\",\"publisher\":{\"@id\":\"https:\/\/www.fiemg.com.br\/regional-sede\/#organization\"},\"potentialAction\":[{\"@type\":\"SearchAction\",\"target\":{\"@type\":\"EntryPoint\",\"urlTemplate\":\"https:\/\/www.fiemg.com.br\/regional-sede\/?s={search_term_string}\"},\"query-input\":{\"@type\":\"PropertyValueSpecification\",\"valueRequired\":true,\"valueName\":\"search_term_string\"}}],\"inLanguage\":\"pt-BR\"},{\"@type\":\"Organization\",\"@id\":\"https:\/\/www.fiemg.com.br\/regional-sede\/#organization\",\"name\":\"FIEMG\",\"url\":\"https:\/\/www.fiemg.com.br\/regional-sede\/\",\"logo\":{\"@type\":\"ImageObject\",\"inLanguage\":\"pt-BR\",\"@id\":\"https:\/\/www.fiemg.com.br\/regional-sede\/#\/schema\/logo\/image\/\",\"url\":\"https:\/\/www.fiemg.com.br\/regional-sede\/wp-content\/uploads\/sites\/21\/2023\/02\/Ativo-1.png\",\"contentUrl\":\"https:\/\/www.fiemg.com.br\/regional-sede\/wp-content\/uploads\/sites\/21\/2023\/02\/Ativo-1.png\",\"width\":563,\"height\":149,\"caption\":\"FIEMG\"},\"image\":{\"@id\":\"https:\/\/www.fiemg.com.br\/regional-sede\/#\/schema\/logo\/image\/\"}}]}<\/script>\n<!-- \/ Yoast SEO plugin. -->","yoast_head_json":{"title":"Escola SESI Granbery celebra o Natal com espet\u00e1culo aberto \u00e0 comunidade e participa\u00e7\u00e3o da Orquestra SESI Minas - FIEMG","robots":{"index":"index","follow":"follow","max-snippet":"max-snippet:-1","max-image-preview":"max-image-preview:large","max-video-preview":"max-video-preview:-1"},"canonical":"https:\/\/www.fiemg.com.br\/regional-sede\/noticias\/escola-sesi-granbery-celebra-o-natal-com-espetaculo-aberto-a-comunidade-e-participacao-da-orquestra-sesi-minas\/","og_locale":"pt_BR","og_type":"article","og_title":"Escola SESI Granbery celebra o Natal com espet\u00e1culo aberto \u00e0 comunidade e participa\u00e7\u00e3o da Orquestra SESI Minas - FIEMG","og_description":"A Escola SESI Granbery realiza, nos dias 13 e 14 de dezembro, \u00e0s 19h, a sua Cantata de Natal, um espet\u00e1culo art\u00edstico e comunit\u00e1rio que resgata uma das tradi\u00e7\u00f5es mais emblem\u00e1ticas do bairro Granbery, apresentando ao p\u00fablico de Juiz de Fora a nova fase da institui\u00e7\u00e3o, agora sob a gest\u00e3o da Rede SESI de Educa\u00e7\u00e3o. [&hellip;]","og_url":"https:\/\/www.fiemg.com.br\/regional-sede\/noticias\/escola-sesi-granbery-celebra-o-natal-com-espetaculo-aberto-a-comunidade-e-participacao-da-orquestra-sesi-minas\/","og_site_name":"FIEMG","article_modified_time":"2025-12-09T17:03:51+00:00","og_image":[{"width":300,"height":200,"url":"https:\/\/www.fiemg.com.br\/regional-sede\/wp-content\/uploads\/sites\/21\/2024\/01\/Design-sem-nome.png","type":"image\/png"}],"twitter_card":"summary_large_image","twitter_misc":{"Est. tempo de leitura":"3 minutos"},"schema":{"@context":"https:\/\/schema.org","@graph":[{"@type":"WebPage","@id":"https:\/\/www.fiemg.com.br\/regional-sede\/noticias\/escola-sesi-granbery-celebra-o-natal-com-espetaculo-aberto-a-comunidade-e-participacao-da-orquestra-sesi-minas\/","url":"https:\/\/www.fiemg.com.br\/regional-sede\/noticias\/escola-sesi-granbery-celebra-o-natal-com-espetaculo-aberto-a-comunidade-e-participacao-da-orquestra-sesi-minas\/","name":"Escola SESI Granbery celebra o Natal com espet\u00e1culo aberto \u00e0 comunidade e participa\u00e7\u00e3o da Orquestra SESI Minas - FIEMG","isPartOf":{"@id":"https:\/\/www.fiemg.com.br\/regional-sede\/#website"},"primaryImageOfPage":{"@id":"https:\/\/www.fiemg.com.br\/regional-sede\/noticias\/escola-sesi-granbery-celebra-o-natal-com-espetaculo-aberto-a-comunidade-e-participacao-da-orquestra-sesi-minas\/#primaryimage"},"image":{"@id":"https:\/\/www.fiemg.com.br\/regional-sede\/noticias\/escola-sesi-granbery-celebra-o-natal-com-espetaculo-aberto-a-comunidade-e-participacao-da-orquestra-sesi-minas\/#primaryimage"},"thumbnailUrl":"https:\/\/www.fiemg.com.br\/regional-sede\/wp-content\/uploads\/sites\/21\/2024\/01\/Design-sem-nome.png","datePublished":"2025-12-07T23:46:22+00:00","dateModified":"2025-12-09T17:03:51+00:00","breadcrumb":{"@id":"https:\/\/www.fiemg.com.br\/regional-sede\/noticias\/escola-sesi-granbery-celebra-o-natal-com-espetaculo-aberto-a-comunidade-e-participacao-da-orquestra-sesi-minas\/#breadcrumb"},"inLanguage":"pt-BR","potentialAction":[{"@type":"ReadAction","target":["https:\/\/www.fiemg.com.br\/regional-sede\/noticias\/escola-sesi-granbery-celebra-o-natal-com-espetaculo-aberto-a-comunidade-e-participacao-da-orquestra-sesi-minas\/"]}]},{"@type":"ImageObject","inLanguage":"pt-BR","@id":"https:\/\/www.fiemg.com.br\/regional-sede\/noticias\/escola-sesi-granbery-celebra-o-natal-com-espetaculo-aberto-a-comunidade-e-participacao-da-orquestra-sesi-minas\/#primaryimage","url":"https:\/\/www.fiemg.com.br\/regional-sede\/wp-content\/uploads\/sites\/21\/2024\/01\/Design-sem-nome.png","contentUrl":"https:\/\/www.fiemg.com.br\/regional-sede\/wp-content\/uploads\/sites\/21\/2024\/01\/Design-sem-nome.png","width":300,"height":200},{"@type":"BreadcrumbList","@id":"https:\/\/www.fiemg.com.br\/regional-sede\/noticias\/escola-sesi-granbery-celebra-o-natal-com-espetaculo-aberto-a-comunidade-e-participacao-da-orquestra-sesi-minas\/#breadcrumb","itemListElement":[{"@type":"ListItem","position":1,"name":"In\u00edcio","item":"https:\/\/www.fiemg.com.br\/regional-sede\/"},{"@type":"ListItem","position":2,"name":"Escola SESI Granbery celebra o Natal com espet\u00e1culo aberto \u00e0 comunidade e participa\u00e7\u00e3o da Orquestra SESI Minas"}]},{"@type":"WebSite","@id":"https:\/\/www.fiemg.com.br\/regional-sede\/#website","url":"https:\/\/www.fiemg.com.br\/regional-sede\/","name":"FIEMG","description":"Federa\u00e7\u00e3o das Ind\u00fastrias do Estado de Minas Gerais","publisher":{"@id":"https:\/\/www.fiemg.com.br\/regional-sede\/#organization"},"potentialAction":[{"@type":"SearchAction","target":{"@type":"EntryPoint","urlTemplate":"https:\/\/www.fiemg.com.br\/regional-sede\/?s={search_term_string}"},"query-input":{"@type":"PropertyValueSpecification","valueRequired":true,"valueName":"search_term_string"}}],"inLanguage":"pt-BR"},{"@type":"Organization","@id":"https:\/\/www.fiemg.com.br\/regional-sede\/#organization","name":"FIEMG","url":"https:\/\/www.fiemg.com.br\/regional-sede\/","logo":{"@type":"ImageObject","inLanguage":"pt-BR","@id":"https:\/\/www.fiemg.com.br\/regional-sede\/#\/schema\/logo\/image\/","url":"https:\/\/www.fiemg.com.br\/regional-sede\/wp-content\/uploads\/sites\/21\/2023\/02\/Ativo-1.png","contentUrl":"https:\/\/www.fiemg.com.br\/regional-sede\/wp-content\/uploads\/sites\/21\/2023\/02\/Ativo-1.png","width":563,"height":149,"caption":"FIEMG"},"image":{"@id":"https:\/\/www.fiemg.com.br\/regional-sede\/#\/schema\/logo\/image\/"}}]}},"_links":{"self":[{"href":"https:\/\/www.fiemg.com.br\/regional-sede\/wp-json\/wp\/v2\/noticias\/6203","targetHints":{"allow":["GET"]}}],"collection":[{"href":"https:\/\/www.fiemg.com.br\/regional-sede\/wp-json\/wp\/v2\/noticias"}],"about":[{"href":"https:\/\/www.fiemg.com.br\/regional-sede\/wp-json\/wp\/v2\/types\/noticias"}],"wp:featuredmedia":[{"embeddable":true,"href":"https:\/\/www.fiemg.com.br\/regional-sede\/wp-json\/wp\/v2\/media\/2487"}],"wp:attachment":[{"href":"https:\/\/www.fiemg.com.br\/regional-sede\/wp-json\/wp\/v2\/media?parent=6203"}],"wp:term":[{"taxonomy":"category","embeddable":true,"href":"https:\/\/www.fiemg.com.br\/regional-sede\/wp-json\/wp\/v2\/categories?post=6203"},{"taxonomy":"post_tag","embeddable":true,"href":"https:\/\/www.fiemg.com.br\/regional-sede\/wp-json\/wp\/v2\/tags?post=6203"}],"curies":[{"name":"wp","href":"https:\/\/api.w.org\/{rel}","templated":true}]}}