{"id":6257,"date":"2025-12-12T14:25:37","date_gmt":"2025-12-12T17:25:37","guid":{"rendered":"https:\/\/www.fiemg.com.br\/regional-sede\/noticias\/minas-gerais-tem-quatro-vencedores-no-premio-iel-de-talentos\/"},"modified":"2025-12-16T14:36:02","modified_gmt":"2025-12-16T17:36:02","slug":"minas-gerais-tem-quatro-vencedores-no-premio-iel-de-talentos","status":"publish","type":"noticias","link":"https:\/\/www.fiemg.com.br\/regional-sede\/noticias\/minas-gerais-tem-quatro-vencedores-no-premio-iel-de-talentos\/","title":{"rendered":"Minas Gerais tem quatro vencedores no Pr\u00eamio IEL de Talentos"},"content":{"rendered":"\n<p>Na \u00faltima semana, o Instituto Euvaldo Lodi de Minas Gerais (IEL-MG) participou, em Recife (PE), da etapa nacional do Pr\u00eamio IEL de Talentos, promovido pelo IEL Nacional. A premia\u00e7\u00e3o foi realizada no dia 3 de dezembro e reconheceu ideias e projetos transformadores desenvolvidos por estagi\u00e1rios, bolsistas, empresas, institui\u00e7\u00f5es de ensino e representantes do Sistema S em todo o pa\u00eds.<\/p>\n\n\n\n<p>Minas Gerais foi destaque na cerim\u00f4nia, com quatro institui\u00e7\u00f5es vencedoras em diferentes categorias, todas com projetos desenvolvidos em parceria com o Sistema FIEMG. A Sociedade Mineira de Cultura \u2013 PUC Minas conquistou o 2\u00ba lugar na categoria IEL Est\u00e1gio, modalidade Educa\u00e7\u00e3o Inovadora. J\u00e1 a Evolua Energia ficou com o 2\u00ba lugar na categoria IEL Est\u00e1gio, modalidade Estagi\u00e1rio Inovador de Empresa de M\u00e9dio Porte.<\/p>\n\n\n\n<p>A CO-LOG tamb\u00e9m foi reconhecida nacionalmente, com o 2\u00ba lugar na categoria Inova Talentos, modalidade Projeto Inovador. Al\u00e9m disso, a Escola do Sebrae recebeu o pr\u00eamio na categoria Destaque Sistema S, na modalidade Educa\u00e7\u00e3o Inovadora.<\/p>\n\n\n\n<p>O Pr\u00eamio IEL de Talentos tem como objetivo valorizar iniciativas que promovem inova\u00e7\u00e3o, desenvolvimento profissional e impacto positivo no ambiente educacional e empresarial, refor\u00e7ando o papel do est\u00e1gio, da pesquisa aplicada e da forma\u00e7\u00e3o de talentos para o fortalecimento da ind\u00fastria e da sociedade.<\/p>\n\n\n\n<p>Acesse <strong><a href=\"https:\/\/flickr.com\/photos\/cniweb\/albums\/72177720330734876\/with\/54964937112\">aqui<\/a><\/strong> as fotos do evento.<\/p>\n\n\n\n<p><em>Ana Paula Motta<\/em><br><strong>Imprensa FIEMG<\/strong><\/p>\n\n\n\n<p><\/p>\n","protected":false},"featured_media":6258,"template":"","categories":[15],"tags":[],"class_list":["post-6257","noticias","type-noticias","status-publish","has-post-thumbnail","hentry","category-desenvolvimento-industrial"],"acf":[],"yoast_head":"<!-- This site is optimized with the Yoast SEO plugin v26.2 - https:\/\/yoast.com\/wordpress\/plugins\/seo\/ -->\n<title>Minas Gerais tem quatro vencedores no Pr\u00eamio IEL de Talentos - FIEMG<\/title>\n<meta name=\"robots\" content=\"index, follow, max-snippet:-1, max-image-preview:large, max-video-preview:-1\" \/>\n<link rel=\"canonical\" href=\"https:\/\/www.fiemg.com.br\/regional-sede\/noticias\/minas-gerais-tem-quatro-vencedores-no-premio-iel-de-talentos\/\" \/>\n<meta property=\"og:locale\" content=\"pt_BR\" \/>\n<meta property=\"og:type\" content=\"article\" \/>\n<meta property=\"og:title\" content=\"Minas Gerais tem quatro vencedores no Pr\u00eamio IEL de Talentos - FIEMG\" \/>\n<meta property=\"og:description\" content=\"Na \u00faltima semana, o Instituto Euvaldo Lodi de Minas Gerais (IEL-MG) participou, em Recife (PE), da etapa nacional do Pr\u00eamio IEL de Talentos, promovido pelo IEL Nacional. A premia\u00e7\u00e3o foi realizada no dia 3 de dezembro e reconheceu ideias e projetos transformadores desenvolvidos por estagi\u00e1rios, bolsistas, empresas, institui\u00e7\u00f5es de ensino e representantes do Sistema S [&hellip;]\" \/>\n<meta property=\"og:url\" content=\"https:\/\/www.fiemg.com.br\/regional-sede\/noticias\/minas-gerais-tem-quatro-vencedores-no-premio-iel-de-talentos\/\" \/>\n<meta property=\"og:site_name\" content=\"FIEMG\" \/>\n<meta property=\"article:modified_time\" content=\"2025-12-16T17:36:02+00:00\" \/>\n<meta property=\"og:image\" content=\"https:\/\/www.fiemg.com.br\/regional-sede\/wp-content\/uploads\/sites\/21\/2025\/12\/premio-iel-de-talentos-nacional-fiemg-1.jpg\" \/>\n\t<meta property=\"og:image:width\" content=\"512\" \/>\n\t<meta property=\"og:image:height\" content=\"512\" \/>\n\t<meta property=\"og:image:type\" content=\"image\/jpeg\" \/>\n<meta name=\"twitter:card\" content=\"summary_large_image\" \/>\n<meta name=\"twitter:label1\" content=\"Est. tempo de leitura\" \/>\n\t<meta name=\"twitter:data1\" content=\"2 minutos\" \/>\n<script type=\"application\/ld+json\" class=\"yoast-schema-graph\">{\"@context\":\"https:\/\/schema.org\",\"@graph\":[{\"@type\":\"WebPage\",\"@id\":\"https:\/\/www.fiemg.com.br\/regional-sede\/noticias\/minas-gerais-tem-quatro-vencedores-no-premio-iel-de-talentos\/\",\"url\":\"https:\/\/www.fiemg.com.br\/regional-sede\/noticias\/minas-gerais-tem-quatro-vencedores-no-premio-iel-de-talentos\/\",\"name\":\"Minas Gerais tem quatro vencedores no Pr\u00eamio IEL de Talentos - FIEMG\",\"isPartOf\":{\"@id\":\"https:\/\/www.fiemg.com.br\/regional-sede\/#website\"},\"primaryImageOfPage\":{\"@id\":\"https:\/\/www.fiemg.com.br\/regional-sede\/noticias\/minas-gerais-tem-quatro-vencedores-no-premio-iel-de-talentos\/#primaryimage\"},\"image\":{\"@id\":\"https:\/\/www.fiemg.com.br\/regional-sede\/noticias\/minas-gerais-tem-quatro-vencedores-no-premio-iel-de-talentos\/#primaryimage\"},\"thumbnailUrl\":\"https:\/\/www.fiemg.com.br\/regional-sede\/wp-content\/uploads\/sites\/21\/2025\/12\/premio-iel-de-talentos-nacional-fiemg-1.jpg\",\"datePublished\":\"2025-12-12T17:25:37+00:00\",\"dateModified\":\"2025-12-16T17:36:02+00:00\",\"breadcrumb\":{\"@id\":\"https:\/\/www.fiemg.com.br\/regional-sede\/noticias\/minas-gerais-tem-quatro-vencedores-no-premio-iel-de-talentos\/#breadcrumb\"},\"inLanguage\":\"pt-BR\",\"potentialAction\":[{\"@type\":\"ReadAction\",\"target\":[\"https:\/\/www.fiemg.com.br\/regional-sede\/noticias\/minas-gerais-tem-quatro-vencedores-no-premio-iel-de-talentos\/\"]}]},{\"@type\":\"ImageObject\",\"inLanguage\":\"pt-BR\",\"@id\":\"https:\/\/www.fiemg.com.br\/regional-sede\/noticias\/minas-gerais-tem-quatro-vencedores-no-premio-iel-de-talentos\/#primaryimage\",\"url\":\"https:\/\/www.fiemg.com.br\/regional-sede\/wp-content\/uploads\/sites\/21\/2025\/12\/premio-iel-de-talentos-nacional-fiemg-1.jpg\",\"contentUrl\":\"https:\/\/www.fiemg.com.br\/regional-sede\/wp-content\/uploads\/sites\/21\/2025\/12\/premio-iel-de-talentos-nacional-fiemg-1.jpg\",\"width\":512,\"height\":512},{\"@type\":\"BreadcrumbList\",\"@id\":\"https:\/\/www.fiemg.com.br\/regional-sede\/noticias\/minas-gerais-tem-quatro-vencedores-no-premio-iel-de-talentos\/#breadcrumb\",\"itemListElement\":[{\"@type\":\"ListItem\",\"position\":1,\"name\":\"In\u00edcio\",\"item\":\"https:\/\/www.fiemg.com.br\/regional-sede\/\"},{\"@type\":\"ListItem\",\"position\":2,\"name\":\"Minas Gerais tem quatro vencedores no Pr\u00eamio IEL de Talentos\"}]},{\"@type\":\"WebSite\",\"@id\":\"https:\/\/www.fiemg.com.br\/regional-sede\/#website\",\"url\":\"https:\/\/www.fiemg.com.br\/regional-sede\/\",\"name\":\"FIEMG\",\"description\":\"Federa\u00e7\u00e3o das Ind\u00fastrias do Estado de Minas Gerais\",\"publisher\":{\"@id\":\"https:\/\/www.fiemg.com.br\/regional-sede\/#organization\"},\"potentialAction\":[{\"@type\":\"SearchAction\",\"target\":{\"@type\":\"EntryPoint\",\"urlTemplate\":\"https:\/\/www.fiemg.com.br\/regional-sede\/?s={search_term_string}\"},\"query-input\":{\"@type\":\"PropertyValueSpecification\",\"valueRequired\":true,\"valueName\":\"search_term_string\"}}],\"inLanguage\":\"pt-BR\"},{\"@type\":\"Organization\",\"@id\":\"https:\/\/www.fiemg.com.br\/regional-sede\/#organization\",\"name\":\"FIEMG\",\"url\":\"https:\/\/www.fiemg.com.br\/regional-sede\/\",\"logo\":{\"@type\":\"ImageObject\",\"inLanguage\":\"pt-BR\",\"@id\":\"https:\/\/www.fiemg.com.br\/regional-sede\/#\/schema\/logo\/image\/\",\"url\":\"https:\/\/www.fiemg.com.br\/regional-sede\/wp-content\/uploads\/sites\/21\/2023\/02\/Ativo-1.png\",\"contentUrl\":\"https:\/\/www.fiemg.com.br\/regional-sede\/wp-content\/uploads\/sites\/21\/2023\/02\/Ativo-1.png\",\"width\":563,\"height\":149,\"caption\":\"FIEMG\"},\"image\":{\"@id\":\"https:\/\/www.fiemg.com.br\/regional-sede\/#\/schema\/logo\/image\/\"}}]}<\/script>\n<!-- \/ Yoast SEO plugin. -->","yoast_head_json":{"title":"Minas Gerais tem quatro vencedores no Pr\u00eamio IEL de Talentos - FIEMG","robots":{"index":"index","follow":"follow","max-snippet":"max-snippet:-1","max-image-preview":"max-image-preview:large","max-video-preview":"max-video-preview:-1"},"canonical":"https:\/\/www.fiemg.com.br\/regional-sede\/noticias\/minas-gerais-tem-quatro-vencedores-no-premio-iel-de-talentos\/","og_locale":"pt_BR","og_type":"article","og_title":"Minas Gerais tem quatro vencedores no Pr\u00eamio IEL de Talentos - FIEMG","og_description":"Na \u00faltima semana, o Instituto Euvaldo Lodi de Minas Gerais (IEL-MG) participou, em Recife (PE), da etapa nacional do Pr\u00eamio IEL de Talentos, promovido pelo IEL Nacional. A premia\u00e7\u00e3o foi realizada no dia 3 de dezembro e reconheceu ideias e projetos transformadores desenvolvidos por estagi\u00e1rios, bolsistas, empresas, institui\u00e7\u00f5es de ensino e representantes do Sistema S [&hellip;]","og_url":"https:\/\/www.fiemg.com.br\/regional-sede\/noticias\/minas-gerais-tem-quatro-vencedores-no-premio-iel-de-talentos\/","og_site_name":"FIEMG","article_modified_time":"2025-12-16T17:36:02+00:00","og_image":[{"width":512,"height":512,"url":"https:\/\/www.fiemg.com.br\/regional-sede\/wp-content\/uploads\/sites\/21\/2025\/12\/premio-iel-de-talentos-nacional-fiemg-1.jpg","type":"image\/jpeg"}],"twitter_card":"summary_large_image","twitter_misc":{"Est. tempo de leitura":"2 minutos"},"schema":{"@context":"https:\/\/schema.org","@graph":[{"@type":"WebPage","@id":"https:\/\/www.fiemg.com.br\/regional-sede\/noticias\/minas-gerais-tem-quatro-vencedores-no-premio-iel-de-talentos\/","url":"https:\/\/www.fiemg.com.br\/regional-sede\/noticias\/minas-gerais-tem-quatro-vencedores-no-premio-iel-de-talentos\/","name":"Minas Gerais tem quatro vencedores no Pr\u00eamio IEL de Talentos - FIEMG","isPartOf":{"@id":"https:\/\/www.fiemg.com.br\/regional-sede\/#website"},"primaryImageOfPage":{"@id":"https:\/\/www.fiemg.com.br\/regional-sede\/noticias\/minas-gerais-tem-quatro-vencedores-no-premio-iel-de-talentos\/#primaryimage"},"image":{"@id":"https:\/\/www.fiemg.com.br\/regional-sede\/noticias\/minas-gerais-tem-quatro-vencedores-no-premio-iel-de-talentos\/#primaryimage"},"thumbnailUrl":"https:\/\/www.fiemg.com.br\/regional-sede\/wp-content\/uploads\/sites\/21\/2025\/12\/premio-iel-de-talentos-nacional-fiemg-1.jpg","datePublished":"2025-12-12T17:25:37+00:00","dateModified":"2025-12-16T17:36:02+00:00","breadcrumb":{"@id":"https:\/\/www.fiemg.com.br\/regional-sede\/noticias\/minas-gerais-tem-quatro-vencedores-no-premio-iel-de-talentos\/#breadcrumb"},"inLanguage":"pt-BR","potentialAction":[{"@type":"ReadAction","target":["https:\/\/www.fiemg.com.br\/regional-sede\/noticias\/minas-gerais-tem-quatro-vencedores-no-premio-iel-de-talentos\/"]}]},{"@type":"ImageObject","inLanguage":"pt-BR","@id":"https:\/\/www.fiemg.com.br\/regional-sede\/noticias\/minas-gerais-tem-quatro-vencedores-no-premio-iel-de-talentos\/#primaryimage","url":"https:\/\/www.fiemg.com.br\/regional-sede\/wp-content\/uploads\/sites\/21\/2025\/12\/premio-iel-de-talentos-nacional-fiemg-1.jpg","contentUrl":"https:\/\/www.fiemg.com.br\/regional-sede\/wp-content\/uploads\/sites\/21\/2025\/12\/premio-iel-de-talentos-nacional-fiemg-1.jpg","width":512,"height":512},{"@type":"BreadcrumbList","@id":"https:\/\/www.fiemg.com.br\/regional-sede\/noticias\/minas-gerais-tem-quatro-vencedores-no-premio-iel-de-talentos\/#breadcrumb","itemListElement":[{"@type":"ListItem","position":1,"name":"In\u00edcio","item":"https:\/\/www.fiemg.com.br\/regional-sede\/"},{"@type":"ListItem","position":2,"name":"Minas Gerais tem quatro vencedores no Pr\u00eamio IEL de Talentos"}]},{"@type":"WebSite","@id":"https:\/\/www.fiemg.com.br\/regional-sede\/#website","url":"https:\/\/www.fiemg.com.br\/regional-sede\/","name":"FIEMG","description":"Federa\u00e7\u00e3o das Ind\u00fastrias do Estado de Minas Gerais","publisher":{"@id":"https:\/\/www.fiemg.com.br\/regional-sede\/#organization"},"potentialAction":[{"@type":"SearchAction","target":{"@type":"EntryPoint","urlTemplate":"https:\/\/www.fiemg.com.br\/regional-sede\/?s={search_term_string}"},"query-input":{"@type":"PropertyValueSpecification","valueRequired":true,"valueName":"search_term_string"}}],"inLanguage":"pt-BR"},{"@type":"Organization","@id":"https:\/\/www.fiemg.com.br\/regional-sede\/#organization","name":"FIEMG","url":"https:\/\/www.fiemg.com.br\/regional-sede\/","logo":{"@type":"ImageObject","inLanguage":"pt-BR","@id":"https:\/\/www.fiemg.com.br\/regional-sede\/#\/schema\/logo\/image\/","url":"https:\/\/www.fiemg.com.br\/regional-sede\/wp-content\/uploads\/sites\/21\/2023\/02\/Ativo-1.png","contentUrl":"https:\/\/www.fiemg.com.br\/regional-sede\/wp-content\/uploads\/sites\/21\/2023\/02\/Ativo-1.png","width":563,"height":149,"caption":"FIEMG"},"image":{"@id":"https:\/\/www.fiemg.com.br\/regional-sede\/#\/schema\/logo\/image\/"}}]}},"_links":{"self":[{"href":"https:\/\/www.fiemg.com.br\/regional-sede\/wp-json\/wp\/v2\/noticias\/6257","targetHints":{"allow":["GET"]}}],"collection":[{"href":"https:\/\/www.fiemg.com.br\/regional-sede\/wp-json\/wp\/v2\/noticias"}],"about":[{"href":"https:\/\/www.fiemg.com.br\/regional-sede\/wp-json\/wp\/v2\/types\/noticias"}],"wp:featuredmedia":[{"embeddable":true,"href":"https:\/\/www.fiemg.com.br\/regional-sede\/wp-json\/wp\/v2\/media\/6258"}],"wp:attachment":[{"href":"https:\/\/www.fiemg.com.br\/regional-sede\/wp-json\/wp\/v2\/media?parent=6257"}],"wp:term":[{"taxonomy":"category","embeddable":true,"href":"https:\/\/www.fiemg.com.br\/regional-sede\/wp-json\/wp\/v2\/categories?post=6257"},{"taxonomy":"post_tag","embeddable":true,"href":"https:\/\/www.fiemg.com.br\/regional-sede\/wp-json\/wp\/v2\/tags?post=6257"}],"curies":[{"name":"wp","href":"https:\/\/api.w.org\/{rel}","templated":true}]}}