{"id":6290,"date":"2025-12-18T15:39:21","date_gmt":"2025-12-18T18:39:21","guid":{"rendered":"https:\/\/www.fiemg.com.br\/regional-sede\/noticias\/fiemg-projeta-crescimento-de-23-da-economia-em-2025\/"},"modified":"2025-12-19T11:34:23","modified_gmt":"2025-12-19T14:34:23","slug":"fiemg-projeta-crescimento-de-23-da-economia-em-2025","status":"publish","type":"noticias","link":"https:\/\/www.fiemg.com.br\/regional-sede\/noticias\/fiemg-projeta-crescimento-de-23-da-economia-em-2025\/","title":{"rendered":"FIEMG projeta crescimento de 2,3% da economia em 2025"},"content":{"rendered":"\n<p>O desempenho da economia brasileira deve desacelerar em 2025 em rela\u00e7\u00e3o ao ano passado e fechar o per\u00edodo com crescimento de 2,3%. A proje\u00e7\u00e3o \u00e9 da Federa\u00e7\u00e3o das Ind\u00fastrias de Minas Gerais (FIEMG), que divulgou nesta quinta-feira (18\/12) o seu balan\u00e7o anual e perspectivas em um evento com jornalistas na sede da Federa\u00e7\u00e3o, em Belo Horizonte. Conforme a Federa\u00e7\u00e3o, a queda do desempenho pode ser atribu\u00edda \u00e0 pol\u00edtica monet\u00e1ria contracionista sobre os setores mais c\u00edclicos da economia, como servi\u00e7o e ind\u00fastria de transforma\u00e7\u00e3o. Em 2024, o Produto Interno Bruto (PIB) do pa\u00eds teve alta de 3,4%.<\/p>\n\n\n\n<p>Para o presidente da FIEMG, Fl\u00e1vio Roscoe, o arrefecimento econ\u00f4mico reflete tamb\u00e9m o &#8220;esgotamento de uma estrat\u00e9gia de crescimento claramente retr\u00f3grada, ainda muito apoiada em aumentos de gastos p\u00fablicos e em pol\u00edticas de transfer\u00eancia de renda com foco predominantemente no consumo&#8221;.<\/p>\n\n\n\n<p>Diante desse cen\u00e1rio, Roscoe entende que o Brasil ter\u00e1 nos pr\u00f3ximos anos desafios e oportunidades. \u201cEstamos no limiar entre dois caminhos. De um lado, a possibilidade de avan\u00e7ar em uma moderniza\u00e7\u00e3o estrutural da economia, capaz de sustentar o desenvolvimento econ\u00f4mico e social. De outro, o risco de permanecer em um cen\u00e1rio de baixo crescimento e de bem-estar limitado&#8221;, alerta.<\/p>\n\n\n\n<figure class=\"wp-block-image alignright size-full is-resized\"><img fetchpriority=\"high\" decoding=\"async\" width=\"512\" height=\"512\" src=\"https:\/\/www.fiemg.com.br\/regional-sede\/wp-content\/uploads\/sites\/21\/2025\/12\/balanco_interna_2.jpg.jpeg\" alt=\"FIEMG projeta crescimento de 2,3% da economia em 2025\" class=\"wp-image-6293\" style=\"width:295px;height:auto\" srcset=\"https:\/\/www.fiemg.com.br\/regional-sede\/wp-content\/uploads\/sites\/21\/2025\/12\/balanco_interna_2.jpg.jpeg 512w, https:\/\/www.fiemg.com.br\/regional-sede\/wp-content\/uploads\/sites\/21\/2025\/12\/balanco_interna_2.jpg-300x300.jpeg 300w, https:\/\/www.fiemg.com.br\/regional-sede\/wp-content\/uploads\/sites\/21\/2025\/12\/balanco_interna_2.jpg-150x150.jpeg 150w\" sizes=\"(max-width: 512px) 100vw, 512px\" \/><\/figure>\n\n\n\n<p>Em rela\u00e7\u00e3o a Minas Gerais, o PIB deve encerrar 2025 com crescimento de 2%, n\u00famero inferior ao registrado no ano passado, que foi de 3,1%. Apesar da proje\u00e7\u00e3o mais t\u00edmida, \u201co estado tem desempenhado um papel de destaque na economia brasileira, com forte capacidade de atra\u00e7\u00e3o de investimentos e de fortalecimento de sua base industrial\u201d, observa o economista-chefe da FIEMG, Jo\u00e3o Gabriel Pio. Entre 2021 e 2024, o PIB mineiro cresceu, em m\u00e9dia, 3,8% ao ano, acima dos 3,6% do nacional.<\/p>\n\n\n\n<p>\u201cPara 2026, o crescimento da atividade econ\u00f4mica tende a permanecer moderado, limitado pela manuten\u00e7\u00e3o de juros elevados e pelo ambiente de maior risco fiscal. A expectativa \u00e9 de recupera\u00e7\u00e3o gradual da ind\u00fastria ao longo do per\u00edodo, condicionada \u00e0 eventual redu\u00e7\u00e3o da taxa de juros e \u00e0 retomada dos investimentos produtivos\u201d, destaca Fl\u00e1vio Roscoe.<\/p>\n\n\n\n<p><strong>Ind\u00fastria e trabalho<\/strong><\/p>\n\n\n\n<p>O estudo da FIEMG revela tamb\u00e9m que o PIB industrial em Minas Gerais deve apresentar um crescimento de 1,6% em 2025, refletindo os efeitos da pol\u00edtica monet\u00e1ria que limita investimentos. O setor de transforma\u00e7\u00e3o foi um dos destaques at\u00e9 o segundo trimestre deste ano, com alta de 2,2%, seguido pelo de energia e saneamento (1,3%). Em rela\u00e7\u00e3o ao setor produtivo nacional, a Federa\u00e7\u00e3o estima uma alta do PIB de 1,5% em 2025.<\/p>\n\n\n\n<p>O mercado de trabalho segue aquecido em 2025, consolidando a recupera\u00e7\u00e3o p\u00f3s-pandemia e estabelecendo novos recordes. No Brasil, a taxa de desemprego foi de 5,6% no 3\u00ba trimestre, o menor n\u00edvel para o per\u00edodo desde o in\u00edcio da s\u00e9rie hist\u00f3rica do IBGE, iniciada em 2012.<\/p>\n\n\n\n<p>Em Minas, o desemprego recuou de 5,7% no 1\u00ba trimestre do ano para 4,1% no 3\u00ba trimestre, o que mant\u00e9m o estado em posi\u00e7\u00e3o mais favor\u00e1vel, na compara\u00e7\u00e3o com a m\u00e9dia nacional. Somente a ind\u00fastria (geral e constru\u00e7\u00e3o) empregou 20,8 milh\u00f5es de trabalhadores no Brasil e 2,4 mi no estado at\u00e9 o terceiro trimestre de 2025. Para este ano, a FIEMG estima que a taxa de desempregados fique em 5,4% no pa\u00eds.<\/p>\n\n\n\n<p>J\u00e1 o IPCA, que \u00e9 o \u00edndice oficial de infla\u00e7\u00e3o do Brasil, deve fechar 2025 no patamar de 4,4%.<\/p>\n\n\n\n<figure class=\"wp-block-image aligncenter size-large\"><img decoding=\"async\" width=\"1024\" height=\"396\" src=\"https:\/\/www.fiemg.com.br\/regional-sede\/wp-content\/uploads\/sites\/21\/2025\/12\/balanco_interna_3-1024x396.jpeg\" alt=\"FIEMG projeta crescimento de 2,3% da economia em 2025 \" class=\"wp-image-6292\" srcset=\"https:\/\/www.fiemg.com.br\/regional-sede\/wp-content\/uploads\/sites\/21\/2025\/12\/balanco_interna_3-1024x396.jpeg 1024w, https:\/\/www.fiemg.com.br\/regional-sede\/wp-content\/uploads\/sites\/21\/2025\/12\/balanco_interna_3-300x116.jpeg 300w, https:\/\/www.fiemg.com.br\/regional-sede\/wp-content\/uploads\/sites\/21\/2025\/12\/balanco_interna_3-768x297.jpeg 768w, https:\/\/www.fiemg.com.br\/regional-sede\/wp-content\/uploads\/sites\/21\/2025\/12\/balanco_interna_3.jpeg 1080w\" sizes=\"(max-width: 1024px) 100vw, 1024px\" \/><\/figure>\n\n\n\n<p><br><br><em>Rafael Passos<br><\/em><strong>Imprensa FIEMG<\/strong><\/p>\n\n\n\n<p>Clique <strong><a href=\"https:\/\/www.fiemg.com.br\/balanco-da-economia\/\">aqui<\/a> <\/strong>e confira o estudo na \u00edntegra<br>Coletiva de imprensa est\u00e1 dispon\u00edvel <a href=\"https:\/\/drive.google.com\/drive\/folders\/1HY2odjkXNXPRlpYf3dwiC6-8lufsmnSu\"><strong>neste link<\/strong><\/a><br><a href=\"https:\/\/www.flickr.com\/photos\/sistemafiemg\/albums\/72177720331018409\/with\/54991215962\" target=\"_blank\" rel=\"noreferrer noopener\"><strong>Veja mais fotos do evento<\/strong><\/a><\/p>\n\n\n\n<p><\/p>\n","protected":false},"featured_media":6291,"template":"","categories":[15],"tags":[1349,537],"class_list":["post-6290","noticias","type-noticias","status-publish","has-post-thumbnail","hentry","category-desenvolvimento-industrial","tag-economi","tag-pib"],"acf":[],"yoast_head":"<!-- This site is optimized with the Yoast SEO plugin v26.2 - https:\/\/yoast.com\/wordpress\/plugins\/seo\/ -->\n<title>FIEMG projeta crescimento de 2,3% da economia em 2025 - FIEMG<\/title>\n<meta name=\"robots\" content=\"index, follow, max-snippet:-1, max-image-preview:large, max-video-preview:-1\" \/>\n<link rel=\"canonical\" href=\"https:\/\/www.fiemg.com.br\/regional-sede\/noticias\/fiemg-projeta-crescimento-de-23-da-economia-em-2025\/\" \/>\n<meta property=\"og:locale\" content=\"pt_BR\" \/>\n<meta property=\"og:type\" content=\"article\" \/>\n<meta property=\"og:title\" content=\"FIEMG projeta crescimento de 2,3% da economia em 2025 - FIEMG\" \/>\n<meta property=\"og:description\" content=\"O desempenho da economia brasileira deve desacelerar em 2025 em rela\u00e7\u00e3o ao ano passado e fechar o per\u00edodo com crescimento de 2,3%. A proje\u00e7\u00e3o \u00e9 da Federa\u00e7\u00e3o das Ind\u00fastrias de Minas Gerais (FIEMG), que divulgou nesta quinta-feira (18\/12) o seu balan\u00e7o anual e perspectivas em um evento com jornalistas na sede da Federa\u00e7\u00e3o, em Belo [&hellip;]\" \/>\n<meta property=\"og:url\" content=\"https:\/\/www.fiemg.com.br\/regional-sede\/noticias\/fiemg-projeta-crescimento-de-23-da-economia-em-2025\/\" \/>\n<meta property=\"og:site_name\" content=\"FIEMG\" \/>\n<meta property=\"article:modified_time\" content=\"2025-12-19T14:34:23+00:00\" \/>\n<meta property=\"og:image\" content=\"https:\/\/www.fiemg.com.br\/regional-sede\/wp-content\/uploads\/sites\/21\/2025\/12\/balanco_interna_thumb.jpeg\" \/>\n\t<meta property=\"og:image:width\" content=\"512\" \/>\n\t<meta property=\"og:image:height\" content=\"512\" \/>\n\t<meta property=\"og:image:type\" content=\"image\/jpeg\" \/>\n<meta name=\"twitter:card\" content=\"summary_large_image\" \/>\n<meta name=\"twitter:label1\" content=\"Est. tempo de leitura\" \/>\n\t<meta name=\"twitter:data1\" content=\"4 minutos\" \/>\n<script type=\"application\/ld+json\" class=\"yoast-schema-graph\">{\"@context\":\"https:\/\/schema.org\",\"@graph\":[{\"@type\":\"WebPage\",\"@id\":\"https:\/\/www.fiemg.com.br\/regional-sede\/noticias\/fiemg-projeta-crescimento-de-23-da-economia-em-2025\/\",\"url\":\"https:\/\/www.fiemg.com.br\/regional-sede\/noticias\/fiemg-projeta-crescimento-de-23-da-economia-em-2025\/\",\"name\":\"FIEMG projeta crescimento de 2,3% da economia em 2025 - FIEMG\",\"isPartOf\":{\"@id\":\"https:\/\/www.fiemg.com.br\/regional-sede\/#website\"},\"primaryImageOfPage\":{\"@id\":\"https:\/\/www.fiemg.com.br\/regional-sede\/noticias\/fiemg-projeta-crescimento-de-23-da-economia-em-2025\/#primaryimage\"},\"image\":{\"@id\":\"https:\/\/www.fiemg.com.br\/regional-sede\/noticias\/fiemg-projeta-crescimento-de-23-da-economia-em-2025\/#primaryimage\"},\"thumbnailUrl\":\"https:\/\/www.fiemg.com.br\/regional-sede\/wp-content\/uploads\/sites\/21\/2025\/12\/balanco_interna_thumb.jpeg\",\"datePublished\":\"2025-12-18T18:39:21+00:00\",\"dateModified\":\"2025-12-19T14:34:23+00:00\",\"breadcrumb\":{\"@id\":\"https:\/\/www.fiemg.com.br\/regional-sede\/noticias\/fiemg-projeta-crescimento-de-23-da-economia-em-2025\/#breadcrumb\"},\"inLanguage\":\"pt-BR\",\"potentialAction\":[{\"@type\":\"ReadAction\",\"target\":[\"https:\/\/www.fiemg.com.br\/regional-sede\/noticias\/fiemg-projeta-crescimento-de-23-da-economia-em-2025\/\"]}]},{\"@type\":\"ImageObject\",\"inLanguage\":\"pt-BR\",\"@id\":\"https:\/\/www.fiemg.com.br\/regional-sede\/noticias\/fiemg-projeta-crescimento-de-23-da-economia-em-2025\/#primaryimage\",\"url\":\"https:\/\/www.fiemg.com.br\/regional-sede\/wp-content\/uploads\/sites\/21\/2025\/12\/balanco_interna_thumb.jpeg\",\"contentUrl\":\"https:\/\/www.fiemg.com.br\/regional-sede\/wp-content\/uploads\/sites\/21\/2025\/12\/balanco_interna_thumb.jpeg\",\"width\":512,\"height\":512,\"caption\":\"FIEMG projeta crescimento de 2,3% da economia em 2025\"},{\"@type\":\"BreadcrumbList\",\"@id\":\"https:\/\/www.fiemg.com.br\/regional-sede\/noticias\/fiemg-projeta-crescimento-de-23-da-economia-em-2025\/#breadcrumb\",\"itemListElement\":[{\"@type\":\"ListItem\",\"position\":1,\"name\":\"In\u00edcio\",\"item\":\"https:\/\/www.fiemg.com.br\/regional-sede\/\"},{\"@type\":\"ListItem\",\"position\":2,\"name\":\"FIEMG projeta crescimento de 2,3% da economia em 2025\"}]},{\"@type\":\"WebSite\",\"@id\":\"https:\/\/www.fiemg.com.br\/regional-sede\/#website\",\"url\":\"https:\/\/www.fiemg.com.br\/regional-sede\/\",\"name\":\"FIEMG\",\"description\":\"Federa\u00e7\u00e3o das Ind\u00fastrias do Estado de Minas Gerais\",\"publisher\":{\"@id\":\"https:\/\/www.fiemg.com.br\/regional-sede\/#organization\"},\"potentialAction\":[{\"@type\":\"SearchAction\",\"target\":{\"@type\":\"EntryPoint\",\"urlTemplate\":\"https:\/\/www.fiemg.com.br\/regional-sede\/?s={search_term_string}\"},\"query-input\":{\"@type\":\"PropertyValueSpecification\",\"valueRequired\":true,\"valueName\":\"search_term_string\"}}],\"inLanguage\":\"pt-BR\"},{\"@type\":\"Organization\",\"@id\":\"https:\/\/www.fiemg.com.br\/regional-sede\/#organization\",\"name\":\"FIEMG\",\"url\":\"https:\/\/www.fiemg.com.br\/regional-sede\/\",\"logo\":{\"@type\":\"ImageObject\",\"inLanguage\":\"pt-BR\",\"@id\":\"https:\/\/www.fiemg.com.br\/regional-sede\/#\/schema\/logo\/image\/\",\"url\":\"https:\/\/www.fiemg.com.br\/regional-sede\/wp-content\/uploads\/sites\/21\/2023\/02\/Ativo-1.png\",\"contentUrl\":\"https:\/\/www.fiemg.com.br\/regional-sede\/wp-content\/uploads\/sites\/21\/2023\/02\/Ativo-1.png\",\"width\":563,\"height\":149,\"caption\":\"FIEMG\"},\"image\":{\"@id\":\"https:\/\/www.fiemg.com.br\/regional-sede\/#\/schema\/logo\/image\/\"}}]}<\/script>\n<!-- \/ Yoast SEO plugin. -->","yoast_head_json":{"title":"FIEMG projeta crescimento de 2,3% da economia em 2025 - FIEMG","robots":{"index":"index","follow":"follow","max-snippet":"max-snippet:-1","max-image-preview":"max-image-preview:large","max-video-preview":"max-video-preview:-1"},"canonical":"https:\/\/www.fiemg.com.br\/regional-sede\/noticias\/fiemg-projeta-crescimento-de-23-da-economia-em-2025\/","og_locale":"pt_BR","og_type":"article","og_title":"FIEMG projeta crescimento de 2,3% da economia em 2025 - FIEMG","og_description":"O desempenho da economia brasileira deve desacelerar em 2025 em rela\u00e7\u00e3o ao ano passado e fechar o per\u00edodo com crescimento de 2,3%. A proje\u00e7\u00e3o \u00e9 da Federa\u00e7\u00e3o das Ind\u00fastrias de Minas Gerais (FIEMG), que divulgou nesta quinta-feira (18\/12) o seu balan\u00e7o anual e perspectivas em um evento com jornalistas na sede da Federa\u00e7\u00e3o, em Belo [&hellip;]","og_url":"https:\/\/www.fiemg.com.br\/regional-sede\/noticias\/fiemg-projeta-crescimento-de-23-da-economia-em-2025\/","og_site_name":"FIEMG","article_modified_time":"2025-12-19T14:34:23+00:00","og_image":[{"width":512,"height":512,"url":"https:\/\/www.fiemg.com.br\/regional-sede\/wp-content\/uploads\/sites\/21\/2025\/12\/balanco_interna_thumb.jpeg","type":"image\/jpeg"}],"twitter_card":"summary_large_image","twitter_misc":{"Est. tempo de leitura":"4 minutos"},"schema":{"@context":"https:\/\/schema.org","@graph":[{"@type":"WebPage","@id":"https:\/\/www.fiemg.com.br\/regional-sede\/noticias\/fiemg-projeta-crescimento-de-23-da-economia-em-2025\/","url":"https:\/\/www.fiemg.com.br\/regional-sede\/noticias\/fiemg-projeta-crescimento-de-23-da-economia-em-2025\/","name":"FIEMG projeta crescimento de 2,3% da economia em 2025 - FIEMG","isPartOf":{"@id":"https:\/\/www.fiemg.com.br\/regional-sede\/#website"},"primaryImageOfPage":{"@id":"https:\/\/www.fiemg.com.br\/regional-sede\/noticias\/fiemg-projeta-crescimento-de-23-da-economia-em-2025\/#primaryimage"},"image":{"@id":"https:\/\/www.fiemg.com.br\/regional-sede\/noticias\/fiemg-projeta-crescimento-de-23-da-economia-em-2025\/#primaryimage"},"thumbnailUrl":"https:\/\/www.fiemg.com.br\/regional-sede\/wp-content\/uploads\/sites\/21\/2025\/12\/balanco_interna_thumb.jpeg","datePublished":"2025-12-18T18:39:21+00:00","dateModified":"2025-12-19T14:34:23+00:00","breadcrumb":{"@id":"https:\/\/www.fiemg.com.br\/regional-sede\/noticias\/fiemg-projeta-crescimento-de-23-da-economia-em-2025\/#breadcrumb"},"inLanguage":"pt-BR","potentialAction":[{"@type":"ReadAction","target":["https:\/\/www.fiemg.com.br\/regional-sede\/noticias\/fiemg-projeta-crescimento-de-23-da-economia-em-2025\/"]}]},{"@type":"ImageObject","inLanguage":"pt-BR","@id":"https:\/\/www.fiemg.com.br\/regional-sede\/noticias\/fiemg-projeta-crescimento-de-23-da-economia-em-2025\/#primaryimage","url":"https:\/\/www.fiemg.com.br\/regional-sede\/wp-content\/uploads\/sites\/21\/2025\/12\/balanco_interna_thumb.jpeg","contentUrl":"https:\/\/www.fiemg.com.br\/regional-sede\/wp-content\/uploads\/sites\/21\/2025\/12\/balanco_interna_thumb.jpeg","width":512,"height":512,"caption":"FIEMG projeta crescimento de 2,3% da economia em 2025"},{"@type":"BreadcrumbList","@id":"https:\/\/www.fiemg.com.br\/regional-sede\/noticias\/fiemg-projeta-crescimento-de-23-da-economia-em-2025\/#breadcrumb","itemListElement":[{"@type":"ListItem","position":1,"name":"In\u00edcio","item":"https:\/\/www.fiemg.com.br\/regional-sede\/"},{"@type":"ListItem","position":2,"name":"FIEMG projeta crescimento de 2,3% da economia em 2025"}]},{"@type":"WebSite","@id":"https:\/\/www.fiemg.com.br\/regional-sede\/#website","url":"https:\/\/www.fiemg.com.br\/regional-sede\/","name":"FIEMG","description":"Federa\u00e7\u00e3o das Ind\u00fastrias do Estado de Minas Gerais","publisher":{"@id":"https:\/\/www.fiemg.com.br\/regional-sede\/#organization"},"potentialAction":[{"@type":"SearchAction","target":{"@type":"EntryPoint","urlTemplate":"https:\/\/www.fiemg.com.br\/regional-sede\/?s={search_term_string}"},"query-input":{"@type":"PropertyValueSpecification","valueRequired":true,"valueName":"search_term_string"}}],"inLanguage":"pt-BR"},{"@type":"Organization","@id":"https:\/\/www.fiemg.com.br\/regional-sede\/#organization","name":"FIEMG","url":"https:\/\/www.fiemg.com.br\/regional-sede\/","logo":{"@type":"ImageObject","inLanguage":"pt-BR","@id":"https:\/\/www.fiemg.com.br\/regional-sede\/#\/schema\/logo\/image\/","url":"https:\/\/www.fiemg.com.br\/regional-sede\/wp-content\/uploads\/sites\/21\/2023\/02\/Ativo-1.png","contentUrl":"https:\/\/www.fiemg.com.br\/regional-sede\/wp-content\/uploads\/sites\/21\/2023\/02\/Ativo-1.png","width":563,"height":149,"caption":"FIEMG"},"image":{"@id":"https:\/\/www.fiemg.com.br\/regional-sede\/#\/schema\/logo\/image\/"}}]}},"_links":{"self":[{"href":"https:\/\/www.fiemg.com.br\/regional-sede\/wp-json\/wp\/v2\/noticias\/6290","targetHints":{"allow":["GET"]}}],"collection":[{"href":"https:\/\/www.fiemg.com.br\/regional-sede\/wp-json\/wp\/v2\/noticias"}],"about":[{"href":"https:\/\/www.fiemg.com.br\/regional-sede\/wp-json\/wp\/v2\/types\/noticias"}],"wp:featuredmedia":[{"embeddable":true,"href":"https:\/\/www.fiemg.com.br\/regional-sede\/wp-json\/wp\/v2\/media\/6291"}],"wp:attachment":[{"href":"https:\/\/www.fiemg.com.br\/regional-sede\/wp-json\/wp\/v2\/media?parent=6290"}],"wp:term":[{"taxonomy":"category","embeddable":true,"href":"https:\/\/www.fiemg.com.br\/regional-sede\/wp-json\/wp\/v2\/categories?post=6290"},{"taxonomy":"post_tag","embeddable":true,"href":"https:\/\/www.fiemg.com.br\/regional-sede\/wp-json\/wp\/v2\/tags?post=6290"}],"curies":[{"name":"wp","href":"https:\/\/api.w.org\/{rel}","templated":true}]}}