{"id":6527,"date":"2026-03-05T14:48:06","date_gmt":"2026-03-05T17:48:06","guid":{"rendered":"https:\/\/www.fiemg.com.br\/regional-sede\/noticias\/articulacao-institucional-da-fiemg-regional-zm-garante-investimento-de-r-14-milhoes-para-revitalizacao-do-distrito-industrial-de-juiz-de-fora\/"},"modified":"2026-03-06T08:28:05","modified_gmt":"2026-03-06T11:28:05","slug":"articulacao-institucional-da-fiemg-regional-zm-garante-investimento-de-r-14-milhoes-para-revitalizacao-do-distrito-industrial-de-juiz-de-fora","status":"publish","type":"noticias","link":"https:\/\/www.fiemg.com.br\/regional-sede\/noticias\/articulacao-institucional-da-fiemg-regional-zm-garante-investimento-de-r-14-milhoes-para-revitalizacao-do-distrito-industrial-de-juiz-de-fora\/","title":{"rendered":"Articula\u00e7\u00e3o institucional da FIEMG Regional ZM garante investimento de R$ 14 milh\u00f5es para revitaliza\u00e7\u00e3o do Distrito Industrial de Juiz de Fora"},"content":{"rendered":"\n<p>A FIEMG Regional Zona da Mata consolidou uma importante vit\u00f3ria para o setor produtivo de Juiz de Fora com o an\u00fancio de um investimento de R$ 14 milh\u00f5es destinado \u00e0 obras de infraestrutura do Distrito Industrial (DI). O aporte, anunciado no dia 19 de fevereiro, pelo vice-governador de Minas Gerais, Mateus Sim\u00f5es, e pelo deputado federal Nikolas Ferreira, \u00e9 fruto direto da articula\u00e7\u00e3o t\u00e9cnica e pol\u00edtica liderada pela Federa\u00e7\u00e3o, que elaborou o projeto de revitaliza\u00e7\u00e3o da \u00e1rea para subsidiar a tomada de decis\u00e3o do Estado.<\/p>\n\n\n\n<p>A conquista reflete o sucesso de uma ponte institucional constru\u00edda pela presidente da FIEMG Regional Zona da Mata e do Sindicato das Ind\u00fastrias do Vestu\u00e1rio de Juiz de Fora e Governador Valadares e das Ind\u00fastrias de Malharias de Juiz de Fora (Sindivest JF-GV), Mari\u00e2ngela Miranda Marcon. O projeto t\u00e9cnico, detalhando as interven\u00e7\u00f5es cr\u00edticas em pavimenta\u00e7\u00e3o, drenagem e ilumina\u00e7\u00e3o \u2014 especialmente na 4\u00aa etapa do DI \u2014 foi entregue por Mari\u00e2ngela \u00e0 vereadora Roberta Lopes, que encaminhou a demanda ao deputado Nikolas Ferreira para articula\u00e7\u00e3o junto ao Executivo estadual.<\/p>\n\n\n\n<p>Para Mari\u00e2ngela Marcon, a libera\u00e7\u00e3o do recurso \u00e9 um marco para a retomada da competitividade da &#8220;Manchester Mineira&#8221;. Ela destaca que o Distrito Industrial abriga cerca de 145 empresas e \u00e9 um motor fundamental de empregos na regi\u00e3o. \u201cA FIEMG atua para transformar demandas t\u00e9cnicas em solu\u00e7\u00f5es concretas. Esse projeto n\u00e3o \u00e9 apenas sobre asfalto, mas sobre garantir seguran\u00e7a log\u00edstica e dignidade para quem gera riqueza em nossa cidade\u201d, afirmou a presidente.<\/p>\n\n\n\n<p>Durante o an\u00fancio, realizado na empresa Paraibuna Embalagens, em Juiz de Fora, o vice-governador Mateus Sim\u00f5es enfatizou que o Estado assumiu a responsabilidade pela obra diante do cen\u00e1rio de abandono da \u00e1rea. \u201cEsses R$ 14 milh\u00f5es v\u00eam para suprir uma obra que n\u00e3o \u00e9 nossa, mas o problema \u00e9 de todo mundo. Temos que contribuir para que Juiz de Fora recupere sua relev\u00e2ncia hist\u00f3rica no cen\u00e1rio industrial mineiro\u201d, declarou Sim\u00f5es, reiterando o compromisso com o desenvolvimento da Zona da Mata.<\/p>\n\n\n\n<p>O deputado federal Nikolas Ferreira, que acompanhou a agenda, ressaltou o papel das lideran\u00e7as locais no processo. \u201cNingu\u00e9m faz nada sozinho. Desde o ano passado estamos trabalhando com lideran\u00e7as locais para trazer essas demandas e o governo estadual nos atendeu. Precisamos cuidar das pessoas que geram emprego e renda no nosso pa\u00eds\u201d, pontuou o parlamentar, refor\u00e7ando que o investimento \u00e9 uma resposta direta \u00e0s reivindica\u00e7\u00f5es do setor industrial.<\/p>\n\n\n\n<p>As obras no Distrito Industrial contemplam interven\u00e7\u00f5es em \u00e1reas cr\u00edticas e o cronograma prev\u00ea que o processo de licita\u00e7\u00e3o ocorra ainda no primeiro semestre de 2026, aproveitando o per\u00edodo seco para o in\u00edcio das movimenta\u00e7\u00f5es. Com essa a\u00e7\u00e3o, a FIEMG Regional Zona da Mata mais uma vez reafirma seu protagonismo na defesa dos interesses da ind\u00fastria, unindo compet\u00eancia t\u00e9cnica e di\u00e1logo institucional para fomentar um ambiente de neg\u00f3cios mais pr\u00f3spero e seguro para Juiz de Fora. Tamb\u00e9m marcaram presen\u00e7a no evento os presidentes do Sindicato das Ind\u00fastrias de Alimenta\u00e7\u00e3o de Juiz de Fora (SIA-JF) e do Centro Industrial de Juiz de Fora, Fl\u00e1via Gonzaga; do Sindicato das Ind\u00fastrias da Constru\u00e7\u00e3o Civil de Juiz de Fora (Sinduscon-JF), Carlos Eduardo Manera; e do Sindicato das Ind\u00fastrias Metal\u00fargicas, Mec\u00e2nicas e de Material El\u00e9trico de Juiz de Fora (Metal JF), Ana L\u00facia Machado Sabino.<\/p>\n\n\n\n<p>.<\/p>\n\n\n\n<p><em>Graciele Vianna<\/em><\/p>\n\n\n\n<p><strong>Imprensa FIEMG<\/strong><\/p>\n\n\n\n<p><em>Colabora\u00e7\u00e3o: Samyra Ribeiro<\/em><\/p>\n","protected":false},"featured_media":6541,"template":"","categories":[15],"tags":[],"class_list":["post-6527","noticias","type-noticias","status-publish","has-post-thumbnail","hentry","category-desenvolvimento-industrial"],"acf":[],"yoast_head":"<!-- This site is optimized with the Yoast SEO plugin v26.2 - https:\/\/yoast.com\/wordpress\/plugins\/seo\/ -->\n<title>Articula\u00e7\u00e3o institucional da FIEMG Regional ZM garante investimento de R$ 14 milh\u00f5es para revitaliza\u00e7\u00e3o do Distrito Industrial de Juiz de Fora - FIEMG<\/title>\n<meta name=\"robots\" content=\"index, follow, max-snippet:-1, max-image-preview:large, max-video-preview:-1\" \/>\n<link rel=\"canonical\" href=\"https:\/\/www.fiemg.com.br\/regional-sede\/noticias\/articulacao-institucional-da-fiemg-regional-zm-garante-investimento-de-r-14-milhoes-para-revitalizacao-do-distrito-industrial-de-juiz-de-fora\/\" \/>\n<meta property=\"og:locale\" content=\"pt_BR\" \/>\n<meta property=\"og:type\" content=\"article\" \/>\n<meta property=\"og:title\" content=\"Articula\u00e7\u00e3o institucional da FIEMG Regional ZM garante investimento de R$ 14 milh\u00f5es para revitaliza\u00e7\u00e3o do Distrito Industrial de Juiz de Fora - FIEMG\" \/>\n<meta property=\"og:description\" content=\"A FIEMG Regional Zona da Mata consolidou uma importante vit\u00f3ria para o setor produtivo de Juiz de Fora com o an\u00fancio de um investimento de R$ 14 milh\u00f5es destinado \u00e0 obras de infraestrutura do Distrito Industrial (DI). O aporte, anunciado no dia 19 de fevereiro, pelo vice-governador de Minas Gerais, Mateus Sim\u00f5es, e pelo deputado [&hellip;]\" \/>\n<meta property=\"og:url\" content=\"https:\/\/www.fiemg.com.br\/regional-sede\/noticias\/articulacao-institucional-da-fiemg-regional-zm-garante-investimento-de-r-14-milhoes-para-revitalizacao-do-distrito-industrial-de-juiz-de-fora\/\" \/>\n<meta property=\"og:site_name\" content=\"FIEMG\" \/>\n<meta property=\"article:modified_time\" content=\"2026-03-06T11:28:05+00:00\" \/>\n<meta property=\"og:image\" content=\"https:\/\/www.fiemg.com.br\/regional-sede\/wp-content\/uploads\/sites\/21\/2026\/03\/Design-sem-nome-25.png\" \/>\n\t<meta property=\"og:image:width\" content=\"512\" \/>\n\t<meta property=\"og:image:height\" content=\"512\" \/>\n\t<meta property=\"og:image:type\" content=\"image\/png\" \/>\n<meta name=\"twitter:card\" content=\"summary_large_image\" \/>\n<meta name=\"twitter:label1\" content=\"Est. tempo de leitura\" \/>\n\t<meta name=\"twitter:data1\" content=\"4 minutos\" \/>\n<script type=\"application\/ld+json\" class=\"yoast-schema-graph\">{\"@context\":\"https:\/\/schema.org\",\"@graph\":[{\"@type\":\"WebPage\",\"@id\":\"https:\/\/www.fiemg.com.br\/regional-sede\/noticias\/articulacao-institucional-da-fiemg-regional-zm-garante-investimento-de-r-14-milhoes-para-revitalizacao-do-distrito-industrial-de-juiz-de-fora\/\",\"url\":\"https:\/\/www.fiemg.com.br\/regional-sede\/noticias\/articulacao-institucional-da-fiemg-regional-zm-garante-investimento-de-r-14-milhoes-para-revitalizacao-do-distrito-industrial-de-juiz-de-fora\/\",\"name\":\"Articula\u00e7\u00e3o institucional da FIEMG Regional ZM garante investimento de R$ 14 milh\u00f5es para revitaliza\u00e7\u00e3o do Distrito Industrial de Juiz de Fora - FIEMG\",\"isPartOf\":{\"@id\":\"https:\/\/www.fiemg.com.br\/regional-sede\/#website\"},\"primaryImageOfPage\":{\"@id\":\"https:\/\/www.fiemg.com.br\/regional-sede\/noticias\/articulacao-institucional-da-fiemg-regional-zm-garante-investimento-de-r-14-milhoes-para-revitalizacao-do-distrito-industrial-de-juiz-de-fora\/#primaryimage\"},\"image\":{\"@id\":\"https:\/\/www.fiemg.com.br\/regional-sede\/noticias\/articulacao-institucional-da-fiemg-regional-zm-garante-investimento-de-r-14-milhoes-para-revitalizacao-do-distrito-industrial-de-juiz-de-fora\/#primaryimage\"},\"thumbnailUrl\":\"https:\/\/www.fiemg.com.br\/regional-sede\/wp-content\/uploads\/sites\/21\/2026\/03\/Design-sem-nome-26.png\",\"datePublished\":\"2026-03-05T17:48:06+00:00\",\"dateModified\":\"2026-03-06T11:28:05+00:00\",\"breadcrumb\":{\"@id\":\"https:\/\/www.fiemg.com.br\/regional-sede\/noticias\/articulacao-institucional-da-fiemg-regional-zm-garante-investimento-de-r-14-milhoes-para-revitalizacao-do-distrito-industrial-de-juiz-de-fora\/#breadcrumb\"},\"inLanguage\":\"pt-BR\",\"potentialAction\":[{\"@type\":\"ReadAction\",\"target\":[\"https:\/\/www.fiemg.com.br\/regional-sede\/noticias\/articulacao-institucional-da-fiemg-regional-zm-garante-investimento-de-r-14-milhoes-para-revitalizacao-do-distrito-industrial-de-juiz-de-fora\/\"]}]},{\"@type\":\"ImageObject\",\"inLanguage\":\"pt-BR\",\"@id\":\"https:\/\/www.fiemg.com.br\/regional-sede\/noticias\/articulacao-institucional-da-fiemg-regional-zm-garante-investimento-de-r-14-milhoes-para-revitalizacao-do-distrito-industrial-de-juiz-de-fora\/#primaryimage\",\"url\":\"https:\/\/www.fiemg.com.br\/regional-sede\/wp-content\/uploads\/sites\/21\/2026\/03\/Design-sem-nome-26.png\",\"contentUrl\":\"https:\/\/www.fiemg.com.br\/regional-sede\/wp-content\/uploads\/sites\/21\/2026\/03\/Design-sem-nome-26.png\",\"width\":512,\"height\":512},{\"@type\":\"BreadcrumbList\",\"@id\":\"https:\/\/www.fiemg.com.br\/regional-sede\/noticias\/articulacao-institucional-da-fiemg-regional-zm-garante-investimento-de-r-14-milhoes-para-revitalizacao-do-distrito-industrial-de-juiz-de-fora\/#breadcrumb\",\"itemListElement\":[{\"@type\":\"ListItem\",\"position\":1,\"name\":\"In\u00edcio\",\"item\":\"https:\/\/www.fiemg.com.br\/regional-sede\/\"},{\"@type\":\"ListItem\",\"position\":2,\"name\":\"Articula\u00e7\u00e3o institucional da FIEMG Regional ZM garante investimento de R$ 14 milh\u00f5es para revitaliza\u00e7\u00e3o do Distrito Industrial de Juiz de Fora\"}]},{\"@type\":\"WebSite\",\"@id\":\"https:\/\/www.fiemg.com.br\/regional-sede\/#website\",\"url\":\"https:\/\/www.fiemg.com.br\/regional-sede\/\",\"name\":\"FIEMG\",\"description\":\"Federa\u00e7\u00e3o das Ind\u00fastrias do Estado de Minas Gerais\",\"publisher\":{\"@id\":\"https:\/\/www.fiemg.com.br\/regional-sede\/#organization\"},\"potentialAction\":[{\"@type\":\"SearchAction\",\"target\":{\"@type\":\"EntryPoint\",\"urlTemplate\":\"https:\/\/www.fiemg.com.br\/regional-sede\/?s={search_term_string}\"},\"query-input\":{\"@type\":\"PropertyValueSpecification\",\"valueRequired\":true,\"valueName\":\"search_term_string\"}}],\"inLanguage\":\"pt-BR\"},{\"@type\":\"Organization\",\"@id\":\"https:\/\/www.fiemg.com.br\/regional-sede\/#organization\",\"name\":\"FIEMG\",\"url\":\"https:\/\/www.fiemg.com.br\/regional-sede\/\",\"logo\":{\"@type\":\"ImageObject\",\"inLanguage\":\"pt-BR\",\"@id\":\"https:\/\/www.fiemg.com.br\/regional-sede\/#\/schema\/logo\/image\/\",\"url\":\"https:\/\/www.fiemg.com.br\/regional-sede\/wp-content\/uploads\/sites\/21\/2023\/02\/Ativo-1.png\",\"contentUrl\":\"https:\/\/www.fiemg.com.br\/regional-sede\/wp-content\/uploads\/sites\/21\/2023\/02\/Ativo-1.png\",\"width\":563,\"height\":149,\"caption\":\"FIEMG\"},\"image\":{\"@id\":\"https:\/\/www.fiemg.com.br\/regional-sede\/#\/schema\/logo\/image\/\"}}]}<\/script>\n<!-- \/ Yoast SEO plugin. -->","yoast_head_json":{"title":"Articula\u00e7\u00e3o institucional da FIEMG Regional ZM garante investimento de R$ 14 milh\u00f5es para revitaliza\u00e7\u00e3o do Distrito Industrial de Juiz de Fora - FIEMG","robots":{"index":"index","follow":"follow","max-snippet":"max-snippet:-1","max-image-preview":"max-image-preview:large","max-video-preview":"max-video-preview:-1"},"canonical":"https:\/\/www.fiemg.com.br\/regional-sede\/noticias\/articulacao-institucional-da-fiemg-regional-zm-garante-investimento-de-r-14-milhoes-para-revitalizacao-do-distrito-industrial-de-juiz-de-fora\/","og_locale":"pt_BR","og_type":"article","og_title":"Articula\u00e7\u00e3o institucional da FIEMG Regional ZM garante investimento de R$ 14 milh\u00f5es para revitaliza\u00e7\u00e3o do Distrito Industrial de Juiz de Fora - FIEMG","og_description":"A FIEMG Regional Zona da Mata consolidou uma importante vit\u00f3ria para o setor produtivo de Juiz de Fora com o an\u00fancio de um investimento de R$ 14 milh\u00f5es destinado \u00e0 obras de infraestrutura do Distrito Industrial (DI). O aporte, anunciado no dia 19 de fevereiro, pelo vice-governador de Minas Gerais, Mateus Sim\u00f5es, e pelo deputado [&hellip;]","og_url":"https:\/\/www.fiemg.com.br\/regional-sede\/noticias\/articulacao-institucional-da-fiemg-regional-zm-garante-investimento-de-r-14-milhoes-para-revitalizacao-do-distrito-industrial-de-juiz-de-fora\/","og_site_name":"FIEMG","article_modified_time":"2026-03-06T11:28:05+00:00","og_image":[{"width":512,"height":512,"url":"https:\/\/www.fiemg.com.br\/regional-sede\/wp-content\/uploads\/sites\/21\/2026\/03\/Design-sem-nome-25.png","type":"image\/png"}],"twitter_card":"summary_large_image","twitter_misc":{"Est. tempo de leitura":"4 minutos"},"schema":{"@context":"https:\/\/schema.org","@graph":[{"@type":"WebPage","@id":"https:\/\/www.fiemg.com.br\/regional-sede\/noticias\/articulacao-institucional-da-fiemg-regional-zm-garante-investimento-de-r-14-milhoes-para-revitalizacao-do-distrito-industrial-de-juiz-de-fora\/","url":"https:\/\/www.fiemg.com.br\/regional-sede\/noticias\/articulacao-institucional-da-fiemg-regional-zm-garante-investimento-de-r-14-milhoes-para-revitalizacao-do-distrito-industrial-de-juiz-de-fora\/","name":"Articula\u00e7\u00e3o institucional da FIEMG Regional ZM garante investimento de R$ 14 milh\u00f5es para revitaliza\u00e7\u00e3o do Distrito Industrial de Juiz de Fora - FIEMG","isPartOf":{"@id":"https:\/\/www.fiemg.com.br\/regional-sede\/#website"},"primaryImageOfPage":{"@id":"https:\/\/www.fiemg.com.br\/regional-sede\/noticias\/articulacao-institucional-da-fiemg-regional-zm-garante-investimento-de-r-14-milhoes-para-revitalizacao-do-distrito-industrial-de-juiz-de-fora\/#primaryimage"},"image":{"@id":"https:\/\/www.fiemg.com.br\/regional-sede\/noticias\/articulacao-institucional-da-fiemg-regional-zm-garante-investimento-de-r-14-milhoes-para-revitalizacao-do-distrito-industrial-de-juiz-de-fora\/#primaryimage"},"thumbnailUrl":"https:\/\/www.fiemg.com.br\/regional-sede\/wp-content\/uploads\/sites\/21\/2026\/03\/Design-sem-nome-26.png","datePublished":"2026-03-05T17:48:06+00:00","dateModified":"2026-03-06T11:28:05+00:00","breadcrumb":{"@id":"https:\/\/www.fiemg.com.br\/regional-sede\/noticias\/articulacao-institucional-da-fiemg-regional-zm-garante-investimento-de-r-14-milhoes-para-revitalizacao-do-distrito-industrial-de-juiz-de-fora\/#breadcrumb"},"inLanguage":"pt-BR","potentialAction":[{"@type":"ReadAction","target":["https:\/\/www.fiemg.com.br\/regional-sede\/noticias\/articulacao-institucional-da-fiemg-regional-zm-garante-investimento-de-r-14-milhoes-para-revitalizacao-do-distrito-industrial-de-juiz-de-fora\/"]}]},{"@type":"ImageObject","inLanguage":"pt-BR","@id":"https:\/\/www.fiemg.com.br\/regional-sede\/noticias\/articulacao-institucional-da-fiemg-regional-zm-garante-investimento-de-r-14-milhoes-para-revitalizacao-do-distrito-industrial-de-juiz-de-fora\/#primaryimage","url":"https:\/\/www.fiemg.com.br\/regional-sede\/wp-content\/uploads\/sites\/21\/2026\/03\/Design-sem-nome-26.png","contentUrl":"https:\/\/www.fiemg.com.br\/regional-sede\/wp-content\/uploads\/sites\/21\/2026\/03\/Design-sem-nome-26.png","width":512,"height":512},{"@type":"BreadcrumbList","@id":"https:\/\/www.fiemg.com.br\/regional-sede\/noticias\/articulacao-institucional-da-fiemg-regional-zm-garante-investimento-de-r-14-milhoes-para-revitalizacao-do-distrito-industrial-de-juiz-de-fora\/#breadcrumb","itemListElement":[{"@type":"ListItem","position":1,"name":"In\u00edcio","item":"https:\/\/www.fiemg.com.br\/regional-sede\/"},{"@type":"ListItem","position":2,"name":"Articula\u00e7\u00e3o institucional da FIEMG Regional ZM garante investimento de R$ 14 milh\u00f5es para revitaliza\u00e7\u00e3o do Distrito Industrial de Juiz de Fora"}]},{"@type":"WebSite","@id":"https:\/\/www.fiemg.com.br\/regional-sede\/#website","url":"https:\/\/www.fiemg.com.br\/regional-sede\/","name":"FIEMG","description":"Federa\u00e7\u00e3o das Ind\u00fastrias do Estado de Minas Gerais","publisher":{"@id":"https:\/\/www.fiemg.com.br\/regional-sede\/#organization"},"potentialAction":[{"@type":"SearchAction","target":{"@type":"EntryPoint","urlTemplate":"https:\/\/www.fiemg.com.br\/regional-sede\/?s={search_term_string}"},"query-input":{"@type":"PropertyValueSpecification","valueRequired":true,"valueName":"search_term_string"}}],"inLanguage":"pt-BR"},{"@type":"Organization","@id":"https:\/\/www.fiemg.com.br\/regional-sede\/#organization","name":"FIEMG","url":"https:\/\/www.fiemg.com.br\/regional-sede\/","logo":{"@type":"ImageObject","inLanguage":"pt-BR","@id":"https:\/\/www.fiemg.com.br\/regional-sede\/#\/schema\/logo\/image\/","url":"https:\/\/www.fiemg.com.br\/regional-sede\/wp-content\/uploads\/sites\/21\/2023\/02\/Ativo-1.png","contentUrl":"https:\/\/www.fiemg.com.br\/regional-sede\/wp-content\/uploads\/sites\/21\/2023\/02\/Ativo-1.png","width":563,"height":149,"caption":"FIEMG"},"image":{"@id":"https:\/\/www.fiemg.com.br\/regional-sede\/#\/schema\/logo\/image\/"}}]}},"_links":{"self":[{"href":"https:\/\/www.fiemg.com.br\/regional-sede\/wp-json\/wp\/v2\/noticias\/6527","targetHints":{"allow":["GET"]}}],"collection":[{"href":"https:\/\/www.fiemg.com.br\/regional-sede\/wp-json\/wp\/v2\/noticias"}],"about":[{"href":"https:\/\/www.fiemg.com.br\/regional-sede\/wp-json\/wp\/v2\/types\/noticias"}],"wp:featuredmedia":[{"embeddable":true,"href":"https:\/\/www.fiemg.com.br\/regional-sede\/wp-json\/wp\/v2\/media\/6541"}],"wp:attachment":[{"href":"https:\/\/www.fiemg.com.br\/regional-sede\/wp-json\/wp\/v2\/media?parent=6527"}],"wp:term":[{"taxonomy":"category","embeddable":true,"href":"https:\/\/www.fiemg.com.br\/regional-sede\/wp-json\/wp\/v2\/categories?post=6527"},{"taxonomy":"post_tag","embeddable":true,"href":"https:\/\/www.fiemg.com.br\/regional-sede\/wp-json\/wp\/v2\/tags?post=6527"}],"curies":[{"name":"wp","href":"https:\/\/api.w.org\/{rel}","templated":true}]}}