{"id":6549,"date":"2026-03-06T11:49:50","date_gmt":"2026-03-06T14:49:50","guid":{"rendered":"https:\/\/www.fiemg.com.br\/regional-sede\/noticias\/apresentacao-abre-a-serie-artes-e-cordas-2026-e-reune-grandes-nomes-da-musica-mineira\/"},"modified":"2026-03-06T11:50:02","modified_gmt":"2026-03-06T14:50:02","slug":"apresentacao-abre-a-serie-artes-e-cordas-2026-e-reune-grandes-nomes-da-musica-mineira","status":"publish","type":"noticias","link":"https:\/\/www.fiemg.com.br\/regional-sede\/noticias\/apresentacao-abre-a-serie-artes-e-cordas-2026-e-reune-grandes-nomes-da-musica-mineira\/","title":{"rendered":"Orquestra SESIMINAS celebra 40 anos com concerto especial"},"content":{"rendered":"\n<p><strong><br><\/strong>A Orquestra SESIMINAS iniciou, no dia 5 de mar\u00e7o de 2026, as comemora\u00e7\u00f5es de seus 40 anos de trajet\u00f3ria com um concerto especial no Teatro SESIMINAS, em Belo Horizonte. A apresenta\u00e7\u00e3o abriu oficialmente a S\u00e9rie Artes e Cordas 2026 e reuniu convidados que ajudaram a construir a hist\u00f3ria musical de Minas Gerais e do pa\u00eds, em uma celebra\u00e7\u00e3o da diversidade art\u00edstica que acompanhou o grupo ao longo de quatro d\u00e9cadas.<\/p>\n\n\n\n<p>O palco recebeu nomes como Marcelo Dai, Titane, Luiza Brina, Nath Rodrigues, Maria Tereza Costa, Mariana Nunes, Vitor Santana, Diego MusicoPai, Juarez Moreira, Toninho Horta, S\u00e9rgio Perer\u00ea, T\u00falio Mour\u00e3o, Maur\u00edcio Tizumba e Renegado. Artistas de diferentes gera\u00e7\u00f5es e estilos que representaram as parcerias e encontros musicais que moldaram a identidade da Orquestra SESIMINAS ao longo dos anos.<br><br><\/p>\n\n\n\n<figure class=\"wp-block-image aligncenter size-large is-resized\"><img decoding=\"async\" src=\"https:\/\/www.fiemg.com.br\/wp-content\/uploads\/2026\/03\/image-2-1024x673.png\" alt=\"\" class=\"wp-image-32995\" style=\"width:900px\" \/><\/figure>\n\n\n\n<p>A apresenta\u00e7\u00e3o foi conduzida pelos maestros Felipe Magalh\u00e3es, atual regente titular, e por Marco Ant\u00f4nio Maia Drumond, fundador da Orquestra e primeiro regente do grupo, e Eliseu Barros. Para Marco Ant\u00f4nio, a longevidade da Orquestra esteve diretamente ligada \u00e0 sua abertura art\u00edstica e ao compromisso com a forma\u00e7\u00e3o de p\u00fablico. Segundo ele, ao longo da trajet\u00f3ria, o grupo levou a m\u00fasica a f\u00e1bricas, escolas, hospitais, teatros e pra\u00e7as, ampliando repert\u00f3rios e aproximando as pessoas da experi\u00eancia musical. \u201cVer a Orquestra chegar aos 40 anos com essa vitalidade \u00e9 uma grande realiza\u00e7\u00e3o\u201d, afirmou.<\/p>\n\n\n\n<p>O maestro Felipe Magalh\u00e3es destacou que o concerto teve um significado especial ao revisitar parcerias que marcaram a hist\u00f3ria da Orquestra. Para ele, comemorar quatro d\u00e9cadas com artistas convidados foi reconhecer que a identidade do grupo foi constru\u00edda coletivamente. \u201cCelebrar 40 anos com um programa que revisita parcerias \u00e9 reconhecer que a identidade da Orquestra foi constru\u00edda no encontro entre m\u00fasicos, repert\u00f3rios e p\u00fablicos. \u00c9 uma hist\u00f3ria que segue viva e em movimento\u201d, afirmou.<\/p>\n\n\n\n<p>Ao longo dos anos, a Orquestra SESIMINAS tamb\u00e9m se consolidou como um espa\u00e7o de cria\u00e7\u00e3o e aprendizado para m\u00fasicos de diferentes gera\u00e7\u00f5es. O pianista e compositor T\u00falio Mour\u00e3o destacou a import\u00e2ncia da conviv\u00eancia com o universo sinf\u00f4nico. Ele contou que sempre teve fasc\u00ednio pela escrita para orquestra e que a experi\u00eancia de compor e trabalhar com esse formato musical representa um aprendizado profundo para qualquer artista. Mour\u00e3o tamb\u00e9m ressaltou o papel da Orquestra no est\u00edmulo \u00e0 produ\u00e7\u00e3o musical e na valoriza\u00e7\u00e3o dessa tradi\u00e7\u00e3o que conecta diferentes per\u00edodos da hist\u00f3ria da m\u00fasica.<\/p>\n\n\n\n<p>Para a cantora Nath Rodrigues, participar do concerto de anivers\u00e1rio teve um significado afetivo especial. Ela lembrou que muitos m\u00fasicos da Orquestra foram seus professores e tiveram papel importante em sua forma\u00e7\u00e3o. A artista afirmou que dividir novamente o palco com eles foi motivo de grande alegria e gratid\u00e3o. \u201cS\u00e3o pessoas que participaram muito da minha forma\u00e7\u00e3o como musicista e educadora. Sempre fico feliz em celebrar com a Orquestra e desejo vida longa a esse trabalho\u201d, disse.<\/p>\n\n\n\n<figure class=\"wp-block-image aligncenter size-large is-resized\"><img decoding=\"async\" src=\"https:\/\/www.fiemg.com.br\/wp-content\/uploads\/2026\/03\/image-3-1024x679.png\" alt=\"\" class=\"wp-image-32996\" style=\"width:900px\" \/><\/figure>\n\n\n\n<p>O guitarrista e compositor Juarez Moreira tamb\u00e9m ressaltou a import\u00e2ncia da perman\u00eancia de uma orquestra em atividade por tanto tempo no pa\u00eds. Para ele, a Orquestra SESIMINAS representa uma tradi\u00e7\u00e3o importante da m\u00fasica mineira e mant\u00e9m uma liga\u00e7\u00e3o forte com a m\u00fasica popular. \u201c\u00c9 muito significativo, no Brasil de hoje, ter uma orquestra com 40 anos de atividade. A Orquestra SESIMINAS tem uma rela\u00e7\u00e3o muito grande com a m\u00fasica popular e sempre promove esse encontro entre diferentes estilos\u201d, destacou. O m\u00fasico tamb\u00e9m lembrou de sua pr\u00f3pria trajet\u00f3ria junto ao grupo e da grava\u00e7\u00e3o de um disco com a Orquestra, ao lado de Nelson Dornelles, h\u00e1 cerca de 30 anos.<\/p>\n\n\n\n<p>Toninho Horta, refer\u00eancia da m\u00fasica mineira e convidado especial da noite, destacou a alegria de reencontrar m\u00fasicos e maestros com quem j\u00e1 trabalhou ao longo da carreira. Para ele, o concerto foi tamb\u00e9m uma oportunidade de revisitar hist\u00f3rias e celebrar a diversidade musical presente no palco. \u201c\u00c9 maravilhoso poder reviver trabalhos que fizemos anteriormente e agora com uma galera t\u00e3o diversificada, com cantores, compositores e instrumentistas de v\u00e1rias vertentes. Estou muito feliz de participar\u201d, afirmou.<\/p>\n\n\n\n<p>Mais do que n\u00fameros, a trajet\u00f3ria da Orquestra SESIMINAS foi constru\u00edda pelas pessoas que ajudaram a formar sua identidade ao longo dos anos. De acordo com Karla Bittar, gerente de Cultura do SESI Minas Gerais, a hist\u00f3ria do grupo re\u00fane conquistas importantes, como mais de 1.200 concertos realizados em 188 munic\u00edpios mineiros, seis \u00e1lbuns gravados e participa\u00e7\u00f5es em alguns dos principais festivais de m\u00fasica do estado.<\/p>\n\n\n\n<p>Segundo ela, essa trajet\u00f3ria tamb\u00e9m posicionou a Orquestra SESIMINAS como a mais longeva de todo o Sistema S no Brasil. \u201cCelebrar esses 40 anos \u00e9 reconhecer uma hist\u00f3ria constru\u00edda com muito cuidado, valorizar todos os m\u00fasicos e profissionais que passaram por aqui e reafirmar o compromisso do SESI com a m\u00fasica e com o acesso \u00e0 cultura\u201d, destacou.<\/p>\n\n\n\n<p>A apresenta\u00e7\u00e3o marcou o in\u00edcio das comemora\u00e7\u00f5es das quatro d\u00e9cadas da Orquestra SESIMINAS e refor\u00e7ou o papel do grupo na difus\u00e3o da m\u00fasica e na forma\u00e7\u00e3o de p\u00fablico em todo o estado, celebrando uma trajet\u00f3ria que segue viva e em constante constru\u00e7\u00e3o.<br><\/p>\n\n\n\n<figure class=\"wp-block-image aligncenter size-large is-resized\"><img decoding=\"async\" src=\"https:\/\/www.fiemg.com.br\/wp-content\/uploads\/2026\/03\/image-4-1024x683.png\" alt=\"\" class=\"wp-image-32997\" style=\"width:900px\" \/><\/figure>\n\n\n\n<p><br><br><em>Denise Lucas<\/em><br><strong>Imprensa FIEMG<\/strong><\/p>\n","protected":false},"featured_media":1567,"template":"","categories":[],"tags":[],"class_list":["post-6549","noticias","type-noticias","status-publish","has-post-thumbnail","hentry"],"acf":[],"yoast_head":"<!-- This site is optimized with the Yoast SEO plugin v26.2 - https:\/\/yoast.com\/wordpress\/plugins\/seo\/ -->\n<title>Orquestra SESIMINAS celebra 40 anos com concerto especial - FIEMG<\/title>\n<meta name=\"robots\" content=\"index, follow, max-snippet:-1, max-image-preview:large, max-video-preview:-1\" \/>\n<link rel=\"canonical\" href=\"https:\/\/www.fiemg.com.br\/regional-sede\/noticias\/apresentacao-abre-a-serie-artes-e-cordas-2026-e-reune-grandes-nomes-da-musica-mineira\/\" \/>\n<meta property=\"og:locale\" content=\"pt_BR\" \/>\n<meta property=\"og:type\" content=\"article\" \/>\n<meta property=\"og:title\" content=\"Orquestra SESIMINAS celebra 40 anos com concerto especial - FIEMG\" \/>\n<meta property=\"og:description\" content=\"A Orquestra SESIMINAS iniciou, no dia 5 de mar\u00e7o de 2026, as comemora\u00e7\u00f5es de seus 40 anos de trajet\u00f3ria com um concerto especial no Teatro SESIMINAS, em Belo Horizonte. A apresenta\u00e7\u00e3o abriu oficialmente a S\u00e9rie Artes e Cordas 2026 e reuniu convidados que ajudaram a construir a hist\u00f3ria musical de Minas Gerais e do pa\u00eds, [&hellip;]\" \/>\n<meta property=\"og:url\" content=\"https:\/\/www.fiemg.com.br\/regional-sede\/noticias\/apresentacao-abre-a-serie-artes-e-cordas-2026-e-reune-grandes-nomes-da-musica-mineira\/\" \/>\n<meta property=\"og:site_name\" content=\"FIEMG\" \/>\n<meta property=\"article:modified_time\" content=\"2026-03-06T14:50:02+00:00\" \/>\n<meta property=\"og:image\" content=\"https:\/\/www.fiemg.com.br\/regional-sede\/wp-content\/uploads\/sites\/21\/2023\/08\/default.png\" \/>\n\t<meta property=\"og:image:width\" content=\"300\" \/>\n\t<meta property=\"og:image:height\" content=\"300\" \/>\n\t<meta property=\"og:image:type\" content=\"image\/png\" \/>\n<meta name=\"twitter:card\" content=\"summary_large_image\" \/>\n<meta name=\"twitter:label1\" content=\"Est. tempo de leitura\" \/>\n\t<meta name=\"twitter:data1\" content=\"5 minutos\" \/>\n<script type=\"application\/ld+json\" class=\"yoast-schema-graph\">{\"@context\":\"https:\/\/schema.org\",\"@graph\":[{\"@type\":\"WebPage\",\"@id\":\"https:\/\/www.fiemg.com.br\/regional-sede\/noticias\/apresentacao-abre-a-serie-artes-e-cordas-2026-e-reune-grandes-nomes-da-musica-mineira\/\",\"url\":\"https:\/\/www.fiemg.com.br\/regional-sede\/noticias\/apresentacao-abre-a-serie-artes-e-cordas-2026-e-reune-grandes-nomes-da-musica-mineira\/\",\"name\":\"Orquestra SESIMINAS celebra 40 anos com concerto especial - FIEMG\",\"isPartOf\":{\"@id\":\"https:\/\/www.fiemg.com.br\/regional-sede\/#website\"},\"primaryImageOfPage\":{\"@id\":\"https:\/\/www.fiemg.com.br\/regional-sede\/noticias\/apresentacao-abre-a-serie-artes-e-cordas-2026-e-reune-grandes-nomes-da-musica-mineira\/#primaryimage\"},\"image\":{\"@id\":\"https:\/\/www.fiemg.com.br\/regional-sede\/noticias\/apresentacao-abre-a-serie-artes-e-cordas-2026-e-reune-grandes-nomes-da-musica-mineira\/#primaryimage\"},\"thumbnailUrl\":\"https:\/\/www.fiemg.com.br\/regional-sede\/wp-content\/uploads\/sites\/21\/2023\/08\/default.png\",\"datePublished\":\"2026-03-06T14:49:50+00:00\",\"dateModified\":\"2026-03-06T14:50:02+00:00\",\"breadcrumb\":{\"@id\":\"https:\/\/www.fiemg.com.br\/regional-sede\/noticias\/apresentacao-abre-a-serie-artes-e-cordas-2026-e-reune-grandes-nomes-da-musica-mineira\/#breadcrumb\"},\"inLanguage\":\"pt-BR\",\"potentialAction\":[{\"@type\":\"ReadAction\",\"target\":[\"https:\/\/www.fiemg.com.br\/regional-sede\/noticias\/apresentacao-abre-a-serie-artes-e-cordas-2026-e-reune-grandes-nomes-da-musica-mineira\/\"]}]},{\"@type\":\"ImageObject\",\"inLanguage\":\"pt-BR\",\"@id\":\"https:\/\/www.fiemg.com.br\/regional-sede\/noticias\/apresentacao-abre-a-serie-artes-e-cordas-2026-e-reune-grandes-nomes-da-musica-mineira\/#primaryimage\",\"url\":\"https:\/\/www.fiemg.com.br\/regional-sede\/wp-content\/uploads\/sites\/21\/2023\/08\/default.png\",\"contentUrl\":\"https:\/\/www.fiemg.com.br\/regional-sede\/wp-content\/uploads\/sites\/21\/2023\/08\/default.png\",\"width\":300,\"height\":300},{\"@type\":\"BreadcrumbList\",\"@id\":\"https:\/\/www.fiemg.com.br\/regional-sede\/noticias\/apresentacao-abre-a-serie-artes-e-cordas-2026-e-reune-grandes-nomes-da-musica-mineira\/#breadcrumb\",\"itemListElement\":[{\"@type\":\"ListItem\",\"position\":1,\"name\":\"In\u00edcio\",\"item\":\"https:\/\/www.fiemg.com.br\/regional-sede\/\"},{\"@type\":\"ListItem\",\"position\":2,\"name\":\"Orquestra SESIMINAS celebra 40 anos com concerto especial\"}]},{\"@type\":\"WebSite\",\"@id\":\"https:\/\/www.fiemg.com.br\/regional-sede\/#website\",\"url\":\"https:\/\/www.fiemg.com.br\/regional-sede\/\",\"name\":\"FIEMG\",\"description\":\"Federa\u00e7\u00e3o das Ind\u00fastrias do Estado de Minas Gerais\",\"publisher\":{\"@id\":\"https:\/\/www.fiemg.com.br\/regional-sede\/#organization\"},\"potentialAction\":[{\"@type\":\"SearchAction\",\"target\":{\"@type\":\"EntryPoint\",\"urlTemplate\":\"https:\/\/www.fiemg.com.br\/regional-sede\/?s={search_term_string}\"},\"query-input\":{\"@type\":\"PropertyValueSpecification\",\"valueRequired\":true,\"valueName\":\"search_term_string\"}}],\"inLanguage\":\"pt-BR\"},{\"@type\":\"Organization\",\"@id\":\"https:\/\/www.fiemg.com.br\/regional-sede\/#organization\",\"name\":\"FIEMG\",\"url\":\"https:\/\/www.fiemg.com.br\/regional-sede\/\",\"logo\":{\"@type\":\"ImageObject\",\"inLanguage\":\"pt-BR\",\"@id\":\"https:\/\/www.fiemg.com.br\/regional-sede\/#\/schema\/logo\/image\/\",\"url\":\"https:\/\/www.fiemg.com.br\/regional-sede\/wp-content\/uploads\/sites\/21\/2023\/02\/Ativo-1.png\",\"contentUrl\":\"https:\/\/www.fiemg.com.br\/regional-sede\/wp-content\/uploads\/sites\/21\/2023\/02\/Ativo-1.png\",\"width\":563,\"height\":149,\"caption\":\"FIEMG\"},\"image\":{\"@id\":\"https:\/\/www.fiemg.com.br\/regional-sede\/#\/schema\/logo\/image\/\"}}]}<\/script>\n<!-- \/ Yoast SEO plugin. -->","yoast_head_json":{"title":"Orquestra SESIMINAS celebra 40 anos com concerto especial - FIEMG","robots":{"index":"index","follow":"follow","max-snippet":"max-snippet:-1","max-image-preview":"max-image-preview:large","max-video-preview":"max-video-preview:-1"},"canonical":"https:\/\/www.fiemg.com.br\/regional-sede\/noticias\/apresentacao-abre-a-serie-artes-e-cordas-2026-e-reune-grandes-nomes-da-musica-mineira\/","og_locale":"pt_BR","og_type":"article","og_title":"Orquestra SESIMINAS celebra 40 anos com concerto especial - FIEMG","og_description":"A Orquestra SESIMINAS iniciou, no dia 5 de mar\u00e7o de 2026, as comemora\u00e7\u00f5es de seus 40 anos de trajet\u00f3ria com um concerto especial no Teatro SESIMINAS, em Belo Horizonte. A apresenta\u00e7\u00e3o abriu oficialmente a S\u00e9rie Artes e Cordas 2026 e reuniu convidados que ajudaram a construir a hist\u00f3ria musical de Minas Gerais e do pa\u00eds, [&hellip;]","og_url":"https:\/\/www.fiemg.com.br\/regional-sede\/noticias\/apresentacao-abre-a-serie-artes-e-cordas-2026-e-reune-grandes-nomes-da-musica-mineira\/","og_site_name":"FIEMG","article_modified_time":"2026-03-06T14:50:02+00:00","og_image":[{"width":300,"height":300,"url":"https:\/\/www.fiemg.com.br\/regional-sede\/wp-content\/uploads\/sites\/21\/2023\/08\/default.png","type":"image\/png"}],"twitter_card":"summary_large_image","twitter_misc":{"Est. tempo de leitura":"5 minutos"},"schema":{"@context":"https:\/\/schema.org","@graph":[{"@type":"WebPage","@id":"https:\/\/www.fiemg.com.br\/regional-sede\/noticias\/apresentacao-abre-a-serie-artes-e-cordas-2026-e-reune-grandes-nomes-da-musica-mineira\/","url":"https:\/\/www.fiemg.com.br\/regional-sede\/noticias\/apresentacao-abre-a-serie-artes-e-cordas-2026-e-reune-grandes-nomes-da-musica-mineira\/","name":"Orquestra SESIMINAS celebra 40 anos com concerto especial - FIEMG","isPartOf":{"@id":"https:\/\/www.fiemg.com.br\/regional-sede\/#website"},"primaryImageOfPage":{"@id":"https:\/\/www.fiemg.com.br\/regional-sede\/noticias\/apresentacao-abre-a-serie-artes-e-cordas-2026-e-reune-grandes-nomes-da-musica-mineira\/#primaryimage"},"image":{"@id":"https:\/\/www.fiemg.com.br\/regional-sede\/noticias\/apresentacao-abre-a-serie-artes-e-cordas-2026-e-reune-grandes-nomes-da-musica-mineira\/#primaryimage"},"thumbnailUrl":"https:\/\/www.fiemg.com.br\/regional-sede\/wp-content\/uploads\/sites\/21\/2023\/08\/default.png","datePublished":"2026-03-06T14:49:50+00:00","dateModified":"2026-03-06T14:50:02+00:00","breadcrumb":{"@id":"https:\/\/www.fiemg.com.br\/regional-sede\/noticias\/apresentacao-abre-a-serie-artes-e-cordas-2026-e-reune-grandes-nomes-da-musica-mineira\/#breadcrumb"},"inLanguage":"pt-BR","potentialAction":[{"@type":"ReadAction","target":["https:\/\/www.fiemg.com.br\/regional-sede\/noticias\/apresentacao-abre-a-serie-artes-e-cordas-2026-e-reune-grandes-nomes-da-musica-mineira\/"]}]},{"@type":"ImageObject","inLanguage":"pt-BR","@id":"https:\/\/www.fiemg.com.br\/regional-sede\/noticias\/apresentacao-abre-a-serie-artes-e-cordas-2026-e-reune-grandes-nomes-da-musica-mineira\/#primaryimage","url":"https:\/\/www.fiemg.com.br\/regional-sede\/wp-content\/uploads\/sites\/21\/2023\/08\/default.png","contentUrl":"https:\/\/www.fiemg.com.br\/regional-sede\/wp-content\/uploads\/sites\/21\/2023\/08\/default.png","width":300,"height":300},{"@type":"BreadcrumbList","@id":"https:\/\/www.fiemg.com.br\/regional-sede\/noticias\/apresentacao-abre-a-serie-artes-e-cordas-2026-e-reune-grandes-nomes-da-musica-mineira\/#breadcrumb","itemListElement":[{"@type":"ListItem","position":1,"name":"In\u00edcio","item":"https:\/\/www.fiemg.com.br\/regional-sede\/"},{"@type":"ListItem","position":2,"name":"Orquestra SESIMINAS celebra 40 anos com concerto especial"}]},{"@type":"WebSite","@id":"https:\/\/www.fiemg.com.br\/regional-sede\/#website","url":"https:\/\/www.fiemg.com.br\/regional-sede\/","name":"FIEMG","description":"Federa\u00e7\u00e3o das Ind\u00fastrias do Estado de Minas Gerais","publisher":{"@id":"https:\/\/www.fiemg.com.br\/regional-sede\/#organization"},"potentialAction":[{"@type":"SearchAction","target":{"@type":"EntryPoint","urlTemplate":"https:\/\/www.fiemg.com.br\/regional-sede\/?s={search_term_string}"},"query-input":{"@type":"PropertyValueSpecification","valueRequired":true,"valueName":"search_term_string"}}],"inLanguage":"pt-BR"},{"@type":"Organization","@id":"https:\/\/www.fiemg.com.br\/regional-sede\/#organization","name":"FIEMG","url":"https:\/\/www.fiemg.com.br\/regional-sede\/","logo":{"@type":"ImageObject","inLanguage":"pt-BR","@id":"https:\/\/www.fiemg.com.br\/regional-sede\/#\/schema\/logo\/image\/","url":"https:\/\/www.fiemg.com.br\/regional-sede\/wp-content\/uploads\/sites\/21\/2023\/02\/Ativo-1.png","contentUrl":"https:\/\/www.fiemg.com.br\/regional-sede\/wp-content\/uploads\/sites\/21\/2023\/02\/Ativo-1.png","width":563,"height":149,"caption":"FIEMG"},"image":{"@id":"https:\/\/www.fiemg.com.br\/regional-sede\/#\/schema\/logo\/image\/"}}]}},"_links":{"self":[{"href":"https:\/\/www.fiemg.com.br\/regional-sede\/wp-json\/wp\/v2\/noticias\/6549","targetHints":{"allow":["GET"]}}],"collection":[{"href":"https:\/\/www.fiemg.com.br\/regional-sede\/wp-json\/wp\/v2\/noticias"}],"about":[{"href":"https:\/\/www.fiemg.com.br\/regional-sede\/wp-json\/wp\/v2\/types\/noticias"}],"wp:featuredmedia":[{"embeddable":true,"href":"https:\/\/www.fiemg.com.br\/regional-sede\/wp-json\/wp\/v2\/media\/1567"}],"wp:attachment":[{"href":"https:\/\/www.fiemg.com.br\/regional-sede\/wp-json\/wp\/v2\/media?parent=6549"}],"wp:term":[{"taxonomy":"category","embeddable":true,"href":"https:\/\/www.fiemg.com.br\/regional-sede\/wp-json\/wp\/v2\/categories?post=6549"},{"taxonomy":"post_tag","embeddable":true,"href":"https:\/\/www.fiemg.com.br\/regional-sede\/wp-json\/wp\/v2\/tags?post=6549"}],"curies":[{"name":"wp","href":"https:\/\/api.w.org\/{rel}","templated":true}]}}