{"id":6560,"date":"2026-03-09T14:54:32","date_gmt":"2026-03-09T17:54:32","guid":{"rendered":"https:\/\/www.fiemg.com.br\/regional-sede\/noticias\/fiemg-regional-zona-da-mata-participa-de-reuniao-com-onu-e-sedese-para-discutir-acoes-pos-tragedia-das-chuvas\/"},"modified":"2026-03-09T16:44:15","modified_gmt":"2026-03-09T19:44:15","slug":"fiemg-regional-zona-da-mata-participa-de-reuniao-com-onu-e-sedese-para-discutir-acoes-pos-tragedia-das-chuvas","status":"publish","type":"noticias","link":"https:\/\/www.fiemg.com.br\/regional-sede\/noticias\/fiemg-regional-zona-da-mata-participa-de-reuniao-com-onu-e-sedese-para-discutir-acoes-pos-tragedia-das-chuvas\/","title":{"rendered":"FIEMG Regional Zona da Mata participa de reuni\u00e3o com ONU e SEDESE para discutir a\u00e7\u00f5es p\u00f3s-trag\u00e9dia das chuvas"},"content":{"rendered":"\n<p>No dia 5 de mar\u00e7o, a presidente da FIEMG Regional Zona da Mata e do Sindicato das Ind\u00fastrias do Vestu\u00e1rio de Juiz de Fora e Governador Valadares e das Ind\u00fastrias de Malharias de Juiz de Fora (Sindivest JF-GV), Mari\u00e2ngela Marcon, participou de uma reuni\u00e3o de car\u00e1ter emergencial com representantes da Secretaria de Estado de Desenvolvimento Social de Minas Gerais (Sedese), Invest Minas, Ag\u00eancia de Migra\u00e7\u00e3o da ONU (Organiza\u00e7\u00e3o das Na\u00e7\u00f5es Unidas), Federa\u00e7\u00e3o das Associa\u00e7\u00f5es Comerciais e Empresariais do Estado de Minas Gerais (Federaminas) e da Associa\u00e7\u00e3o Comercial e Empresarial de Juiz de Fora (ACEJF).<\/p>\n\n\n\n<p>O encontro, realizado na sede do Escrit\u00f3rio da Sedese em Juiz de Fora, teve como principal objetivo debater as a\u00e7\u00f5es de enfrentamento da trag\u00e9dia provocada pelas fortes chuvas que atingiram a regi\u00e3o da Zona da Mata, afetando especialmente os munic\u00edpios de Ub\u00e1, Juiz de Fora, Matias Barbosa, Cataguases e tamb\u00e9m Ewbanck da C\u00e2mara, Divin\u00e9sia, Silveir\u00e2nia, Rodeiro, Senador Firmino, Dona Eus\u00e9bia e Astolfo Dutra.<\/p>\n\n\n\n<p>Durante a reuni\u00e3o, foi discutido o cen\u00e1rio de calamidade enfrentado por essas cidades. As piores situa\u00e7\u00f5es est\u00e3o em Ub\u00e1 e Juiz de Fora. O munic\u00edpio de Ub\u00e1, que tem um dos maiores polos moveleiros do Brasil, sofreu perdas devastadoras, com 6 mortes, 27 ind\u00fastrias impactadas e mais de 90% do com\u00e9rcio da cidade afetado, &nbsp;sendo 72% com danos graves em estoques, maquin\u00e1rio e ve\u00edculos. Juiz de Fora registrou 498 desabrigados, 8.800 desalojados e 65 mortes. A reuni\u00e3o foi um ponto de partida para a defini\u00e7\u00e3o de a\u00e7\u00f5es coordenadas para auxiliar a popula\u00e7\u00e3o e empresas atingidas.<\/p>\n\n\n\n<p><strong>A\u00e7\u00f5es emergenciais e pol\u00edticas p\u00fablicas de reconstru\u00e7\u00e3o<\/strong><\/p>\n\n\n\n<p>Entre as a\u00e7\u00f5es discutidas, estavam a realoca\u00e7\u00e3o das fam\u00edlias que perderam suas casas, a doa\u00e7\u00e3o de \u201ckits recome\u00e7o\u201d, compostos por m\u00f3veis e eletrodom\u00e9sticos, al\u00e9m de cart\u00f5es com os valores arrecadados pela campanha. A necessidade de uma coordena\u00e7\u00e3o entre as diferentes esferas de poder (municipal, estadual e federal) e institui\u00e7\u00f5es privadas foi destacada, com foco na cria\u00e7\u00e3o de pol\u00edticas p\u00fablicas que atendam a popula\u00e7\u00e3o atingida, promovam a inclus\u00e3o produtiva e estimulem o fortalecimento do com\u00e9rcio local.<\/p>\n\n\n\n<p>De acordo com Igor Burkowski, assessor da Invest Minas Regional Zona da Mata, a prioridade deve ser a garantia de trabalho e emprego, assegurando que as empresas afetadas consigam manter seus postos de trabalho. Ele ressaltou a import\u00e2ncia de a\u00e7\u00f5es que garantam recupera\u00e7\u00e3o econ\u00f4mica e social para os atingidos, com foco na reconstru\u00e7\u00e3o das \u00e1reas devastadas e no aux\u00edlio ao setor produtivo local.<\/p>\n\n\n\n<p>A presidente da FIEMG Regional ZM, Mari\u00e2ngela Marcon, aproveitou a reuni\u00e3o para apresentar o plano de a\u00e7\u00e3o da FIEMG, destacando as diversas a\u00e7\u00f5es j\u00e1 realizadas pela entidade e seus sindicatos patronais, incluindo a articula\u00e7\u00e3o de medidas emergenciais de apoio, como a doa\u00e7\u00e3o de colch\u00f5es, leite, cal\u00e7ados, al\u00e9m do valor de R$ 1 milh\u00e3o para o Servas, que utilizar\u00e1 o recurso na distribui\u00e7\u00e3o de cart\u00f5es humanit\u00e1rios.<\/p>\n\n\n\n<p>\u201cA FIEMG tamb\u00e9m fez o mapeamento das empresas atingidas e se disponibilizou atuar em prol da reestrutura\u00e7\u00e3o da ind\u00fastria, para que possa retomar sua atividade, manter os empregos e produtividade, por meio da disponibiliza\u00e7\u00e3o de t\u00e9cnicos do SENAI para avalia\u00e7\u00e3o e conserto gratuito do maquin\u00e1rio afetado. A entidade tamb\u00e9m articulou junto aos governos estadual e federal a ado\u00e7\u00e3o de benef\u00edcios fiscais \u00e0s empresas prejudicadas\u201d, destacou Mari\u00e2ngela.<\/p>\n\n\n\n<p><strong>Colabora\u00e7\u00e3o entre poder p\u00fablico, setor privado e organismos internacionais<\/strong><\/p>\n\n\n\n<p>A reuni\u00e3o foi um importante momento de integra\u00e7\u00e3o entre poder p\u00fablico, setor privado e organismos internacionais, com o intuito de transformar preocupa\u00e7\u00f5es em a\u00e7\u00f5es concretas e coordenadas. A FIEMG reafirmou seu compromisso com planejamento, agilidade e humanidade nas a\u00e7\u00f5es de apoio aos atingidos.<\/p>\n\n\n\n<p>Tamb\u00e9m participaram do encontro a consultora interna de Comunica\u00e7\u00e3o da FIEMG, Graciele Vianna, e o analista de Rela\u00e7\u00f5es Empresariais, Gilmar Peixoto. A FIEMG continua sua atua\u00e7\u00e3o firme no apoio \u00e0s cidades afetadas, buscando solu\u00e7\u00f5es concretas para a reconstru\u00e7\u00e3o econ\u00f4mica e social, com \u00eanfase no fortalecimento das empresas, na gera\u00e7\u00e3o de empregos e na recupera\u00e7\u00e3o da ind\u00fastria e do com\u00e9rcio local.<\/p>\n\n\n\n<p>.<\/p>\n\n\n\n<p><em>Graciele Vianna<\/em><\/p>\n\n\n\n<p><strong>Imprensa FIEMG<\/strong><\/p>\n","protected":false},"featured_media":1567,"template":"","categories":[],"tags":[],"class_list":["post-6560","noticias","type-noticias","status-publish","has-post-thumbnail","hentry"],"acf":[],"yoast_head":"<!-- This site is optimized with the Yoast SEO plugin v26.2 - https:\/\/yoast.com\/wordpress\/plugins\/seo\/ -->\n<title>FIEMG Regional Zona da Mata participa de reuni\u00e3o com ONU e SEDESE para discutir a\u00e7\u00f5es p\u00f3s-trag\u00e9dia das chuvas - FIEMG<\/title>\n<meta name=\"robots\" content=\"index, follow, max-snippet:-1, max-image-preview:large, max-video-preview:-1\" \/>\n<link rel=\"canonical\" href=\"https:\/\/www.fiemg.com.br\/regional-sede\/noticias\/fiemg-regional-zona-da-mata-participa-de-reuniao-com-onu-e-sedese-para-discutir-acoes-pos-tragedia-das-chuvas\/\" \/>\n<meta property=\"og:locale\" content=\"pt_BR\" \/>\n<meta property=\"og:type\" content=\"article\" \/>\n<meta property=\"og:title\" content=\"FIEMG Regional Zona da Mata participa de reuni\u00e3o com ONU e SEDESE para discutir a\u00e7\u00f5es p\u00f3s-trag\u00e9dia das chuvas - FIEMG\" \/>\n<meta property=\"og:description\" content=\"No dia 5 de mar\u00e7o, a presidente da FIEMG Regional Zona da Mata e do Sindicato das Ind\u00fastrias do Vestu\u00e1rio de Juiz de Fora e Governador Valadares e das Ind\u00fastrias de Malharias de Juiz de Fora (Sindivest JF-GV), Mari\u00e2ngela Marcon, participou de uma reuni\u00e3o de car\u00e1ter emergencial com representantes da Secretaria de Estado de Desenvolvimento [&hellip;]\" \/>\n<meta property=\"og:url\" content=\"https:\/\/www.fiemg.com.br\/regional-sede\/noticias\/fiemg-regional-zona-da-mata-participa-de-reuniao-com-onu-e-sedese-para-discutir-acoes-pos-tragedia-das-chuvas\/\" \/>\n<meta property=\"og:site_name\" content=\"FIEMG\" \/>\n<meta property=\"article:modified_time\" content=\"2026-03-09T19:44:15+00:00\" \/>\n<meta property=\"og:image\" content=\"https:\/\/www.fiemg.com.br\/regional-sede\/wp-content\/uploads\/sites\/21\/2023\/08\/default.png\" \/>\n\t<meta property=\"og:image:width\" content=\"300\" \/>\n\t<meta property=\"og:image:height\" content=\"300\" \/>\n\t<meta property=\"og:image:type\" content=\"image\/png\" \/>\n<meta name=\"twitter:card\" content=\"summary_large_image\" \/>\n<meta name=\"twitter:label1\" content=\"Est. tempo de leitura\" \/>\n\t<meta name=\"twitter:data1\" content=\"4 minutos\" \/>\n<script type=\"application\/ld+json\" class=\"yoast-schema-graph\">{\"@context\":\"https:\/\/schema.org\",\"@graph\":[{\"@type\":\"WebPage\",\"@id\":\"https:\/\/www.fiemg.com.br\/regional-sede\/noticias\/fiemg-regional-zona-da-mata-participa-de-reuniao-com-onu-e-sedese-para-discutir-acoes-pos-tragedia-das-chuvas\/\",\"url\":\"https:\/\/www.fiemg.com.br\/regional-sede\/noticias\/fiemg-regional-zona-da-mata-participa-de-reuniao-com-onu-e-sedese-para-discutir-acoes-pos-tragedia-das-chuvas\/\",\"name\":\"FIEMG Regional Zona da Mata participa de reuni\u00e3o com ONU e SEDESE para discutir a\u00e7\u00f5es p\u00f3s-trag\u00e9dia das chuvas - FIEMG\",\"isPartOf\":{\"@id\":\"https:\/\/www.fiemg.com.br\/regional-sede\/#website\"},\"primaryImageOfPage\":{\"@id\":\"https:\/\/www.fiemg.com.br\/regional-sede\/noticias\/fiemg-regional-zona-da-mata-participa-de-reuniao-com-onu-e-sedese-para-discutir-acoes-pos-tragedia-das-chuvas\/#primaryimage\"},\"image\":{\"@id\":\"https:\/\/www.fiemg.com.br\/regional-sede\/noticias\/fiemg-regional-zona-da-mata-participa-de-reuniao-com-onu-e-sedese-para-discutir-acoes-pos-tragedia-das-chuvas\/#primaryimage\"},\"thumbnailUrl\":\"https:\/\/www.fiemg.com.br\/regional-sede\/wp-content\/uploads\/sites\/21\/2023\/08\/default.png\",\"datePublished\":\"2026-03-09T17:54:32+00:00\",\"dateModified\":\"2026-03-09T19:44:15+00:00\",\"breadcrumb\":{\"@id\":\"https:\/\/www.fiemg.com.br\/regional-sede\/noticias\/fiemg-regional-zona-da-mata-participa-de-reuniao-com-onu-e-sedese-para-discutir-acoes-pos-tragedia-das-chuvas\/#breadcrumb\"},\"inLanguage\":\"pt-BR\",\"potentialAction\":[{\"@type\":\"ReadAction\",\"target\":[\"https:\/\/www.fiemg.com.br\/regional-sede\/noticias\/fiemg-regional-zona-da-mata-participa-de-reuniao-com-onu-e-sedese-para-discutir-acoes-pos-tragedia-das-chuvas\/\"]}]},{\"@type\":\"ImageObject\",\"inLanguage\":\"pt-BR\",\"@id\":\"https:\/\/www.fiemg.com.br\/regional-sede\/noticias\/fiemg-regional-zona-da-mata-participa-de-reuniao-com-onu-e-sedese-para-discutir-acoes-pos-tragedia-das-chuvas\/#primaryimage\",\"url\":\"https:\/\/www.fiemg.com.br\/regional-sede\/wp-content\/uploads\/sites\/21\/2023\/08\/default.png\",\"contentUrl\":\"https:\/\/www.fiemg.com.br\/regional-sede\/wp-content\/uploads\/sites\/21\/2023\/08\/default.png\",\"width\":300,\"height\":300},{\"@type\":\"BreadcrumbList\",\"@id\":\"https:\/\/www.fiemg.com.br\/regional-sede\/noticias\/fiemg-regional-zona-da-mata-participa-de-reuniao-com-onu-e-sedese-para-discutir-acoes-pos-tragedia-das-chuvas\/#breadcrumb\",\"itemListElement\":[{\"@type\":\"ListItem\",\"position\":1,\"name\":\"In\u00edcio\",\"item\":\"https:\/\/www.fiemg.com.br\/regional-sede\/\"},{\"@type\":\"ListItem\",\"position\":2,\"name\":\"FIEMG Regional Zona da Mata participa de reuni\u00e3o com ONU e SEDESE para discutir a\u00e7\u00f5es p\u00f3s-trag\u00e9dia das chuvas\"}]},{\"@type\":\"WebSite\",\"@id\":\"https:\/\/www.fiemg.com.br\/regional-sede\/#website\",\"url\":\"https:\/\/www.fiemg.com.br\/regional-sede\/\",\"name\":\"FIEMG\",\"description\":\"Federa\u00e7\u00e3o das Ind\u00fastrias do Estado de Minas Gerais\",\"publisher\":{\"@id\":\"https:\/\/www.fiemg.com.br\/regional-sede\/#organization\"},\"potentialAction\":[{\"@type\":\"SearchAction\",\"target\":{\"@type\":\"EntryPoint\",\"urlTemplate\":\"https:\/\/www.fiemg.com.br\/regional-sede\/?s={search_term_string}\"},\"query-input\":{\"@type\":\"PropertyValueSpecification\",\"valueRequired\":true,\"valueName\":\"search_term_string\"}}],\"inLanguage\":\"pt-BR\"},{\"@type\":\"Organization\",\"@id\":\"https:\/\/www.fiemg.com.br\/regional-sede\/#organization\",\"name\":\"FIEMG\",\"url\":\"https:\/\/www.fiemg.com.br\/regional-sede\/\",\"logo\":{\"@type\":\"ImageObject\",\"inLanguage\":\"pt-BR\",\"@id\":\"https:\/\/www.fiemg.com.br\/regional-sede\/#\/schema\/logo\/image\/\",\"url\":\"https:\/\/www.fiemg.com.br\/regional-sede\/wp-content\/uploads\/sites\/21\/2023\/02\/Ativo-1.png\",\"contentUrl\":\"https:\/\/www.fiemg.com.br\/regional-sede\/wp-content\/uploads\/sites\/21\/2023\/02\/Ativo-1.png\",\"width\":563,\"height\":149,\"caption\":\"FIEMG\"},\"image\":{\"@id\":\"https:\/\/www.fiemg.com.br\/regional-sede\/#\/schema\/logo\/image\/\"}}]}<\/script>\n<!-- \/ Yoast SEO plugin. -->","yoast_head_json":{"title":"FIEMG Regional Zona da Mata participa de reuni\u00e3o com ONU e SEDESE para discutir a\u00e7\u00f5es p\u00f3s-trag\u00e9dia das chuvas - FIEMG","robots":{"index":"index","follow":"follow","max-snippet":"max-snippet:-1","max-image-preview":"max-image-preview:large","max-video-preview":"max-video-preview:-1"},"canonical":"https:\/\/www.fiemg.com.br\/regional-sede\/noticias\/fiemg-regional-zona-da-mata-participa-de-reuniao-com-onu-e-sedese-para-discutir-acoes-pos-tragedia-das-chuvas\/","og_locale":"pt_BR","og_type":"article","og_title":"FIEMG Regional Zona da Mata participa de reuni\u00e3o com ONU e SEDESE para discutir a\u00e7\u00f5es p\u00f3s-trag\u00e9dia das chuvas - FIEMG","og_description":"No dia 5 de mar\u00e7o, a presidente da FIEMG Regional Zona da Mata e do Sindicato das Ind\u00fastrias do Vestu\u00e1rio de Juiz de Fora e Governador Valadares e das Ind\u00fastrias de Malharias de Juiz de Fora (Sindivest JF-GV), Mari\u00e2ngela Marcon, participou de uma reuni\u00e3o de car\u00e1ter emergencial com representantes da Secretaria de Estado de Desenvolvimento [&hellip;]","og_url":"https:\/\/www.fiemg.com.br\/regional-sede\/noticias\/fiemg-regional-zona-da-mata-participa-de-reuniao-com-onu-e-sedese-para-discutir-acoes-pos-tragedia-das-chuvas\/","og_site_name":"FIEMG","article_modified_time":"2026-03-09T19:44:15+00:00","og_image":[{"width":300,"height":300,"url":"https:\/\/www.fiemg.com.br\/regional-sede\/wp-content\/uploads\/sites\/21\/2023\/08\/default.png","type":"image\/png"}],"twitter_card":"summary_large_image","twitter_misc":{"Est. tempo de leitura":"4 minutos"},"schema":{"@context":"https:\/\/schema.org","@graph":[{"@type":"WebPage","@id":"https:\/\/www.fiemg.com.br\/regional-sede\/noticias\/fiemg-regional-zona-da-mata-participa-de-reuniao-com-onu-e-sedese-para-discutir-acoes-pos-tragedia-das-chuvas\/","url":"https:\/\/www.fiemg.com.br\/regional-sede\/noticias\/fiemg-regional-zona-da-mata-participa-de-reuniao-com-onu-e-sedese-para-discutir-acoes-pos-tragedia-das-chuvas\/","name":"FIEMG Regional Zona da Mata participa de reuni\u00e3o com ONU e SEDESE para discutir a\u00e7\u00f5es p\u00f3s-trag\u00e9dia das chuvas - FIEMG","isPartOf":{"@id":"https:\/\/www.fiemg.com.br\/regional-sede\/#website"},"primaryImageOfPage":{"@id":"https:\/\/www.fiemg.com.br\/regional-sede\/noticias\/fiemg-regional-zona-da-mata-participa-de-reuniao-com-onu-e-sedese-para-discutir-acoes-pos-tragedia-das-chuvas\/#primaryimage"},"image":{"@id":"https:\/\/www.fiemg.com.br\/regional-sede\/noticias\/fiemg-regional-zona-da-mata-participa-de-reuniao-com-onu-e-sedese-para-discutir-acoes-pos-tragedia-das-chuvas\/#primaryimage"},"thumbnailUrl":"https:\/\/www.fiemg.com.br\/regional-sede\/wp-content\/uploads\/sites\/21\/2023\/08\/default.png","datePublished":"2026-03-09T17:54:32+00:00","dateModified":"2026-03-09T19:44:15+00:00","breadcrumb":{"@id":"https:\/\/www.fiemg.com.br\/regional-sede\/noticias\/fiemg-regional-zona-da-mata-participa-de-reuniao-com-onu-e-sedese-para-discutir-acoes-pos-tragedia-das-chuvas\/#breadcrumb"},"inLanguage":"pt-BR","potentialAction":[{"@type":"ReadAction","target":["https:\/\/www.fiemg.com.br\/regional-sede\/noticias\/fiemg-regional-zona-da-mata-participa-de-reuniao-com-onu-e-sedese-para-discutir-acoes-pos-tragedia-das-chuvas\/"]}]},{"@type":"ImageObject","inLanguage":"pt-BR","@id":"https:\/\/www.fiemg.com.br\/regional-sede\/noticias\/fiemg-regional-zona-da-mata-participa-de-reuniao-com-onu-e-sedese-para-discutir-acoes-pos-tragedia-das-chuvas\/#primaryimage","url":"https:\/\/www.fiemg.com.br\/regional-sede\/wp-content\/uploads\/sites\/21\/2023\/08\/default.png","contentUrl":"https:\/\/www.fiemg.com.br\/regional-sede\/wp-content\/uploads\/sites\/21\/2023\/08\/default.png","width":300,"height":300},{"@type":"BreadcrumbList","@id":"https:\/\/www.fiemg.com.br\/regional-sede\/noticias\/fiemg-regional-zona-da-mata-participa-de-reuniao-com-onu-e-sedese-para-discutir-acoes-pos-tragedia-das-chuvas\/#breadcrumb","itemListElement":[{"@type":"ListItem","position":1,"name":"In\u00edcio","item":"https:\/\/www.fiemg.com.br\/regional-sede\/"},{"@type":"ListItem","position":2,"name":"FIEMG Regional Zona da Mata participa de reuni\u00e3o com ONU e SEDESE para discutir a\u00e7\u00f5es p\u00f3s-trag\u00e9dia das chuvas"}]},{"@type":"WebSite","@id":"https:\/\/www.fiemg.com.br\/regional-sede\/#website","url":"https:\/\/www.fiemg.com.br\/regional-sede\/","name":"FIEMG","description":"Federa\u00e7\u00e3o das Ind\u00fastrias do Estado de Minas Gerais","publisher":{"@id":"https:\/\/www.fiemg.com.br\/regional-sede\/#organization"},"potentialAction":[{"@type":"SearchAction","target":{"@type":"EntryPoint","urlTemplate":"https:\/\/www.fiemg.com.br\/regional-sede\/?s={search_term_string}"},"query-input":{"@type":"PropertyValueSpecification","valueRequired":true,"valueName":"search_term_string"}}],"inLanguage":"pt-BR"},{"@type":"Organization","@id":"https:\/\/www.fiemg.com.br\/regional-sede\/#organization","name":"FIEMG","url":"https:\/\/www.fiemg.com.br\/regional-sede\/","logo":{"@type":"ImageObject","inLanguage":"pt-BR","@id":"https:\/\/www.fiemg.com.br\/regional-sede\/#\/schema\/logo\/image\/","url":"https:\/\/www.fiemg.com.br\/regional-sede\/wp-content\/uploads\/sites\/21\/2023\/02\/Ativo-1.png","contentUrl":"https:\/\/www.fiemg.com.br\/regional-sede\/wp-content\/uploads\/sites\/21\/2023\/02\/Ativo-1.png","width":563,"height":149,"caption":"FIEMG"},"image":{"@id":"https:\/\/www.fiemg.com.br\/regional-sede\/#\/schema\/logo\/image\/"}}]}},"_links":{"self":[{"href":"https:\/\/www.fiemg.com.br\/regional-sede\/wp-json\/wp\/v2\/noticias\/6560","targetHints":{"allow":["GET"]}}],"collection":[{"href":"https:\/\/www.fiemg.com.br\/regional-sede\/wp-json\/wp\/v2\/noticias"}],"about":[{"href":"https:\/\/www.fiemg.com.br\/regional-sede\/wp-json\/wp\/v2\/types\/noticias"}],"wp:featuredmedia":[{"embeddable":true,"href":"https:\/\/www.fiemg.com.br\/regional-sede\/wp-json\/wp\/v2\/media\/1567"}],"wp:attachment":[{"href":"https:\/\/www.fiemg.com.br\/regional-sede\/wp-json\/wp\/v2\/media?parent=6560"}],"wp:term":[{"taxonomy":"category","embeddable":true,"href":"https:\/\/www.fiemg.com.br\/regional-sede\/wp-json\/wp\/v2\/categories?post=6560"},{"taxonomy":"post_tag","embeddable":true,"href":"https:\/\/www.fiemg.com.br\/regional-sede\/wp-json\/wp\/v2\/tags?post=6560"}],"curies":[{"name":"wp","href":"https:\/\/api.w.org\/{rel}","templated":true}]}}