{"id":6562,"date":"2026-03-16T08:22:11","date_gmt":"2026-03-16T11:22:11","guid":{"rendered":"https:\/\/www.fiemg.com.br\/regional-sede\/noticias\/peca-historica-exibida-no-smithsonian-em-washington-volta-a-belo-horizonte-no-dia-13-de-marco-e-sera-reincorporada-a-exposicao-de-longa-duracao-do-museu\/"},"modified":"2026-03-16T11:57:10","modified_gmt":"2026-03-16T14:57:10","slug":"peca-historica-exibida-no-smithsonian-em-washington-volta-a-belo-horizonte-no-dia-13-de-marco-e-sera-reincorporada-a-exposicao-de-longa-duracao-do-museu","status":"publish","type":"noticias","link":"https:\/\/www.fiemg.com.br\/regional-sede\/noticias\/peca-historica-exibida-no-smithsonian-em-washington-volta-a-belo-horizonte-no-dia-13-de-marco-e-sera-reincorporada-a-exposicao-de-longa-duracao-do-museu\/","title":{"rendered":"Balan\u00e7a do s\u00e9culo XVIII retorna ao SESI Museu de Artes e Of\u00edcios ap\u00f3s itiner\u00e2ncia internacional"},"content":{"rendered":"\n<p>Uma rara balan\u00e7a de mercadorias do s\u00e9culo XVIII, pertencente ao acervo do SESI Museu de Artes e Of\u00edcios (SESI MAO), em Belo Horizonte, retornou ao espa\u00e7o cultural no dia 13 de mar\u00e7o, ap\u00f3s integrar uma importante itiner\u00e2ncia internacional dedicada \u00e0 reflex\u00e3o sobre a hist\u00f3ria da escravid\u00e3o e seus impactos contempor\u00e2neos.<\/p>\n\n\n\n<figure class=\"wp-block-image alignleft size-large is-resized\"><img fetchpriority=\"high\" decoding=\"async\" width=\"685\" height=\"1024\" src=\"https:\/\/www.fiemg.com.br\/regional-sede\/wp-content\/uploads\/sites\/21\/2026\/03\/image-685x1024.jpeg\" alt=\"\" class=\"wp-image-6565\" style=\"width:379px;height:auto\" srcset=\"https:\/\/www.fiemg.com.br\/regional-sede\/wp-content\/uploads\/sites\/21\/2026\/03\/image-685x1024.jpeg 685w, https:\/\/www.fiemg.com.br\/regional-sede\/wp-content\/uploads\/sites\/21\/2026\/03\/image-201x300.jpeg 201w, https:\/\/www.fiemg.com.br\/regional-sede\/wp-content\/uploads\/sites\/21\/2026\/03\/image-768x1148.jpeg 768w, https:\/\/www.fiemg.com.br\/regional-sede\/wp-content\/uploads\/sites\/21\/2026\/03\/image-1027x1536.jpeg 1027w, https:\/\/www.fiemg.com.br\/regional-sede\/wp-content\/uploads\/sites\/21\/2026\/03\/image.jpeg 1070w\" sizes=\"(max-width: 685px) 100vw, 685px\" \/><\/figure>\n\n\n\n<p>Marcada com a data de 1767 em seu travess\u00e3o, a pe\u00e7a foi originalmente adquirida em Salvador, na Bahia, e \u00e9 considerada um testemunho material de um per\u00edodo crucial da hist\u00f3ria mundial. Historicamente atribu\u00edda a uma fazenda real, a balan\u00e7a teria sido utilizada na pesagem de pessoas escravizadas, pr\u00e1tica documentada principalmente na Am\u00e9rica do Norte. Diferentemente do Brasil, onde esse procedimento n\u00e3o era comum, registros hist\u00f3ricos da Biblioteca de Nova York indicam que a comercializa\u00e7\u00e3o de pessoas por peso ocorria com frequ\u00eancia naquele contexto, especialmente envolvendo mulheres e crian\u00e7as.<\/p>\n\n\n\n<p>A balan\u00e7a integrou a exposi\u00e7\u00e3o In Slavery\u2019s Wake: Making Black Freedom in the World, apresentada no Smithsonian National Museum of African American History and Culture, em Washington, nos Estados Unidos, entre 13 de dezembro de 2024 e 8 de junho de 2025, durante a etapa norte-americana da mostra itinerante. Exibida logo na entrada do percurso expositivo, a pe\u00e7a brasileira assumiu posi\u00e7\u00e3o de destaque ao introduzir o p\u00fablico \u00e0 dimens\u00e3o global da escravid\u00e3o e do colonialismo. <br><br>Ao longo do per\u00edodo, a exposi\u00e7\u00e3o recebeu mais de 100 mil visitantes, com m\u00e9dia di\u00e1ria de aproximadamente 900 pessoas. A recep\u00e7\u00e3o do p\u00fablico foi marcada por forte impacto simb\u00f3lico. A balan\u00e7a provocou reflex\u00f5es sobre o \u201cpeso\u201d hist\u00f3rico da escravid\u00e3o e gerou respostas registradas em diferentes idiomas, reunindo mais de 5 mil depoimentos deixados por visitantes ao final da mostra.<\/p>\n\n\n\n<p class=\"has-text-align-left\">Amplamente repercutida pela imprensa internacional, a pe\u00e7a foi frequentemente citada como um dos elementos mais expressivos da exposi\u00e7\u00e3o, tanto pela sua materialidade quanto pelo que revela sobre a l\u00f3gica de mercantiliza\u00e7\u00e3o da vida humana.<\/p>\n\n\n\n<p>Encerrada a etapa nos Estados Unidos, a balan\u00e7a seguiu para o Brasil e passou a ser exibida no Museu Hist\u00f3rico Nacional, no Rio de Janeiro, desde novembro de 2025, com encerramento previsto para mar\u00e7o de 2026.<\/p>\n\n\n\n<p class=\"has-text-align-left\">O retorno ao SESI Museu de Artes e Of\u00edcios est\u00e1 marcado para 13 de mar\u00e7o, quando a pe\u00e7a ser\u00e1 novamente incorporada \u00e0 exposi\u00e7\u00e3o de longa dura\u00e7\u00e3o do museu em Belo Horizonte. A circula\u00e7\u00e3o internacional ampliou o alcance cultural do objeto e refor\u00e7ou o papel dos museus na promo\u00e7\u00e3o de debates sobre mem\u00f3ria, hist\u00f3ria e justi\u00e7a social.<br><br> Segundo Karla Bittar, gerente de Cultura do SESI-MG, a participa\u00e7\u00e3o da pe\u00e7a em exposi\u00e7\u00f5es internacionais amplia o di\u00e1logo sobre o passado e suas perman\u00eancias no presente. \u201cMuseus n\u00e3o apenas preservam objetos, mas tamb\u00e9m fomentam di\u00e1logos essenciais sobre quest\u00f5es sociais e hist\u00f3ricas. Levar esta pe\u00e7a para um p\u00fablico internacional \u00e9 fundamental para conectar narrativas e ampliar o conhecimento sobre o tema.<br><\/p>\n\n\n\n<p class=\"has-text-align-left\"><strong>Exposi\u00e7\u00e3o permanente<br>Local:<\/strong> SESI Museu de Artes e Of\u00edcios (SESI MAO) &#8211; Pra\u00e7a da Esta\u00e7\u00e3o, Centro, Belo Horizonte<br><strong>Funcionamento:<\/strong> de ter\u00e7a a sexta-feira, das 10h \u00e0s 17h, e aos s\u00e1bados e feriados, das 9h \u00e0s 17h.<br><em>Entrada gratuita <br><\/em><br><strong>Of\u00edcios<\/strong> &#8211; O SESI MAO possui um acervo original de pe\u00e7as dos s\u00e9culos XVIII ao XX, que representa os of\u00edcios do Brasil pr\u00e9-industrial. Ferramentas, m\u00e1quinas e utens\u00edlios que preservam e valorizam o saber fazer dos trabalhadores brasileiros.<\/p>\n\n\n\n<p><strong>Espa\u00e7o Cemig SESI de Efici\u00eancia Energ\u00e9tica<\/strong> <strong>no SESI MAO<\/strong> &#8211; Neste espa\u00e7o l\u00fadico e interativo, a Cemig, em parceria com o SESI MG, utiliza ferramentas essenciais como educa\u00e7\u00e3o, tecnologia, arte e cultura para a disseminar o conhecimento sobre energia em Minas Gerais.<\/p>\n\n\n\n<p><strong>Exposi\u00e7\u00e3o &#8220;Sobre a Terra&#8221;<\/strong> -Em &#8220;Sobre a Terra&#8221;, Br\u00edgida Campbell articula pintura, desenho, colagem e ilustra\u00e7\u00e3o a partir de um pensamento gr\u00e1fico em permanente constru\u00e7\u00e3o. Plantas, texturas, cores e gestos emergem de pr\u00e1ticas cotidianas como caminhar, observar e coletar, revelando imagens que se organizam por camadas, ac\u00famulos e encontros. A bot\u00e2nica aparece como ferramenta est\u00e9tica e conceitual, conectando saberes cient\u00edficos, populares e simb\u00f3licos, e propondo modos de conviv\u00eancia entre humanos, plantas e outros seres.<br><\/p>\n\n\n\n<figure class=\"wp-block-image aligncenter size-large\"><img decoding=\"async\" width=\"724\" height=\"1024\" src=\"https:\/\/www.fiemg.com.br\/regional-sede\/wp-content\/uploads\/sites\/21\/2026\/03\/image-6-724x1024.png\" alt=\"\" class=\"wp-image-6604\" srcset=\"https:\/\/www.fiemg.com.br\/regional-sede\/wp-content\/uploads\/sites\/21\/2026\/03\/image-6-724x1024.png 724w, https:\/\/www.fiemg.com.br\/regional-sede\/wp-content\/uploads\/sites\/21\/2026\/03\/image-6-212x300.png 212w, https:\/\/www.fiemg.com.br\/regional-sede\/wp-content\/uploads\/sites\/21\/2026\/03\/image-6-768x1086.png 768w, https:\/\/www.fiemg.com.br\/regional-sede\/wp-content\/uploads\/sites\/21\/2026\/03\/image-6-1086x1536.png 1086w, https:\/\/www.fiemg.com.br\/regional-sede\/wp-content\/uploads\/sites\/21\/2026\/03\/image-6.png 1131w\" sizes=\"(max-width: 724px) 100vw, 724px\" \/><\/figure>\n\n\n\n<p><em><br><\/em><br><em>Denise Lucas<\/em><br><strong>Imprensa FIEMG<\/strong><\/p>\n","protected":false},"featured_media":6563,"template":"","categories":[137],"tags":[88,841],"class_list":["post-6562","noticias","type-noticias","status-publish","has-post-thumbnail","hentry","category-cultura","tag-sesi","tag-sesi-mao"],"acf":[],"yoast_head":"<!-- This site is optimized with the Yoast SEO plugin v26.2 - https:\/\/yoast.com\/wordpress\/plugins\/seo\/ -->\n<title>Balan\u00e7a do s\u00e9culo XVIII retorna ao SESI Museu de Artes e Of\u00edcios ap\u00f3s itiner\u00e2ncia internacional - FIEMG<\/title>\n<meta name=\"description\" content=\"Pe\u00e7a hist\u00f3rica exibida no Smithsonian, em Washington, volta a Belo Horizonte no dia 13 de mar\u00e7o e ser\u00e1 reincorporada \u00e0 exposi\u00e7\u00e3o de longa dura\u00e7\u00e3o do museu\" \/>\n<meta name=\"robots\" content=\"index, follow, max-snippet:-1, max-image-preview:large, max-video-preview:-1\" \/>\n<link rel=\"canonical\" href=\"https:\/\/www.fiemg.com.br\/regional-sede\/noticias\/peca-historica-exibida-no-smithsonian-em-washington-volta-a-belo-horizonte-no-dia-13-de-marco-e-sera-reincorporada-a-exposicao-de-longa-duracao-do-museu\/\" \/>\n<meta property=\"og:locale\" content=\"pt_BR\" \/>\n<meta property=\"og:type\" content=\"article\" \/>\n<meta property=\"og:title\" content=\"Balan\u00e7a do s\u00e9culo XVIII retorna ao SESI Museu de Artes e Of\u00edcios ap\u00f3s itiner\u00e2ncia internacional - FIEMG\" \/>\n<meta property=\"og:description\" content=\"Pe\u00e7a hist\u00f3rica exibida no Smithsonian, em Washington, volta a Belo Horizonte no dia 13 de mar\u00e7o e ser\u00e1 reincorporada \u00e0 exposi\u00e7\u00e3o de longa dura\u00e7\u00e3o do museu\" \/>\n<meta property=\"og:url\" content=\"https:\/\/www.fiemg.com.br\/regional-sede\/noticias\/peca-historica-exibida-no-smithsonian-em-washington-volta-a-belo-horizonte-no-dia-13-de-marco-e-sera-reincorporada-a-exposicao-de-longa-duracao-do-museu\/\" \/>\n<meta property=\"og:site_name\" content=\"FIEMG\" \/>\n<meta property=\"article:modified_time\" content=\"2026-03-16T14:57:10+00:00\" \/>\n<meta property=\"og:image\" content=\"https:\/\/www.fiemg.com.br\/regional-sede\/wp-content\/uploads\/sites\/21\/2026\/03\/BALANCA-DO-MAO-THUMB-1024x1024.png\" \/>\n\t<meta property=\"og:image:width\" content=\"1024\" \/>\n\t<meta property=\"og:image:height\" content=\"1024\" \/>\n\t<meta property=\"og:image:type\" content=\"image\/png\" \/>\n<meta name=\"twitter:card\" content=\"summary_large_image\" \/>\n<meta name=\"twitter:label1\" content=\"Est. tempo de leitura\" \/>\n\t<meta name=\"twitter:data1\" content=\"4 minutos\" \/>\n<script type=\"application\/ld+json\" class=\"yoast-schema-graph\">{\"@context\":\"https:\/\/schema.org\",\"@graph\":[{\"@type\":\"WebPage\",\"@id\":\"https:\/\/www.fiemg.com.br\/regional-sede\/noticias\/peca-historica-exibida-no-smithsonian-em-washington-volta-a-belo-horizonte-no-dia-13-de-marco-e-sera-reincorporada-a-exposicao-de-longa-duracao-do-museu\/\",\"url\":\"https:\/\/www.fiemg.com.br\/regional-sede\/noticias\/peca-historica-exibida-no-smithsonian-em-washington-volta-a-belo-horizonte-no-dia-13-de-marco-e-sera-reincorporada-a-exposicao-de-longa-duracao-do-museu\/\",\"name\":\"Balan\u00e7a do s\u00e9culo XVIII retorna ao SESI Museu de Artes e Of\u00edcios ap\u00f3s itiner\u00e2ncia internacional - FIEMG\",\"isPartOf\":{\"@id\":\"https:\/\/www.fiemg.com.br\/regional-sede\/#website\"},\"primaryImageOfPage\":{\"@id\":\"https:\/\/www.fiemg.com.br\/regional-sede\/noticias\/peca-historica-exibida-no-smithsonian-em-washington-volta-a-belo-horizonte-no-dia-13-de-marco-e-sera-reincorporada-a-exposicao-de-longa-duracao-do-museu\/#primaryimage\"},\"image\":{\"@id\":\"https:\/\/www.fiemg.com.br\/regional-sede\/noticias\/peca-historica-exibida-no-smithsonian-em-washington-volta-a-belo-horizonte-no-dia-13-de-marco-e-sera-reincorporada-a-exposicao-de-longa-duracao-do-museu\/#primaryimage\"},\"thumbnailUrl\":\"https:\/\/www.fiemg.com.br\/regional-sede\/wp-content\/uploads\/sites\/21\/2026\/03\/BALANCA-DO-MAO-THUMB.png\",\"datePublished\":\"2026-03-16T11:22:11+00:00\",\"dateModified\":\"2026-03-16T14:57:10+00:00\",\"description\":\"Pe\u00e7a hist\u00f3rica exibida no Smithsonian, em Washington, volta a Belo Horizonte no dia 13 de mar\u00e7o e ser\u00e1 reincorporada \u00e0 exposi\u00e7\u00e3o de longa dura\u00e7\u00e3o do museu\",\"breadcrumb\":{\"@id\":\"https:\/\/www.fiemg.com.br\/regional-sede\/noticias\/peca-historica-exibida-no-smithsonian-em-washington-volta-a-belo-horizonte-no-dia-13-de-marco-e-sera-reincorporada-a-exposicao-de-longa-duracao-do-museu\/#breadcrumb\"},\"inLanguage\":\"pt-BR\",\"potentialAction\":[{\"@type\":\"ReadAction\",\"target\":[\"https:\/\/www.fiemg.com.br\/regional-sede\/noticias\/peca-historica-exibida-no-smithsonian-em-washington-volta-a-belo-horizonte-no-dia-13-de-marco-e-sera-reincorporada-a-exposicao-de-longa-duracao-do-museu\/\"]}]},{\"@type\":\"ImageObject\",\"inLanguage\":\"pt-BR\",\"@id\":\"https:\/\/www.fiemg.com.br\/regional-sede\/noticias\/peca-historica-exibida-no-smithsonian-em-washington-volta-a-belo-horizonte-no-dia-13-de-marco-e-sera-reincorporada-a-exposicao-de-longa-duracao-do-museu\/#primaryimage\",\"url\":\"https:\/\/www.fiemg.com.br\/regional-sede\/wp-content\/uploads\/sites\/21\/2026\/03\/BALANCA-DO-MAO-THUMB.png\",\"contentUrl\":\"https:\/\/www.fiemg.com.br\/regional-sede\/wp-content\/uploads\/sites\/21\/2026\/03\/BALANCA-DO-MAO-THUMB.png\",\"width\":1600,\"height\":1600},{\"@type\":\"BreadcrumbList\",\"@id\":\"https:\/\/www.fiemg.com.br\/regional-sede\/noticias\/peca-historica-exibida-no-smithsonian-em-washington-volta-a-belo-horizonte-no-dia-13-de-marco-e-sera-reincorporada-a-exposicao-de-longa-duracao-do-museu\/#breadcrumb\",\"itemListElement\":[{\"@type\":\"ListItem\",\"position\":1,\"name\":\"In\u00edcio\",\"item\":\"https:\/\/www.fiemg.com.br\/regional-sede\/\"},{\"@type\":\"ListItem\",\"position\":2,\"name\":\"Balan\u00e7a do s\u00e9culo XVIII retorna ao SESI Museu de Artes e Of\u00edcios ap\u00f3s itiner\u00e2ncia internacional\"}]},{\"@type\":\"WebSite\",\"@id\":\"https:\/\/www.fiemg.com.br\/regional-sede\/#website\",\"url\":\"https:\/\/www.fiemg.com.br\/regional-sede\/\",\"name\":\"FIEMG\",\"description\":\"Federa\u00e7\u00e3o das Ind\u00fastrias do Estado de Minas Gerais\",\"publisher\":{\"@id\":\"https:\/\/www.fiemg.com.br\/regional-sede\/#organization\"},\"potentialAction\":[{\"@type\":\"SearchAction\",\"target\":{\"@type\":\"EntryPoint\",\"urlTemplate\":\"https:\/\/www.fiemg.com.br\/regional-sede\/?s={search_term_string}\"},\"query-input\":{\"@type\":\"PropertyValueSpecification\",\"valueRequired\":true,\"valueName\":\"search_term_string\"}}],\"inLanguage\":\"pt-BR\"},{\"@type\":\"Organization\",\"@id\":\"https:\/\/www.fiemg.com.br\/regional-sede\/#organization\",\"name\":\"FIEMG\",\"url\":\"https:\/\/www.fiemg.com.br\/regional-sede\/\",\"logo\":{\"@type\":\"ImageObject\",\"inLanguage\":\"pt-BR\",\"@id\":\"https:\/\/www.fiemg.com.br\/regional-sede\/#\/schema\/logo\/image\/\",\"url\":\"https:\/\/www.fiemg.com.br\/regional-sede\/wp-content\/uploads\/sites\/21\/2023\/02\/Ativo-1.png\",\"contentUrl\":\"https:\/\/www.fiemg.com.br\/regional-sede\/wp-content\/uploads\/sites\/21\/2023\/02\/Ativo-1.png\",\"width\":563,\"height\":149,\"caption\":\"FIEMG\"},\"image\":{\"@id\":\"https:\/\/www.fiemg.com.br\/regional-sede\/#\/schema\/logo\/image\/\"}}]}<\/script>\n<!-- \/ Yoast SEO plugin. -->","yoast_head_json":{"title":"Balan\u00e7a do s\u00e9culo XVIII retorna ao SESI Museu de Artes e Of\u00edcios ap\u00f3s itiner\u00e2ncia internacional - FIEMG","description":"Pe\u00e7a hist\u00f3rica exibida no Smithsonian, em Washington, volta a Belo Horizonte no dia 13 de mar\u00e7o e ser\u00e1 reincorporada \u00e0 exposi\u00e7\u00e3o de longa dura\u00e7\u00e3o do museu","robots":{"index":"index","follow":"follow","max-snippet":"max-snippet:-1","max-image-preview":"max-image-preview:large","max-video-preview":"max-video-preview:-1"},"canonical":"https:\/\/www.fiemg.com.br\/regional-sede\/noticias\/peca-historica-exibida-no-smithsonian-em-washington-volta-a-belo-horizonte-no-dia-13-de-marco-e-sera-reincorporada-a-exposicao-de-longa-duracao-do-museu\/","og_locale":"pt_BR","og_type":"article","og_title":"Balan\u00e7a do s\u00e9culo XVIII retorna ao SESI Museu de Artes e Of\u00edcios ap\u00f3s itiner\u00e2ncia internacional - FIEMG","og_description":"Pe\u00e7a hist\u00f3rica exibida no Smithsonian, em Washington, volta a Belo Horizonte no dia 13 de mar\u00e7o e ser\u00e1 reincorporada \u00e0 exposi\u00e7\u00e3o de longa dura\u00e7\u00e3o do museu","og_url":"https:\/\/www.fiemg.com.br\/regional-sede\/noticias\/peca-historica-exibida-no-smithsonian-em-washington-volta-a-belo-horizonte-no-dia-13-de-marco-e-sera-reincorporada-a-exposicao-de-longa-duracao-do-museu\/","og_site_name":"FIEMG","article_modified_time":"2026-03-16T14:57:10+00:00","og_image":[{"width":1024,"height":1024,"url":"https:\/\/www.fiemg.com.br\/regional-sede\/wp-content\/uploads\/sites\/21\/2026\/03\/BALANCA-DO-MAO-THUMB-1024x1024.png","type":"image\/png"}],"twitter_card":"summary_large_image","twitter_misc":{"Est. tempo de leitura":"4 minutos"},"schema":{"@context":"https:\/\/schema.org","@graph":[{"@type":"WebPage","@id":"https:\/\/www.fiemg.com.br\/regional-sede\/noticias\/peca-historica-exibida-no-smithsonian-em-washington-volta-a-belo-horizonte-no-dia-13-de-marco-e-sera-reincorporada-a-exposicao-de-longa-duracao-do-museu\/","url":"https:\/\/www.fiemg.com.br\/regional-sede\/noticias\/peca-historica-exibida-no-smithsonian-em-washington-volta-a-belo-horizonte-no-dia-13-de-marco-e-sera-reincorporada-a-exposicao-de-longa-duracao-do-museu\/","name":"Balan\u00e7a do s\u00e9culo XVIII retorna ao SESI Museu de Artes e Of\u00edcios ap\u00f3s itiner\u00e2ncia internacional - FIEMG","isPartOf":{"@id":"https:\/\/www.fiemg.com.br\/regional-sede\/#website"},"primaryImageOfPage":{"@id":"https:\/\/www.fiemg.com.br\/regional-sede\/noticias\/peca-historica-exibida-no-smithsonian-em-washington-volta-a-belo-horizonte-no-dia-13-de-marco-e-sera-reincorporada-a-exposicao-de-longa-duracao-do-museu\/#primaryimage"},"image":{"@id":"https:\/\/www.fiemg.com.br\/regional-sede\/noticias\/peca-historica-exibida-no-smithsonian-em-washington-volta-a-belo-horizonte-no-dia-13-de-marco-e-sera-reincorporada-a-exposicao-de-longa-duracao-do-museu\/#primaryimage"},"thumbnailUrl":"https:\/\/www.fiemg.com.br\/regional-sede\/wp-content\/uploads\/sites\/21\/2026\/03\/BALANCA-DO-MAO-THUMB.png","datePublished":"2026-03-16T11:22:11+00:00","dateModified":"2026-03-16T14:57:10+00:00","description":"Pe\u00e7a hist\u00f3rica exibida no Smithsonian, em Washington, volta a Belo Horizonte no dia 13 de mar\u00e7o e ser\u00e1 reincorporada \u00e0 exposi\u00e7\u00e3o de longa dura\u00e7\u00e3o do museu","breadcrumb":{"@id":"https:\/\/www.fiemg.com.br\/regional-sede\/noticias\/peca-historica-exibida-no-smithsonian-em-washington-volta-a-belo-horizonte-no-dia-13-de-marco-e-sera-reincorporada-a-exposicao-de-longa-duracao-do-museu\/#breadcrumb"},"inLanguage":"pt-BR","potentialAction":[{"@type":"ReadAction","target":["https:\/\/www.fiemg.com.br\/regional-sede\/noticias\/peca-historica-exibida-no-smithsonian-em-washington-volta-a-belo-horizonte-no-dia-13-de-marco-e-sera-reincorporada-a-exposicao-de-longa-duracao-do-museu\/"]}]},{"@type":"ImageObject","inLanguage":"pt-BR","@id":"https:\/\/www.fiemg.com.br\/regional-sede\/noticias\/peca-historica-exibida-no-smithsonian-em-washington-volta-a-belo-horizonte-no-dia-13-de-marco-e-sera-reincorporada-a-exposicao-de-longa-duracao-do-museu\/#primaryimage","url":"https:\/\/www.fiemg.com.br\/regional-sede\/wp-content\/uploads\/sites\/21\/2026\/03\/BALANCA-DO-MAO-THUMB.png","contentUrl":"https:\/\/www.fiemg.com.br\/regional-sede\/wp-content\/uploads\/sites\/21\/2026\/03\/BALANCA-DO-MAO-THUMB.png","width":1600,"height":1600},{"@type":"BreadcrumbList","@id":"https:\/\/www.fiemg.com.br\/regional-sede\/noticias\/peca-historica-exibida-no-smithsonian-em-washington-volta-a-belo-horizonte-no-dia-13-de-marco-e-sera-reincorporada-a-exposicao-de-longa-duracao-do-museu\/#breadcrumb","itemListElement":[{"@type":"ListItem","position":1,"name":"In\u00edcio","item":"https:\/\/www.fiemg.com.br\/regional-sede\/"},{"@type":"ListItem","position":2,"name":"Balan\u00e7a do s\u00e9culo XVIII retorna ao SESI Museu de Artes e Of\u00edcios ap\u00f3s itiner\u00e2ncia internacional"}]},{"@type":"WebSite","@id":"https:\/\/www.fiemg.com.br\/regional-sede\/#website","url":"https:\/\/www.fiemg.com.br\/regional-sede\/","name":"FIEMG","description":"Federa\u00e7\u00e3o das Ind\u00fastrias do Estado de Minas Gerais","publisher":{"@id":"https:\/\/www.fiemg.com.br\/regional-sede\/#organization"},"potentialAction":[{"@type":"SearchAction","target":{"@type":"EntryPoint","urlTemplate":"https:\/\/www.fiemg.com.br\/regional-sede\/?s={search_term_string}"},"query-input":{"@type":"PropertyValueSpecification","valueRequired":true,"valueName":"search_term_string"}}],"inLanguage":"pt-BR"},{"@type":"Organization","@id":"https:\/\/www.fiemg.com.br\/regional-sede\/#organization","name":"FIEMG","url":"https:\/\/www.fiemg.com.br\/regional-sede\/","logo":{"@type":"ImageObject","inLanguage":"pt-BR","@id":"https:\/\/www.fiemg.com.br\/regional-sede\/#\/schema\/logo\/image\/","url":"https:\/\/www.fiemg.com.br\/regional-sede\/wp-content\/uploads\/sites\/21\/2023\/02\/Ativo-1.png","contentUrl":"https:\/\/www.fiemg.com.br\/regional-sede\/wp-content\/uploads\/sites\/21\/2023\/02\/Ativo-1.png","width":563,"height":149,"caption":"FIEMG"},"image":{"@id":"https:\/\/www.fiemg.com.br\/regional-sede\/#\/schema\/logo\/image\/"}}]}},"_links":{"self":[{"href":"https:\/\/www.fiemg.com.br\/regional-sede\/wp-json\/wp\/v2\/noticias\/6562","targetHints":{"allow":["GET"]}}],"collection":[{"href":"https:\/\/www.fiemg.com.br\/regional-sede\/wp-json\/wp\/v2\/noticias"}],"about":[{"href":"https:\/\/www.fiemg.com.br\/regional-sede\/wp-json\/wp\/v2\/types\/noticias"}],"wp:featuredmedia":[{"embeddable":true,"href":"https:\/\/www.fiemg.com.br\/regional-sede\/wp-json\/wp\/v2\/media\/6563"}],"wp:attachment":[{"href":"https:\/\/www.fiemg.com.br\/regional-sede\/wp-json\/wp\/v2\/media?parent=6562"}],"wp:term":[{"taxonomy":"category","embeddable":true,"href":"https:\/\/www.fiemg.com.br\/regional-sede\/wp-json\/wp\/v2\/categories?post=6562"},{"taxonomy":"post_tag","embeddable":true,"href":"https:\/\/www.fiemg.com.br\/regional-sede\/wp-json\/wp\/v2\/tags?post=6562"}],"curies":[{"name":"wp","href":"https:\/\/api.w.org\/{rel}","templated":true}]}}