{"id":6595,"date":"2026-03-12T11:05:46","date_gmt":"2026-03-12T14:05:46","guid":{"rendered":"https:\/\/www.fiemg.com.br\/regional-sede\/noticias\/um-ano-apos-tarifaco-de-trump-receita-das-exportacoes-mineiras-de-aco-aos-eua-cai-26-aponta-fiemg\/"},"modified":"2026-03-12T11:07:31","modified_gmt":"2026-03-12T14:07:31","slug":"um-ano-apos-tarifaco-de-trump-receita-das-exportacoes-mineiras-de-aco-aos-eua-cai-26-aponta-fiemg","status":"publish","type":"noticias","link":"https:\/\/www.fiemg.com.br\/regional-sede\/noticias\/um-ano-apos-tarifaco-de-trump-receita-das-exportacoes-mineiras-de-aco-aos-eua-cai-26-aponta-fiemg\/","title":{"rendered":"Um ano ap\u00f3s tarifa\u00e7o de Trump, receita das exporta\u00e7\u00f5es mineiras de a\u00e7o aos EUA cai 26%, aponta FIEMG"},"content":{"rendered":"\n<p>Um ano ap\u00f3s a entrada em vigor das tarifas impostas pelos Estados Unidos sobre o a\u00e7o, as exporta\u00e7\u00f5es mineiras do setor passaram por uma mudan\u00e7a significativa no perfil das vendas ao mercado estadunidense. Um estudo divulgado nesta quinta-feira (12) pela Federa\u00e7\u00e3o das Ind\u00fastrias do Estado de Minas Gerais (FIEMG), por meio do Centro Internacional de Neg\u00f3cios (CIN), mostra que, entre 2025 e fevereiro de 2026, os embarques de a\u00e7o de Minas Gerais para os EUA cresceram 15% em volume, mas registraram queda de 26% no valor exportado. No agregado global, as vendas externas do estado avan\u00e7aram 12% em peso, com leve recuo de 1% na receita.<\/p>\n\n\n\n<p>Segundo a entidade, o resultado foi acompanhado por uma mudan\u00e7a no perfil da pauta exportadora. Com o aumento das tarifas, os embarques aos Estados Unidos passaram a se concentrar em produtos de menor valor agregado, principalmente os chamados a\u00e7os semiacabados, que s\u00e3o utilizados como insumo para processamento de sider\u00fargicas no mercado estadunidense. Na pr\u00e1tica, isso significa que Minas Gerais passou a exportar mais a\u00e7o em volume, mas com menor valor m\u00e9dio por tonelada, o que explica a diferen\u00e7a entre o crescimento do peso exportado e a queda brusca na receita total das vendas ao pa\u00eds.<\/p>\n\n\n\n<p>Em 2024, por exemplo, apenas 19% das exporta\u00e7\u00f5es de a\u00e7o aos Estados Unidos eram de semiacabados, enquanto 81% correspondiam a itens de maior valor agregado, como a\u00e7os longos, tubos e canos, a\u00e7os planos e inoxid\u00e1veis. Com o novo quadro tarif\u00e1rio, os semiacabados passaram a responder por 53% da pauta. Esse cen\u00e1rio revela que diante da situa\u00e7\u00e3o comercial mais desafiadora, os produtos diretamente dependentes de transforma\u00e7\u00e3o posterior foram priorizados, enquanto os a\u00e7os acabados precisaram buscar outros mercados. Vale lembrar que, no dia 12 de mar\u00e7o de 2025, entraram em vigor as tarifas de 25% impostas pelos Estados Unidos sobre o a\u00e7o global, e, tr\u00eas meses depois, a taxa foi elevada para 50%.<\/p>\n\n\n\n<p>Apesar das barreiras comerciais impostas, o pa\u00eds segue relevante para o setor sider\u00fargico mineiro. Em 2025, cerca de 20% das exporta\u00e7\u00f5es de a\u00e7o de Minas Gerais tiveram como destino os Estados Unidos, o equivalente a aproximadamente 351 mil toneladas. O estudo tamb\u00e9m mostra que parte das exporta\u00e7\u00f5es mineiras foi redirecionada para outros mercados, amenizando o impacto. Pa\u00edses principalmente da Am\u00e9rica do Sul aumentaram as compras de a\u00e7os longos e planos, al\u00e9m de outros mercados como Su\u00ed\u00e7a, Paquist\u00e3o e It\u00e1lia. O Iraque, B\u00e9lgica, Catar e \u00cdndia se tornaram relevantes compradores de tubos e canos e de a\u00e7os inoxid\u00e1veis.<br>No cen\u00e1rio nacional, os efeitos das tarifas tamb\u00e9m foram percebidos. Em 2025, as importa\u00e7\u00f5es globais de a\u00e7o pelos Estados Unidos ca\u00edram 12,6% em peso, enquanto as compras provenientes do Brasil recuaram 8,3%, somando 3,7 milh\u00f5es de toneladas. Mesmo com a redu\u00e7\u00e3o, o Brasil manteve posi\u00e7\u00e3o estrat\u00e9gica nesse mercado. O pa\u00eds permaneceu como o segundo maior fornecedor de a\u00e7o para os Estados Unidos, respons\u00e1vel por 16,3% do total importado, atr\u00e1s apenas do Canad\u00e1 e \u00e0 frente do M\u00e9xico.<\/p>\n\n\n\n<p>\u201cO tarifa\u00e7o alterou de forma relevante a din\u00e2mica do com\u00e9rcio internacional de a\u00e7o. Minas Gerais conseguiu manter presen\u00e7a no mercado global, mas com mudan\u00e7a no perfil das exporta\u00e7\u00f5es aos Estados Unidos, que passaram a se concentrar mais em produtos de menor valor agregado. Ao mesmo tempo, preocupa o avan\u00e7o das importa\u00e7\u00f5es de a\u00e7o, especialmente em um contexto de excesso de oferta global, press\u00e3o sobre pre\u00e7os e risco de pr\u00e1ticas desleais de com\u00e9rcio, o que exige aten\u00e7\u00e3o redobrada \u00e0 competitividade da ind\u00fastria brasileira\u201d, afirma o presidente da FIEMG, Fl\u00e1vio Roscoe.<\/p>\n\n\n\n<p>O estudo tamb\u00e9m alerta para outro fator de aten\u00e7\u00e3o: o crescimento das importa\u00e7\u00f5es de a\u00e7o no Brasil. Em 2025, as compras externas de a\u00e7o por Minas Gerais aumentaram 17%, alcan\u00e7ando 284 mil toneladas, a pre\u00e7os 11% mais baixos, muitas vezes at\u00e9 inferiores ao custo no mercado interno do exportador, o que configura pr\u00e1tica ilegal. O aumento das importa\u00e7\u00f5es veio principalmente da China, respons\u00e1vel por 54% do total, al\u00e9m de pa\u00edses como Indon\u00e9sia (18%) e Jap\u00e3o (11%). Para a FIEMG, o cen\u00e1rio exige acompanhamento permanente, especialmente diante do avan\u00e7o de medidas protecionistas no com\u00e9rcio internacional e do risco de pr\u00e1ticas desleais de com\u00e9rcio.<\/p>\n\n\n\n<p><strong>Imprensa FIEMG<\/strong><\/p>\n","protected":false},"featured_media":6596,"template":"","categories":[15],"tags":[78],"class_list":["post-6595","noticias","type-noticias","status-publish","has-post-thumbnail","hentry","category-desenvolvimento-industrial","tag-fiemg"],"acf":[],"yoast_head":"<!-- This site is optimized with the Yoast SEO plugin v26.2 - https:\/\/yoast.com\/wordpress\/plugins\/seo\/ -->\n<title>Um ano ap\u00f3s tarifa\u00e7o de Trump, receita das exporta\u00e7\u00f5es mineiras de a\u00e7o aos EUA cai 26%, aponta FIEMG - FIEMG<\/title>\n<meta name=\"description\" content=\"Volume embarcado cresceu 15%, mas avan\u00e7o ocorreu principalmente em a\u00e7os semiacabados, de menor valor agregado, segundo estudo do Centro Internacional de Neg\u00f3cios\" \/>\n<meta name=\"robots\" content=\"index, follow, max-snippet:-1, max-image-preview:large, max-video-preview:-1\" \/>\n<link rel=\"canonical\" href=\"https:\/\/www.fiemg.com.br\/regional-sede\/noticias\/um-ano-apos-tarifaco-de-trump-receita-das-exportacoes-mineiras-de-aco-aos-eua-cai-26-aponta-fiemg\/\" \/>\n<meta property=\"og:locale\" content=\"pt_BR\" \/>\n<meta property=\"og:type\" content=\"article\" \/>\n<meta property=\"og:title\" content=\"Um ano ap\u00f3s tarifa\u00e7o de Trump, receita das exporta\u00e7\u00f5es mineiras de a\u00e7o aos EUA cai 26%, aponta FIEMG - FIEMG\" \/>\n<meta property=\"og:description\" content=\"Volume embarcado cresceu 15%, mas avan\u00e7o ocorreu principalmente em a\u00e7os semiacabados, de menor valor agregado, segundo estudo do Centro Internacional de Neg\u00f3cios\" \/>\n<meta property=\"og:url\" content=\"https:\/\/www.fiemg.com.br\/regional-sede\/noticias\/um-ano-apos-tarifaco-de-trump-receita-das-exportacoes-mineiras-de-aco-aos-eua-cai-26-aponta-fiemg\/\" \/>\n<meta property=\"og:site_name\" content=\"FIEMG\" \/>\n<meta property=\"article:modified_time\" content=\"2026-03-12T14:07:31+00:00\" \/>\n<meta property=\"og:image\" content=\"https:\/\/www.fiemg.com.br\/regional-sede\/wp-content\/uploads\/sites\/21\/2026\/03\/Thumb.jpg\" \/>\n\t<meta property=\"og:image:width\" content=\"512\" \/>\n\t<meta property=\"og:image:height\" content=\"512\" \/>\n\t<meta property=\"og:image:type\" content=\"image\/jpeg\" \/>\n<meta name=\"twitter:card\" content=\"summary_large_image\" \/>\n<meta name=\"twitter:label1\" content=\"Est. tempo de leitura\" \/>\n\t<meta name=\"twitter:data1\" content=\"4 minutos\" \/>\n<script type=\"application\/ld+json\" class=\"yoast-schema-graph\">{\"@context\":\"https:\/\/schema.org\",\"@graph\":[{\"@type\":\"WebPage\",\"@id\":\"https:\/\/www.fiemg.com.br\/regional-sede\/noticias\/um-ano-apos-tarifaco-de-trump-receita-das-exportacoes-mineiras-de-aco-aos-eua-cai-26-aponta-fiemg\/\",\"url\":\"https:\/\/www.fiemg.com.br\/regional-sede\/noticias\/um-ano-apos-tarifaco-de-trump-receita-das-exportacoes-mineiras-de-aco-aos-eua-cai-26-aponta-fiemg\/\",\"name\":\"Um ano ap\u00f3s tarifa\u00e7o de Trump, receita das exporta\u00e7\u00f5es mineiras de a\u00e7o aos EUA cai 26%, aponta FIEMG - FIEMG\",\"isPartOf\":{\"@id\":\"https:\/\/www.fiemg.com.br\/regional-sede\/#website\"},\"primaryImageOfPage\":{\"@id\":\"https:\/\/www.fiemg.com.br\/regional-sede\/noticias\/um-ano-apos-tarifaco-de-trump-receita-das-exportacoes-mineiras-de-aco-aos-eua-cai-26-aponta-fiemg\/#primaryimage\"},\"image\":{\"@id\":\"https:\/\/www.fiemg.com.br\/regional-sede\/noticias\/um-ano-apos-tarifaco-de-trump-receita-das-exportacoes-mineiras-de-aco-aos-eua-cai-26-aponta-fiemg\/#primaryimage\"},\"thumbnailUrl\":\"https:\/\/www.fiemg.com.br\/regional-sede\/wp-content\/uploads\/sites\/21\/2026\/03\/Thumb.jpg\",\"datePublished\":\"2026-03-12T14:05:46+00:00\",\"dateModified\":\"2026-03-12T14:07:31+00:00\",\"description\":\"Volume embarcado cresceu 15%, mas avan\u00e7o ocorreu principalmente em a\u00e7os semiacabados, de menor valor agregado, segundo estudo do Centro Internacional de Neg\u00f3cios\",\"breadcrumb\":{\"@id\":\"https:\/\/www.fiemg.com.br\/regional-sede\/noticias\/um-ano-apos-tarifaco-de-trump-receita-das-exportacoes-mineiras-de-aco-aos-eua-cai-26-aponta-fiemg\/#breadcrumb\"},\"inLanguage\":\"pt-BR\",\"potentialAction\":[{\"@type\":\"ReadAction\",\"target\":[\"https:\/\/www.fiemg.com.br\/regional-sede\/noticias\/um-ano-apos-tarifaco-de-trump-receita-das-exportacoes-mineiras-de-aco-aos-eua-cai-26-aponta-fiemg\/\"]}]},{\"@type\":\"ImageObject\",\"inLanguage\":\"pt-BR\",\"@id\":\"https:\/\/www.fiemg.com.br\/regional-sede\/noticias\/um-ano-apos-tarifaco-de-trump-receita-das-exportacoes-mineiras-de-aco-aos-eua-cai-26-aponta-fiemg\/#primaryimage\",\"url\":\"https:\/\/www.fiemg.com.br\/regional-sede\/wp-content\/uploads\/sites\/21\/2026\/03\/Thumb.jpg\",\"contentUrl\":\"https:\/\/www.fiemg.com.br\/regional-sede\/wp-content\/uploads\/sites\/21\/2026\/03\/Thumb.jpg\",\"width\":512,\"height\":512},{\"@type\":\"BreadcrumbList\",\"@id\":\"https:\/\/www.fiemg.com.br\/regional-sede\/noticias\/um-ano-apos-tarifaco-de-trump-receita-das-exportacoes-mineiras-de-aco-aos-eua-cai-26-aponta-fiemg\/#breadcrumb\",\"itemListElement\":[{\"@type\":\"ListItem\",\"position\":1,\"name\":\"In\u00edcio\",\"item\":\"https:\/\/www.fiemg.com.br\/regional-sede\/\"},{\"@type\":\"ListItem\",\"position\":2,\"name\":\"Um ano ap\u00f3s tarifa\u00e7o de Trump, receita das exporta\u00e7\u00f5es mineiras de a\u00e7o aos EUA cai 26%, aponta FIEMG\"}]},{\"@type\":\"WebSite\",\"@id\":\"https:\/\/www.fiemg.com.br\/regional-sede\/#website\",\"url\":\"https:\/\/www.fiemg.com.br\/regional-sede\/\",\"name\":\"FIEMG\",\"description\":\"Federa\u00e7\u00e3o das Ind\u00fastrias do Estado de Minas Gerais\",\"publisher\":{\"@id\":\"https:\/\/www.fiemg.com.br\/regional-sede\/#organization\"},\"potentialAction\":[{\"@type\":\"SearchAction\",\"target\":{\"@type\":\"EntryPoint\",\"urlTemplate\":\"https:\/\/www.fiemg.com.br\/regional-sede\/?s={search_term_string}\"},\"query-input\":{\"@type\":\"PropertyValueSpecification\",\"valueRequired\":true,\"valueName\":\"search_term_string\"}}],\"inLanguage\":\"pt-BR\"},{\"@type\":\"Organization\",\"@id\":\"https:\/\/www.fiemg.com.br\/regional-sede\/#organization\",\"name\":\"FIEMG\",\"url\":\"https:\/\/www.fiemg.com.br\/regional-sede\/\",\"logo\":{\"@type\":\"ImageObject\",\"inLanguage\":\"pt-BR\",\"@id\":\"https:\/\/www.fiemg.com.br\/regional-sede\/#\/schema\/logo\/image\/\",\"url\":\"https:\/\/www.fiemg.com.br\/regional-sede\/wp-content\/uploads\/sites\/21\/2023\/02\/Ativo-1.png\",\"contentUrl\":\"https:\/\/www.fiemg.com.br\/regional-sede\/wp-content\/uploads\/sites\/21\/2023\/02\/Ativo-1.png\",\"width\":563,\"height\":149,\"caption\":\"FIEMG\"},\"image\":{\"@id\":\"https:\/\/www.fiemg.com.br\/regional-sede\/#\/schema\/logo\/image\/\"}}]}<\/script>\n<!-- \/ Yoast SEO plugin. -->","yoast_head_json":{"title":"Um ano ap\u00f3s tarifa\u00e7o de Trump, receita das exporta\u00e7\u00f5es mineiras de a\u00e7o aos EUA cai 26%, aponta FIEMG - FIEMG","description":"Volume embarcado cresceu 15%, mas avan\u00e7o ocorreu principalmente em a\u00e7os semiacabados, de menor valor agregado, segundo estudo do Centro Internacional de Neg\u00f3cios","robots":{"index":"index","follow":"follow","max-snippet":"max-snippet:-1","max-image-preview":"max-image-preview:large","max-video-preview":"max-video-preview:-1"},"canonical":"https:\/\/www.fiemg.com.br\/regional-sede\/noticias\/um-ano-apos-tarifaco-de-trump-receita-das-exportacoes-mineiras-de-aco-aos-eua-cai-26-aponta-fiemg\/","og_locale":"pt_BR","og_type":"article","og_title":"Um ano ap\u00f3s tarifa\u00e7o de Trump, receita das exporta\u00e7\u00f5es mineiras de a\u00e7o aos EUA cai 26%, aponta FIEMG - FIEMG","og_description":"Volume embarcado cresceu 15%, mas avan\u00e7o ocorreu principalmente em a\u00e7os semiacabados, de menor valor agregado, segundo estudo do Centro Internacional de Neg\u00f3cios","og_url":"https:\/\/www.fiemg.com.br\/regional-sede\/noticias\/um-ano-apos-tarifaco-de-trump-receita-das-exportacoes-mineiras-de-aco-aos-eua-cai-26-aponta-fiemg\/","og_site_name":"FIEMG","article_modified_time":"2026-03-12T14:07:31+00:00","og_image":[{"width":512,"height":512,"url":"https:\/\/www.fiemg.com.br\/regional-sede\/wp-content\/uploads\/sites\/21\/2026\/03\/Thumb.jpg","type":"image\/jpeg"}],"twitter_card":"summary_large_image","twitter_misc":{"Est. tempo de leitura":"4 minutos"},"schema":{"@context":"https:\/\/schema.org","@graph":[{"@type":"WebPage","@id":"https:\/\/www.fiemg.com.br\/regional-sede\/noticias\/um-ano-apos-tarifaco-de-trump-receita-das-exportacoes-mineiras-de-aco-aos-eua-cai-26-aponta-fiemg\/","url":"https:\/\/www.fiemg.com.br\/regional-sede\/noticias\/um-ano-apos-tarifaco-de-trump-receita-das-exportacoes-mineiras-de-aco-aos-eua-cai-26-aponta-fiemg\/","name":"Um ano ap\u00f3s tarifa\u00e7o de Trump, receita das exporta\u00e7\u00f5es mineiras de a\u00e7o aos EUA cai 26%, aponta FIEMG - FIEMG","isPartOf":{"@id":"https:\/\/www.fiemg.com.br\/regional-sede\/#website"},"primaryImageOfPage":{"@id":"https:\/\/www.fiemg.com.br\/regional-sede\/noticias\/um-ano-apos-tarifaco-de-trump-receita-das-exportacoes-mineiras-de-aco-aos-eua-cai-26-aponta-fiemg\/#primaryimage"},"image":{"@id":"https:\/\/www.fiemg.com.br\/regional-sede\/noticias\/um-ano-apos-tarifaco-de-trump-receita-das-exportacoes-mineiras-de-aco-aos-eua-cai-26-aponta-fiemg\/#primaryimage"},"thumbnailUrl":"https:\/\/www.fiemg.com.br\/regional-sede\/wp-content\/uploads\/sites\/21\/2026\/03\/Thumb.jpg","datePublished":"2026-03-12T14:05:46+00:00","dateModified":"2026-03-12T14:07:31+00:00","description":"Volume embarcado cresceu 15%, mas avan\u00e7o ocorreu principalmente em a\u00e7os semiacabados, de menor valor agregado, segundo estudo do Centro Internacional de Neg\u00f3cios","breadcrumb":{"@id":"https:\/\/www.fiemg.com.br\/regional-sede\/noticias\/um-ano-apos-tarifaco-de-trump-receita-das-exportacoes-mineiras-de-aco-aos-eua-cai-26-aponta-fiemg\/#breadcrumb"},"inLanguage":"pt-BR","potentialAction":[{"@type":"ReadAction","target":["https:\/\/www.fiemg.com.br\/regional-sede\/noticias\/um-ano-apos-tarifaco-de-trump-receita-das-exportacoes-mineiras-de-aco-aos-eua-cai-26-aponta-fiemg\/"]}]},{"@type":"ImageObject","inLanguage":"pt-BR","@id":"https:\/\/www.fiemg.com.br\/regional-sede\/noticias\/um-ano-apos-tarifaco-de-trump-receita-das-exportacoes-mineiras-de-aco-aos-eua-cai-26-aponta-fiemg\/#primaryimage","url":"https:\/\/www.fiemg.com.br\/regional-sede\/wp-content\/uploads\/sites\/21\/2026\/03\/Thumb.jpg","contentUrl":"https:\/\/www.fiemg.com.br\/regional-sede\/wp-content\/uploads\/sites\/21\/2026\/03\/Thumb.jpg","width":512,"height":512},{"@type":"BreadcrumbList","@id":"https:\/\/www.fiemg.com.br\/regional-sede\/noticias\/um-ano-apos-tarifaco-de-trump-receita-das-exportacoes-mineiras-de-aco-aos-eua-cai-26-aponta-fiemg\/#breadcrumb","itemListElement":[{"@type":"ListItem","position":1,"name":"In\u00edcio","item":"https:\/\/www.fiemg.com.br\/regional-sede\/"},{"@type":"ListItem","position":2,"name":"Um ano ap\u00f3s tarifa\u00e7o de Trump, receita das exporta\u00e7\u00f5es mineiras de a\u00e7o aos EUA cai 26%, aponta FIEMG"}]},{"@type":"WebSite","@id":"https:\/\/www.fiemg.com.br\/regional-sede\/#website","url":"https:\/\/www.fiemg.com.br\/regional-sede\/","name":"FIEMG","description":"Federa\u00e7\u00e3o das Ind\u00fastrias do Estado de Minas Gerais","publisher":{"@id":"https:\/\/www.fiemg.com.br\/regional-sede\/#organization"},"potentialAction":[{"@type":"SearchAction","target":{"@type":"EntryPoint","urlTemplate":"https:\/\/www.fiemg.com.br\/regional-sede\/?s={search_term_string}"},"query-input":{"@type":"PropertyValueSpecification","valueRequired":true,"valueName":"search_term_string"}}],"inLanguage":"pt-BR"},{"@type":"Organization","@id":"https:\/\/www.fiemg.com.br\/regional-sede\/#organization","name":"FIEMG","url":"https:\/\/www.fiemg.com.br\/regional-sede\/","logo":{"@type":"ImageObject","inLanguage":"pt-BR","@id":"https:\/\/www.fiemg.com.br\/regional-sede\/#\/schema\/logo\/image\/","url":"https:\/\/www.fiemg.com.br\/regional-sede\/wp-content\/uploads\/sites\/21\/2023\/02\/Ativo-1.png","contentUrl":"https:\/\/www.fiemg.com.br\/regional-sede\/wp-content\/uploads\/sites\/21\/2023\/02\/Ativo-1.png","width":563,"height":149,"caption":"FIEMG"},"image":{"@id":"https:\/\/www.fiemg.com.br\/regional-sede\/#\/schema\/logo\/image\/"}}]}},"_links":{"self":[{"href":"https:\/\/www.fiemg.com.br\/regional-sede\/wp-json\/wp\/v2\/noticias\/6595","targetHints":{"allow":["GET"]}}],"collection":[{"href":"https:\/\/www.fiemg.com.br\/regional-sede\/wp-json\/wp\/v2\/noticias"}],"about":[{"href":"https:\/\/www.fiemg.com.br\/regional-sede\/wp-json\/wp\/v2\/types\/noticias"}],"wp:featuredmedia":[{"embeddable":true,"href":"https:\/\/www.fiemg.com.br\/regional-sede\/wp-json\/wp\/v2\/media\/6596"}],"wp:attachment":[{"href":"https:\/\/www.fiemg.com.br\/regional-sede\/wp-json\/wp\/v2\/media?parent=6595"}],"wp:term":[{"taxonomy":"category","embeddable":true,"href":"https:\/\/www.fiemg.com.br\/regional-sede\/wp-json\/wp\/v2\/categories?post=6595"},{"taxonomy":"post_tag","embeddable":true,"href":"https:\/\/www.fiemg.com.br\/regional-sede\/wp-json\/wp\/v2\/tags?post=6595"}],"curies":[{"name":"wp","href":"https:\/\/api.w.org\/{rel}","templated":true}]}}