{"id":6651,"date":"2026-03-23T10:23:02","date_gmt":"2026-03-23T13:23:02","guid":{"rendered":"https:\/\/www.fiemg.com.br\/regional-sede\/noticias\/eduquenow-chega-a-belo-horizonte-em-abril-para-debater-inovacao-e-trajetorias-que-transformam-a-educacao\/"},"modified":"2026-03-23T10:27:06","modified_gmt":"2026-03-23T13:27:06","slug":"eduquenow-chega-a-belo-horizonte-em-abril-para-debater-inovacao-e-trajetorias-que-transformam-a-educacao","status":"publish","type":"noticias","link":"https:\/\/www.fiemg.com.br\/regional-sede\/noticias\/eduquenow-chega-a-belo-horizonte-em-abril-para-debater-inovacao-e-trajetorias-que-transformam-a-educacao\/","title":{"rendered":"EduqueNOW chega a Belo Horizonte em abril para debater inova\u00e7\u00e3o e trajet\u00f3rias que transformam a educa\u00e7\u00e3o"},"content":{"rendered":"\n<p>Falta um m\u00eas para o EduqueNOW \u2013 Semin\u00e1rio de Educa\u00e7\u00e3o B\u00e1sica e Tecnol\u00f3gica, iniciativa do SESI e do SENAI que re\u00fane educadores, gestores e especialistas para debater inova\u00e7\u00e3o, tecnologia e o futuro da educa\u00e7\u00e3o. O evento ser\u00e1 realizado no dia 11 de abril, das 10h \u00e0s 19h, no BH Shopping, em Belo Horizonte. A participa\u00e7\u00e3o \u00e9 gratuita, com certifica\u00e7\u00e3o, e as vagas s\u00e3o limitadas.<\/p>\n\n\n\n<p>Com o tema <strong>\u201cTrajet\u00f3rias que transformam: acolher, engajar e inspirar\u201d<\/strong>, o encontro prop\u00f5e reflex\u00f5es sobre a import\u00e2ncia de <strong>acolher diferentes realidades no ambiente educacional, engajar estudantes e educadores no processo de aprendizagem e inspirar novas formas de ensinar e aprender<\/strong>. A programa\u00e7\u00e3o vai estimular a troca de experi\u00eancias e a constru\u00e7\u00e3o de novas perspectivas sobre como tecnologia, metodologias inovadoras e pr\u00e1ticas educacionais podem transformar realidades.<\/p>\n\n\n\n<p>Promovido por duas institui\u00e7\u00f5es reconhecidas nacional e internacionalmente pela excel\u00eancia em educa\u00e7\u00e3o b\u00e1sica, ensino t\u00e9cnico, inova\u00e7\u00e3o e tecnologia educacional, o SESI e SENAI impactam milhares de estudantes e educadores todos os anos, por meio de solu\u00e7\u00f5es educacionais alinhadas \u00e0s demandas do presente e do futuro.<\/p>\n\n\n\n<p><strong>Servi\u00e7o<\/strong><br>EduqueNOW \u2013 Semin\u00e1rio de Educa\u00e7\u00e3o B\u00e1sica e Tecnol\u00f3gica<br><strong>Data<\/strong>: 11 de abril de 2026<br><strong>Hor\u00e1rio<\/strong>: 10h \u00e0s 19h<br><strong>Local<\/strong>: BH Shopping \u2013 BR-356, 3049 \u2013 Belvedere, Belo Horizonte (MG)<br>Evento gratuito com certifica\u00e7\u00e3o de participa\u00e7\u00e3o | Vagas limitadas<br>Se inscreva clicando <a href=\"https:\/\/www.sympla.com.br\/evento\/eduquenow-2026\/3297340?referrer=www.google.com&amp;referrer=www.google.com\">aqui<\/a><\/p>\n\n\n\n<p><strong>Imprensa FIEMG<\/strong><\/p>\n\n\n\n<p><\/p>\n","protected":false},"featured_media":6653,"template":"","categories":[15],"tags":[78,101,88],"class_list":["post-6651","noticias","type-noticias","status-publish","has-post-thumbnail","hentry","category-desenvolvimento-industrial","tag-fiemg","tag-senai","tag-sesi"],"acf":[],"yoast_head":"<!-- This site is optimized with the Yoast SEO plugin v26.2 - https:\/\/yoast.com\/wordpress\/plugins\/seo\/ -->\n<title>EduqueNOW chega a Belo Horizonte em abril para debater inova\u00e7\u00e3o e trajet\u00f3rias que transformam a educa\u00e7\u00e3o - FIEMG<\/title>\n<meta name=\"description\" content=\"Evento gratuito promovido por SESI e SENAI reunir\u00e1 educadores, gestores e especialistas no BH Shopping.\" \/>\n<meta name=\"robots\" content=\"index, follow, max-snippet:-1, max-image-preview:large, max-video-preview:-1\" \/>\n<link rel=\"canonical\" href=\"https:\/\/www.fiemg.com.br\/regional-sede\/noticias\/eduquenow-chega-a-belo-horizonte-em-abril-para-debater-inovacao-e-trajetorias-que-transformam-a-educacao\/\" \/>\n<meta property=\"og:locale\" content=\"pt_BR\" \/>\n<meta property=\"og:type\" content=\"article\" \/>\n<meta property=\"og:title\" content=\"EduqueNOW chega a Belo Horizonte em abril para debater inova\u00e7\u00e3o e trajet\u00f3rias que transformam a educa\u00e7\u00e3o - FIEMG\" \/>\n<meta property=\"og:description\" content=\"Evento gratuito promovido por SESI e SENAI reunir\u00e1 educadores, gestores e especialistas no BH Shopping.\" \/>\n<meta property=\"og:url\" content=\"https:\/\/www.fiemg.com.br\/regional-sede\/noticias\/eduquenow-chega-a-belo-horizonte-em-abril-para-debater-inovacao-e-trajetorias-que-transformam-a-educacao\/\" \/>\n<meta property=\"og:site_name\" content=\"FIEMG\" \/>\n<meta property=\"article:modified_time\" content=\"2026-03-23T13:27:06+00:00\" \/>\n<meta property=\"og:image\" content=\"https:\/\/www.fiemg.com.br\/regional-sede\/wp-content\/uploads\/sites\/21\/2026\/03\/Thumb-6.png\" \/>\n\t<meta property=\"og:image:width\" content=\"512\" \/>\n\t<meta property=\"og:image:height\" content=\"512\" \/>\n\t<meta property=\"og:image:type\" content=\"image\/png\" \/>\n<meta name=\"twitter:card\" content=\"summary_large_image\" \/>\n<meta name=\"twitter:label1\" content=\"Est. tempo de leitura\" \/>\n\t<meta name=\"twitter:data1\" content=\"2 minutos\" \/>\n<script type=\"application\/ld+json\" class=\"yoast-schema-graph\">{\"@context\":\"https:\/\/schema.org\",\"@graph\":[{\"@type\":\"WebPage\",\"@id\":\"https:\/\/www.fiemg.com.br\/regional-sede\/noticias\/eduquenow-chega-a-belo-horizonte-em-abril-para-debater-inovacao-e-trajetorias-que-transformam-a-educacao\/\",\"url\":\"https:\/\/www.fiemg.com.br\/regional-sede\/noticias\/eduquenow-chega-a-belo-horizonte-em-abril-para-debater-inovacao-e-trajetorias-que-transformam-a-educacao\/\",\"name\":\"EduqueNOW chega a Belo Horizonte em abril para debater inova\u00e7\u00e3o e trajet\u00f3rias que transformam a educa\u00e7\u00e3o - FIEMG\",\"isPartOf\":{\"@id\":\"https:\/\/www.fiemg.com.br\/regional-sede\/#website\"},\"primaryImageOfPage\":{\"@id\":\"https:\/\/www.fiemg.com.br\/regional-sede\/noticias\/eduquenow-chega-a-belo-horizonte-em-abril-para-debater-inovacao-e-trajetorias-que-transformam-a-educacao\/#primaryimage\"},\"image\":{\"@id\":\"https:\/\/www.fiemg.com.br\/regional-sede\/noticias\/eduquenow-chega-a-belo-horizonte-em-abril-para-debater-inovacao-e-trajetorias-que-transformam-a-educacao\/#primaryimage\"},\"thumbnailUrl\":\"https:\/\/www.fiemg.com.br\/regional-sede\/wp-content\/uploads\/sites\/21\/2026\/03\/Thumb-6.png\",\"datePublished\":\"2026-03-23T13:23:02+00:00\",\"dateModified\":\"2026-03-23T13:27:06+00:00\",\"description\":\"Evento gratuito promovido por SESI e SENAI reunir\u00e1 educadores, gestores e especialistas no BH Shopping.\",\"breadcrumb\":{\"@id\":\"https:\/\/www.fiemg.com.br\/regional-sede\/noticias\/eduquenow-chega-a-belo-horizonte-em-abril-para-debater-inovacao-e-trajetorias-que-transformam-a-educacao\/#breadcrumb\"},\"inLanguage\":\"pt-BR\",\"potentialAction\":[{\"@type\":\"ReadAction\",\"target\":[\"https:\/\/www.fiemg.com.br\/regional-sede\/noticias\/eduquenow-chega-a-belo-horizonte-em-abril-para-debater-inovacao-e-trajetorias-que-transformam-a-educacao\/\"]}]},{\"@type\":\"ImageObject\",\"inLanguage\":\"pt-BR\",\"@id\":\"https:\/\/www.fiemg.com.br\/regional-sede\/noticias\/eduquenow-chega-a-belo-horizonte-em-abril-para-debater-inovacao-e-trajetorias-que-transformam-a-educacao\/#primaryimage\",\"url\":\"https:\/\/www.fiemg.com.br\/regional-sede\/wp-content\/uploads\/sites\/21\/2026\/03\/Thumb-6.png\",\"contentUrl\":\"https:\/\/www.fiemg.com.br\/regional-sede\/wp-content\/uploads\/sites\/21\/2026\/03\/Thumb-6.png\",\"width\":512,\"height\":512},{\"@type\":\"BreadcrumbList\",\"@id\":\"https:\/\/www.fiemg.com.br\/regional-sede\/noticias\/eduquenow-chega-a-belo-horizonte-em-abril-para-debater-inovacao-e-trajetorias-que-transformam-a-educacao\/#breadcrumb\",\"itemListElement\":[{\"@type\":\"ListItem\",\"position\":1,\"name\":\"In\u00edcio\",\"item\":\"https:\/\/www.fiemg.com.br\/regional-sede\/\"},{\"@type\":\"ListItem\",\"position\":2,\"name\":\"EduqueNOW chega a Belo Horizonte em abril para debater inova\u00e7\u00e3o e trajet\u00f3rias que transformam a educa\u00e7\u00e3o\"}]},{\"@type\":\"WebSite\",\"@id\":\"https:\/\/www.fiemg.com.br\/regional-sede\/#website\",\"url\":\"https:\/\/www.fiemg.com.br\/regional-sede\/\",\"name\":\"FIEMG\",\"description\":\"Federa\u00e7\u00e3o das Ind\u00fastrias do Estado de Minas Gerais\",\"publisher\":{\"@id\":\"https:\/\/www.fiemg.com.br\/regional-sede\/#organization\"},\"potentialAction\":[{\"@type\":\"SearchAction\",\"target\":{\"@type\":\"EntryPoint\",\"urlTemplate\":\"https:\/\/www.fiemg.com.br\/regional-sede\/?s={search_term_string}\"},\"query-input\":{\"@type\":\"PropertyValueSpecification\",\"valueRequired\":true,\"valueName\":\"search_term_string\"}}],\"inLanguage\":\"pt-BR\"},{\"@type\":\"Organization\",\"@id\":\"https:\/\/www.fiemg.com.br\/regional-sede\/#organization\",\"name\":\"FIEMG\",\"url\":\"https:\/\/www.fiemg.com.br\/regional-sede\/\",\"logo\":{\"@type\":\"ImageObject\",\"inLanguage\":\"pt-BR\",\"@id\":\"https:\/\/www.fiemg.com.br\/regional-sede\/#\/schema\/logo\/image\/\",\"url\":\"https:\/\/www.fiemg.com.br\/regional-sede\/wp-content\/uploads\/sites\/21\/2023\/02\/Ativo-1.png\",\"contentUrl\":\"https:\/\/www.fiemg.com.br\/regional-sede\/wp-content\/uploads\/sites\/21\/2023\/02\/Ativo-1.png\",\"width\":563,\"height\":149,\"caption\":\"FIEMG\"},\"image\":{\"@id\":\"https:\/\/www.fiemg.com.br\/regional-sede\/#\/schema\/logo\/image\/\"}}]}<\/script>\n<!-- \/ Yoast SEO plugin. -->","yoast_head_json":{"title":"EduqueNOW chega a Belo Horizonte em abril para debater inova\u00e7\u00e3o e trajet\u00f3rias que transformam a educa\u00e7\u00e3o - FIEMG","description":"Evento gratuito promovido por SESI e SENAI reunir\u00e1 educadores, gestores e especialistas no BH Shopping.","robots":{"index":"index","follow":"follow","max-snippet":"max-snippet:-1","max-image-preview":"max-image-preview:large","max-video-preview":"max-video-preview:-1"},"canonical":"https:\/\/www.fiemg.com.br\/regional-sede\/noticias\/eduquenow-chega-a-belo-horizonte-em-abril-para-debater-inovacao-e-trajetorias-que-transformam-a-educacao\/","og_locale":"pt_BR","og_type":"article","og_title":"EduqueNOW chega a Belo Horizonte em abril para debater inova\u00e7\u00e3o e trajet\u00f3rias que transformam a educa\u00e7\u00e3o - FIEMG","og_description":"Evento gratuito promovido por SESI e SENAI reunir\u00e1 educadores, gestores e especialistas no BH Shopping.","og_url":"https:\/\/www.fiemg.com.br\/regional-sede\/noticias\/eduquenow-chega-a-belo-horizonte-em-abril-para-debater-inovacao-e-trajetorias-que-transformam-a-educacao\/","og_site_name":"FIEMG","article_modified_time":"2026-03-23T13:27:06+00:00","og_image":[{"width":512,"height":512,"url":"https:\/\/www.fiemg.com.br\/regional-sede\/wp-content\/uploads\/sites\/21\/2026\/03\/Thumb-6.png","type":"image\/png"}],"twitter_card":"summary_large_image","twitter_misc":{"Est. tempo de leitura":"2 minutos"},"schema":{"@context":"https:\/\/schema.org","@graph":[{"@type":"WebPage","@id":"https:\/\/www.fiemg.com.br\/regional-sede\/noticias\/eduquenow-chega-a-belo-horizonte-em-abril-para-debater-inovacao-e-trajetorias-que-transformam-a-educacao\/","url":"https:\/\/www.fiemg.com.br\/regional-sede\/noticias\/eduquenow-chega-a-belo-horizonte-em-abril-para-debater-inovacao-e-trajetorias-que-transformam-a-educacao\/","name":"EduqueNOW chega a Belo Horizonte em abril para debater inova\u00e7\u00e3o e trajet\u00f3rias que transformam a educa\u00e7\u00e3o - FIEMG","isPartOf":{"@id":"https:\/\/www.fiemg.com.br\/regional-sede\/#website"},"primaryImageOfPage":{"@id":"https:\/\/www.fiemg.com.br\/regional-sede\/noticias\/eduquenow-chega-a-belo-horizonte-em-abril-para-debater-inovacao-e-trajetorias-que-transformam-a-educacao\/#primaryimage"},"image":{"@id":"https:\/\/www.fiemg.com.br\/regional-sede\/noticias\/eduquenow-chega-a-belo-horizonte-em-abril-para-debater-inovacao-e-trajetorias-que-transformam-a-educacao\/#primaryimage"},"thumbnailUrl":"https:\/\/www.fiemg.com.br\/regional-sede\/wp-content\/uploads\/sites\/21\/2026\/03\/Thumb-6.png","datePublished":"2026-03-23T13:23:02+00:00","dateModified":"2026-03-23T13:27:06+00:00","description":"Evento gratuito promovido por SESI e SENAI reunir\u00e1 educadores, gestores e especialistas no BH Shopping.","breadcrumb":{"@id":"https:\/\/www.fiemg.com.br\/regional-sede\/noticias\/eduquenow-chega-a-belo-horizonte-em-abril-para-debater-inovacao-e-trajetorias-que-transformam-a-educacao\/#breadcrumb"},"inLanguage":"pt-BR","potentialAction":[{"@type":"ReadAction","target":["https:\/\/www.fiemg.com.br\/regional-sede\/noticias\/eduquenow-chega-a-belo-horizonte-em-abril-para-debater-inovacao-e-trajetorias-que-transformam-a-educacao\/"]}]},{"@type":"ImageObject","inLanguage":"pt-BR","@id":"https:\/\/www.fiemg.com.br\/regional-sede\/noticias\/eduquenow-chega-a-belo-horizonte-em-abril-para-debater-inovacao-e-trajetorias-que-transformam-a-educacao\/#primaryimage","url":"https:\/\/www.fiemg.com.br\/regional-sede\/wp-content\/uploads\/sites\/21\/2026\/03\/Thumb-6.png","contentUrl":"https:\/\/www.fiemg.com.br\/regional-sede\/wp-content\/uploads\/sites\/21\/2026\/03\/Thumb-6.png","width":512,"height":512},{"@type":"BreadcrumbList","@id":"https:\/\/www.fiemg.com.br\/regional-sede\/noticias\/eduquenow-chega-a-belo-horizonte-em-abril-para-debater-inovacao-e-trajetorias-que-transformam-a-educacao\/#breadcrumb","itemListElement":[{"@type":"ListItem","position":1,"name":"In\u00edcio","item":"https:\/\/www.fiemg.com.br\/regional-sede\/"},{"@type":"ListItem","position":2,"name":"EduqueNOW chega a Belo Horizonte em abril para debater inova\u00e7\u00e3o e trajet\u00f3rias que transformam a educa\u00e7\u00e3o"}]},{"@type":"WebSite","@id":"https:\/\/www.fiemg.com.br\/regional-sede\/#website","url":"https:\/\/www.fiemg.com.br\/regional-sede\/","name":"FIEMG","description":"Federa\u00e7\u00e3o das Ind\u00fastrias do Estado de Minas Gerais","publisher":{"@id":"https:\/\/www.fiemg.com.br\/regional-sede\/#organization"},"potentialAction":[{"@type":"SearchAction","target":{"@type":"EntryPoint","urlTemplate":"https:\/\/www.fiemg.com.br\/regional-sede\/?s={search_term_string}"},"query-input":{"@type":"PropertyValueSpecification","valueRequired":true,"valueName":"search_term_string"}}],"inLanguage":"pt-BR"},{"@type":"Organization","@id":"https:\/\/www.fiemg.com.br\/regional-sede\/#organization","name":"FIEMG","url":"https:\/\/www.fiemg.com.br\/regional-sede\/","logo":{"@type":"ImageObject","inLanguage":"pt-BR","@id":"https:\/\/www.fiemg.com.br\/regional-sede\/#\/schema\/logo\/image\/","url":"https:\/\/www.fiemg.com.br\/regional-sede\/wp-content\/uploads\/sites\/21\/2023\/02\/Ativo-1.png","contentUrl":"https:\/\/www.fiemg.com.br\/regional-sede\/wp-content\/uploads\/sites\/21\/2023\/02\/Ativo-1.png","width":563,"height":149,"caption":"FIEMG"},"image":{"@id":"https:\/\/www.fiemg.com.br\/regional-sede\/#\/schema\/logo\/image\/"}}]}},"_links":{"self":[{"href":"https:\/\/www.fiemg.com.br\/regional-sede\/wp-json\/wp\/v2\/noticias\/6651","targetHints":{"allow":["GET"]}}],"collection":[{"href":"https:\/\/www.fiemg.com.br\/regional-sede\/wp-json\/wp\/v2\/noticias"}],"about":[{"href":"https:\/\/www.fiemg.com.br\/regional-sede\/wp-json\/wp\/v2\/types\/noticias"}],"wp:featuredmedia":[{"embeddable":true,"href":"https:\/\/www.fiemg.com.br\/regional-sede\/wp-json\/wp\/v2\/media\/6653"}],"wp:attachment":[{"href":"https:\/\/www.fiemg.com.br\/regional-sede\/wp-json\/wp\/v2\/media?parent=6651"}],"wp:term":[{"taxonomy":"category","embeddable":true,"href":"https:\/\/www.fiemg.com.br\/regional-sede\/wp-json\/wp\/v2\/categories?post=6651"},{"taxonomy":"post_tag","embeddable":true,"href":"https:\/\/www.fiemg.com.br\/regional-sede\/wp-json\/wp\/v2\/tags?post=6651"}],"curies":[{"name":"wp","href":"https:\/\/api.w.org\/{rel}","templated":true}]}}