{"id":6855,"date":"2026-04-27T08:36:08","date_gmt":"2026-04-27T11:36:08","guid":{"rendered":"https:\/\/www.fiemg.com.br\/regional-sede\/noticias\/belgo-arames-firma-parceria-com-a-fiemg-para-fortalecer-inovacao-aberta-na-industria\/"},"modified":"2026-04-27T08:37:35","modified_gmt":"2026-04-27T11:37:35","slug":"belgo-arames-firma-parceria-com-a-fiemg-para-fortalecer-inovacao-aberta-na-industria","status":"publish","type":"noticias","link":"https:\/\/www.fiemg.com.br\/regional-sede\/noticias\/belgo-arames-firma-parceria-com-a-fiemg-para-fortalecer-inovacao-aberta-na-industria\/","title":{"rendered":"Belgo Arames firma parceria com a FIEMG para fortalecer inova\u00e7\u00e3o aberta na ind\u00fastria\u00a0"},"content":{"rendered":"\n<p>A Belgo Arames, l\u00edder brasileira na transforma\u00e7\u00e3o de arames de a\u00e7o, anuncia uma parceria com a Federa\u00e7\u00e3o das Ind\u00fastrias do Estado de Minas Gerais (FIEMG) para integrar o FIEMG Lab, hub de inova\u00e7\u00e3o aberta que conecta ind\u00fastrias a solu\u00e7\u00f5es tecnol\u00f3gicas.<\/p>\n\n\n\n<p>\u201cCelebramos a chegada da Belgo Arames como nova Ind\u00fastria do Futuro. A empresa, que \u00e9 l\u00edder na produ\u00e7\u00e3o de solu\u00e7\u00f5es em arames de a\u00e7o, traz uma bagagem de impacto positivo no dia a dia da sociedade. E a nossa parceria refor\u00e7a o papel do FIEMG Lab como um hub estrat\u00e9gico de conex\u00e3o entre a ind\u00fastria e as oportunidades que se abrem a partir da inova\u00e7\u00e3o aberta. Esse novo momento demonstra como a ind\u00fastria tradicional, ao investir em inova\u00e7\u00e3o, fortalece sua competitividade e contribui para impulsionar o ecossistema, na busca por resultados mais eficientes\u201d, afirma Mariana Yazbeck, gerente do FIEMG Lab.<\/p>\n\n\n\n<p>Com a iniciativa, a empresa passa a compor o grupo Ind\u00fastria do Futuro, formado por organiza\u00e7\u00f5es comprometidas com a transforma\u00e7\u00e3o tecnol\u00f3gica e o desenvolvimento de solu\u00e7\u00f5es inovadoras para o setor industrial.<\/p>\n\n\n\n<p>\u201cA inova\u00e7\u00e3o \u00e9 um pilar do nosso mapa estrat\u00e9gico e fundamental para garantir a sustentabilidade e a perenidade do neg\u00f3cio. Com uma cultura orientada \u00e0 inova\u00e7\u00e3o, buscamos impulsionar a transforma\u00e7\u00e3o tecnol\u00f3gica e consolidar uma gest\u00e3o cada vez mais \u00e1gil e colaborativa. Inovar \u00e9 o caminho que escolhemos para liderar com responsabilidade e vis\u00e3o de futuro\u201d, destaca Maria L. Ciorlia, gerente de marketing, estrat\u00e9gia e inova\u00e7\u00e3o.<\/p>\n\n\n\n<p>A entrada no FIEMG Lab \u00e9 uma iniciativa da empresa para ampliar a sua atua\u00e7\u00e3o em inova\u00e7\u00e3o aberta e fortalecer conex\u00f5es com startups e parceiros estrat\u00e9gicos para acelerar o desenvolvimento de solu\u00e7\u00f5es voltadas \u00e0 efici\u00eancia operacional, sustentabilidade e competitividade industrial.<\/p>\n\n\n\n<p>Em maio, ser\u00e1 lan\u00e7ado o \u201cBelgo Challenge\u201d, iniciativa estruturada no modelo de desafios de inova\u00e7\u00e3o aberta em parceria com o FIEMG Lab. O edital convocar\u00e1 startups e spin-offs de todo o pa\u00eds para propor solu\u00e7\u00f5es a desafios reais da ind\u00fastria, com foco em ganhos de efici\u00eancia, sustentabilidade e performance operacional. As propostas selecionadas passar\u00e3o por etapas de avalia\u00e7\u00e3o t\u00e9cnica e poder\u00e3o evoluir para a realiza\u00e7\u00e3o de provas de conceito (PoCs) remuneradas, desenvolvidas em ambiente industrial e acompanhadas por especialistas, com o objetivo de validar tecnologias e acelerar sua aplica\u00e7\u00e3o pr\u00e1tica nos processos da companhia.<\/p>\n\n\n\n<p><strong>Cultura de inova\u00e7\u00e3o, reconhecimento e parcerias<\/strong><\/p>\n\n\n\n<p>Na Belgo Arames, a inova\u00e7\u00e3o est\u00e1 incorporada \u00e0 cultura organizacional e orienta iniciativas voltadas \u00e0 melhoria de processos, desenvolvimento de produtos e transforma\u00e7\u00e3o digital. A companhia tem investido cerca de R$ 37 milh\u00f5es por ano destinado a projetos de inova\u00e7\u00e3o, incluindo pesquisa e desenvolvimento, digitaliza\u00e7\u00e3o e iniciativas incentivadas.<\/p>\n\n\n\n<p>Esse posicionamento tamb\u00e9m tem sido reconhecido pelo mercado. Em 2025, a companhia alcan\u00e7ou a 4\u00aa posi\u00e7\u00e3o no ranking Valor Inova\u00e7\u00e3o, na categoria Minera\u00e7\u00e3o, Metalurgia e Siderurgia, e foi reconhecida pela 100 Open Startups como a 5\u00aa empresa que mais colaborou com o ecossistema de inova\u00e7\u00e3o aberta no setor de Minera\u00e7\u00e3o e Metais. A Belgo tamb\u00e9m figurou entre as 10 principais empresas na categoria Inova\u00e7\u00e3o de Transforma\u00e7\u00e3o, no Pr\u00eamio AEVO de Intraempreendedorismo, que destaca projetos de inova\u00e7\u00e3o que desenvolveram um produto, servi\u00e7o ou processo completamente novo para a empresa.<\/p>\n\n\n\n<p>A companhia tamb\u00e9m aposta na inova\u00e7\u00e3o colaborativa. Por meio do Belgo Lab, conecta startups, universidades e centros de pesquisa em projetos de desenvolvimento tecnol\u00f3gico, incluindo iniciativas realizadas em parceria com o CIT SENAI e a ArcelorMittal. A Belgo investe ainda em startups, como a Agtech Instabov, especializada em solu\u00e7\u00f5es digitais para rastreabilidade e gest\u00e3o de rebanhos.<\/p>\n\n\n\n<p>\u201cA parceria com Fiemg Lab nos conectar\u00e1 a novas perspectivas e permitir\u00e1 acelerar o desenvolvimento de solu\u00e7\u00f5es que geram valor para a nossa ind\u00fastria e para a sociedade. Vamos ampliar nossa capacidade de enfrentar desafios reais, aproximando-nos de um ecossistema alinhado \u00e0s viv\u00eancias da ind\u00fastria e fortalecendo o conhecimento compartilhado.\u201d, destaca Maria L. Ciorlia.<\/p>\n\n\n\n<p>Sobre a Belgo Arames Com 50 anos de hist\u00f3ria, a Belgo Arames \u00e9 l\u00edder brasileira na transforma\u00e7\u00e3o de arames de a\u00e7o desde sua cria\u00e7\u00e3o, fruto da parceria estrat\u00e9gica no Brasil entre a ArcelorMittal e a Bekaert. A empresa atua nos segmentos de Agroneg\u00f3cios, Cercamentos, Constru\u00e7\u00e3o Civil, Automotivo, Solda, Aplica\u00e7\u00f5es Especiais e Ind\u00fastria Petrol\u00edfera, oferecendo um mix de produtos e servi\u00e7os que atendem com expertise e tecnologia de ponta, confiabilidade e qualidade aos mais diversos perfis de clientes. Tem oito unidades pelo pa\u00eds, nos estados de Minas Gerais, S\u00e3o Paulo e Bahia, e sede em Contagem (MG).<\/p>\n\n\n\n<p>Sobre o FIEMG Lab: O hub \u00e9 uma iniciativa pioneira do Instituto Euvaldo Lodi (IEL), no \u00e2mbito da Federa\u00e7\u00e3o das Ind\u00fastrias do Estado de Minas Gerais (FIEMG), criado para acelerar o futuro do setor industrial e aumentar sua competitividade por meio da inova\u00e7\u00e3o aberta com startups e empresas de base tecnol\u00f3gica.&nbsp;<br><br>A iniciativa \u00e9 vencedora por tr\u00eas anos consecutivos (2023, 2024 e 2025) do pr\u00eamio de melhor ecossistema de inova\u00e7\u00e3o aberta entre as organiza\u00e7\u00f5es do Sistema S, entidades p\u00fablicas, sindicais e patronais do Brasil pelo Ranking 100 Open Startups. Os n\u00fameros comprovam os resultados de sucesso: s\u00e3o 394 startups impactadas, 161 provas de conceito desenvolvidas, 290 ind\u00fastrias impactadas e mais de 7,6 mil encontros de neg\u00f3cios realizados desde 2019.<\/p>\n\n\n\n<p><strong>Imprensa FIEMG<\/strong><\/p>\n","protected":false},"featured_media":6861,"template":"","categories":[15],"tags":[78],"class_list":["post-6855","noticias","type-noticias","status-publish","has-post-thumbnail","hentry","category-desenvolvimento-industrial","tag-fiemg"],"acf":[],"yoast_head":"<!-- This site is optimized with the Yoast SEO plugin v26.2 - https:\/\/yoast.com\/wordpress\/plugins\/seo\/ -->\n<title>Belgo Arames firma parceria com a FIEMG para fortalecer inova\u00e7\u00e3o aberta na ind\u00fastria\u00a0 - FIEMG<\/title>\n<meta name=\"description\" content=\"Empresa passa a integrar o FIEMG Lab, hub de inova\u00e7\u00e3o da ind\u00fastria mineira que conecta empresas e startups para desenvolvimento de novas solu\u00e7\u00f5es tecnol\u00f3gicas\" \/>\n<meta name=\"robots\" content=\"index, follow, max-snippet:-1, max-image-preview:large, max-video-preview:-1\" \/>\n<link rel=\"canonical\" href=\"https:\/\/www.fiemg.com.br\/regional-sede\/noticias\/belgo-arames-firma-parceria-com-a-fiemg-para-fortalecer-inovacao-aberta-na-industria\/\" \/>\n<meta property=\"og:locale\" content=\"pt_BR\" \/>\n<meta property=\"og:type\" content=\"article\" \/>\n<meta property=\"og:title\" content=\"Belgo Arames firma parceria com a FIEMG para fortalecer inova\u00e7\u00e3o aberta na ind\u00fastria\u00a0 - FIEMG\" \/>\n<meta property=\"og:description\" content=\"Empresa passa a integrar o FIEMG Lab, hub de inova\u00e7\u00e3o da ind\u00fastria mineira que conecta empresas e startups para desenvolvimento de novas solu\u00e7\u00f5es tecnol\u00f3gicas\" \/>\n<meta property=\"og:url\" content=\"https:\/\/www.fiemg.com.br\/regional-sede\/noticias\/belgo-arames-firma-parceria-com-a-fiemg-para-fortalecer-inovacao-aberta-na-industria\/\" \/>\n<meta property=\"og:site_name\" content=\"FIEMG\" \/>\n<meta property=\"article:modified_time\" content=\"2026-04-27T11:37:35+00:00\" \/>\n<meta property=\"og:image\" content=\"https:\/\/www.fiemg.com.br\/regional-sede\/wp-content\/uploads\/sites\/21\/2026\/04\/Thumb-20_1396302.png\" \/>\n\t<meta property=\"og:image:width\" content=\"512\" \/>\n\t<meta property=\"og:image:height\" content=\"512\" \/>\n\t<meta property=\"og:image:type\" content=\"image\/png\" \/>\n<meta name=\"twitter:card\" content=\"summary_large_image\" \/>\n<meta name=\"twitter:label1\" content=\"Est. tempo de leitura\" \/>\n\t<meta name=\"twitter:data1\" content=\"5 minutos\" \/>\n<script type=\"application\/ld+json\" class=\"yoast-schema-graph\">{\"@context\":\"https:\/\/schema.org\",\"@graph\":[{\"@type\":\"WebPage\",\"@id\":\"https:\/\/www.fiemg.com.br\/regional-sede\/noticias\/belgo-arames-firma-parceria-com-a-fiemg-para-fortalecer-inovacao-aberta-na-industria\/\",\"url\":\"https:\/\/www.fiemg.com.br\/regional-sede\/noticias\/belgo-arames-firma-parceria-com-a-fiemg-para-fortalecer-inovacao-aberta-na-industria\/\",\"name\":\"Belgo Arames firma parceria com a FIEMG para fortalecer inova\u00e7\u00e3o aberta na ind\u00fastria\u00a0 - FIEMG\",\"isPartOf\":{\"@id\":\"https:\/\/www.fiemg.com.br\/regional-sede\/#website\"},\"primaryImageOfPage\":{\"@id\":\"https:\/\/www.fiemg.com.br\/regional-sede\/noticias\/belgo-arames-firma-parceria-com-a-fiemg-para-fortalecer-inovacao-aberta-na-industria\/#primaryimage\"},\"image\":{\"@id\":\"https:\/\/www.fiemg.com.br\/regional-sede\/noticias\/belgo-arames-firma-parceria-com-a-fiemg-para-fortalecer-inovacao-aberta-na-industria\/#primaryimage\"},\"thumbnailUrl\":\"https:\/\/www.fiemg.com.br\/regional-sede\/wp-content\/uploads\/sites\/21\/2026\/04\/Thumb-20_1396302.png\",\"datePublished\":\"2026-04-27T11:36:08+00:00\",\"dateModified\":\"2026-04-27T11:37:35+00:00\",\"description\":\"Empresa passa a integrar o FIEMG Lab, hub de inova\u00e7\u00e3o da ind\u00fastria mineira que conecta empresas e startups para desenvolvimento de novas solu\u00e7\u00f5es tecnol\u00f3gicas\",\"breadcrumb\":{\"@id\":\"https:\/\/www.fiemg.com.br\/regional-sede\/noticias\/belgo-arames-firma-parceria-com-a-fiemg-para-fortalecer-inovacao-aberta-na-industria\/#breadcrumb\"},\"inLanguage\":\"pt-BR\",\"potentialAction\":[{\"@type\":\"ReadAction\",\"target\":[\"https:\/\/www.fiemg.com.br\/regional-sede\/noticias\/belgo-arames-firma-parceria-com-a-fiemg-para-fortalecer-inovacao-aberta-na-industria\/\"]}]},{\"@type\":\"ImageObject\",\"inLanguage\":\"pt-BR\",\"@id\":\"https:\/\/www.fiemg.com.br\/regional-sede\/noticias\/belgo-arames-firma-parceria-com-a-fiemg-para-fortalecer-inovacao-aberta-na-industria\/#primaryimage\",\"url\":\"https:\/\/www.fiemg.com.br\/regional-sede\/wp-content\/uploads\/sites\/21\/2026\/04\/Thumb-20_1396302.png\",\"contentUrl\":\"https:\/\/www.fiemg.com.br\/regional-sede\/wp-content\/uploads\/sites\/21\/2026\/04\/Thumb-20_1396302.png\",\"width\":512,\"height\":512},{\"@type\":\"BreadcrumbList\",\"@id\":\"https:\/\/www.fiemg.com.br\/regional-sede\/noticias\/belgo-arames-firma-parceria-com-a-fiemg-para-fortalecer-inovacao-aberta-na-industria\/#breadcrumb\",\"itemListElement\":[{\"@type\":\"ListItem\",\"position\":1,\"name\":\"In\u00edcio\",\"item\":\"https:\/\/www.fiemg.com.br\/regional-sede\/\"},{\"@type\":\"ListItem\",\"position\":2,\"name\":\"Belgo Arames firma parceria com a FIEMG para fortalecer inova\u00e7\u00e3o aberta na ind\u00fastria\u00a0\"}]},{\"@type\":\"WebSite\",\"@id\":\"https:\/\/www.fiemg.com.br\/regional-sede\/#website\",\"url\":\"https:\/\/www.fiemg.com.br\/regional-sede\/\",\"name\":\"FIEMG\",\"description\":\"Federa\u00e7\u00e3o das Ind\u00fastrias do Estado de Minas Gerais\",\"publisher\":{\"@id\":\"https:\/\/www.fiemg.com.br\/regional-sede\/#organization\"},\"potentialAction\":[{\"@type\":\"SearchAction\",\"target\":{\"@type\":\"EntryPoint\",\"urlTemplate\":\"https:\/\/www.fiemg.com.br\/regional-sede\/?s={search_term_string}\"},\"query-input\":{\"@type\":\"PropertyValueSpecification\",\"valueRequired\":true,\"valueName\":\"search_term_string\"}}],\"inLanguage\":\"pt-BR\"},{\"@type\":\"Organization\",\"@id\":\"https:\/\/www.fiemg.com.br\/regional-sede\/#organization\",\"name\":\"FIEMG\",\"url\":\"https:\/\/www.fiemg.com.br\/regional-sede\/\",\"logo\":{\"@type\":\"ImageObject\",\"inLanguage\":\"pt-BR\",\"@id\":\"https:\/\/www.fiemg.com.br\/regional-sede\/#\/schema\/logo\/image\/\",\"url\":\"https:\/\/www.fiemg.com.br\/regional-sede\/wp-content\/uploads\/sites\/21\/2023\/02\/Ativo-1.png\",\"contentUrl\":\"https:\/\/www.fiemg.com.br\/regional-sede\/wp-content\/uploads\/sites\/21\/2023\/02\/Ativo-1.png\",\"width\":563,\"height\":149,\"caption\":\"FIEMG\"},\"image\":{\"@id\":\"https:\/\/www.fiemg.com.br\/regional-sede\/#\/schema\/logo\/image\/\"}}]}<\/script>\n<!-- \/ Yoast SEO plugin. -->","yoast_head_json":{"title":"Belgo Arames firma parceria com a FIEMG para fortalecer inova\u00e7\u00e3o aberta na ind\u00fastria\u00a0 - FIEMG","description":"Empresa passa a integrar o FIEMG Lab, hub de inova\u00e7\u00e3o da ind\u00fastria mineira que conecta empresas e startups para desenvolvimento de novas solu\u00e7\u00f5es tecnol\u00f3gicas","robots":{"index":"index","follow":"follow","max-snippet":"max-snippet:-1","max-image-preview":"max-image-preview:large","max-video-preview":"max-video-preview:-1"},"canonical":"https:\/\/www.fiemg.com.br\/regional-sede\/noticias\/belgo-arames-firma-parceria-com-a-fiemg-para-fortalecer-inovacao-aberta-na-industria\/","og_locale":"pt_BR","og_type":"article","og_title":"Belgo Arames firma parceria com a FIEMG para fortalecer inova\u00e7\u00e3o aberta na ind\u00fastria\u00a0 - FIEMG","og_description":"Empresa passa a integrar o FIEMG Lab, hub de inova\u00e7\u00e3o da ind\u00fastria mineira que conecta empresas e startups para desenvolvimento de novas solu\u00e7\u00f5es tecnol\u00f3gicas","og_url":"https:\/\/www.fiemg.com.br\/regional-sede\/noticias\/belgo-arames-firma-parceria-com-a-fiemg-para-fortalecer-inovacao-aberta-na-industria\/","og_site_name":"FIEMG","article_modified_time":"2026-04-27T11:37:35+00:00","og_image":[{"width":512,"height":512,"url":"https:\/\/www.fiemg.com.br\/regional-sede\/wp-content\/uploads\/sites\/21\/2026\/04\/Thumb-20_1396302.png","type":"image\/png"}],"twitter_card":"summary_large_image","twitter_misc":{"Est. tempo de leitura":"5 minutos"},"schema":{"@context":"https:\/\/schema.org","@graph":[{"@type":"WebPage","@id":"https:\/\/www.fiemg.com.br\/regional-sede\/noticias\/belgo-arames-firma-parceria-com-a-fiemg-para-fortalecer-inovacao-aberta-na-industria\/","url":"https:\/\/www.fiemg.com.br\/regional-sede\/noticias\/belgo-arames-firma-parceria-com-a-fiemg-para-fortalecer-inovacao-aberta-na-industria\/","name":"Belgo Arames firma parceria com a FIEMG para fortalecer inova\u00e7\u00e3o aberta na ind\u00fastria\u00a0 - FIEMG","isPartOf":{"@id":"https:\/\/www.fiemg.com.br\/regional-sede\/#website"},"primaryImageOfPage":{"@id":"https:\/\/www.fiemg.com.br\/regional-sede\/noticias\/belgo-arames-firma-parceria-com-a-fiemg-para-fortalecer-inovacao-aberta-na-industria\/#primaryimage"},"image":{"@id":"https:\/\/www.fiemg.com.br\/regional-sede\/noticias\/belgo-arames-firma-parceria-com-a-fiemg-para-fortalecer-inovacao-aberta-na-industria\/#primaryimage"},"thumbnailUrl":"https:\/\/www.fiemg.com.br\/regional-sede\/wp-content\/uploads\/sites\/21\/2026\/04\/Thumb-20_1396302.png","datePublished":"2026-04-27T11:36:08+00:00","dateModified":"2026-04-27T11:37:35+00:00","description":"Empresa passa a integrar o FIEMG Lab, hub de inova\u00e7\u00e3o da ind\u00fastria mineira que conecta empresas e startups para desenvolvimento de novas solu\u00e7\u00f5es tecnol\u00f3gicas","breadcrumb":{"@id":"https:\/\/www.fiemg.com.br\/regional-sede\/noticias\/belgo-arames-firma-parceria-com-a-fiemg-para-fortalecer-inovacao-aberta-na-industria\/#breadcrumb"},"inLanguage":"pt-BR","potentialAction":[{"@type":"ReadAction","target":["https:\/\/www.fiemg.com.br\/regional-sede\/noticias\/belgo-arames-firma-parceria-com-a-fiemg-para-fortalecer-inovacao-aberta-na-industria\/"]}]},{"@type":"ImageObject","inLanguage":"pt-BR","@id":"https:\/\/www.fiemg.com.br\/regional-sede\/noticias\/belgo-arames-firma-parceria-com-a-fiemg-para-fortalecer-inovacao-aberta-na-industria\/#primaryimage","url":"https:\/\/www.fiemg.com.br\/regional-sede\/wp-content\/uploads\/sites\/21\/2026\/04\/Thumb-20_1396302.png","contentUrl":"https:\/\/www.fiemg.com.br\/regional-sede\/wp-content\/uploads\/sites\/21\/2026\/04\/Thumb-20_1396302.png","width":512,"height":512},{"@type":"BreadcrumbList","@id":"https:\/\/www.fiemg.com.br\/regional-sede\/noticias\/belgo-arames-firma-parceria-com-a-fiemg-para-fortalecer-inovacao-aberta-na-industria\/#breadcrumb","itemListElement":[{"@type":"ListItem","position":1,"name":"In\u00edcio","item":"https:\/\/www.fiemg.com.br\/regional-sede\/"},{"@type":"ListItem","position":2,"name":"Belgo Arames firma parceria com a FIEMG para fortalecer inova\u00e7\u00e3o aberta na ind\u00fastria\u00a0"}]},{"@type":"WebSite","@id":"https:\/\/www.fiemg.com.br\/regional-sede\/#website","url":"https:\/\/www.fiemg.com.br\/regional-sede\/","name":"FIEMG","description":"Federa\u00e7\u00e3o das Ind\u00fastrias do Estado de Minas Gerais","publisher":{"@id":"https:\/\/www.fiemg.com.br\/regional-sede\/#organization"},"potentialAction":[{"@type":"SearchAction","target":{"@type":"EntryPoint","urlTemplate":"https:\/\/www.fiemg.com.br\/regional-sede\/?s={search_term_string}"},"query-input":{"@type":"PropertyValueSpecification","valueRequired":true,"valueName":"search_term_string"}}],"inLanguage":"pt-BR"},{"@type":"Organization","@id":"https:\/\/www.fiemg.com.br\/regional-sede\/#organization","name":"FIEMG","url":"https:\/\/www.fiemg.com.br\/regional-sede\/","logo":{"@type":"ImageObject","inLanguage":"pt-BR","@id":"https:\/\/www.fiemg.com.br\/regional-sede\/#\/schema\/logo\/image\/","url":"https:\/\/www.fiemg.com.br\/regional-sede\/wp-content\/uploads\/sites\/21\/2023\/02\/Ativo-1.png","contentUrl":"https:\/\/www.fiemg.com.br\/regional-sede\/wp-content\/uploads\/sites\/21\/2023\/02\/Ativo-1.png","width":563,"height":149,"caption":"FIEMG"},"image":{"@id":"https:\/\/www.fiemg.com.br\/regional-sede\/#\/schema\/logo\/image\/"}}]}},"_links":{"self":[{"href":"https:\/\/www.fiemg.com.br\/regional-sede\/wp-json\/wp\/v2\/noticias\/6855","targetHints":{"allow":["GET"]}}],"collection":[{"href":"https:\/\/www.fiemg.com.br\/regional-sede\/wp-json\/wp\/v2\/noticias"}],"about":[{"href":"https:\/\/www.fiemg.com.br\/regional-sede\/wp-json\/wp\/v2\/types\/noticias"}],"wp:featuredmedia":[{"embeddable":true,"href":"https:\/\/www.fiemg.com.br\/regional-sede\/wp-json\/wp\/v2\/media\/6861"}],"wp:attachment":[{"href":"https:\/\/www.fiemg.com.br\/regional-sede\/wp-json\/wp\/v2\/media?parent=6855"}],"wp:term":[{"taxonomy":"category","embeddable":true,"href":"https:\/\/www.fiemg.com.br\/regional-sede\/wp-json\/wp\/v2\/categories?post=6855"},{"taxonomy":"post_tag","embeddable":true,"href":"https:\/\/www.fiemg.com.br\/regional-sede\/wp-json\/wp\/v2\/tags?post=6855"}],"curies":[{"name":"wp","href":"https:\/\/api.w.org\/{rel}","templated":true}]}}