{"id":6862,"date":"2026-04-27T11:55:59","date_gmt":"2026-04-27T14:55:59","guid":{"rendered":"https:\/\/www.fiemg.com.br\/regional-sede\/noticias\/industria-textil-ganha-protagonismo-no-minas-trend-35-com-foco-em-inovacao-e-identidade\/"},"modified":"2026-04-27T12:02:47","modified_gmt":"2026-04-27T15:02:47","slug":"industria-textil-ganha-protagonismo-no-minas-trend-35-com-foco-em-inovacao-e-identidade","status":"publish","type":"noticias","link":"https:\/\/www.fiemg.com.br\/regional-sede\/noticias\/industria-textil-ganha-protagonismo-no-minas-trend-35-com-foco-em-inovacao-e-identidade\/","title":{"rendered":"Ind\u00fastria t\u00eaxtil ganha protagonismo no Minas Trend 35 com foco em inova\u00e7\u00e3o e identidade"},"content":{"rendered":"\n<p>A participa\u00e7\u00e3o da ind\u00fastria t\u00eaxtil no Minas Trend 35 refor\u00e7ou o papel estrat\u00e9gico do setor no fortalecimento da moda brasileira. Mais do que fornecer mat\u00e9ria-prima, as empresas t\u00eam atuado como parceiras no desenvolvimento criativo das cole\u00e7\u00f5es, acompanhando as transforma\u00e7\u00f5es do mercado e as novas demandas por exclusividade e agilidade.<\/p>\n\n\n\n<p>Entre os destaques desta edi\u00e7\u00e3o, a presen\u00e7a da Designtex evidenciou como a ind\u00fastria nacional tem se adaptado para oferecer solu\u00e7\u00f5es cada vez mais alinhadas \u00e0s necessidades das marcas. Segundo Gilberto Teodoro Mairinques, s\u00f3cio-administrador da empresa, a participa\u00e7\u00e3o no evento foi um marco para a companhia, que, pela primeira vez, contou com estande pr\u00f3prio.<\/p>\n\n\n\n<p>O Minas Trend tamb\u00e9m se consolida como um importante espa\u00e7o de conex\u00e3o entre ind\u00fastria e mercado, promovendo o interc\u00e2mbio de ideias, tend\u00eancias e oportunidades de neg\u00f3cios. Para o empres\u00e1rio, o evento funciona como um impulsionador para o setor. \u201cO Minas Trend \u00e9 um trampolim para a ind\u00fastria mineira. Al\u00e9m dos participantes locais, recebemos clientes e expositores de outros estados, o que amplia as oportunidades de neg\u00f3cios e fortalece a cadeia produtiva\u201d, destaca Mairinques.<\/p>\n\n\n\n<p>Outro ponto observado durante o evento foi o crescimento da feira e o aumento da participa\u00e7\u00e3o de expositores e visitantes. \u201cEsta edi\u00e7\u00e3o superou nossas expectativas, com mais presen\u00e7a de clientes e marcas. Foi bem interessante e mostra o potencial de crescimento do evento\u201d, avalia Mairinques.<\/p>\n\n\n\n<p>A busca por inova\u00e7\u00e3o tamb\u00e9m se destaca como fator essencial para a competitividade do setor. Segundo o empres\u00e1rio, o desenvolvimento constante de novos produtos tem sido uma estrat\u00e9gia para atender \u00e0s demandas do mercado. \u201cPara competir com os importados, a ind\u00fastria precisa inovar cada vez mais. Hoje, desenvolvemos tecidos com novas fibras, estampas e caracter\u00edsticas exclusivas, oferecendo aos clientes produtos diferenciados\u201d, explica Mairinques.<\/p>\n\n\n\n<p>Fundada em 2010, a Designtex \u00e9 uma ind\u00fastria nacional especializada na produ\u00e7\u00e3o de tecidos planos com fibras naturais, atendendo aos segmentos de moda masculina, feminina e artesanato. Com opera\u00e7\u00e3o em escala e produ\u00e7\u00e3o 100% nacional, a empresa se posiciona como uma alternativa competitiva frente aos tecidos importados, oferecendo qualidade, agilidade e flexibilidade no desenvolvimento de cole\u00e7\u00f5es.<\/p>\n\n\n\n<p>De acordo com Gilberto Teodoro Mairinques, um dos principais diferenciais da ind\u00fastria brasileira est\u00e1 na agilidade. \u201cO nosso maior diferencial \u00e9 o tempo. Conseguimos produzir e entregar mais r\u00e1pido, atendendo a um mercado que exige novidades constantes. Al\u00e9m disso, somos muito competitivos em fibras naturais, como o algod\u00e3o, o que fortalece ainda mais a produ\u00e7\u00e3o nacional\u201d, ressalta Mairinques.<\/p>\n\n\n\n<p><strong>Imprensa FIEMG<\/strong><\/p>\n","protected":false},"featured_media":6868,"template":"","categories":[],"tags":[],"class_list":["post-6862","noticias","type-noticias","status-publish","has-post-thumbnail","hentry"],"acf":[],"yoast_head":"<!-- This site is optimized with the Yoast SEO plugin v26.2 - https:\/\/yoast.com\/wordpress\/plugins\/seo\/ -->\n<title>Ind\u00fastria t\u00eaxtil ganha protagonismo no Minas Trend 35 com foco em inova\u00e7\u00e3o e identidade - FIEMG<\/title>\n<meta name=\"description\" content=\"Empresas mineiras apostam na personaliza\u00e7\u00e3o e na produ\u00e7\u00e3o nacional para fortalecer marcas e impulsionar a cadeia da moda\" \/>\n<meta name=\"robots\" content=\"index, follow, max-snippet:-1, max-image-preview:large, max-video-preview:-1\" \/>\n<link rel=\"canonical\" href=\"https:\/\/www.fiemg.com.br\/regional-sede\/noticias\/industria-textil-ganha-protagonismo-no-minas-trend-35-com-foco-em-inovacao-e-identidade\/\" \/>\n<meta property=\"og:locale\" content=\"pt_BR\" \/>\n<meta property=\"og:type\" content=\"article\" \/>\n<meta property=\"og:title\" content=\"Ind\u00fastria t\u00eaxtil ganha protagonismo no Minas Trend 35 com foco em inova\u00e7\u00e3o e identidade - FIEMG\" \/>\n<meta property=\"og:description\" content=\"Empresas mineiras apostam na personaliza\u00e7\u00e3o e na produ\u00e7\u00e3o nacional para fortalecer marcas e impulsionar a cadeia da moda\" \/>\n<meta property=\"og:url\" content=\"https:\/\/www.fiemg.com.br\/regional-sede\/noticias\/industria-textil-ganha-protagonismo-no-minas-trend-35-com-foco-em-inovacao-e-identidade\/\" \/>\n<meta property=\"og:site_name\" content=\"FIEMG\" \/>\n<meta property=\"article:modified_time\" content=\"2026-04-27T15:02:47+00:00\" \/>\n<meta property=\"og:image\" content=\"https:\/\/www.fiemg.com.br\/regional-sede\/wp-content\/uploads\/sites\/21\/2026\/04\/Thumb-21_2798713_3506667.png\" \/>\n\t<meta property=\"og:image:width\" content=\"512\" \/>\n\t<meta property=\"og:image:height\" content=\"512\" \/>\n\t<meta property=\"og:image:type\" content=\"image\/png\" \/>\n<meta name=\"twitter:card\" content=\"summary_large_image\" \/>\n<meta name=\"twitter:label1\" content=\"Est. tempo de leitura\" \/>\n\t<meta name=\"twitter:data1\" content=\"3 minutos\" \/>\n<script type=\"application\/ld+json\" class=\"yoast-schema-graph\">{\"@context\":\"https:\/\/schema.org\",\"@graph\":[{\"@type\":\"WebPage\",\"@id\":\"https:\/\/www.fiemg.com.br\/regional-sede\/noticias\/industria-textil-ganha-protagonismo-no-minas-trend-35-com-foco-em-inovacao-e-identidade\/\",\"url\":\"https:\/\/www.fiemg.com.br\/regional-sede\/noticias\/industria-textil-ganha-protagonismo-no-minas-trend-35-com-foco-em-inovacao-e-identidade\/\",\"name\":\"Ind\u00fastria t\u00eaxtil ganha protagonismo no Minas Trend 35 com foco em inova\u00e7\u00e3o e identidade - FIEMG\",\"isPartOf\":{\"@id\":\"https:\/\/www.fiemg.com.br\/regional-sede\/#website\"},\"primaryImageOfPage\":{\"@id\":\"https:\/\/www.fiemg.com.br\/regional-sede\/noticias\/industria-textil-ganha-protagonismo-no-minas-trend-35-com-foco-em-inovacao-e-identidade\/#primaryimage\"},\"image\":{\"@id\":\"https:\/\/www.fiemg.com.br\/regional-sede\/noticias\/industria-textil-ganha-protagonismo-no-minas-trend-35-com-foco-em-inovacao-e-identidade\/#primaryimage\"},\"thumbnailUrl\":\"https:\/\/www.fiemg.com.br\/regional-sede\/wp-content\/uploads\/sites\/21\/2026\/04\/Thumb-21_2798713_3506667.png\",\"datePublished\":\"2026-04-27T14:55:59+00:00\",\"dateModified\":\"2026-04-27T15:02:47+00:00\",\"description\":\"Empresas mineiras apostam na personaliza\u00e7\u00e3o e na produ\u00e7\u00e3o nacional para fortalecer marcas e impulsionar a cadeia da moda\",\"breadcrumb\":{\"@id\":\"https:\/\/www.fiemg.com.br\/regional-sede\/noticias\/industria-textil-ganha-protagonismo-no-minas-trend-35-com-foco-em-inovacao-e-identidade\/#breadcrumb\"},\"inLanguage\":\"pt-BR\",\"potentialAction\":[{\"@type\":\"ReadAction\",\"target\":[\"https:\/\/www.fiemg.com.br\/regional-sede\/noticias\/industria-textil-ganha-protagonismo-no-minas-trend-35-com-foco-em-inovacao-e-identidade\/\"]}]},{\"@type\":\"ImageObject\",\"inLanguage\":\"pt-BR\",\"@id\":\"https:\/\/www.fiemg.com.br\/regional-sede\/noticias\/industria-textil-ganha-protagonismo-no-minas-trend-35-com-foco-em-inovacao-e-identidade\/#primaryimage\",\"url\":\"https:\/\/www.fiemg.com.br\/regional-sede\/wp-content\/uploads\/sites\/21\/2026\/04\/Thumb-21_2798713_3506667.png\",\"contentUrl\":\"https:\/\/www.fiemg.com.br\/regional-sede\/wp-content\/uploads\/sites\/21\/2026\/04\/Thumb-21_2798713_3506667.png\",\"width\":512,\"height\":512},{\"@type\":\"BreadcrumbList\",\"@id\":\"https:\/\/www.fiemg.com.br\/regional-sede\/noticias\/industria-textil-ganha-protagonismo-no-minas-trend-35-com-foco-em-inovacao-e-identidade\/#breadcrumb\",\"itemListElement\":[{\"@type\":\"ListItem\",\"position\":1,\"name\":\"In\u00edcio\",\"item\":\"https:\/\/www.fiemg.com.br\/regional-sede\/\"},{\"@type\":\"ListItem\",\"position\":2,\"name\":\"Ind\u00fastria t\u00eaxtil ganha protagonismo no Minas Trend 35 com foco em inova\u00e7\u00e3o e identidade\"}]},{\"@type\":\"WebSite\",\"@id\":\"https:\/\/www.fiemg.com.br\/regional-sede\/#website\",\"url\":\"https:\/\/www.fiemg.com.br\/regional-sede\/\",\"name\":\"FIEMG\",\"description\":\"Federa\u00e7\u00e3o das Ind\u00fastrias do Estado de Minas Gerais\",\"publisher\":{\"@id\":\"https:\/\/www.fiemg.com.br\/regional-sede\/#organization\"},\"potentialAction\":[{\"@type\":\"SearchAction\",\"target\":{\"@type\":\"EntryPoint\",\"urlTemplate\":\"https:\/\/www.fiemg.com.br\/regional-sede\/?s={search_term_string}\"},\"query-input\":{\"@type\":\"PropertyValueSpecification\",\"valueRequired\":true,\"valueName\":\"search_term_string\"}}],\"inLanguage\":\"pt-BR\"},{\"@type\":\"Organization\",\"@id\":\"https:\/\/www.fiemg.com.br\/regional-sede\/#organization\",\"name\":\"FIEMG\",\"url\":\"https:\/\/www.fiemg.com.br\/regional-sede\/\",\"logo\":{\"@type\":\"ImageObject\",\"inLanguage\":\"pt-BR\",\"@id\":\"https:\/\/www.fiemg.com.br\/regional-sede\/#\/schema\/logo\/image\/\",\"url\":\"https:\/\/www.fiemg.com.br\/regional-sede\/wp-content\/uploads\/sites\/21\/2023\/02\/Ativo-1.png\",\"contentUrl\":\"https:\/\/www.fiemg.com.br\/regional-sede\/wp-content\/uploads\/sites\/21\/2023\/02\/Ativo-1.png\",\"width\":563,\"height\":149,\"caption\":\"FIEMG\"},\"image\":{\"@id\":\"https:\/\/www.fiemg.com.br\/regional-sede\/#\/schema\/logo\/image\/\"}}]}<\/script>\n<!-- \/ Yoast SEO plugin. -->","yoast_head_json":{"title":"Ind\u00fastria t\u00eaxtil ganha protagonismo no Minas Trend 35 com foco em inova\u00e7\u00e3o e identidade - FIEMG","description":"Empresas mineiras apostam na personaliza\u00e7\u00e3o e na produ\u00e7\u00e3o nacional para fortalecer marcas e impulsionar a cadeia da moda","robots":{"index":"index","follow":"follow","max-snippet":"max-snippet:-1","max-image-preview":"max-image-preview:large","max-video-preview":"max-video-preview:-1"},"canonical":"https:\/\/www.fiemg.com.br\/regional-sede\/noticias\/industria-textil-ganha-protagonismo-no-minas-trend-35-com-foco-em-inovacao-e-identidade\/","og_locale":"pt_BR","og_type":"article","og_title":"Ind\u00fastria t\u00eaxtil ganha protagonismo no Minas Trend 35 com foco em inova\u00e7\u00e3o e identidade - FIEMG","og_description":"Empresas mineiras apostam na personaliza\u00e7\u00e3o e na produ\u00e7\u00e3o nacional para fortalecer marcas e impulsionar a cadeia da moda","og_url":"https:\/\/www.fiemg.com.br\/regional-sede\/noticias\/industria-textil-ganha-protagonismo-no-minas-trend-35-com-foco-em-inovacao-e-identidade\/","og_site_name":"FIEMG","article_modified_time":"2026-04-27T15:02:47+00:00","og_image":[{"width":512,"height":512,"url":"https:\/\/www.fiemg.com.br\/regional-sede\/wp-content\/uploads\/sites\/21\/2026\/04\/Thumb-21_2798713_3506667.png","type":"image\/png"}],"twitter_card":"summary_large_image","twitter_misc":{"Est. tempo de leitura":"3 minutos"},"schema":{"@context":"https:\/\/schema.org","@graph":[{"@type":"WebPage","@id":"https:\/\/www.fiemg.com.br\/regional-sede\/noticias\/industria-textil-ganha-protagonismo-no-minas-trend-35-com-foco-em-inovacao-e-identidade\/","url":"https:\/\/www.fiemg.com.br\/regional-sede\/noticias\/industria-textil-ganha-protagonismo-no-minas-trend-35-com-foco-em-inovacao-e-identidade\/","name":"Ind\u00fastria t\u00eaxtil ganha protagonismo no Minas Trend 35 com foco em inova\u00e7\u00e3o e identidade - FIEMG","isPartOf":{"@id":"https:\/\/www.fiemg.com.br\/regional-sede\/#website"},"primaryImageOfPage":{"@id":"https:\/\/www.fiemg.com.br\/regional-sede\/noticias\/industria-textil-ganha-protagonismo-no-minas-trend-35-com-foco-em-inovacao-e-identidade\/#primaryimage"},"image":{"@id":"https:\/\/www.fiemg.com.br\/regional-sede\/noticias\/industria-textil-ganha-protagonismo-no-minas-trend-35-com-foco-em-inovacao-e-identidade\/#primaryimage"},"thumbnailUrl":"https:\/\/www.fiemg.com.br\/regional-sede\/wp-content\/uploads\/sites\/21\/2026\/04\/Thumb-21_2798713_3506667.png","datePublished":"2026-04-27T14:55:59+00:00","dateModified":"2026-04-27T15:02:47+00:00","description":"Empresas mineiras apostam na personaliza\u00e7\u00e3o e na produ\u00e7\u00e3o nacional para fortalecer marcas e impulsionar a cadeia da moda","breadcrumb":{"@id":"https:\/\/www.fiemg.com.br\/regional-sede\/noticias\/industria-textil-ganha-protagonismo-no-minas-trend-35-com-foco-em-inovacao-e-identidade\/#breadcrumb"},"inLanguage":"pt-BR","potentialAction":[{"@type":"ReadAction","target":["https:\/\/www.fiemg.com.br\/regional-sede\/noticias\/industria-textil-ganha-protagonismo-no-minas-trend-35-com-foco-em-inovacao-e-identidade\/"]}]},{"@type":"ImageObject","inLanguage":"pt-BR","@id":"https:\/\/www.fiemg.com.br\/regional-sede\/noticias\/industria-textil-ganha-protagonismo-no-minas-trend-35-com-foco-em-inovacao-e-identidade\/#primaryimage","url":"https:\/\/www.fiemg.com.br\/regional-sede\/wp-content\/uploads\/sites\/21\/2026\/04\/Thumb-21_2798713_3506667.png","contentUrl":"https:\/\/www.fiemg.com.br\/regional-sede\/wp-content\/uploads\/sites\/21\/2026\/04\/Thumb-21_2798713_3506667.png","width":512,"height":512},{"@type":"BreadcrumbList","@id":"https:\/\/www.fiemg.com.br\/regional-sede\/noticias\/industria-textil-ganha-protagonismo-no-minas-trend-35-com-foco-em-inovacao-e-identidade\/#breadcrumb","itemListElement":[{"@type":"ListItem","position":1,"name":"In\u00edcio","item":"https:\/\/www.fiemg.com.br\/regional-sede\/"},{"@type":"ListItem","position":2,"name":"Ind\u00fastria t\u00eaxtil ganha protagonismo no Minas Trend 35 com foco em inova\u00e7\u00e3o e identidade"}]},{"@type":"WebSite","@id":"https:\/\/www.fiemg.com.br\/regional-sede\/#website","url":"https:\/\/www.fiemg.com.br\/regional-sede\/","name":"FIEMG","description":"Federa\u00e7\u00e3o das Ind\u00fastrias do Estado de Minas Gerais","publisher":{"@id":"https:\/\/www.fiemg.com.br\/regional-sede\/#organization"},"potentialAction":[{"@type":"SearchAction","target":{"@type":"EntryPoint","urlTemplate":"https:\/\/www.fiemg.com.br\/regional-sede\/?s={search_term_string}"},"query-input":{"@type":"PropertyValueSpecification","valueRequired":true,"valueName":"search_term_string"}}],"inLanguage":"pt-BR"},{"@type":"Organization","@id":"https:\/\/www.fiemg.com.br\/regional-sede\/#organization","name":"FIEMG","url":"https:\/\/www.fiemg.com.br\/regional-sede\/","logo":{"@type":"ImageObject","inLanguage":"pt-BR","@id":"https:\/\/www.fiemg.com.br\/regional-sede\/#\/schema\/logo\/image\/","url":"https:\/\/www.fiemg.com.br\/regional-sede\/wp-content\/uploads\/sites\/21\/2023\/02\/Ativo-1.png","contentUrl":"https:\/\/www.fiemg.com.br\/regional-sede\/wp-content\/uploads\/sites\/21\/2023\/02\/Ativo-1.png","width":563,"height":149,"caption":"FIEMG"},"image":{"@id":"https:\/\/www.fiemg.com.br\/regional-sede\/#\/schema\/logo\/image\/"}}]}},"_links":{"self":[{"href":"https:\/\/www.fiemg.com.br\/regional-sede\/wp-json\/wp\/v2\/noticias\/6862","targetHints":{"allow":["GET"]}}],"collection":[{"href":"https:\/\/www.fiemg.com.br\/regional-sede\/wp-json\/wp\/v2\/noticias"}],"about":[{"href":"https:\/\/www.fiemg.com.br\/regional-sede\/wp-json\/wp\/v2\/types\/noticias"}],"wp:featuredmedia":[{"embeddable":true,"href":"https:\/\/www.fiemg.com.br\/regional-sede\/wp-json\/wp\/v2\/media\/6868"}],"wp:attachment":[{"href":"https:\/\/www.fiemg.com.br\/regional-sede\/wp-json\/wp\/v2\/media?parent=6862"}],"wp:term":[{"taxonomy":"category","embeddable":true,"href":"https:\/\/www.fiemg.com.br\/regional-sede\/wp-json\/wp\/v2\/categories?post=6862"},{"taxonomy":"post_tag","embeddable":true,"href":"https:\/\/www.fiemg.com.br\/regional-sede\/wp-json\/wp\/v2\/tags?post=6862"}],"curies":[{"name":"wp","href":"https:\/\/api.w.org\/{rel}","templated":true}]}}