{"id":6869,"date":"2026-04-28T09:29:50","date_gmt":"2026-04-28T12:29:50","guid":{"rendered":"https:\/\/www.fiemg.com.br\/regional-sede\/noticias\/sondagem-industrial-da-fiemg-entrevistou-48-grandes-empresas-45-medias-e-49-pequenas-empresas\/"},"modified":"2026-04-28T09:29:55","modified_gmt":"2026-04-28T12:29:55","slug":"sondagem-industrial-da-fiemg-entrevistou-48-grandes-empresas-45-medias-e-49-pequenas-empresas","status":"publish","type":"noticias","link":"https:\/\/www.fiemg.com.br\/regional-sede\/noticias\/sondagem-industrial-da-fiemg-entrevistou-48-grandes-empresas-45-medias-e-49-pequenas-empresas\/","title":{"rendered":"Produ\u00e7\u00e3o industrial em Minas cresce em mar\u00e7o, mas emprego e condi\u00e7\u00f5es financeiras ainda preocupam"},"content":{"rendered":"\n<p>A atividade industrial em Minas Gerais apresentou recupera\u00e7\u00e3o em mar\u00e7o de 2026, interrompendo uma sequ\u00eancia de quatro meses de retra\u00e7\u00e3o. \u00c9 o que aponta a Sondagem Industrial da FIEMG. O \u00edndice de evolu\u00e7\u00e3o da produ\u00e7\u00e3o atingiu 54,6 pontos, acima da linha de 50 pontos, que indica crescimento,\u00a0 refletindo, principalmente, a normaliza\u00e7\u00e3o da atividade ap\u00f3s um per\u00edodo marcado por menor demanda, f\u00e9rias coletivas e o Carnaval.<\/p>\n\n\n\n<p>Na compara\u00e7\u00e3o com fevereiro, quando o indicador marcou 42,9 pontos, houve avan\u00e7o expressivo de 11,7 pontos. Em rela\u00e7\u00e3o a mar\u00e7o de 2025, o crescimento foi de 5,7 pontos. Apesar do resultado positivo, o desempenho ainda est\u00e1 associado a fatores sazonais, e n\u00e3o necessariamente a uma retomada consistente da ind\u00fastria.<\/p>\n\n\n\n<p>O emprego industrial, por sua vez, segue em trajet\u00f3ria de queda. O \u00edndice de evolu\u00e7\u00e3o do n\u00famero de empregados registrou 48,5 pontos em mar\u00e7o, permanecendo abaixo da linha de crescimento. Embora tenha apresentado leve melhora frente a fevereiro (46,1 pontos), o indicador sinaliza continuidade da retra\u00e7\u00e3o no mercado de trabalho industrial.<\/p>\n\n\n\n<p>Outro ponto de aten\u00e7\u00e3o \u00e9 a utiliza\u00e7\u00e3o da capacidade produtiva, que, apesar de ter avan\u00e7ado no m\u00eas, segue abaixo do n\u00edvel usual. O \u00edndice ficou em 44,3 pontos, indicando que a ind\u00fastria mineira ainda opera com ociosidade. J\u00e1 os estoques de produtos finais ca\u00edram pelo segundo m\u00eas consecutivo e permanecem abaixo do planejado pelas empresas, o que sugere um descompasso, ainda que menor, entre produ\u00e7\u00e3o e demanda.<\/p>\n\n\n\n<p>No campo financeiro, o cen\u00e1rio segue desafiador. No primeiro trimestre de 2026, os industriais mantiveram avalia\u00e7\u00e3o negativa sobre lucro operacional, situa\u00e7\u00e3o financeira e acesso ao cr\u00e9dito. O \u00edndice de satisfa\u00e7\u00e3o com o lucro ficou em 40,2 pontos, acumulando 14 trimestres consecutivos de insatisfa\u00e7\u00e3o. J\u00e1 o indicador de acesso ao cr\u00e9dito registrou 42,9 pontos, refletindo o impacto de juros elevados e condi\u00e7\u00f5es restritivas de financiamento.<\/p>\n\n\n\n<p>Entre os principais entraves enfrentados pelo setor, a elevada carga tribut\u00e1ria permanece na lideran\u00e7a, apontada por 35,5% dos empres\u00e1rios. Em seguida, destaca-se a forte alta na percep\u00e7\u00e3o de falta ou alto custo da mat\u00e9ria-prima, que saltou para a segunda posi\u00e7\u00e3o, mencionada por 31,9% dos respondentes. O movimento est\u00e1 relacionado ao aumento das press\u00f5es de custos, influenciado, entre outros fatores, pelo cen\u00e1rio internacional e pelos desdobramentos do conflito no Oriente M\u00e9dio.<\/p>\n\n\n\n<p>Para os pr\u00f3ximos seis meses, as expectativas dos industriais mineiros melhoraram na compara\u00e7\u00e3o mensal, especialmente em rela\u00e7\u00e3o \u00e0 demanda e \u00e0 compra de insumos. Ainda assim, os indicadores permanecem abaixo dos n\u00edveis observados h\u00e1 um ano, evidenciando cautela diante de um ambiente macroecon\u00f4mico restritivo e de incertezas no cen\u00e1rio global.<\/p>\n\n\n\n<p>O resultado da sondagem indica, portanto, um momento de recupera\u00e7\u00e3o pontual da atividade industrial, mas ainda cercado por desafios estruturais que limitam uma retomada mais robusta do setor.<br><br>Para ler o estudo completo, acesse <a href=\"https:\/\/www.fiemg.com.br\/fiemg\/area-de-interesse\/estudos-economicos\/sondagem-industrial-de-minas-gerais\/\">Sondagem Industrial de Minas Gerais &#8211; FIEMG<\/a>.<br><br><em>Denise Lucas<\/em><br><strong>Imprensa FIEMG<\/strong><\/p>\n","protected":false},"featured_media":6871,"template":"","categories":[20],"tags":[1387,78,552],"class_list":["post-6869","noticias","type-noticias","status-publish","has-post-thumbnail","hentry","category-estudos-economicos","tag-econommia","tag-fiemg","tag-sondagem-industrial"],"acf":[],"yoast_head":"<!-- This site is optimized with the Yoast SEO plugin v26.2 - https:\/\/yoast.com\/wordpress\/plugins\/seo\/ -->\n<title>Produ\u00e7\u00e3o industrial em Minas cresce em mar\u00e7o, mas emprego e condi\u00e7\u00f5es financeiras ainda preocupam - FIEMG<\/title>\n<meta name=\"description\" content=\"Sondagem Industrial da FIEMG entrevistou 48 grandes empresas, 45 m\u00e9dias e 49 pequenas empresas\" \/>\n<meta name=\"robots\" content=\"index, follow, max-snippet:-1, max-image-preview:large, max-video-preview:-1\" \/>\n<link rel=\"canonical\" href=\"https:\/\/www.fiemg.com.br\/regional-sede\/noticias\/sondagem-industrial-da-fiemg-entrevistou-48-grandes-empresas-45-medias-e-49-pequenas-empresas\/\" \/>\n<meta property=\"og:locale\" content=\"pt_BR\" \/>\n<meta property=\"og:type\" content=\"article\" \/>\n<meta property=\"og:title\" content=\"Produ\u00e7\u00e3o industrial em Minas cresce em mar\u00e7o, mas emprego e condi\u00e7\u00f5es financeiras ainda preocupam - FIEMG\" \/>\n<meta property=\"og:description\" content=\"Sondagem Industrial da FIEMG entrevistou 48 grandes empresas, 45 m\u00e9dias e 49 pequenas empresas\" \/>\n<meta property=\"og:url\" content=\"https:\/\/www.fiemg.com.br\/regional-sede\/noticias\/sondagem-industrial-da-fiemg-entrevistou-48-grandes-empresas-45-medias-e-49-pequenas-empresas\/\" \/>\n<meta property=\"og:site_name\" content=\"FIEMG\" \/>\n<meta property=\"article:modified_time\" content=\"2026-04-28T12:29:55+00:00\" \/>\n<meta property=\"og:image\" content=\"https:\/\/www.fiemg.com.br\/regional-sede\/wp-content\/uploads\/sites\/21\/2026\/04\/Sondagem-industrial_abril.png\" \/>\n\t<meta property=\"og:image:width\" content=\"1600\" \/>\n\t<meta property=\"og:image:height\" content=\"1600\" \/>\n\t<meta property=\"og:image:type\" content=\"image\/png\" \/>\n<meta name=\"twitter:card\" content=\"summary_large_image\" \/>\n<meta name=\"twitter:label1\" content=\"Est. tempo de leitura\" \/>\n\t<meta name=\"twitter:data1\" content=\"3 minutos\" \/>\n<script type=\"application\/ld+json\" class=\"yoast-schema-graph\">{\"@context\":\"https:\/\/schema.org\",\"@graph\":[{\"@type\":\"WebPage\",\"@id\":\"https:\/\/www.fiemg.com.br\/regional-sede\/noticias\/sondagem-industrial-da-fiemg-entrevistou-48-grandes-empresas-45-medias-e-49-pequenas-empresas\/\",\"url\":\"https:\/\/www.fiemg.com.br\/regional-sede\/noticias\/sondagem-industrial-da-fiemg-entrevistou-48-grandes-empresas-45-medias-e-49-pequenas-empresas\/\",\"name\":\"Produ\u00e7\u00e3o industrial em Minas cresce em mar\u00e7o, mas emprego e condi\u00e7\u00f5es financeiras ainda preocupam - FIEMG\",\"isPartOf\":{\"@id\":\"https:\/\/www.fiemg.com.br\/regional-sede\/#website\"},\"primaryImageOfPage\":{\"@id\":\"https:\/\/www.fiemg.com.br\/regional-sede\/noticias\/sondagem-industrial-da-fiemg-entrevistou-48-grandes-empresas-45-medias-e-49-pequenas-empresas\/#primaryimage\"},\"image\":{\"@id\":\"https:\/\/www.fiemg.com.br\/regional-sede\/noticias\/sondagem-industrial-da-fiemg-entrevistou-48-grandes-empresas-45-medias-e-49-pequenas-empresas\/#primaryimage\"},\"thumbnailUrl\":\"https:\/\/www.fiemg.com.br\/regional-sede\/wp-content\/uploads\/sites\/21\/2026\/04\/Sondagem-industrial_abril.png\",\"datePublished\":\"2026-04-28T12:29:50+00:00\",\"dateModified\":\"2026-04-28T12:29:55+00:00\",\"description\":\"Sondagem Industrial da FIEMG entrevistou 48 grandes empresas, 45 m\u00e9dias e 49 pequenas empresas\",\"breadcrumb\":{\"@id\":\"https:\/\/www.fiemg.com.br\/regional-sede\/noticias\/sondagem-industrial-da-fiemg-entrevistou-48-grandes-empresas-45-medias-e-49-pequenas-empresas\/#breadcrumb\"},\"inLanguage\":\"pt-BR\",\"potentialAction\":[{\"@type\":\"ReadAction\",\"target\":[\"https:\/\/www.fiemg.com.br\/regional-sede\/noticias\/sondagem-industrial-da-fiemg-entrevistou-48-grandes-empresas-45-medias-e-49-pequenas-empresas\/\"]}]},{\"@type\":\"ImageObject\",\"inLanguage\":\"pt-BR\",\"@id\":\"https:\/\/www.fiemg.com.br\/regional-sede\/noticias\/sondagem-industrial-da-fiemg-entrevistou-48-grandes-empresas-45-medias-e-49-pequenas-empresas\/#primaryimage\",\"url\":\"https:\/\/www.fiemg.com.br\/regional-sede\/wp-content\/uploads\/sites\/21\/2026\/04\/Sondagem-industrial_abril.png\",\"contentUrl\":\"https:\/\/www.fiemg.com.br\/regional-sede\/wp-content\/uploads\/sites\/21\/2026\/04\/Sondagem-industrial_abril.png\",\"width\":1600,\"height\":1600},{\"@type\":\"BreadcrumbList\",\"@id\":\"https:\/\/www.fiemg.com.br\/regional-sede\/noticias\/sondagem-industrial-da-fiemg-entrevistou-48-grandes-empresas-45-medias-e-49-pequenas-empresas\/#breadcrumb\",\"itemListElement\":[{\"@type\":\"ListItem\",\"position\":1,\"name\":\"In\u00edcio\",\"item\":\"https:\/\/www.fiemg.com.br\/regional-sede\/\"},{\"@type\":\"ListItem\",\"position\":2,\"name\":\"Produ\u00e7\u00e3o industrial em Minas cresce em mar\u00e7o, mas emprego e condi\u00e7\u00f5es financeiras ainda preocupam\"}]},{\"@type\":\"WebSite\",\"@id\":\"https:\/\/www.fiemg.com.br\/regional-sede\/#website\",\"url\":\"https:\/\/www.fiemg.com.br\/regional-sede\/\",\"name\":\"FIEMG\",\"description\":\"Federa\u00e7\u00e3o das Ind\u00fastrias do Estado de Minas Gerais\",\"publisher\":{\"@id\":\"https:\/\/www.fiemg.com.br\/regional-sede\/#organization\"},\"potentialAction\":[{\"@type\":\"SearchAction\",\"target\":{\"@type\":\"EntryPoint\",\"urlTemplate\":\"https:\/\/www.fiemg.com.br\/regional-sede\/?s={search_term_string}\"},\"query-input\":{\"@type\":\"PropertyValueSpecification\",\"valueRequired\":true,\"valueName\":\"search_term_string\"}}],\"inLanguage\":\"pt-BR\"},{\"@type\":\"Organization\",\"@id\":\"https:\/\/www.fiemg.com.br\/regional-sede\/#organization\",\"name\":\"FIEMG\",\"url\":\"https:\/\/www.fiemg.com.br\/regional-sede\/\",\"logo\":{\"@type\":\"ImageObject\",\"inLanguage\":\"pt-BR\",\"@id\":\"https:\/\/www.fiemg.com.br\/regional-sede\/#\/schema\/logo\/image\/\",\"url\":\"https:\/\/www.fiemg.com.br\/regional-sede\/wp-content\/uploads\/sites\/21\/2023\/02\/Ativo-1.png\",\"contentUrl\":\"https:\/\/www.fiemg.com.br\/regional-sede\/wp-content\/uploads\/sites\/21\/2023\/02\/Ativo-1.png\",\"width\":563,\"height\":149,\"caption\":\"FIEMG\"},\"image\":{\"@id\":\"https:\/\/www.fiemg.com.br\/regional-sede\/#\/schema\/logo\/image\/\"}}]}<\/script>\n<!-- \/ Yoast SEO plugin. -->","yoast_head_json":{"title":"Produ\u00e7\u00e3o industrial em Minas cresce em mar\u00e7o, mas emprego e condi\u00e7\u00f5es financeiras ainda preocupam - FIEMG","description":"Sondagem Industrial da FIEMG entrevistou 48 grandes empresas, 45 m\u00e9dias e 49 pequenas empresas","robots":{"index":"index","follow":"follow","max-snippet":"max-snippet:-1","max-image-preview":"max-image-preview:large","max-video-preview":"max-video-preview:-1"},"canonical":"https:\/\/www.fiemg.com.br\/regional-sede\/noticias\/sondagem-industrial-da-fiemg-entrevistou-48-grandes-empresas-45-medias-e-49-pequenas-empresas\/","og_locale":"pt_BR","og_type":"article","og_title":"Produ\u00e7\u00e3o industrial em Minas cresce em mar\u00e7o, mas emprego e condi\u00e7\u00f5es financeiras ainda preocupam - FIEMG","og_description":"Sondagem Industrial da FIEMG entrevistou 48 grandes empresas, 45 m\u00e9dias e 49 pequenas empresas","og_url":"https:\/\/www.fiemg.com.br\/regional-sede\/noticias\/sondagem-industrial-da-fiemg-entrevistou-48-grandes-empresas-45-medias-e-49-pequenas-empresas\/","og_site_name":"FIEMG","article_modified_time":"2026-04-28T12:29:55+00:00","og_image":[{"width":1600,"height":1600,"url":"https:\/\/www.fiemg.com.br\/regional-sede\/wp-content\/uploads\/sites\/21\/2026\/04\/Sondagem-industrial_abril.png","type":"image\/png"}],"twitter_card":"summary_large_image","twitter_misc":{"Est. tempo de leitura":"3 minutos"},"schema":{"@context":"https:\/\/schema.org","@graph":[{"@type":"WebPage","@id":"https:\/\/www.fiemg.com.br\/regional-sede\/noticias\/sondagem-industrial-da-fiemg-entrevistou-48-grandes-empresas-45-medias-e-49-pequenas-empresas\/","url":"https:\/\/www.fiemg.com.br\/regional-sede\/noticias\/sondagem-industrial-da-fiemg-entrevistou-48-grandes-empresas-45-medias-e-49-pequenas-empresas\/","name":"Produ\u00e7\u00e3o industrial em Minas cresce em mar\u00e7o, mas emprego e condi\u00e7\u00f5es financeiras ainda preocupam - FIEMG","isPartOf":{"@id":"https:\/\/www.fiemg.com.br\/regional-sede\/#website"},"primaryImageOfPage":{"@id":"https:\/\/www.fiemg.com.br\/regional-sede\/noticias\/sondagem-industrial-da-fiemg-entrevistou-48-grandes-empresas-45-medias-e-49-pequenas-empresas\/#primaryimage"},"image":{"@id":"https:\/\/www.fiemg.com.br\/regional-sede\/noticias\/sondagem-industrial-da-fiemg-entrevistou-48-grandes-empresas-45-medias-e-49-pequenas-empresas\/#primaryimage"},"thumbnailUrl":"https:\/\/www.fiemg.com.br\/regional-sede\/wp-content\/uploads\/sites\/21\/2026\/04\/Sondagem-industrial_abril.png","datePublished":"2026-04-28T12:29:50+00:00","dateModified":"2026-04-28T12:29:55+00:00","description":"Sondagem Industrial da FIEMG entrevistou 48 grandes empresas, 45 m\u00e9dias e 49 pequenas empresas","breadcrumb":{"@id":"https:\/\/www.fiemg.com.br\/regional-sede\/noticias\/sondagem-industrial-da-fiemg-entrevistou-48-grandes-empresas-45-medias-e-49-pequenas-empresas\/#breadcrumb"},"inLanguage":"pt-BR","potentialAction":[{"@type":"ReadAction","target":["https:\/\/www.fiemg.com.br\/regional-sede\/noticias\/sondagem-industrial-da-fiemg-entrevistou-48-grandes-empresas-45-medias-e-49-pequenas-empresas\/"]}]},{"@type":"ImageObject","inLanguage":"pt-BR","@id":"https:\/\/www.fiemg.com.br\/regional-sede\/noticias\/sondagem-industrial-da-fiemg-entrevistou-48-grandes-empresas-45-medias-e-49-pequenas-empresas\/#primaryimage","url":"https:\/\/www.fiemg.com.br\/regional-sede\/wp-content\/uploads\/sites\/21\/2026\/04\/Sondagem-industrial_abril.png","contentUrl":"https:\/\/www.fiemg.com.br\/regional-sede\/wp-content\/uploads\/sites\/21\/2026\/04\/Sondagem-industrial_abril.png","width":1600,"height":1600},{"@type":"BreadcrumbList","@id":"https:\/\/www.fiemg.com.br\/regional-sede\/noticias\/sondagem-industrial-da-fiemg-entrevistou-48-grandes-empresas-45-medias-e-49-pequenas-empresas\/#breadcrumb","itemListElement":[{"@type":"ListItem","position":1,"name":"In\u00edcio","item":"https:\/\/www.fiemg.com.br\/regional-sede\/"},{"@type":"ListItem","position":2,"name":"Produ\u00e7\u00e3o industrial em Minas cresce em mar\u00e7o, mas emprego e condi\u00e7\u00f5es financeiras ainda preocupam"}]},{"@type":"WebSite","@id":"https:\/\/www.fiemg.com.br\/regional-sede\/#website","url":"https:\/\/www.fiemg.com.br\/regional-sede\/","name":"FIEMG","description":"Federa\u00e7\u00e3o das Ind\u00fastrias do Estado de Minas Gerais","publisher":{"@id":"https:\/\/www.fiemg.com.br\/regional-sede\/#organization"},"potentialAction":[{"@type":"SearchAction","target":{"@type":"EntryPoint","urlTemplate":"https:\/\/www.fiemg.com.br\/regional-sede\/?s={search_term_string}"},"query-input":{"@type":"PropertyValueSpecification","valueRequired":true,"valueName":"search_term_string"}}],"inLanguage":"pt-BR"},{"@type":"Organization","@id":"https:\/\/www.fiemg.com.br\/regional-sede\/#organization","name":"FIEMG","url":"https:\/\/www.fiemg.com.br\/regional-sede\/","logo":{"@type":"ImageObject","inLanguage":"pt-BR","@id":"https:\/\/www.fiemg.com.br\/regional-sede\/#\/schema\/logo\/image\/","url":"https:\/\/www.fiemg.com.br\/regional-sede\/wp-content\/uploads\/sites\/21\/2023\/02\/Ativo-1.png","contentUrl":"https:\/\/www.fiemg.com.br\/regional-sede\/wp-content\/uploads\/sites\/21\/2023\/02\/Ativo-1.png","width":563,"height":149,"caption":"FIEMG"},"image":{"@id":"https:\/\/www.fiemg.com.br\/regional-sede\/#\/schema\/logo\/image\/"}}]}},"_links":{"self":[{"href":"https:\/\/www.fiemg.com.br\/regional-sede\/wp-json\/wp\/v2\/noticias\/6869","targetHints":{"allow":["GET"]}}],"collection":[{"href":"https:\/\/www.fiemg.com.br\/regional-sede\/wp-json\/wp\/v2\/noticias"}],"about":[{"href":"https:\/\/www.fiemg.com.br\/regional-sede\/wp-json\/wp\/v2\/types\/noticias"}],"wp:featuredmedia":[{"embeddable":true,"href":"https:\/\/www.fiemg.com.br\/regional-sede\/wp-json\/wp\/v2\/media\/6871"}],"wp:attachment":[{"href":"https:\/\/www.fiemg.com.br\/regional-sede\/wp-json\/wp\/v2\/media?parent=6869"}],"wp:term":[{"taxonomy":"category","embeddable":true,"href":"https:\/\/www.fiemg.com.br\/regional-sede\/wp-json\/wp\/v2\/categories?post=6869"},{"taxonomy":"post_tag","embeddable":true,"href":"https:\/\/www.fiemg.com.br\/regional-sede\/wp-json\/wp\/v2\/tags?post=6869"}],"curies":[{"name":"wp","href":"https:\/\/api.w.org\/{rel}","templated":true}]}}