{"id":8527,"date":"2026-09-02T15:15:01","date_gmt":"2026-09-02T18:15:01","guid":{"rendered":"https:\/\/www.fiemg.com.br\/regional-sede\/noticias\/missao-tecnica-impulsiona-inovacao-na-panificacao\/"},"modified":"2026-09-02T15:15:03","modified_gmt":"2026-09-02T18:15:03","slug":"missao-tecnica-impulsiona-inovacao-na-panificacao","status":"publish","type":"noticias","link":"https:\/\/www.fiemg.com.br\/regional-sede\/noticias\/missao-tecnica-impulsiona-inovacao-na-panificacao\/","title":{"rendered":"Miss\u00e3o t\u00e9cnica impulsiona inova\u00e7\u00e3o na panifica\u00e7\u00e3o\u00a0"},"content":{"rendered":"\n<p class=\"wp-block-paragraph\">A conex\u00e3o entre conhecimento, inova\u00e7\u00e3o e experi\u00eancias pr\u00e1ticas de mercado tem se consolidado como uma estrat\u00e9gia para ampliar a competitividade das empresas. Com esse prop\u00f3sito, o Instituto Euvaldo Lodi (IEL Minas), em parceria com o Sindicato Intermunicipal das Ind\u00fastrias de Alimenta\u00e7\u00e3o, Panifica\u00e7\u00e3o, Confeitaria e de Massas Aliment\u00edcias (SINPAVA), promoveu uma agenda de interc\u00e2mbio empresarial que aproximou empres\u00e1rios mineiros de solu\u00e7\u00f5es aplicadas ao setor de panifica\u00e7\u00e3o e estimulou novos investimentos nos neg\u00f3cios.<\/p>\n\n\n\n<p class=\"wp-block-paragraph\">Realizada entre os dias 21 e 24 de julho de 2026, em S\u00e3o Paulo, a iniciativa reuniu 40 empres\u00e1rios associados ao SINPAVA em uma programa\u00e7\u00e3o integrada \u00e0 31\u00aa FIPAN, Feira Internacional de Panifica\u00e7\u00e3o, Confeitaria e Food Service , al\u00e9m de visitas t\u00e9cnicas a empresas de refer\u00eancia do segmento.<\/p>\n\n\n\n<p class=\"wp-block-paragraph\">Estruturada pelo IEL Minas, por meio da Ger\u00eancia de Projetos para a Ind\u00fastria (GPI), a a\u00e7\u00e3o foi planejada a partir de uma metodologia de benchmarking estrat\u00e9gico, que considera os desafios dos participantes para direcionar conex\u00f5es com empresas e solu\u00e7\u00f5es capazes de gerar aprendizado e oportunidades de aplica\u00e7\u00e3o. Ap\u00f3s a experi\u00eancia, foram registrados R$1,5 milh\u00e3o em investimentos, aquisi\u00e7\u00e3o de novos equipamentos e ado\u00e7\u00e3o de solu\u00e7\u00f5es de gest\u00e3o integrada por 12 empresas participantes.<\/p>\n\n\n\n<p class=\"wp-block-paragraph\">Para a analista de projetos para ind\u00fastria, Camila Chiesa, o&nbsp; interc\u00e2mbio empresarial \u00e9 uma ferramenta para aproximar os empres\u00e1rios de pr\u00e1ticas que j\u00e1 foram testadas pelo mercado. \u201cA partir desse contato, eles conseguem identificar oportunidades, avaliar investimentos e encontrar caminhos para tornar seus neg\u00f3cios mais eficientes e competitivos\u201d, afirmou Chiesa.<\/p>\n\n\n\n<p class=\"wp-block-paragraph\">Durante a agenda, os participantes conheceram diferentes modelos de opera\u00e7\u00e3o e estrat\u00e9gias aplicadas \u00e0 panifica\u00e7\u00e3o em empresas como Villa Grano, Big Bread Master e Panetteria ZN. As visitas abordaram temas como automa\u00e7\u00e3o de processos, atendimento ao cliente, delivery, desenvolvimento de produtos, padroniza\u00e7\u00e3o operacional e diferencia\u00e7\u00e3o de marca.<\/p>\n\n\n\n<p class=\"wp-block-paragraph\">A participa\u00e7\u00e3o na FIPAN complementou a experi\u00eancia ao ampliar o contato dos empres\u00e1rios com novas tecnologias, fornecedores e tend\u00eancias que est\u00e3o transformando o setor. A combina\u00e7\u00e3o entre exposi\u00e7\u00e3o ao mercado e observa\u00e7\u00e3o de boas pr\u00e1ticas permitiu uma vis\u00e3o mais ampla sobre possibilidades de inova\u00e7\u00e3o e moderniza\u00e7\u00e3o das empresas.<\/p>\n\n\n\n<p class=\"wp-block-paragraph\">\u201cMais do que apresentar novas tecnologias, a proposta \u00e9 criar conex\u00f5es que ajudem o empres\u00e1rio a tomar decis\u00f5es mais estruturadas. Quando ele conhece uma solu\u00e7\u00e3o funcionando na pr\u00e1tica, consegue analisar como aquele conhecimento pode ser adaptado \u00e0 realidade da sua empresa\u201d, destacou Chiesa.<\/p>\n\n\n\n<p class=\"wp-block-paragraph\">A metodologia de interc\u00e2mbios empresariais desenvolvida pelo IEL Minas vem sendo aprimorada desde 2023 e j\u00e1 impactou mais de 100 empresas de diferentes segmentos. A iniciativa refor\u00e7a o papel das conex\u00f5es entre empresas como instrumento para dissemina\u00e7\u00e3o de conhecimento, est\u00edmulo \u00e0 inova\u00e7\u00e3o e fortalecimento da competitividade da ind\u00fastria mineira.<\/p>\n\n\n\n<p class=\"wp-block-paragraph\"><strong>Imprensa FIEMG<\/strong><\/p>\n","protected":false},"featured_media":8528,"template":"","categories":[],"tags":[],"class_list":["post-8527","noticias","type-noticias","status-publish","has-post-thumbnail","hentry"],"acf":[],"yoast_head":"<!-- This site is optimized with the Yoast SEO plugin v27.7 - https:\/\/yoast.com\/product\/yoast-seo-wordpress\/ -->\n<title>Miss\u00e3o t\u00e9cnica impulsiona inova\u00e7\u00e3o na panifica\u00e7\u00e3o\u00a0 - FIEMG<\/title>\n<meta name=\"description\" content=\"IEL Minas e SINPAVA conectaram empres\u00e1rios a solu\u00e7\u00f5es de mercado e estimularam R$ 1,5 milh\u00e3o em investimentos\u00a0\" \/>\n<meta name=\"robots\" content=\"index, follow, max-snippet:-1, max-image-preview:large, max-video-preview:-1\" \/>\n<link rel=\"canonical\" href=\"https:\/\/www.fiemg.com.br\/regional-sede\/noticias\/missao-tecnica-impulsiona-inovacao-na-panificacao\/\" \/>\n<meta property=\"og:locale\" content=\"pt_BR\" \/>\n<meta property=\"og:type\" content=\"article\" \/>\n<meta property=\"og:title\" content=\"Miss\u00e3o t\u00e9cnica impulsiona inova\u00e7\u00e3o na panifica\u00e7\u00e3o\u00a0 - FIEMG\" \/>\n<meta property=\"og:description\" content=\"IEL Minas e SINPAVA conectaram empres\u00e1rios a solu\u00e7\u00f5es de mercado e estimularam R$ 1,5 milh\u00e3o em investimentos\u00a0\" \/>\n<meta property=\"og:url\" content=\"https:\/\/www.fiemg.com.br\/regional-sede\/noticias\/missao-tecnica-impulsiona-inovacao-na-panificacao\/\" \/>\n<meta property=\"og:site_name\" content=\"FIEMG\" \/>\n<meta property=\"article:modified_time\" content=\"2026-09-02T18:15:03+00:00\" \/>\n<meta property=\"og:image\" content=\"https:\/\/www.fiemg.com.br\/regional-sede\/wp-content\/uploads\/sites\/21\/2026\/09\/Thumb-96.png\" \/>\n\t<meta property=\"og:image:width\" content=\"512\" \/>\n\t<meta property=\"og:image:height\" content=\"512\" \/>\n\t<meta property=\"og:image:type\" content=\"image\/png\" \/>\n<meta name=\"twitter:card\" content=\"summary_large_image\" \/>\n<meta name=\"twitter:label1\" content=\"Est. tempo de leitura\" \/>\n\t<meta name=\"twitter:data1\" content=\"3 minutos\" \/>\n<script type=\"application\/ld+json\" class=\"yoast-schema-graph\">{\"@context\":\"https:\\\/\\\/schema.org\",\"@graph\":[{\"@type\":\"WebPage\",\"@id\":\"https:\\\/\\\/www.fiemg.com.br\\\/regional-sede\\\/noticias\\\/missao-tecnica-impulsiona-inovacao-na-panificacao\\\/\",\"url\":\"https:\\\/\\\/www.fiemg.com.br\\\/regional-sede\\\/noticias\\\/missao-tecnica-impulsiona-inovacao-na-panificacao\\\/\",\"name\":\"Miss\u00e3o t\u00e9cnica impulsiona inova\u00e7\u00e3o na panifica\u00e7\u00e3o\u00a0 - FIEMG\",\"isPartOf\":{\"@id\":\"https:\\\/\\\/www.fiemg.com.br\\\/regional-sede\\\/#website\"},\"primaryImageOfPage\":{\"@id\":\"https:\\\/\\\/www.fiemg.com.br\\\/regional-sede\\\/noticias\\\/missao-tecnica-impulsiona-inovacao-na-panificacao\\\/#primaryimage\"},\"image\":{\"@id\":\"https:\\\/\\\/www.fiemg.com.br\\\/regional-sede\\\/noticias\\\/missao-tecnica-impulsiona-inovacao-na-panificacao\\\/#primaryimage\"},\"thumbnailUrl\":\"https:\\\/\\\/www.fiemg.com.br\\\/regional-sede\\\/wp-content\\\/uploads\\\/sites\\\/21\\\/2026\\\/09\\\/Thumb-96.png\",\"datePublished\":\"2026-09-02T18:15:01+00:00\",\"dateModified\":\"2026-09-02T18:15:03+00:00\",\"description\":\"IEL Minas e SINPAVA conectaram empres\u00e1rios a solu\u00e7\u00f5es de mercado e estimularam R$ 1,5 milh\u00e3o em investimentos\u00a0\",\"breadcrumb\":{\"@id\":\"https:\\\/\\\/www.fiemg.com.br\\\/regional-sede\\\/noticias\\\/missao-tecnica-impulsiona-inovacao-na-panificacao\\\/#breadcrumb\"},\"inLanguage\":\"pt-BR\",\"potentialAction\":[{\"@type\":\"ReadAction\",\"target\":[\"https:\\\/\\\/www.fiemg.com.br\\\/regional-sede\\\/noticias\\\/missao-tecnica-impulsiona-inovacao-na-panificacao\\\/\"]}]},{\"@type\":\"ImageObject\",\"inLanguage\":\"pt-BR\",\"@id\":\"https:\\\/\\\/www.fiemg.com.br\\\/regional-sede\\\/noticias\\\/missao-tecnica-impulsiona-inovacao-na-panificacao\\\/#primaryimage\",\"url\":\"https:\\\/\\\/www.fiemg.com.br\\\/regional-sede\\\/wp-content\\\/uploads\\\/sites\\\/21\\\/2026\\\/09\\\/Thumb-96.png\",\"contentUrl\":\"https:\\\/\\\/www.fiemg.com.br\\\/regional-sede\\\/wp-content\\\/uploads\\\/sites\\\/21\\\/2026\\\/09\\\/Thumb-96.png\",\"width\":512,\"height\":512},{\"@type\":\"BreadcrumbList\",\"@id\":\"https:\\\/\\\/www.fiemg.com.br\\\/regional-sede\\\/noticias\\\/missao-tecnica-impulsiona-inovacao-na-panificacao\\\/#breadcrumb\",\"itemListElement\":[{\"@type\":\"ListItem\",\"position\":1,\"name\":\"In\u00edcio\",\"item\":\"https:\\\/\\\/www.fiemg.com.br\\\/regional-sede\\\/\"},{\"@type\":\"ListItem\",\"position\":2,\"name\":\"Miss\u00e3o t\u00e9cnica impulsiona inova\u00e7\u00e3o na panifica\u00e7\u00e3o\u00a0\"}]},{\"@type\":\"WebSite\",\"@id\":\"https:\\\/\\\/www.fiemg.com.br\\\/regional-sede\\\/#website\",\"url\":\"https:\\\/\\\/www.fiemg.com.br\\\/regional-sede\\\/\",\"name\":\"FIEMG\",\"description\":\"Federa\u00e7\u00e3o das Ind\u00fastrias do Estado de Minas Gerais\",\"publisher\":{\"@id\":\"https:\\\/\\\/www.fiemg.com.br\\\/regional-sede\\\/#organization\"},\"potentialAction\":[{\"@type\":\"SearchAction\",\"target\":{\"@type\":\"EntryPoint\",\"urlTemplate\":\"https:\\\/\\\/www.fiemg.com.br\\\/regional-sede\\\/?s={search_term_string}\"},\"query-input\":{\"@type\":\"PropertyValueSpecification\",\"valueRequired\":true,\"valueName\":\"search_term_string\"}}],\"inLanguage\":\"pt-BR\"},{\"@type\":\"Organization\",\"@id\":\"https:\\\/\\\/www.fiemg.com.br\\\/regional-sede\\\/#organization\",\"name\":\"FIEMG\",\"url\":\"https:\\\/\\\/www.fiemg.com.br\\\/regional-sede\\\/\",\"logo\":{\"@type\":\"ImageObject\",\"inLanguage\":\"pt-BR\",\"@id\":\"https:\\\/\\\/www.fiemg.com.br\\\/regional-sede\\\/#\\\/schema\\\/logo\\\/image\\\/\",\"url\":\"https:\\\/\\\/www.fiemg.com.br\\\/regional-sede\\\/wp-content\\\/uploads\\\/sites\\\/21\\\/2023\\\/02\\\/Ativo-1.png\",\"contentUrl\":\"https:\\\/\\\/www.fiemg.com.br\\\/regional-sede\\\/wp-content\\\/uploads\\\/sites\\\/21\\\/2023\\\/02\\\/Ativo-1.png\",\"width\":563,\"height\":149,\"caption\":\"FIEMG\"},\"image\":{\"@id\":\"https:\\\/\\\/www.fiemg.com.br\\\/regional-sede\\\/#\\\/schema\\\/logo\\\/image\\\/\"}}]}<\/script>\n<!-- \/ Yoast SEO plugin. -->","yoast_head_json":{"title":"Miss\u00e3o t\u00e9cnica impulsiona inova\u00e7\u00e3o na panifica\u00e7\u00e3o\u00a0 - FIEMG","description":"IEL Minas e SINPAVA conectaram empres\u00e1rios a solu\u00e7\u00f5es de mercado e estimularam R$ 1,5 milh\u00e3o em investimentos\u00a0","robots":{"index":"index","follow":"follow","max-snippet":"max-snippet:-1","max-image-preview":"max-image-preview:large","max-video-preview":"max-video-preview:-1"},"canonical":"https:\/\/www.fiemg.com.br\/regional-sede\/noticias\/missao-tecnica-impulsiona-inovacao-na-panificacao\/","og_locale":"pt_BR","og_type":"article","og_title":"Miss\u00e3o t\u00e9cnica impulsiona inova\u00e7\u00e3o na panifica\u00e7\u00e3o\u00a0 - FIEMG","og_description":"IEL Minas e SINPAVA conectaram empres\u00e1rios a solu\u00e7\u00f5es de mercado e estimularam R$ 1,5 milh\u00e3o em investimentos\u00a0","og_url":"https:\/\/www.fiemg.com.br\/regional-sede\/noticias\/missao-tecnica-impulsiona-inovacao-na-panificacao\/","og_site_name":"FIEMG","article_modified_time":"2026-09-02T18:15:03+00:00","og_image":[{"width":512,"height":512,"url":"https:\/\/www.fiemg.com.br\/regional-sede\/wp-content\/uploads\/sites\/21\/2026\/09\/Thumb-96.png","type":"image\/png"}],"twitter_card":"summary_large_image","twitter_misc":{"Est. tempo de leitura":"3 minutos"},"schema":{"@context":"https:\/\/schema.org","@graph":[{"@type":"WebPage","@id":"https:\/\/www.fiemg.com.br\/regional-sede\/noticias\/missao-tecnica-impulsiona-inovacao-na-panificacao\/","url":"https:\/\/www.fiemg.com.br\/regional-sede\/noticias\/missao-tecnica-impulsiona-inovacao-na-panificacao\/","name":"Miss\u00e3o t\u00e9cnica impulsiona inova\u00e7\u00e3o na panifica\u00e7\u00e3o\u00a0 - FIEMG","isPartOf":{"@id":"https:\/\/www.fiemg.com.br\/regional-sede\/#website"},"primaryImageOfPage":{"@id":"https:\/\/www.fiemg.com.br\/regional-sede\/noticias\/missao-tecnica-impulsiona-inovacao-na-panificacao\/#primaryimage"},"image":{"@id":"https:\/\/www.fiemg.com.br\/regional-sede\/noticias\/missao-tecnica-impulsiona-inovacao-na-panificacao\/#primaryimage"},"thumbnailUrl":"https:\/\/www.fiemg.com.br\/regional-sede\/wp-content\/uploads\/sites\/21\/2026\/09\/Thumb-96.png","datePublished":"2026-09-02T18:15:01+00:00","dateModified":"2026-09-02T18:15:03+00:00","description":"IEL Minas e SINPAVA conectaram empres\u00e1rios a solu\u00e7\u00f5es de mercado e estimularam R$ 1,5 milh\u00e3o em investimentos\u00a0","breadcrumb":{"@id":"https:\/\/www.fiemg.com.br\/regional-sede\/noticias\/missao-tecnica-impulsiona-inovacao-na-panificacao\/#breadcrumb"},"inLanguage":"pt-BR","potentialAction":[{"@type":"ReadAction","target":["https:\/\/www.fiemg.com.br\/regional-sede\/noticias\/missao-tecnica-impulsiona-inovacao-na-panificacao\/"]}]},{"@type":"ImageObject","inLanguage":"pt-BR","@id":"https:\/\/www.fiemg.com.br\/regional-sede\/noticias\/missao-tecnica-impulsiona-inovacao-na-panificacao\/#primaryimage","url":"https:\/\/www.fiemg.com.br\/regional-sede\/wp-content\/uploads\/sites\/21\/2026\/09\/Thumb-96.png","contentUrl":"https:\/\/www.fiemg.com.br\/regional-sede\/wp-content\/uploads\/sites\/21\/2026\/09\/Thumb-96.png","width":512,"height":512},{"@type":"BreadcrumbList","@id":"https:\/\/www.fiemg.com.br\/regional-sede\/noticias\/missao-tecnica-impulsiona-inovacao-na-panificacao\/#breadcrumb","itemListElement":[{"@type":"ListItem","position":1,"name":"In\u00edcio","item":"https:\/\/www.fiemg.com.br\/regional-sede\/"},{"@type":"ListItem","position":2,"name":"Miss\u00e3o t\u00e9cnica impulsiona inova\u00e7\u00e3o na panifica\u00e7\u00e3o\u00a0"}]},{"@type":"WebSite","@id":"https:\/\/www.fiemg.com.br\/regional-sede\/#website","url":"https:\/\/www.fiemg.com.br\/regional-sede\/","name":"FIEMG","description":"Federa\u00e7\u00e3o das Ind\u00fastrias do Estado de Minas Gerais","publisher":{"@id":"https:\/\/www.fiemg.com.br\/regional-sede\/#organization"},"potentialAction":[{"@type":"SearchAction","target":{"@type":"EntryPoint","urlTemplate":"https:\/\/www.fiemg.com.br\/regional-sede\/?s={search_term_string}"},"query-input":{"@type":"PropertyValueSpecification","valueRequired":true,"valueName":"search_term_string"}}],"inLanguage":"pt-BR"},{"@type":"Organization","@id":"https:\/\/www.fiemg.com.br\/regional-sede\/#organization","name":"FIEMG","url":"https:\/\/www.fiemg.com.br\/regional-sede\/","logo":{"@type":"ImageObject","inLanguage":"pt-BR","@id":"https:\/\/www.fiemg.com.br\/regional-sede\/#\/schema\/logo\/image\/","url":"https:\/\/www.fiemg.com.br\/regional-sede\/wp-content\/uploads\/sites\/21\/2023\/02\/Ativo-1.png","contentUrl":"https:\/\/www.fiemg.com.br\/regional-sede\/wp-content\/uploads\/sites\/21\/2023\/02\/Ativo-1.png","width":563,"height":149,"caption":"FIEMG"},"image":{"@id":"https:\/\/www.fiemg.com.br\/regional-sede\/#\/schema\/logo\/image\/"}}]}},"_links":{"self":[{"href":"https:\/\/www.fiemg.com.br\/regional-sede\/wp-json\/wp\/v2\/noticias\/8527","targetHints":{"allow":["GET"]}}],"collection":[{"href":"https:\/\/www.fiemg.com.br\/regional-sede\/wp-json\/wp\/v2\/noticias"}],"about":[{"href":"https:\/\/www.fiemg.com.br\/regional-sede\/wp-json\/wp\/v2\/types\/noticias"}],"wp:featuredmedia":[{"embeddable":true,"href":"https:\/\/www.fiemg.com.br\/regional-sede\/wp-json\/wp\/v2\/media\/8528"}],"wp:attachment":[{"href":"https:\/\/www.fiemg.com.br\/regional-sede\/wp-json\/wp\/v2\/media?parent=8527"}],"wp:term":[{"taxonomy":"category","embeddable":true,"href":"https:\/\/www.fiemg.com.br\/regional-sede\/wp-json\/wp\/v2\/categories?post=8527"},{"taxonomy":"post_tag","embeddable":true,"href":"https:\/\/www.fiemg.com.br\/regional-sede\/wp-json\/wp\/v2\/tags?post=8527"}],"curies":[{"name":"wp","href":"https:\/\/api.w.org\/{rel}","templated":true}]}}