{"id":8533,"date":"2026-09-03T15:53:46","date_gmt":"2026-09-03T18:53:46","guid":{"rendered":"https:\/\/www.fiemg.com.br\/regional-sede\/noticias\/sindirepa-brasil-leva-empresarios-a-feira-automechanika-frankfurt-2026\/"},"modified":"2026-09-03T15:53:50","modified_gmt":"2026-09-03T18:53:50","slug":"sindirepa-brasil-leva-empresarios-a-feira-automechanika-frankfurt-2026","status":"publish","type":"noticias","link":"https:\/\/www.fiemg.com.br\/regional-sede\/noticias\/sindirepa-brasil-leva-empresarios-a-feira-automechanika-frankfurt-2026\/","title":{"rendered":"Sindirepa Brasil leva empres\u00e1rios \u00e0 feira Automechanika Frankfurt 2026"},"content":{"rendered":"\n<p class=\"wp-block-paragraph\"><\/p>\n\n\n\n<p class=\"wp-block-paragraph\">Empres\u00e1rios e profissionais do setor de repara\u00e7\u00e3o de ve\u00edculos e acess\u00f3rios participar\u00e3o, entre os dias 5 e 12 de setembro de 2026, da Miss\u00e3o \u00e0 Feira Automechanika Frankfurt, na Alemanha. A iniciativa ser\u00e1 realizada pelo Sindicato da Ind\u00fastria de Repara\u00e7\u00e3o de Ve\u00edculos e Acess\u00f3rios (Sindirepa Brasil), com apoio da Federa\u00e7\u00e3o das Ind\u00fastrias do Estado de Minas Gerais (FIEMG), e vai contar com a participa\u00e7\u00e3o de 48 representantes de 37 empresas de 12 estados brasileiros.<\/p>\n\n\n\n<p class=\"wp-block-paragraph\">Considerada uma das principais plataformas internacionais para o setor automotivo, a Automechanika Frankfurt re\u00fane fabricantes, fornecedores, distribuidores, oficinas, varejistas e profissionais de tecnologia de toda a cadeia de aftermarket automotivo. Realizada na Messe Frankfurt, a feira apresenta solu\u00e7\u00f5es em pe\u00e7as e componentes, equipamentos para oficinas, diagn\u00f3stico, eletr\u00f4nica automotiva, acess\u00f3rios, pneus, mobilidade, digitaliza\u00e7\u00e3o e novas tecnologias.<\/p>\n\n\n\n<p class=\"wp-block-paragraph\">A edi\u00e7\u00e3o de 2026 da miss\u00e3o ter\u00e1 como objetivo aproximar empres\u00e1rios brasileiros das principais tend\u00eancias da ind\u00fastria automotiva global, promovendo interc\u00e2mbio de conhecimento, contato com novas tecnologias e acesso a pr\u00e1ticas inovadoras aplicadas ao mercado de repara\u00e7\u00e3o de ve\u00edculos.<\/p>\n\n\n\n<p class=\"wp-block-paragraph\">Durante a programa\u00e7\u00e3o internacional, os participantes ter\u00e3o acesso \u00e0 feira Automechanika Frankfurt e a uma s\u00e9rie de visitas guiadas e t\u00e9cnicas em empresas e espa\u00e7os de refer\u00eancia da ind\u00fastria automotiva, tais como a Bosch, Astemo, ZF e TEXA. As visitas v\u00e3o permitir que os empres\u00e1rios conhe\u00e7am solu\u00e7\u00f5es desenvolvidas por grandes players globais em \u00e1reas como mobilidade, eletrifica\u00e7\u00e3o, diagn\u00f3stico eletr\u00f4nico, conectividade, automa\u00e7\u00e3o e manuten\u00e7\u00e3o automotiva.<\/p>\n\n\n\n<p class=\"wp-block-paragraph\">A agenda tamb\u00e9m prev\u00ea uma visita t\u00e9cnica \u00e0 unidade da Bosch em Karlsruhe, centro global da divis\u00e3o Mobility Aftermarket, respons\u00e1vel por opera\u00e7\u00f5es de fornecimento, log\u00edstica e distribui\u00e7\u00e3o de pe\u00e7as automotivas, equipamentos para oficinas e servi\u00e7os. O local se destaca pelo alto n\u00edvel de automa\u00e7\u00e3o, sistemas digitais de gest\u00e3o e infraestrutura para testes e desenvolvimento de componentes.<\/p>\n\n\n\n<p class=\"wp-block-paragraph\"><strong>Automechanika Frankfurt<\/strong><\/p>\n\n\n\n<p class=\"wp-block-paragraph\">A feira Automechanika Frankfurt \u00e9 reconhecida como um dos principais encontros globais do aftermarket automotivo. Na edi\u00e7\u00e3o de 2024, recebeu 108 mil visitantes profissionais de 172 pa\u00edses e reuniu 4.200 empresas expositoras de 80 pa\u00edses, com aproximadamente 70% do p\u00fablico formado por visitantes internacionais.<\/p>\n\n\n\n<p class=\"wp-block-paragraph\"><em>Tha\u00eds Mota<\/em><em><br><\/em><strong>Imprensa FIEMG<\/strong><\/p>\n","protected":false},"featured_media":8534,"template":"","categories":[299],"tags":[1513,1514],"class_list":["post-8533","noticias","type-noticias","status-publish","has-post-thumbnail","hentry","category-associativismo","tag-frankfurt","tag-sindirepa-brasil"],"acf":[],"yoast_head":"<!-- This site is optimized with the Yoast SEO plugin v27.7 - https:\/\/yoast.com\/product\/yoast-seo-wordpress\/ -->\n<title>Sindirepa Brasil leva empres\u00e1rios \u00e0 feira Automechanika Frankfurt 2026 - FIEMG<\/title>\n<meta name=\"description\" content=\"Miss\u00e3o internacional com apoio da FIEMG re\u00fane 48 participantes de 37 empresas brasileiras para conhecer tend\u00eancias, tecnologias e solu\u00e7\u00f5es para o setor automotivo.\" \/>\n<meta name=\"robots\" content=\"index, follow, max-snippet:-1, max-image-preview:large, max-video-preview:-1\" \/>\n<link rel=\"canonical\" href=\"https:\/\/www.fiemg.com.br\/regional-sede\/noticias\/sindirepa-brasil-leva-empresarios-a-feira-automechanika-frankfurt-2026\/\" \/>\n<meta property=\"og:locale\" content=\"pt_BR\" \/>\n<meta property=\"og:type\" content=\"article\" \/>\n<meta property=\"og:title\" content=\"Sindirepa Brasil leva empres\u00e1rios \u00e0 feira Automechanika Frankfurt 2026 - FIEMG\" \/>\n<meta property=\"og:description\" content=\"Miss\u00e3o internacional com apoio da FIEMG re\u00fane 48 participantes de 37 empresas brasileiras para conhecer tend\u00eancias, tecnologias e solu\u00e7\u00f5es para o setor automotivo.\" \/>\n<meta property=\"og:url\" content=\"https:\/\/www.fiemg.com.br\/regional-sede\/noticias\/sindirepa-brasil-leva-empresarios-a-feira-automechanika-frankfurt-2026\/\" \/>\n<meta property=\"og:site_name\" content=\"FIEMG\" \/>\n<meta property=\"article:modified_time\" content=\"2026-09-03T18:53:50+00:00\" \/>\n<meta property=\"og:image\" content=\"https:\/\/www.fiemg.com.br\/regional-sede\/wp-content\/uploads\/sites\/21\/2026\/09\/cin_thumb-2_4307474_8758994_9094408_5313317_4352761_4394859.jpeg\" \/>\n\t<meta property=\"og:image:width\" content=\"512\" \/>\n\t<meta property=\"og:image:height\" content=\"512\" \/>\n\t<meta property=\"og:image:type\" content=\"image\/jpeg\" \/>\n<meta name=\"twitter:card\" content=\"summary_large_image\" \/>\n<meta name=\"twitter:label1\" content=\"Est. tempo de leitura\" \/>\n\t<meta name=\"twitter:data1\" content=\"3 minutos\" \/>\n<script type=\"application\/ld+json\" class=\"yoast-schema-graph\">{\"@context\":\"https:\\\/\\\/schema.org\",\"@graph\":[{\"@type\":\"WebPage\",\"@id\":\"https:\\\/\\\/www.fiemg.com.br\\\/regional-sede\\\/noticias\\\/sindirepa-brasil-leva-empresarios-a-feira-automechanika-frankfurt-2026\\\/\",\"url\":\"https:\\\/\\\/www.fiemg.com.br\\\/regional-sede\\\/noticias\\\/sindirepa-brasil-leva-empresarios-a-feira-automechanika-frankfurt-2026\\\/\",\"name\":\"Sindirepa Brasil leva empres\u00e1rios \u00e0 feira Automechanika Frankfurt 2026 - FIEMG\",\"isPartOf\":{\"@id\":\"https:\\\/\\\/www.fiemg.com.br\\\/regional-sede\\\/#website\"},\"primaryImageOfPage\":{\"@id\":\"https:\\\/\\\/www.fiemg.com.br\\\/regional-sede\\\/noticias\\\/sindirepa-brasil-leva-empresarios-a-feira-automechanika-frankfurt-2026\\\/#primaryimage\"},\"image\":{\"@id\":\"https:\\\/\\\/www.fiemg.com.br\\\/regional-sede\\\/noticias\\\/sindirepa-brasil-leva-empresarios-a-feira-automechanika-frankfurt-2026\\\/#primaryimage\"},\"thumbnailUrl\":\"https:\\\/\\\/www.fiemg.com.br\\\/regional-sede\\\/wp-content\\\/uploads\\\/sites\\\/21\\\/2026\\\/09\\\/cin_thumb-2_4307474_8758994_9094408_5313317_4352761_4394859.jpeg\",\"datePublished\":\"2026-09-03T18:53:46+00:00\",\"dateModified\":\"2026-09-03T18:53:50+00:00\",\"description\":\"Miss\u00e3o internacional com apoio da FIEMG re\u00fane 48 participantes de 37 empresas brasileiras para conhecer tend\u00eancias, tecnologias e solu\u00e7\u00f5es para o setor automotivo.\",\"breadcrumb\":{\"@id\":\"https:\\\/\\\/www.fiemg.com.br\\\/regional-sede\\\/noticias\\\/sindirepa-brasil-leva-empresarios-a-feira-automechanika-frankfurt-2026\\\/#breadcrumb\"},\"inLanguage\":\"pt-BR\",\"potentialAction\":[{\"@type\":\"ReadAction\",\"target\":[\"https:\\\/\\\/www.fiemg.com.br\\\/regional-sede\\\/noticias\\\/sindirepa-brasil-leva-empresarios-a-feira-automechanika-frankfurt-2026\\\/\"]}]},{\"@type\":\"ImageObject\",\"inLanguage\":\"pt-BR\",\"@id\":\"https:\\\/\\\/www.fiemg.com.br\\\/regional-sede\\\/noticias\\\/sindirepa-brasil-leva-empresarios-a-feira-automechanika-frankfurt-2026\\\/#primaryimage\",\"url\":\"https:\\\/\\\/www.fiemg.com.br\\\/regional-sede\\\/wp-content\\\/uploads\\\/sites\\\/21\\\/2026\\\/09\\\/cin_thumb-2_4307474_8758994_9094408_5313317_4352761_4394859.jpeg\",\"contentUrl\":\"https:\\\/\\\/www.fiemg.com.br\\\/regional-sede\\\/wp-content\\\/uploads\\\/sites\\\/21\\\/2026\\\/09\\\/cin_thumb-2_4307474_8758994_9094408_5313317_4352761_4394859.jpeg\",\"width\":512,\"height\":512,\"caption\":\"Certifica\u00e7\u00f5es para exporta\u00e7\u00e3o ser\u00e1 tema de capacita\u00e7\u00e3o\"},{\"@type\":\"BreadcrumbList\",\"@id\":\"https:\\\/\\\/www.fiemg.com.br\\\/regional-sede\\\/noticias\\\/sindirepa-brasil-leva-empresarios-a-feira-automechanika-frankfurt-2026\\\/#breadcrumb\",\"itemListElement\":[{\"@type\":\"ListItem\",\"position\":1,\"name\":\"In\u00edcio\",\"item\":\"https:\\\/\\\/www.fiemg.com.br\\\/regional-sede\\\/\"},{\"@type\":\"ListItem\",\"position\":2,\"name\":\"Sindirepa Brasil leva empres\u00e1rios \u00e0 feira Automechanika Frankfurt 2026\"}]},{\"@type\":\"WebSite\",\"@id\":\"https:\\\/\\\/www.fiemg.com.br\\\/regional-sede\\\/#website\",\"url\":\"https:\\\/\\\/www.fiemg.com.br\\\/regional-sede\\\/\",\"name\":\"FIEMG\",\"description\":\"Federa\u00e7\u00e3o das Ind\u00fastrias do Estado de Minas Gerais\",\"publisher\":{\"@id\":\"https:\\\/\\\/www.fiemg.com.br\\\/regional-sede\\\/#organization\"},\"potentialAction\":[{\"@type\":\"SearchAction\",\"target\":{\"@type\":\"EntryPoint\",\"urlTemplate\":\"https:\\\/\\\/www.fiemg.com.br\\\/regional-sede\\\/?s={search_term_string}\"},\"query-input\":{\"@type\":\"PropertyValueSpecification\",\"valueRequired\":true,\"valueName\":\"search_term_string\"}}],\"inLanguage\":\"pt-BR\"},{\"@type\":\"Organization\",\"@id\":\"https:\\\/\\\/www.fiemg.com.br\\\/regional-sede\\\/#organization\",\"name\":\"FIEMG\",\"url\":\"https:\\\/\\\/www.fiemg.com.br\\\/regional-sede\\\/\",\"logo\":{\"@type\":\"ImageObject\",\"inLanguage\":\"pt-BR\",\"@id\":\"https:\\\/\\\/www.fiemg.com.br\\\/regional-sede\\\/#\\\/schema\\\/logo\\\/image\\\/\",\"url\":\"https:\\\/\\\/www.fiemg.com.br\\\/regional-sede\\\/wp-content\\\/uploads\\\/sites\\\/21\\\/2023\\\/02\\\/Ativo-1.png\",\"contentUrl\":\"https:\\\/\\\/www.fiemg.com.br\\\/regional-sede\\\/wp-content\\\/uploads\\\/sites\\\/21\\\/2023\\\/02\\\/Ativo-1.png\",\"width\":563,\"height\":149,\"caption\":\"FIEMG\"},\"image\":{\"@id\":\"https:\\\/\\\/www.fiemg.com.br\\\/regional-sede\\\/#\\\/schema\\\/logo\\\/image\\\/\"}}]}<\/script>\n<!-- \/ Yoast SEO plugin. -->","yoast_head_json":{"title":"Sindirepa Brasil leva empres\u00e1rios \u00e0 feira Automechanika Frankfurt 2026 - FIEMG","description":"Miss\u00e3o internacional com apoio da FIEMG re\u00fane 48 participantes de 37 empresas brasileiras para conhecer tend\u00eancias, tecnologias e solu\u00e7\u00f5es para o setor automotivo.","robots":{"index":"index","follow":"follow","max-snippet":"max-snippet:-1","max-image-preview":"max-image-preview:large","max-video-preview":"max-video-preview:-1"},"canonical":"https:\/\/www.fiemg.com.br\/regional-sede\/noticias\/sindirepa-brasil-leva-empresarios-a-feira-automechanika-frankfurt-2026\/","og_locale":"pt_BR","og_type":"article","og_title":"Sindirepa Brasil leva empres\u00e1rios \u00e0 feira Automechanika Frankfurt 2026 - FIEMG","og_description":"Miss\u00e3o internacional com apoio da FIEMG re\u00fane 48 participantes de 37 empresas brasileiras para conhecer tend\u00eancias, tecnologias e solu\u00e7\u00f5es para o setor automotivo.","og_url":"https:\/\/www.fiemg.com.br\/regional-sede\/noticias\/sindirepa-brasil-leva-empresarios-a-feira-automechanika-frankfurt-2026\/","og_site_name":"FIEMG","article_modified_time":"2026-09-03T18:53:50+00:00","og_image":[{"width":512,"height":512,"url":"https:\/\/www.fiemg.com.br\/regional-sede\/wp-content\/uploads\/sites\/21\/2026\/09\/cin_thumb-2_4307474_8758994_9094408_5313317_4352761_4394859.jpeg","type":"image\/jpeg"}],"twitter_card":"summary_large_image","twitter_misc":{"Est. tempo de leitura":"3 minutos"},"schema":{"@context":"https:\/\/schema.org","@graph":[{"@type":"WebPage","@id":"https:\/\/www.fiemg.com.br\/regional-sede\/noticias\/sindirepa-brasil-leva-empresarios-a-feira-automechanika-frankfurt-2026\/","url":"https:\/\/www.fiemg.com.br\/regional-sede\/noticias\/sindirepa-brasil-leva-empresarios-a-feira-automechanika-frankfurt-2026\/","name":"Sindirepa Brasil leva empres\u00e1rios \u00e0 feira Automechanika Frankfurt 2026 - FIEMG","isPartOf":{"@id":"https:\/\/www.fiemg.com.br\/regional-sede\/#website"},"primaryImageOfPage":{"@id":"https:\/\/www.fiemg.com.br\/regional-sede\/noticias\/sindirepa-brasil-leva-empresarios-a-feira-automechanika-frankfurt-2026\/#primaryimage"},"image":{"@id":"https:\/\/www.fiemg.com.br\/regional-sede\/noticias\/sindirepa-brasil-leva-empresarios-a-feira-automechanika-frankfurt-2026\/#primaryimage"},"thumbnailUrl":"https:\/\/www.fiemg.com.br\/regional-sede\/wp-content\/uploads\/sites\/21\/2026\/09\/cin_thumb-2_4307474_8758994_9094408_5313317_4352761_4394859.jpeg","datePublished":"2026-09-03T18:53:46+00:00","dateModified":"2026-09-03T18:53:50+00:00","description":"Miss\u00e3o internacional com apoio da FIEMG re\u00fane 48 participantes de 37 empresas brasileiras para conhecer tend\u00eancias, tecnologias e solu\u00e7\u00f5es para o setor automotivo.","breadcrumb":{"@id":"https:\/\/www.fiemg.com.br\/regional-sede\/noticias\/sindirepa-brasil-leva-empresarios-a-feira-automechanika-frankfurt-2026\/#breadcrumb"},"inLanguage":"pt-BR","potentialAction":[{"@type":"ReadAction","target":["https:\/\/www.fiemg.com.br\/regional-sede\/noticias\/sindirepa-brasil-leva-empresarios-a-feira-automechanika-frankfurt-2026\/"]}]},{"@type":"ImageObject","inLanguage":"pt-BR","@id":"https:\/\/www.fiemg.com.br\/regional-sede\/noticias\/sindirepa-brasil-leva-empresarios-a-feira-automechanika-frankfurt-2026\/#primaryimage","url":"https:\/\/www.fiemg.com.br\/regional-sede\/wp-content\/uploads\/sites\/21\/2026\/09\/cin_thumb-2_4307474_8758994_9094408_5313317_4352761_4394859.jpeg","contentUrl":"https:\/\/www.fiemg.com.br\/regional-sede\/wp-content\/uploads\/sites\/21\/2026\/09\/cin_thumb-2_4307474_8758994_9094408_5313317_4352761_4394859.jpeg","width":512,"height":512,"caption":"Certifica\u00e7\u00f5es para exporta\u00e7\u00e3o ser\u00e1 tema de capacita\u00e7\u00e3o"},{"@type":"BreadcrumbList","@id":"https:\/\/www.fiemg.com.br\/regional-sede\/noticias\/sindirepa-brasil-leva-empresarios-a-feira-automechanika-frankfurt-2026\/#breadcrumb","itemListElement":[{"@type":"ListItem","position":1,"name":"In\u00edcio","item":"https:\/\/www.fiemg.com.br\/regional-sede\/"},{"@type":"ListItem","position":2,"name":"Sindirepa Brasil leva empres\u00e1rios \u00e0 feira Automechanika Frankfurt 2026"}]},{"@type":"WebSite","@id":"https:\/\/www.fiemg.com.br\/regional-sede\/#website","url":"https:\/\/www.fiemg.com.br\/regional-sede\/","name":"FIEMG","description":"Federa\u00e7\u00e3o das Ind\u00fastrias do Estado de Minas Gerais","publisher":{"@id":"https:\/\/www.fiemg.com.br\/regional-sede\/#organization"},"potentialAction":[{"@type":"SearchAction","target":{"@type":"EntryPoint","urlTemplate":"https:\/\/www.fiemg.com.br\/regional-sede\/?s={search_term_string}"},"query-input":{"@type":"PropertyValueSpecification","valueRequired":true,"valueName":"search_term_string"}}],"inLanguage":"pt-BR"},{"@type":"Organization","@id":"https:\/\/www.fiemg.com.br\/regional-sede\/#organization","name":"FIEMG","url":"https:\/\/www.fiemg.com.br\/regional-sede\/","logo":{"@type":"ImageObject","inLanguage":"pt-BR","@id":"https:\/\/www.fiemg.com.br\/regional-sede\/#\/schema\/logo\/image\/","url":"https:\/\/www.fiemg.com.br\/regional-sede\/wp-content\/uploads\/sites\/21\/2023\/02\/Ativo-1.png","contentUrl":"https:\/\/www.fiemg.com.br\/regional-sede\/wp-content\/uploads\/sites\/21\/2023\/02\/Ativo-1.png","width":563,"height":149,"caption":"FIEMG"},"image":{"@id":"https:\/\/www.fiemg.com.br\/regional-sede\/#\/schema\/logo\/image\/"}}]}},"_links":{"self":[{"href":"https:\/\/www.fiemg.com.br\/regional-sede\/wp-json\/wp\/v2\/noticias\/8533","targetHints":{"allow":["GET"]}}],"collection":[{"href":"https:\/\/www.fiemg.com.br\/regional-sede\/wp-json\/wp\/v2\/noticias"}],"about":[{"href":"https:\/\/www.fiemg.com.br\/regional-sede\/wp-json\/wp\/v2\/types\/noticias"}],"wp:featuredmedia":[{"embeddable":true,"href":"https:\/\/www.fiemg.com.br\/regional-sede\/wp-json\/wp\/v2\/media\/8534"}],"wp:attachment":[{"href":"https:\/\/www.fiemg.com.br\/regional-sede\/wp-json\/wp\/v2\/media?parent=8533"}],"wp:term":[{"taxonomy":"category","embeddable":true,"href":"https:\/\/www.fiemg.com.br\/regional-sede\/wp-json\/wp\/v2\/categories?post=8533"},{"taxonomy":"post_tag","embeddable":true,"href":"https:\/\/www.fiemg.com.br\/regional-sede\/wp-json\/wp\/v2\/tags?post=8533"}],"curies":[{"name":"wp","href":"https:\/\/api.w.org\/{rel}","templated":true}]}}