{"id":8543,"date":"2026-09-04T17:30:51","date_gmt":"2026-09-04T20:30:51","guid":{"rendered":"https:\/\/www.fiemg.com.br\/regional-sede\/noticias\/stf-acolhe-tese-defendida-pela-fiemg-sobre-justica-gratuita\/"},"modified":"2026-09-04T17:30:54","modified_gmt":"2026-09-04T20:30:54","slug":"stf-acolhe-tese-defendida-pela-fiemg-sobre-justica-gratuita","status":"publish","type":"noticias","link":"https:\/\/www.fiemg.com.br\/regional-sede\/noticias\/stf-acolhe-tese-defendida-pela-fiemg-sobre-justica-gratuita\/","title":{"rendered":"STF acolhe tese defendida pela FIEMG sobre justi\u00e7a gratuita"},"content":{"rendered":"\n<p class=\"wp-block-paragraph\"><\/p>\n\n\n\n<p class=\"wp-block-paragraph\">O Supremo Tribunal Federal (STF) concluiu o julgamento da A\u00e7\u00e3o Declarat\u00f3ria de Constitucionalidade (ADC) 80, que discutia os crit\u00e9rios para concess\u00e3o da justi\u00e7a gratuita, estabelecendo novos par\u00e2metros para o benef\u00edcio. A Federa\u00e7\u00e3o das Ind\u00fastrias do Estado de Minas Gerais (FIEMG) participou do processo como <em>amicus curiae<\/em> e contribuiu com argumentos t\u00e9cnicos em defesa de maior seguran\u00e7a jur\u00eddica e equil\u00edbrio processual.<\/p>\n\n\n\n<p class=\"wp-block-paragraph\">A decis\u00e3o do STF definiu R$ 5 mil como refer\u00eancia para a presun\u00e7\u00e3o relativa de insufici\u00eancia de recursos. Pessoas com renda acima desse valor ainda poder\u00e3o solicitar a gratuidade, mas dever\u00e3o comprovar a impossibilidade de arcar com os custos do processo. O Supremo tamb\u00e9m declarou inconstitucional a S\u00famula 463, I, do Tribunal Superior do Trabalho (TST), que admitia a concess\u00e3o do benef\u00edcio apenas com base na declara\u00e7\u00e3o de hipossufici\u00eancia, ou seja, na alega\u00e7\u00e3o de falta de recursos financeiros suficientes para custear as despesas processuais.<\/p>\n\n\n\n<p class=\"wp-block-paragraph\">A FIEMG destacou, durante sua participa\u00e7\u00e3o no processo, que sua defesa n\u00e3o era pela cria\u00e7\u00e3o de um teto absoluto para a justi\u00e7a gratuita, mas pela ado\u00e7\u00e3o de crit\u00e9rios objetivos e pela necessidade de comprova\u00e7\u00e3o da insufici\u00eancia financeira, evitando concess\u00f5es indiscriminadas e contribuindo para o combate \u00e0 litig\u00e2ncia predat\u00f3ria.<\/p>\n\n\n\n<p class=\"wp-block-paragraph\">Segundo a superintendente Jur\u00eddica da FIEMG, Let\u00edcia Louren\u00e7o, a entidade utilizou dados do Conselho Nacional de Justi\u00e7a (CNJ) para fundamentar sua manifesta\u00e7\u00e3o no STF. \u201cTrabalhamos para demonstrar a import\u00e2ncia de crit\u00e9rios verific\u00e1veis, que garantam o acesso \u00e0 Justi\u00e7a para quem realmente necessita, sem comprometer o equil\u00edbrio entre as partes\u201d, afirma.<\/p>\n\n\n\n<p class=\"wp-block-paragraph\">A decis\u00e3o, que ter\u00e1 aplica\u00e7\u00e3o em todos os ramos do Poder Judici\u00e1rio, com exce\u00e7\u00e3o apenas para a\u00e7\u00f5es dos Juizados Especiais, representa avan\u00e7o na defini\u00e7\u00e3o de par\u00e2metros mais claros para a concess\u00e3o do benef\u00edcio e refor\u00e7a a atua\u00e7\u00e3o institucional da FIEMG na defesa de um ambiente jur\u00eddico mais seguro para o setor produtivo.<\/p>\n\n\n\n<p class=\"wp-block-paragraph\"><em>Tha\u00eds Mota<\/em><br><strong>Imprensa FIEMG<\/strong><\/p>\n","protected":false},"featured_media":8544,"template":"","categories":[299],"tags":[1485,1515,1028],"class_list":["post-8543","noticias","type-noticias","status-publish","has-post-thumbnail","hentry","category-associativismo","tag-amicus-curiae","tag-justica-gratuita","tag-stf"],"acf":[],"yoast_head":"<!-- This site is optimized with the Yoast SEO plugin v27.7 - https:\/\/yoast.com\/product\/yoast-seo-wordpress\/ -->\n<title>STF acolhe tese defendida pela FIEMG sobre justi\u00e7a gratuita - FIEMG<\/title>\n<meta name=\"description\" content=\"Entidade participou da ADC 80 como amicus curiae e contribuiu para o debate sobre crit\u00e9rios objetivos na concess\u00e3o do benef\u00edcio\" \/>\n<meta name=\"robots\" content=\"index, follow, max-snippet:-1, max-image-preview:large, max-video-preview:-1\" \/>\n<link rel=\"canonical\" href=\"https:\/\/www.fiemg.com.br\/regional-sede\/noticias\/stf-acolhe-tese-defendida-pela-fiemg-sobre-justica-gratuita\/\" \/>\n<meta property=\"og:locale\" content=\"pt_BR\" \/>\n<meta property=\"og:type\" content=\"article\" \/>\n<meta property=\"og:title\" content=\"STF acolhe tese defendida pela FIEMG sobre justi\u00e7a gratuita - FIEMG\" \/>\n<meta property=\"og:description\" content=\"Entidade participou da ADC 80 como amicus curiae e contribuiu para o debate sobre crit\u00e9rios objetivos na concess\u00e3o do benef\u00edcio\" \/>\n<meta property=\"og:url\" content=\"https:\/\/www.fiemg.com.br\/regional-sede\/noticias\/stf-acolhe-tese-defendida-pela-fiemg-sobre-justica-gratuita\/\" \/>\n<meta property=\"og:site_name\" content=\"FIEMG\" \/>\n<meta property=\"article:modified_time\" content=\"2026-09-04T20:30:54+00:00\" \/>\n<meta property=\"og:image\" content=\"https:\/\/www.fiemg.com.br\/regional-sede\/wp-content\/uploads\/sites\/21\/2026\/09\/NOVO-LOGO-SITE_4558110.png\" \/>\n\t<meta property=\"og:image:width\" content=\"263\" \/>\n\t<meta property=\"og:image:height\" content=\"267\" \/>\n\t<meta property=\"og:image:type\" content=\"image\/png\" \/>\n<meta name=\"twitter:card\" content=\"summary_large_image\" \/>\n<meta name=\"twitter:label1\" content=\"Est. tempo de leitura\" \/>\n\t<meta name=\"twitter:data1\" content=\"2 minutos\" \/>\n<script type=\"application\/ld+json\" class=\"yoast-schema-graph\">{\"@context\":\"https:\\\/\\\/schema.org\",\"@graph\":[{\"@type\":\"WebPage\",\"@id\":\"https:\\\/\\\/www.fiemg.com.br\\\/regional-sede\\\/noticias\\\/stf-acolhe-tese-defendida-pela-fiemg-sobre-justica-gratuita\\\/\",\"url\":\"https:\\\/\\\/www.fiemg.com.br\\\/regional-sede\\\/noticias\\\/stf-acolhe-tese-defendida-pela-fiemg-sobre-justica-gratuita\\\/\",\"name\":\"STF acolhe tese defendida pela FIEMG sobre justi\u00e7a gratuita - FIEMG\",\"isPartOf\":{\"@id\":\"https:\\\/\\\/www.fiemg.com.br\\\/regional-sede\\\/#website\"},\"primaryImageOfPage\":{\"@id\":\"https:\\\/\\\/www.fiemg.com.br\\\/regional-sede\\\/noticias\\\/stf-acolhe-tese-defendida-pela-fiemg-sobre-justica-gratuita\\\/#primaryimage\"},\"image\":{\"@id\":\"https:\\\/\\\/www.fiemg.com.br\\\/regional-sede\\\/noticias\\\/stf-acolhe-tese-defendida-pela-fiemg-sobre-justica-gratuita\\\/#primaryimage\"},\"thumbnailUrl\":\"https:\\\/\\\/www.fiemg.com.br\\\/regional-sede\\\/wp-content\\\/uploads\\\/sites\\\/21\\\/2026\\\/09\\\/NOVO-LOGO-SITE_4558110.png\",\"datePublished\":\"2026-09-04T20:30:51+00:00\",\"dateModified\":\"2026-09-04T20:30:54+00:00\",\"description\":\"Entidade participou da ADC 80 como amicus curiae e contribuiu para o debate sobre crit\u00e9rios objetivos na concess\u00e3o do benef\u00edcio\",\"breadcrumb\":{\"@id\":\"https:\\\/\\\/www.fiemg.com.br\\\/regional-sede\\\/noticias\\\/stf-acolhe-tese-defendida-pela-fiemg-sobre-justica-gratuita\\\/#breadcrumb\"},\"inLanguage\":\"pt-BR\",\"potentialAction\":[{\"@type\":\"ReadAction\",\"target\":[\"https:\\\/\\\/www.fiemg.com.br\\\/regional-sede\\\/noticias\\\/stf-acolhe-tese-defendida-pela-fiemg-sobre-justica-gratuita\\\/\"]}]},{\"@type\":\"ImageObject\",\"inLanguage\":\"pt-BR\",\"@id\":\"https:\\\/\\\/www.fiemg.com.br\\\/regional-sede\\\/noticias\\\/stf-acolhe-tese-defendida-pela-fiemg-sobre-justica-gratuita\\\/#primaryimage\",\"url\":\"https:\\\/\\\/www.fiemg.com.br\\\/regional-sede\\\/wp-content\\\/uploads\\\/sites\\\/21\\\/2026\\\/09\\\/NOVO-LOGO-SITE_4558110.png\",\"contentUrl\":\"https:\\\/\\\/www.fiemg.com.br\\\/regional-sede\\\/wp-content\\\/uploads\\\/sites\\\/21\\\/2026\\\/09\\\/NOVO-LOGO-SITE_4558110.png\",\"width\":263,\"height\":267},{\"@type\":\"BreadcrumbList\",\"@id\":\"https:\\\/\\\/www.fiemg.com.br\\\/regional-sede\\\/noticias\\\/stf-acolhe-tese-defendida-pela-fiemg-sobre-justica-gratuita\\\/#breadcrumb\",\"itemListElement\":[{\"@type\":\"ListItem\",\"position\":1,\"name\":\"In\u00edcio\",\"item\":\"https:\\\/\\\/www.fiemg.com.br\\\/regional-sede\\\/\"},{\"@type\":\"ListItem\",\"position\":2,\"name\":\"STF acolhe tese defendida pela FIEMG sobre justi\u00e7a gratuita\"}]},{\"@type\":\"WebSite\",\"@id\":\"https:\\\/\\\/www.fiemg.com.br\\\/regional-sede\\\/#website\",\"url\":\"https:\\\/\\\/www.fiemg.com.br\\\/regional-sede\\\/\",\"name\":\"FIEMG\",\"description\":\"Federa\u00e7\u00e3o das Ind\u00fastrias do Estado de Minas Gerais\",\"publisher\":{\"@id\":\"https:\\\/\\\/www.fiemg.com.br\\\/regional-sede\\\/#organization\"},\"potentialAction\":[{\"@type\":\"SearchAction\",\"target\":{\"@type\":\"EntryPoint\",\"urlTemplate\":\"https:\\\/\\\/www.fiemg.com.br\\\/regional-sede\\\/?s={search_term_string}\"},\"query-input\":{\"@type\":\"PropertyValueSpecification\",\"valueRequired\":true,\"valueName\":\"search_term_string\"}}],\"inLanguage\":\"pt-BR\"},{\"@type\":\"Organization\",\"@id\":\"https:\\\/\\\/www.fiemg.com.br\\\/regional-sede\\\/#organization\",\"name\":\"FIEMG\",\"url\":\"https:\\\/\\\/www.fiemg.com.br\\\/regional-sede\\\/\",\"logo\":{\"@type\":\"ImageObject\",\"inLanguage\":\"pt-BR\",\"@id\":\"https:\\\/\\\/www.fiemg.com.br\\\/regional-sede\\\/#\\\/schema\\\/logo\\\/image\\\/\",\"url\":\"https:\\\/\\\/www.fiemg.com.br\\\/regional-sede\\\/wp-content\\\/uploads\\\/sites\\\/21\\\/2023\\\/02\\\/Ativo-1.png\",\"contentUrl\":\"https:\\\/\\\/www.fiemg.com.br\\\/regional-sede\\\/wp-content\\\/uploads\\\/sites\\\/21\\\/2023\\\/02\\\/Ativo-1.png\",\"width\":563,\"height\":149,\"caption\":\"FIEMG\"},\"image\":{\"@id\":\"https:\\\/\\\/www.fiemg.com.br\\\/regional-sede\\\/#\\\/schema\\\/logo\\\/image\\\/\"}}]}<\/script>\n<!-- \/ Yoast SEO plugin. -->","yoast_head_json":{"title":"STF acolhe tese defendida pela FIEMG sobre justi\u00e7a gratuita - FIEMG","description":"Entidade participou da ADC 80 como amicus curiae e contribuiu para o debate sobre crit\u00e9rios objetivos na concess\u00e3o do benef\u00edcio","robots":{"index":"index","follow":"follow","max-snippet":"max-snippet:-1","max-image-preview":"max-image-preview:large","max-video-preview":"max-video-preview:-1"},"canonical":"https:\/\/www.fiemg.com.br\/regional-sede\/noticias\/stf-acolhe-tese-defendida-pela-fiemg-sobre-justica-gratuita\/","og_locale":"pt_BR","og_type":"article","og_title":"STF acolhe tese defendida pela FIEMG sobre justi\u00e7a gratuita - FIEMG","og_description":"Entidade participou da ADC 80 como amicus curiae e contribuiu para o debate sobre crit\u00e9rios objetivos na concess\u00e3o do benef\u00edcio","og_url":"https:\/\/www.fiemg.com.br\/regional-sede\/noticias\/stf-acolhe-tese-defendida-pela-fiemg-sobre-justica-gratuita\/","og_site_name":"FIEMG","article_modified_time":"2026-09-04T20:30:54+00:00","og_image":[{"width":263,"height":267,"url":"https:\/\/www.fiemg.com.br\/regional-sede\/wp-content\/uploads\/sites\/21\/2026\/09\/NOVO-LOGO-SITE_4558110.png","type":"image\/png"}],"twitter_card":"summary_large_image","twitter_misc":{"Est. tempo de leitura":"2 minutos"},"schema":{"@context":"https:\/\/schema.org","@graph":[{"@type":"WebPage","@id":"https:\/\/www.fiemg.com.br\/regional-sede\/noticias\/stf-acolhe-tese-defendida-pela-fiemg-sobre-justica-gratuita\/","url":"https:\/\/www.fiemg.com.br\/regional-sede\/noticias\/stf-acolhe-tese-defendida-pela-fiemg-sobre-justica-gratuita\/","name":"STF acolhe tese defendida pela FIEMG sobre justi\u00e7a gratuita - FIEMG","isPartOf":{"@id":"https:\/\/www.fiemg.com.br\/regional-sede\/#website"},"primaryImageOfPage":{"@id":"https:\/\/www.fiemg.com.br\/regional-sede\/noticias\/stf-acolhe-tese-defendida-pela-fiemg-sobre-justica-gratuita\/#primaryimage"},"image":{"@id":"https:\/\/www.fiemg.com.br\/regional-sede\/noticias\/stf-acolhe-tese-defendida-pela-fiemg-sobre-justica-gratuita\/#primaryimage"},"thumbnailUrl":"https:\/\/www.fiemg.com.br\/regional-sede\/wp-content\/uploads\/sites\/21\/2026\/09\/NOVO-LOGO-SITE_4558110.png","datePublished":"2026-09-04T20:30:51+00:00","dateModified":"2026-09-04T20:30:54+00:00","description":"Entidade participou da ADC 80 como amicus curiae e contribuiu para o debate sobre crit\u00e9rios objetivos na concess\u00e3o do benef\u00edcio","breadcrumb":{"@id":"https:\/\/www.fiemg.com.br\/regional-sede\/noticias\/stf-acolhe-tese-defendida-pela-fiemg-sobre-justica-gratuita\/#breadcrumb"},"inLanguage":"pt-BR","potentialAction":[{"@type":"ReadAction","target":["https:\/\/www.fiemg.com.br\/regional-sede\/noticias\/stf-acolhe-tese-defendida-pela-fiemg-sobre-justica-gratuita\/"]}]},{"@type":"ImageObject","inLanguage":"pt-BR","@id":"https:\/\/www.fiemg.com.br\/regional-sede\/noticias\/stf-acolhe-tese-defendida-pela-fiemg-sobre-justica-gratuita\/#primaryimage","url":"https:\/\/www.fiemg.com.br\/regional-sede\/wp-content\/uploads\/sites\/21\/2026\/09\/NOVO-LOGO-SITE_4558110.png","contentUrl":"https:\/\/www.fiemg.com.br\/regional-sede\/wp-content\/uploads\/sites\/21\/2026\/09\/NOVO-LOGO-SITE_4558110.png","width":263,"height":267},{"@type":"BreadcrumbList","@id":"https:\/\/www.fiemg.com.br\/regional-sede\/noticias\/stf-acolhe-tese-defendida-pela-fiemg-sobre-justica-gratuita\/#breadcrumb","itemListElement":[{"@type":"ListItem","position":1,"name":"In\u00edcio","item":"https:\/\/www.fiemg.com.br\/regional-sede\/"},{"@type":"ListItem","position":2,"name":"STF acolhe tese defendida pela FIEMG sobre justi\u00e7a gratuita"}]},{"@type":"WebSite","@id":"https:\/\/www.fiemg.com.br\/regional-sede\/#website","url":"https:\/\/www.fiemg.com.br\/regional-sede\/","name":"FIEMG","description":"Federa\u00e7\u00e3o das Ind\u00fastrias do Estado de Minas Gerais","publisher":{"@id":"https:\/\/www.fiemg.com.br\/regional-sede\/#organization"},"potentialAction":[{"@type":"SearchAction","target":{"@type":"EntryPoint","urlTemplate":"https:\/\/www.fiemg.com.br\/regional-sede\/?s={search_term_string}"},"query-input":{"@type":"PropertyValueSpecification","valueRequired":true,"valueName":"search_term_string"}}],"inLanguage":"pt-BR"},{"@type":"Organization","@id":"https:\/\/www.fiemg.com.br\/regional-sede\/#organization","name":"FIEMG","url":"https:\/\/www.fiemg.com.br\/regional-sede\/","logo":{"@type":"ImageObject","inLanguage":"pt-BR","@id":"https:\/\/www.fiemg.com.br\/regional-sede\/#\/schema\/logo\/image\/","url":"https:\/\/www.fiemg.com.br\/regional-sede\/wp-content\/uploads\/sites\/21\/2023\/02\/Ativo-1.png","contentUrl":"https:\/\/www.fiemg.com.br\/regional-sede\/wp-content\/uploads\/sites\/21\/2023\/02\/Ativo-1.png","width":563,"height":149,"caption":"FIEMG"},"image":{"@id":"https:\/\/www.fiemg.com.br\/regional-sede\/#\/schema\/logo\/image\/"}}]}},"_links":{"self":[{"href":"https:\/\/www.fiemg.com.br\/regional-sede\/wp-json\/wp\/v2\/noticias\/8543","targetHints":{"allow":["GET"]}}],"collection":[{"href":"https:\/\/www.fiemg.com.br\/regional-sede\/wp-json\/wp\/v2\/noticias"}],"about":[{"href":"https:\/\/www.fiemg.com.br\/regional-sede\/wp-json\/wp\/v2\/types\/noticias"}],"wp:featuredmedia":[{"embeddable":true,"href":"https:\/\/www.fiemg.com.br\/regional-sede\/wp-json\/wp\/v2\/media\/8544"}],"wp:attachment":[{"href":"https:\/\/www.fiemg.com.br\/regional-sede\/wp-json\/wp\/v2\/media?parent=8543"}],"wp:term":[{"taxonomy":"category","embeddable":true,"href":"https:\/\/www.fiemg.com.br\/regional-sede\/wp-json\/wp\/v2\/categories?post=8543"},{"taxonomy":"post_tag","embeddable":true,"href":"https:\/\/www.fiemg.com.br\/regional-sede\/wp-json\/wp\/v2\/tags?post=8543"}],"curies":[{"name":"wp","href":"https:\/\/api.w.org\/{rel}","templated":true}]}}