{"id":4903,"date":"2025-07-29T10:39:36","date_gmt":"2025-07-29T13:39:36","guid":{"rendered":"https:\/\/www.fiemg.com.br\/regional-sede\/capacitacao-on-line-orienta-empresas-sobre-acordos-internacionais-e-regras-de-origem-2\/"},"modified":"2025-07-29T10:39:38","modified_gmt":"2025-07-29T13:39:38","slug":"capacitacao-on-line-orienta-empresas-sobre-acordos-internacionais-e-regras-de-origem-2","status":"publish","type":"post","link":"https:\/\/www.fiemg.com.br\/regional-sede\/capacitacao-on-line-orienta-empresas-sobre-acordos-internacionais-e-regras-de-origem-2\/","title":{"rendered":"Capacita\u00e7\u00e3o on-line orienta empresas sobre acordos internacionais e regras de origem"},"content":{"rendered":"\n<p>Empres\u00e1rios, gestores e profissionais que atuam com com\u00e9rcio exterior ter\u00e3o a oportunidade de se aprofundar nos principais acordos comerciais em vigor e nas exig\u00eancias legais que regem as opera\u00e7\u00f5es internacionais. Nos dias 13 e 14 de agosto, o Centro Internacional de Neg\u00f3cios de Minas Gerais (CIN\/MG) promove a <strong>Capacita\u00e7\u00e3o sobre Acordos Internacionais e Regras de Origem<\/strong>, em formato totalmente on-line, das 14h \u00e0s 17h, com emiss\u00e3o de certificado para os participantes.<\/p>\n\n\n\n<p>A iniciativa integra as a\u00e7\u00f5es dos Centros Internacionais de Neg\u00f3cios (CINs) e tem como objetivo qualificar os profissionais sobre as normas de origem preferencial e n\u00e3o preferencial, al\u00e9m de apresentar estrat\u00e9gias que possibilitem o aproveitamento de benef\u00edcios tarif\u00e1rios e a amplia\u00e7\u00e3o de mercados. O conte\u00fado contempla ainda as exig\u00eancias legais aplic\u00e1veis \u00e0 comprova\u00e7\u00e3o da origem dos produtos exportados e importados, contribuindo para a conformidade das opera\u00e7\u00f5es e a competitividade internacional das empresas brasileiras.<\/p>\n\n\n\n<p>Entre os t\u00f3picos abordados est\u00e3o a regra de valor agregado, os crit\u00e9rios de conte\u00fado regional m\u00ednimo, os requisitos adicionais de comprova\u00e7\u00e3o da origem, al\u00e9m da autocertifica\u00e7\u00e3o por parte dos exportadores. A programa\u00e7\u00e3o inclui tamb\u00e9m uma an\u00e1lise dos principais acordos comerciais firmados pelo Brasil, com destaque para o acordo entre Mercosul e Uni\u00e3o Europeia.<\/p>\n\n\n\n<p><strong>Servi\u00e7o<\/strong>:<br><strong>Data<\/strong>: 13 e 14 de agosto<br><strong>Hor\u00e1rio<\/strong>: 14h \u00e0s 17h (hor\u00e1rio de Bras\u00edlia)<br><strong>Investimento<\/strong>: R$ 240,00<\/p>\n\n\n\n<p>Clique <a href=\"https:\/\/encurtador.com.br\/dIzp2\">aqui <\/a>e fa\u00e7a sua inscri\u00e7\u00e3o.<\/p>\n\n\n\n<p><strong>Imprensa FIEMG<\/strong><\/p>\n","protected":false},"excerpt":{"rendered":"<p>Empres\u00e1rios, gestores e profissionais que atuam com com\u00e9rcio exterior ter\u00e3o a oportunidade de se aprofundar nos principais acordos comerciais em vigor e nas exig\u00eancias legais que regem as opera\u00e7\u00f5es internacionais. Nos dias 13 e 14 de agosto, o Centro Internacional de Neg\u00f3cios de Minas Gerais (CIN\/MG) promove a Capacita\u00e7\u00e3o sobre Acordos Internacionais e Regras de [&hellip;]<\/p>\n","protected":false},"author":10624,"featured_media":4899,"comment_status":"closed","ping_status":"closed","sticky":false,"template":"","format":"standard","meta":{"footnotes":""},"categories":[15],"tags":[103,78],"class_list":["post-4903","post","type-post","status-publish","format-standard","has-post-thumbnail","hentry","category-desenvolvimento-industrial","tag-cin","tag-fiemg"],"acf":[],"yoast_head":"<!-- This site is optimized with the Yoast SEO plugin v26.2 - https:\/\/yoast.com\/wordpress\/plugins\/seo\/ -->\n<title>Capacita\u00e7\u00e3o on-line orienta empresas sobre acordos internacionais e regras de origem - FIEMG<\/title>\n<meta name=\"description\" content=\"Capacita\u00e7\u00e3o orienta profissionais sobre crit\u00e9rios legais e estrat\u00e9gias para aproveitamento de benef\u00edcios tarif\u00e1rios no com\u00e9rcio exterior.\" \/>\n<meta name=\"robots\" content=\"index, follow, max-snippet:-1, max-image-preview:large, max-video-preview:-1\" \/>\n<link rel=\"canonical\" href=\"https:\/\/www.fiemg.com.br\/regional-sede\/capacitacao-on-line-orienta-empresas-sobre-acordos-internacionais-e-regras-de-origem-2\/\" \/>\n<meta property=\"og:locale\" content=\"pt_BR\" \/>\n<meta property=\"og:type\" content=\"article\" \/>\n<meta property=\"og:title\" content=\"Capacita\u00e7\u00e3o on-line orienta empresas sobre acordos internacionais e regras de origem - FIEMG\" \/>\n<meta property=\"og:description\" content=\"Capacita\u00e7\u00e3o orienta profissionais sobre crit\u00e9rios legais e estrat\u00e9gias para aproveitamento de benef\u00edcios tarif\u00e1rios no com\u00e9rcio exterior.\" \/>\n<meta property=\"og:url\" content=\"https:\/\/www.fiemg.com.br\/regional-sede\/capacitacao-on-line-orienta-empresas-sobre-acordos-internacionais-e-regras-de-origem-2\/\" \/>\n<meta property=\"og:site_name\" content=\"FIEMG\" \/>\n<meta property=\"article:published_time\" content=\"2025-07-29T13:39:36+00:00\" \/>\n<meta property=\"article:modified_time\" content=\"2025-07-29T13:39:38+00:00\" \/>\n<meta property=\"og:image\" content=\"https:\/\/www.fiemg.com.br\/regional-sede\/wp-content\/uploads\/sites\/21\/2025\/07\/Capacitacao-sobre-Importacao-na-Pratica.png\" \/>\n\t<meta property=\"og:image:width\" content=\"512\" \/>\n\t<meta property=\"og:image:height\" content=\"512\" \/>\n\t<meta property=\"og:image:type\" content=\"image\/png\" \/>\n<meta name=\"author\" content=\"Fernanda Melo Dias Borges\" \/>\n<meta name=\"twitter:card\" content=\"summary_large_image\" \/>\n<meta name=\"twitter:label1\" content=\"Escrito por\" \/>\n\t<meta name=\"twitter:data1\" content=\"Fernanda Melo Dias Borges\" \/>\n\t<meta name=\"twitter:label2\" content=\"Est. tempo de leitura\" \/>\n\t<meta name=\"twitter:data2\" content=\"2 minutos\" \/>\n<script type=\"application\/ld+json\" class=\"yoast-schema-graph\">{\"@context\":\"https:\/\/schema.org\",\"@graph\":[{\"@type\":\"Article\",\"@id\":\"https:\/\/www.fiemg.com.br\/regional-sede\/capacitacao-on-line-orienta-empresas-sobre-acordos-internacionais-e-regras-de-origem-2\/#article\",\"isPartOf\":{\"@id\":\"https:\/\/www.fiemg.com.br\/regional-sede\/capacitacao-on-line-orienta-empresas-sobre-acordos-internacionais-e-regras-de-origem-2\/\"},\"author\":{\"name\":\"Fernanda Melo Dias Borges\",\"@id\":\"https:\/\/www.fiemg.com.br\/regional-sede\/#\/schema\/person\/903fc0e92f26587af46078c383139ba2\"},\"headline\":\"Capacita\u00e7\u00e3o on-line orienta empresas sobre acordos internacionais e regras de origem\",\"datePublished\":\"2025-07-29T13:39:36+00:00\",\"dateModified\":\"2025-07-29T13:39:38+00:00\",\"mainEntityOfPage\":{\"@id\":\"https:\/\/www.fiemg.com.br\/regional-sede\/capacitacao-on-line-orienta-empresas-sobre-acordos-internacionais-e-regras-de-origem-2\/\"},\"wordCount\":268,\"publisher\":{\"@id\":\"https:\/\/www.fiemg.com.br\/regional-sede\/#organization\"},\"image\":{\"@id\":\"https:\/\/www.fiemg.com.br\/regional-sede\/capacitacao-on-line-orienta-empresas-sobre-acordos-internacionais-e-regras-de-origem-2\/#primaryimage\"},\"thumbnailUrl\":\"https:\/\/www.fiemg.com.br\/regional-sede\/wp-content\/uploads\/sites\/21\/2025\/07\/Capacitacao-sobre-Importacao-na-Pratica.png\",\"keywords\":[\"CIN\",\"FIEMG\"],\"articleSection\":[\"Desenvolvimento Industrial\"],\"inLanguage\":\"pt-BR\"},{\"@type\":\"WebPage\",\"@id\":\"https:\/\/www.fiemg.com.br\/regional-sede\/capacitacao-on-line-orienta-empresas-sobre-acordos-internacionais-e-regras-de-origem-2\/\",\"url\":\"https:\/\/www.fiemg.com.br\/regional-sede\/capacitacao-on-line-orienta-empresas-sobre-acordos-internacionais-e-regras-de-origem-2\/\",\"name\":\"Capacita\u00e7\u00e3o on-line orienta empresas sobre acordos internacionais e regras de origem - FIEMG\",\"isPartOf\":{\"@id\":\"https:\/\/www.fiemg.com.br\/regional-sede\/#website\"},\"primaryImageOfPage\":{\"@id\":\"https:\/\/www.fiemg.com.br\/regional-sede\/capacitacao-on-line-orienta-empresas-sobre-acordos-internacionais-e-regras-de-origem-2\/#primaryimage\"},\"image\":{\"@id\":\"https:\/\/www.fiemg.com.br\/regional-sede\/capacitacao-on-line-orienta-empresas-sobre-acordos-internacionais-e-regras-de-origem-2\/#primaryimage\"},\"thumbnailUrl\":\"https:\/\/www.fiemg.com.br\/regional-sede\/wp-content\/uploads\/sites\/21\/2025\/07\/Capacitacao-sobre-Importacao-na-Pratica.png\",\"datePublished\":\"2025-07-29T13:39:36+00:00\",\"dateModified\":\"2025-07-29T13:39:38+00:00\",\"description\":\"Capacita\u00e7\u00e3o orienta profissionais sobre crit\u00e9rios legais e estrat\u00e9gias para aproveitamento de benef\u00edcios tarif\u00e1rios no com\u00e9rcio exterior.\",\"breadcrumb\":{\"@id\":\"https:\/\/www.fiemg.com.br\/regional-sede\/capacitacao-on-line-orienta-empresas-sobre-acordos-internacionais-e-regras-de-origem-2\/#breadcrumb\"},\"inLanguage\":\"pt-BR\",\"potentialAction\":[{\"@type\":\"ReadAction\",\"target\":[\"https:\/\/www.fiemg.com.br\/regional-sede\/capacitacao-on-line-orienta-empresas-sobre-acordos-internacionais-e-regras-de-origem-2\/\"]}]},{\"@type\":\"ImageObject\",\"inLanguage\":\"pt-BR\",\"@id\":\"https:\/\/www.fiemg.com.br\/regional-sede\/capacitacao-on-line-orienta-empresas-sobre-acordos-internacionais-e-regras-de-origem-2\/#primaryimage\",\"url\":\"https:\/\/www.fiemg.com.br\/regional-sede\/wp-content\/uploads\/sites\/21\/2025\/07\/Capacitacao-sobre-Importacao-na-Pratica.png\",\"contentUrl\":\"https:\/\/www.fiemg.com.br\/regional-sede\/wp-content\/uploads\/sites\/21\/2025\/07\/Capacitacao-sobre-Importacao-na-Pratica.png\",\"width\":512,\"height\":512},{\"@type\":\"BreadcrumbList\",\"@id\":\"https:\/\/www.fiemg.com.br\/regional-sede\/capacitacao-on-line-orienta-empresas-sobre-acordos-internacionais-e-regras-de-origem-2\/#breadcrumb\",\"itemListElement\":[{\"@type\":\"ListItem\",\"position\":1,\"name\":\"In\u00edcio\",\"item\":\"https:\/\/www.fiemg.com.br\/regional-sede\/\"},{\"@type\":\"ListItem\",\"position\":2,\"name\":\"Capacita\u00e7\u00e3o on-line orienta empresas sobre acordos internacionais e regras de origem\"}]},{\"@type\":\"WebSite\",\"@id\":\"https:\/\/www.fiemg.com.br\/regional-sede\/#website\",\"url\":\"https:\/\/www.fiemg.com.br\/regional-sede\/\",\"name\":\"FIEMG\",\"description\":\"Federa\u00e7\u00e3o das Ind\u00fastrias do Estado de Minas Gerais\",\"publisher\":{\"@id\":\"https:\/\/www.fiemg.com.br\/regional-sede\/#organization\"},\"potentialAction\":[{\"@type\":\"SearchAction\",\"target\":{\"@type\":\"EntryPoint\",\"urlTemplate\":\"https:\/\/www.fiemg.com.br\/regional-sede\/?s={search_term_string}\"},\"query-input\":{\"@type\":\"PropertyValueSpecification\",\"valueRequired\":true,\"valueName\":\"search_term_string\"}}],\"inLanguage\":\"pt-BR\"},{\"@type\":\"Organization\",\"@id\":\"https:\/\/www.fiemg.com.br\/regional-sede\/#organization\",\"name\":\"FIEMG\",\"url\":\"https:\/\/www.fiemg.com.br\/regional-sede\/\",\"logo\":{\"@type\":\"ImageObject\",\"inLanguage\":\"pt-BR\",\"@id\":\"https:\/\/www.fiemg.com.br\/regional-sede\/#\/schema\/logo\/image\/\",\"url\":\"https:\/\/www.fiemg.com.br\/regional-sede\/wp-content\/uploads\/sites\/21\/2023\/02\/Ativo-1.png\",\"contentUrl\":\"https:\/\/www.fiemg.com.br\/regional-sede\/wp-content\/uploads\/sites\/21\/2023\/02\/Ativo-1.png\",\"width\":563,\"height\":149,\"caption\":\"FIEMG\"},\"image\":{\"@id\":\"https:\/\/www.fiemg.com.br\/regional-sede\/#\/schema\/logo\/image\/\"}},{\"@type\":\"Person\",\"@id\":\"https:\/\/www.fiemg.com.br\/regional-sede\/#\/schema\/person\/903fc0e92f26587af46078c383139ba2\",\"name\":\"Fernanda Melo Dias Borges\",\"image\":{\"@type\":\"ImageObject\",\"inLanguage\":\"pt-BR\",\"@id\":\"https:\/\/www.fiemg.com.br\/regional-sede\/#\/schema\/person\/image\/\",\"url\":\"https:\/\/secure.gravatar.com\/avatar\/9dae06c6fcc43f0d74c1d30272f98cf631acf0d7aa5fc56576dedcdfd22a3b48?s=96&d=mm&r=g\",\"contentUrl\":\"https:\/\/secure.gravatar.com\/avatar\/9dae06c6fcc43f0d74c1d30272f98cf631acf0d7aa5fc56576dedcdfd22a3b48?s=96&d=mm&r=g\",\"caption\":\"Fernanda Melo Dias Borges\"},\"url\":\"https:\/\/www.fiemg.com.br\/regional-sede\/author\/fernandaborges\/\"}]}<\/script>\n<!-- \/ Yoast SEO plugin. -->","yoast_head_json":{"title":"Capacita\u00e7\u00e3o on-line orienta empresas sobre acordos internacionais e regras de origem - FIEMG","description":"Capacita\u00e7\u00e3o orienta profissionais sobre crit\u00e9rios legais e estrat\u00e9gias para aproveitamento de benef\u00edcios tarif\u00e1rios no com\u00e9rcio exterior.","robots":{"index":"index","follow":"follow","max-snippet":"max-snippet:-1","max-image-preview":"max-image-preview:large","max-video-preview":"max-video-preview:-1"},"canonical":"https:\/\/www.fiemg.com.br\/regional-sede\/capacitacao-on-line-orienta-empresas-sobre-acordos-internacionais-e-regras-de-origem-2\/","og_locale":"pt_BR","og_type":"article","og_title":"Capacita\u00e7\u00e3o on-line orienta empresas sobre acordos internacionais e regras de origem - FIEMG","og_description":"Capacita\u00e7\u00e3o orienta profissionais sobre crit\u00e9rios legais e estrat\u00e9gias para aproveitamento de benef\u00edcios tarif\u00e1rios no com\u00e9rcio exterior.","og_url":"https:\/\/www.fiemg.com.br\/regional-sede\/capacitacao-on-line-orienta-empresas-sobre-acordos-internacionais-e-regras-de-origem-2\/","og_site_name":"FIEMG","article_published_time":"2025-07-29T13:39:36+00:00","article_modified_time":"2025-07-29T13:39:38+00:00","og_image":[{"width":512,"height":512,"url":"https:\/\/www.fiemg.com.br\/regional-sede\/wp-content\/uploads\/sites\/21\/2025\/07\/Capacitacao-sobre-Importacao-na-Pratica.png","type":"image\/png"}],"author":"Fernanda Melo Dias Borges","twitter_card":"summary_large_image","twitter_misc":{"Escrito por":"Fernanda Melo Dias Borges","Est. tempo de leitura":"2 minutos"},"schema":{"@context":"https:\/\/schema.org","@graph":[{"@type":"Article","@id":"https:\/\/www.fiemg.com.br\/regional-sede\/capacitacao-on-line-orienta-empresas-sobre-acordos-internacionais-e-regras-de-origem-2\/#article","isPartOf":{"@id":"https:\/\/www.fiemg.com.br\/regional-sede\/capacitacao-on-line-orienta-empresas-sobre-acordos-internacionais-e-regras-de-origem-2\/"},"author":{"name":"Fernanda Melo Dias Borges","@id":"https:\/\/www.fiemg.com.br\/regional-sede\/#\/schema\/person\/903fc0e92f26587af46078c383139ba2"},"headline":"Capacita\u00e7\u00e3o on-line orienta empresas sobre acordos internacionais e regras de origem","datePublished":"2025-07-29T13:39:36+00:00","dateModified":"2025-07-29T13:39:38+00:00","mainEntityOfPage":{"@id":"https:\/\/www.fiemg.com.br\/regional-sede\/capacitacao-on-line-orienta-empresas-sobre-acordos-internacionais-e-regras-de-origem-2\/"},"wordCount":268,"publisher":{"@id":"https:\/\/www.fiemg.com.br\/regional-sede\/#organization"},"image":{"@id":"https:\/\/www.fiemg.com.br\/regional-sede\/capacitacao-on-line-orienta-empresas-sobre-acordos-internacionais-e-regras-de-origem-2\/#primaryimage"},"thumbnailUrl":"https:\/\/www.fiemg.com.br\/regional-sede\/wp-content\/uploads\/sites\/21\/2025\/07\/Capacitacao-sobre-Importacao-na-Pratica.png","keywords":["CIN","FIEMG"],"articleSection":["Desenvolvimento Industrial"],"inLanguage":"pt-BR"},{"@type":"WebPage","@id":"https:\/\/www.fiemg.com.br\/regional-sede\/capacitacao-on-line-orienta-empresas-sobre-acordos-internacionais-e-regras-de-origem-2\/","url":"https:\/\/www.fiemg.com.br\/regional-sede\/capacitacao-on-line-orienta-empresas-sobre-acordos-internacionais-e-regras-de-origem-2\/","name":"Capacita\u00e7\u00e3o on-line orienta empresas sobre acordos internacionais e regras de origem - FIEMG","isPartOf":{"@id":"https:\/\/www.fiemg.com.br\/regional-sede\/#website"},"primaryImageOfPage":{"@id":"https:\/\/www.fiemg.com.br\/regional-sede\/capacitacao-on-line-orienta-empresas-sobre-acordos-internacionais-e-regras-de-origem-2\/#primaryimage"},"image":{"@id":"https:\/\/www.fiemg.com.br\/regional-sede\/capacitacao-on-line-orienta-empresas-sobre-acordos-internacionais-e-regras-de-origem-2\/#primaryimage"},"thumbnailUrl":"https:\/\/www.fiemg.com.br\/regional-sede\/wp-content\/uploads\/sites\/21\/2025\/07\/Capacitacao-sobre-Importacao-na-Pratica.png","datePublished":"2025-07-29T13:39:36+00:00","dateModified":"2025-07-29T13:39:38+00:00","description":"Capacita\u00e7\u00e3o orienta profissionais sobre crit\u00e9rios legais e estrat\u00e9gias para aproveitamento de benef\u00edcios tarif\u00e1rios no com\u00e9rcio exterior.","breadcrumb":{"@id":"https:\/\/www.fiemg.com.br\/regional-sede\/capacitacao-on-line-orienta-empresas-sobre-acordos-internacionais-e-regras-de-origem-2\/#breadcrumb"},"inLanguage":"pt-BR","potentialAction":[{"@type":"ReadAction","target":["https:\/\/www.fiemg.com.br\/regional-sede\/capacitacao-on-line-orienta-empresas-sobre-acordos-internacionais-e-regras-de-origem-2\/"]}]},{"@type":"ImageObject","inLanguage":"pt-BR","@id":"https:\/\/www.fiemg.com.br\/regional-sede\/capacitacao-on-line-orienta-empresas-sobre-acordos-internacionais-e-regras-de-origem-2\/#primaryimage","url":"https:\/\/www.fiemg.com.br\/regional-sede\/wp-content\/uploads\/sites\/21\/2025\/07\/Capacitacao-sobre-Importacao-na-Pratica.png","contentUrl":"https:\/\/www.fiemg.com.br\/regional-sede\/wp-content\/uploads\/sites\/21\/2025\/07\/Capacitacao-sobre-Importacao-na-Pratica.png","width":512,"height":512},{"@type":"BreadcrumbList","@id":"https:\/\/www.fiemg.com.br\/regional-sede\/capacitacao-on-line-orienta-empresas-sobre-acordos-internacionais-e-regras-de-origem-2\/#breadcrumb","itemListElement":[{"@type":"ListItem","position":1,"name":"In\u00edcio","item":"https:\/\/www.fiemg.com.br\/regional-sede\/"},{"@type":"ListItem","position":2,"name":"Capacita\u00e7\u00e3o on-line orienta empresas sobre acordos internacionais e regras de origem"}]},{"@type":"WebSite","@id":"https:\/\/www.fiemg.com.br\/regional-sede\/#website","url":"https:\/\/www.fiemg.com.br\/regional-sede\/","name":"FIEMG","description":"Federa\u00e7\u00e3o das Ind\u00fastrias do Estado de Minas Gerais","publisher":{"@id":"https:\/\/www.fiemg.com.br\/regional-sede\/#organization"},"potentialAction":[{"@type":"SearchAction","target":{"@type":"EntryPoint","urlTemplate":"https:\/\/www.fiemg.com.br\/regional-sede\/?s={search_term_string}"},"query-input":{"@type":"PropertyValueSpecification","valueRequired":true,"valueName":"search_term_string"}}],"inLanguage":"pt-BR"},{"@type":"Organization","@id":"https:\/\/www.fiemg.com.br\/regional-sede\/#organization","name":"FIEMG","url":"https:\/\/www.fiemg.com.br\/regional-sede\/","logo":{"@type":"ImageObject","inLanguage":"pt-BR","@id":"https:\/\/www.fiemg.com.br\/regional-sede\/#\/schema\/logo\/image\/","url":"https:\/\/www.fiemg.com.br\/regional-sede\/wp-content\/uploads\/sites\/21\/2023\/02\/Ativo-1.png","contentUrl":"https:\/\/www.fiemg.com.br\/regional-sede\/wp-content\/uploads\/sites\/21\/2023\/02\/Ativo-1.png","width":563,"height":149,"caption":"FIEMG"},"image":{"@id":"https:\/\/www.fiemg.com.br\/regional-sede\/#\/schema\/logo\/image\/"}},{"@type":"Person","@id":"https:\/\/www.fiemg.com.br\/regional-sede\/#\/schema\/person\/903fc0e92f26587af46078c383139ba2","name":"Fernanda Melo Dias Borges","image":{"@type":"ImageObject","inLanguage":"pt-BR","@id":"https:\/\/www.fiemg.com.br\/regional-sede\/#\/schema\/person\/image\/","url":"https:\/\/secure.gravatar.com\/avatar\/9dae06c6fcc43f0d74c1d30272f98cf631acf0d7aa5fc56576dedcdfd22a3b48?s=96&d=mm&r=g","contentUrl":"https:\/\/secure.gravatar.com\/avatar\/9dae06c6fcc43f0d74c1d30272f98cf631acf0d7aa5fc56576dedcdfd22a3b48?s=96&d=mm&r=g","caption":"Fernanda Melo Dias Borges"},"url":"https:\/\/www.fiemg.com.br\/regional-sede\/author\/fernandaborges\/"}]}},"_links":{"self":[{"href":"https:\/\/www.fiemg.com.br\/regional-sede\/wp-json\/wp\/v2\/posts\/4903","targetHints":{"allow":["GET"]}}],"collection":[{"href":"https:\/\/www.fiemg.com.br\/regional-sede\/wp-json\/wp\/v2\/posts"}],"about":[{"href":"https:\/\/www.fiemg.com.br\/regional-sede\/wp-json\/wp\/v2\/types\/post"}],"author":[{"embeddable":true,"href":"https:\/\/www.fiemg.com.br\/regional-sede\/wp-json\/wp\/v2\/users\/10624"}],"replies":[{"embeddable":true,"href":"https:\/\/www.fiemg.com.br\/regional-sede\/wp-json\/wp\/v2\/comments?post=4903"}],"version-history":[{"count":0,"href":"https:\/\/www.fiemg.com.br\/regional-sede\/wp-json\/wp\/v2\/posts\/4903\/revisions"}],"wp:featuredmedia":[{"embeddable":true,"href":"https:\/\/www.fiemg.com.br\/regional-sede\/wp-json\/wp\/v2\/media\/4899"}],"wp:attachment":[{"href":"https:\/\/www.fiemg.com.br\/regional-sede\/wp-json\/wp\/v2\/media?parent=4903"}],"wp:term":[{"taxonomy":"category","embeddable":true,"href":"https:\/\/www.fiemg.com.br\/regional-sede\/wp-json\/wp\/v2\/categories?post=4903"},{"taxonomy":"post_tag","embeddable":true,"href":"https:\/\/www.fiemg.com.br\/regional-sede\/wp-json\/wp\/v2\/tags?post=4903"}],"curies":[{"name":"wp","href":"https:\/\/api.w.org\/{rel}","templated":true}]}}