{"id":4929,"date":"2025-08-04T09:51:21","date_gmt":"2025-08-04T12:51:21","guid":{"rendered":"https:\/\/www.fiemg.com.br\/regional-sede\/fiemg-e-sindicomercio-jf-fortalecem-dialogo-em-encontro-institucional\/"},"modified":"2025-08-04T09:51:24","modified_gmt":"2025-08-04T12:51:24","slug":"fiemg-e-sindicomercio-jf-fortalecem-dialogo-em-encontro-institucional","status":"publish","type":"post","link":"https:\/\/www.fiemg.com.br\/regional-sede\/fiemg-e-sindicomercio-jf-fortalecem-dialogo-em-encontro-institucional\/","title":{"rendered":"FIEMG e Sindicom\u00e9rcio JF fortalecem di\u00e1logo em encontro institucional"},"content":{"rendered":"\n<p>A presidente da FIEMG Regional Zona da Mata e do Sindicato das Ind\u00fastrias do Vestu\u00e1rio de Juiz de Fora e Governador Valadares (Sindivest JF-GV), Mari\u00e2ngela Miranda Marcon, recebeu no dia 22 de julho, na sede da Regional, o diretor do Sindicom\u00e9rcio Juiz de Fora, Marcelo Sep\u00falveda, em um encontro marcado pelo di\u00e1logo aberto e pela inten\u00e7\u00e3o m\u00fatua de ampliar a coopera\u00e7\u00e3o entre as entidades.<\/p>\n\n\n\n<p>Durante a reuni\u00e3o, que teve car\u00e1ter institucional e informal, Mari\u00e2ngela Marcon destacou a import\u00e2ncia da aproxima\u00e7\u00e3o entre a ind\u00fastria e o com\u00e9rcio local. \u201cO respeito e o di\u00e1logo entre as institui\u00e7\u00f5es s\u00e3o fundamentais para pensarmos juntos solu\u00e7\u00f5es para o desenvolvimento da nossa cidade e regi\u00e3o\u201d, afirmou a presidente, que tamb\u00e9m pontuou iniciativas j\u00e1 em curso lideradas pela FIEMG Regional ZM, como as tratativas com o DER-MG e a SEINFRA para melhoria da estrada de acesso ao Aeroporto Regional da Zona da Mata e da infraestrutura do Distrito Industrial, de Juiz de Fora, al\u00e9m do acompanhamento do debate sobre o Projeto de Lei da Tarifa Zero, proposto pela Prefeitura.<\/p>\n\n\n\n<p>Sobre esse tema, Marcelo Sep\u00falveda tamb\u00e9m se manifestou, refor\u00e7ando a necessidade de um debate amplo e t\u00e9cnico. \u201c\u00c9 essencial que as entidades representativas participem ativamente das discuss\u00f5es. N\u00e3o podemos permitir que o \u00f4nus do financiamento recaia unicamente sobre quem movimenta a economia da cidade. A ind\u00fastria e o com\u00e9rcio precisam ser ouvidos\u201d, disse o diretor do Sindicom\u00e9rcio.<\/p>\n\n\n\n<p>Mari\u00e2ngela lembrou que a FIEMG solicitou acesso ao estudo t\u00e9cnico da proposta e designou o presidente do Sindicato da Ind\u00fastria da Constru\u00e7\u00e3o Civil de Juiz de Fora (Sinduscon-JF), Carlos Eduardo Manera, como representante oficial nas reuni\u00f5es com o Legislativo. A presidente refor\u00e7ou que as Ger\u00eancias Jur\u00eddica e de Economia da FIEMG est\u00e3o analisando o projeto, com base na capacidade contributiva, impacto econ\u00f4mico e constitucionalidade da proposta.<\/p>\n\n\n\n<p>Durante o encontro, Marcelo Sep\u00falveda apresentou \u00e0 presidente o Festival JF Wine, evento que promove anualmente e que, em 2025, acontece de dias 31 de julho a 2 de agosto. O festival re\u00fane atra\u00e7\u00f5es culturais, degusta\u00e7\u00f5es e experi\u00eancias voltadas ao vinho, promovendo o desenvolvimento do enoturismo e gerando impacto positivo n\u00e3o apenas no com\u00e9rcio, mas tamb\u00e9m na ind\u00fastria, na log\u00edstica e no turismo da regi\u00e3o.<\/p>\n\n\n\n<p>Mari\u00e2ngela parabenizou a iniciativa e se comprometeu a apoiar institucionalmente o evento, com a divulga\u00e7\u00e3o junto \u00e0 rede FIEMG e aos presidentes de sindicatos. \u201cPara o pr\u00f3ximo ano, vamos estudar a viabilidade de uma participa\u00e7\u00e3o ainda mais estruturada da FIEMG, refor\u00e7ando nosso compromisso com as a\u00e7\u00f5es que movimentam a economia e valorizam a regi\u00e3o\u201d, destacou. Desta forma, Mari\u00e2ngela Marcon segue sua gest\u00e3o pautada na aproxima\u00e7\u00e3o, sinergia e atua\u00e7\u00e3o conjunta com as entidades locais pelo desenvolvimento da Zona da Mata mineira.<\/p>\n\n\n\n<p><em>Graciele Vianna<br><\/em><strong>Imprensa FIEMG<\/strong><\/p>\n","protected":false},"excerpt":{"rendered":"<p>A presidente da FIEMG Regional Zona da Mata e do Sindicato das Ind\u00fastrias do Vestu\u00e1rio de Juiz de Fora e Governador Valadares (Sindivest JF-GV), Mari\u00e2ngela Miranda Marcon, recebeu no dia 22 de julho, na sede da Regional, o diretor do Sindicom\u00e9rcio Juiz de Fora, Marcelo Sep\u00falveda, em um encontro marcado pelo di\u00e1logo aberto e pela [&hellip;]<\/p>\n","protected":false},"author":10624,"featured_media":4930,"comment_status":"closed","ping_status":"closed","sticky":false,"template":"","format":"standard","meta":{"footnotes":""},"categories":[15],"tags":[78,960],"class_list":["post-4929","post","type-post","status-publish","format-standard","has-post-thumbnail","hentry","category-desenvolvimento-industrial","tag-fiemg","tag-regional-zona-da-mata"],"acf":[],"yoast_head":"<!-- This site is optimized with the Yoast SEO plugin v26.2 - https:\/\/yoast.com\/wordpress\/plugins\/seo\/ -->\n<title>FIEMG e Sindicom\u00e9rcio JF fortalecem di\u00e1logo em encontro institucional - FIEMG<\/title>\n<meta name=\"description\" content=\"Reuni\u00e3o entre a presidente Mari\u00e2ngela Marcon e o diretor Marcelo Sep\u00falveda refor\u00e7ou parcerias e abriu portas para a\u00e7\u00f5es conjuntas em prol do desenvolvimento regional\" \/>\n<meta name=\"robots\" content=\"index, follow, max-snippet:-1, max-image-preview:large, max-video-preview:-1\" \/>\n<link rel=\"canonical\" href=\"https:\/\/www.fiemg.com.br\/regional-sede\/fiemg-e-sindicomercio-jf-fortalecem-dialogo-em-encontro-institucional\/\" \/>\n<meta property=\"og:locale\" content=\"pt_BR\" \/>\n<meta property=\"og:type\" content=\"article\" \/>\n<meta property=\"og:title\" content=\"FIEMG e Sindicom\u00e9rcio JF fortalecem di\u00e1logo em encontro institucional - FIEMG\" \/>\n<meta property=\"og:description\" content=\"Reuni\u00e3o entre a presidente Mari\u00e2ngela Marcon e o diretor Marcelo Sep\u00falveda refor\u00e7ou parcerias e abriu portas para a\u00e7\u00f5es conjuntas em prol do desenvolvimento regional\" \/>\n<meta property=\"og:url\" content=\"https:\/\/www.fiemg.com.br\/regional-sede\/fiemg-e-sindicomercio-jf-fortalecem-dialogo-em-encontro-institucional\/\" \/>\n<meta property=\"og:site_name\" content=\"FIEMG\" \/>\n<meta property=\"article:published_time\" content=\"2025-08-04T12:51:21+00:00\" \/>\n<meta property=\"article:modified_time\" content=\"2025-08-04T12:51:24+00:00\" \/>\n<meta property=\"og:image\" content=\"https:\/\/www.fiemg.com.br\/regional-sede\/wp-content\/uploads\/sites\/21\/2025\/08\/REGIONAL-ZONA-DA-MATA-3.png\" \/>\n\t<meta property=\"og:image:width\" content=\"512\" \/>\n\t<meta property=\"og:image:height\" content=\"512\" \/>\n\t<meta property=\"og:image:type\" content=\"image\/png\" \/>\n<meta name=\"author\" content=\"Fernanda Melo Dias Borges\" \/>\n<meta name=\"twitter:card\" content=\"summary_large_image\" \/>\n<meta name=\"twitter:label1\" content=\"Escrito por\" \/>\n\t<meta name=\"twitter:data1\" content=\"Fernanda Melo Dias Borges\" \/>\n\t<meta name=\"twitter:label2\" content=\"Est. tempo de leitura\" \/>\n\t<meta name=\"twitter:data2\" content=\"3 minutos\" \/>\n<script type=\"application\/ld+json\" class=\"yoast-schema-graph\">{\"@context\":\"https:\/\/schema.org\",\"@graph\":[{\"@type\":\"Article\",\"@id\":\"https:\/\/www.fiemg.com.br\/regional-sede\/fiemg-e-sindicomercio-jf-fortalecem-dialogo-em-encontro-institucional\/#article\",\"isPartOf\":{\"@id\":\"https:\/\/www.fiemg.com.br\/regional-sede\/fiemg-e-sindicomercio-jf-fortalecem-dialogo-em-encontro-institucional\/\"},\"author\":{\"name\":\"Fernanda Melo Dias Borges\",\"@id\":\"https:\/\/www.fiemg.com.br\/regional-sede\/#\/schema\/person\/903fc0e92f26587af46078c383139ba2\"},\"headline\":\"FIEMG e Sindicom\u00e9rcio JF fortalecem di\u00e1logo em encontro institucional\",\"datePublished\":\"2025-08-04T12:51:21+00:00\",\"dateModified\":\"2025-08-04T12:51:24+00:00\",\"mainEntityOfPage\":{\"@id\":\"https:\/\/www.fiemg.com.br\/regional-sede\/fiemg-e-sindicomercio-jf-fortalecem-dialogo-em-encontro-institucional\/\"},\"wordCount\":512,\"publisher\":{\"@id\":\"https:\/\/www.fiemg.com.br\/regional-sede\/#organization\"},\"image\":{\"@id\":\"https:\/\/www.fiemg.com.br\/regional-sede\/fiemg-e-sindicomercio-jf-fortalecem-dialogo-em-encontro-institucional\/#primaryimage\"},\"thumbnailUrl\":\"https:\/\/www.fiemg.com.br\/regional-sede\/wp-content\/uploads\/sites\/21\/2025\/08\/REGIONAL-ZONA-DA-MATA-3.png\",\"keywords\":[\"FIEMG\",\"REGIONAL ZONA DA MATA\"],\"articleSection\":[\"Desenvolvimento Industrial\"],\"inLanguage\":\"pt-BR\"},{\"@type\":\"WebPage\",\"@id\":\"https:\/\/www.fiemg.com.br\/regional-sede\/fiemg-e-sindicomercio-jf-fortalecem-dialogo-em-encontro-institucional\/\",\"url\":\"https:\/\/www.fiemg.com.br\/regional-sede\/fiemg-e-sindicomercio-jf-fortalecem-dialogo-em-encontro-institucional\/\",\"name\":\"FIEMG e Sindicom\u00e9rcio JF fortalecem di\u00e1logo em encontro institucional - FIEMG\",\"isPartOf\":{\"@id\":\"https:\/\/www.fiemg.com.br\/regional-sede\/#website\"},\"primaryImageOfPage\":{\"@id\":\"https:\/\/www.fiemg.com.br\/regional-sede\/fiemg-e-sindicomercio-jf-fortalecem-dialogo-em-encontro-institucional\/#primaryimage\"},\"image\":{\"@id\":\"https:\/\/www.fiemg.com.br\/regional-sede\/fiemg-e-sindicomercio-jf-fortalecem-dialogo-em-encontro-institucional\/#primaryimage\"},\"thumbnailUrl\":\"https:\/\/www.fiemg.com.br\/regional-sede\/wp-content\/uploads\/sites\/21\/2025\/08\/REGIONAL-ZONA-DA-MATA-3.png\",\"datePublished\":\"2025-08-04T12:51:21+00:00\",\"dateModified\":\"2025-08-04T12:51:24+00:00\",\"description\":\"Reuni\u00e3o entre a presidente Mari\u00e2ngela Marcon e o diretor Marcelo Sep\u00falveda refor\u00e7ou parcerias e abriu portas para a\u00e7\u00f5es conjuntas em prol do desenvolvimento regional\",\"breadcrumb\":{\"@id\":\"https:\/\/www.fiemg.com.br\/regional-sede\/fiemg-e-sindicomercio-jf-fortalecem-dialogo-em-encontro-institucional\/#breadcrumb\"},\"inLanguage\":\"pt-BR\",\"potentialAction\":[{\"@type\":\"ReadAction\",\"target\":[\"https:\/\/www.fiemg.com.br\/regional-sede\/fiemg-e-sindicomercio-jf-fortalecem-dialogo-em-encontro-institucional\/\"]}]},{\"@type\":\"ImageObject\",\"inLanguage\":\"pt-BR\",\"@id\":\"https:\/\/www.fiemg.com.br\/regional-sede\/fiemg-e-sindicomercio-jf-fortalecem-dialogo-em-encontro-institucional\/#primaryimage\",\"url\":\"https:\/\/www.fiemg.com.br\/regional-sede\/wp-content\/uploads\/sites\/21\/2025\/08\/REGIONAL-ZONA-DA-MATA-3.png\",\"contentUrl\":\"https:\/\/www.fiemg.com.br\/regional-sede\/wp-content\/uploads\/sites\/21\/2025\/08\/REGIONAL-ZONA-DA-MATA-3.png\",\"width\":512,\"height\":512},{\"@type\":\"BreadcrumbList\",\"@id\":\"https:\/\/www.fiemg.com.br\/regional-sede\/fiemg-e-sindicomercio-jf-fortalecem-dialogo-em-encontro-institucional\/#breadcrumb\",\"itemListElement\":[{\"@type\":\"ListItem\",\"position\":1,\"name\":\"In\u00edcio\",\"item\":\"https:\/\/www.fiemg.com.br\/regional-sede\/\"},{\"@type\":\"ListItem\",\"position\":2,\"name\":\"FIEMG e Sindicom\u00e9rcio JF fortalecem di\u00e1logo em encontro institucional\"}]},{\"@type\":\"WebSite\",\"@id\":\"https:\/\/www.fiemg.com.br\/regional-sede\/#website\",\"url\":\"https:\/\/www.fiemg.com.br\/regional-sede\/\",\"name\":\"FIEMG\",\"description\":\"Federa\u00e7\u00e3o das Ind\u00fastrias do Estado de Minas Gerais\",\"publisher\":{\"@id\":\"https:\/\/www.fiemg.com.br\/regional-sede\/#organization\"},\"potentialAction\":[{\"@type\":\"SearchAction\",\"target\":{\"@type\":\"EntryPoint\",\"urlTemplate\":\"https:\/\/www.fiemg.com.br\/regional-sede\/?s={search_term_string}\"},\"query-input\":{\"@type\":\"PropertyValueSpecification\",\"valueRequired\":true,\"valueName\":\"search_term_string\"}}],\"inLanguage\":\"pt-BR\"},{\"@type\":\"Organization\",\"@id\":\"https:\/\/www.fiemg.com.br\/regional-sede\/#organization\",\"name\":\"FIEMG\",\"url\":\"https:\/\/www.fiemg.com.br\/regional-sede\/\",\"logo\":{\"@type\":\"ImageObject\",\"inLanguage\":\"pt-BR\",\"@id\":\"https:\/\/www.fiemg.com.br\/regional-sede\/#\/schema\/logo\/image\/\",\"url\":\"https:\/\/www.fiemg.com.br\/regional-sede\/wp-content\/uploads\/sites\/21\/2023\/02\/Ativo-1.png\",\"contentUrl\":\"https:\/\/www.fiemg.com.br\/regional-sede\/wp-content\/uploads\/sites\/21\/2023\/02\/Ativo-1.png\",\"width\":563,\"height\":149,\"caption\":\"FIEMG\"},\"image\":{\"@id\":\"https:\/\/www.fiemg.com.br\/regional-sede\/#\/schema\/logo\/image\/\"}},{\"@type\":\"Person\",\"@id\":\"https:\/\/www.fiemg.com.br\/regional-sede\/#\/schema\/person\/903fc0e92f26587af46078c383139ba2\",\"name\":\"Fernanda Melo Dias Borges\",\"image\":{\"@type\":\"ImageObject\",\"inLanguage\":\"pt-BR\",\"@id\":\"https:\/\/www.fiemg.com.br\/regional-sede\/#\/schema\/person\/image\/\",\"url\":\"https:\/\/secure.gravatar.com\/avatar\/9dae06c6fcc43f0d74c1d30272f98cf631acf0d7aa5fc56576dedcdfd22a3b48?s=96&d=mm&r=g\",\"contentUrl\":\"https:\/\/secure.gravatar.com\/avatar\/9dae06c6fcc43f0d74c1d30272f98cf631acf0d7aa5fc56576dedcdfd22a3b48?s=96&d=mm&r=g\",\"caption\":\"Fernanda Melo Dias Borges\"},\"url\":\"https:\/\/www.fiemg.com.br\/regional-sede\/author\/fernandaborges\/\"}]}<\/script>\n<!-- \/ Yoast SEO plugin. -->","yoast_head_json":{"title":"FIEMG e Sindicom\u00e9rcio JF fortalecem di\u00e1logo em encontro institucional - FIEMG","description":"Reuni\u00e3o entre a presidente Mari\u00e2ngela Marcon e o diretor Marcelo Sep\u00falveda refor\u00e7ou parcerias e abriu portas para a\u00e7\u00f5es conjuntas em prol do desenvolvimento regional","robots":{"index":"index","follow":"follow","max-snippet":"max-snippet:-1","max-image-preview":"max-image-preview:large","max-video-preview":"max-video-preview:-1"},"canonical":"https:\/\/www.fiemg.com.br\/regional-sede\/fiemg-e-sindicomercio-jf-fortalecem-dialogo-em-encontro-institucional\/","og_locale":"pt_BR","og_type":"article","og_title":"FIEMG e Sindicom\u00e9rcio JF fortalecem di\u00e1logo em encontro institucional - FIEMG","og_description":"Reuni\u00e3o entre a presidente Mari\u00e2ngela Marcon e o diretor Marcelo Sep\u00falveda refor\u00e7ou parcerias e abriu portas para a\u00e7\u00f5es conjuntas em prol do desenvolvimento regional","og_url":"https:\/\/www.fiemg.com.br\/regional-sede\/fiemg-e-sindicomercio-jf-fortalecem-dialogo-em-encontro-institucional\/","og_site_name":"FIEMG","article_published_time":"2025-08-04T12:51:21+00:00","article_modified_time":"2025-08-04T12:51:24+00:00","og_image":[{"width":512,"height":512,"url":"https:\/\/www.fiemg.com.br\/regional-sede\/wp-content\/uploads\/sites\/21\/2025\/08\/REGIONAL-ZONA-DA-MATA-3.png","type":"image\/png"}],"author":"Fernanda Melo Dias Borges","twitter_card":"summary_large_image","twitter_misc":{"Escrito por":"Fernanda Melo Dias Borges","Est. tempo de leitura":"3 minutos"},"schema":{"@context":"https:\/\/schema.org","@graph":[{"@type":"Article","@id":"https:\/\/www.fiemg.com.br\/regional-sede\/fiemg-e-sindicomercio-jf-fortalecem-dialogo-em-encontro-institucional\/#article","isPartOf":{"@id":"https:\/\/www.fiemg.com.br\/regional-sede\/fiemg-e-sindicomercio-jf-fortalecem-dialogo-em-encontro-institucional\/"},"author":{"name":"Fernanda Melo Dias Borges","@id":"https:\/\/www.fiemg.com.br\/regional-sede\/#\/schema\/person\/903fc0e92f26587af46078c383139ba2"},"headline":"FIEMG e Sindicom\u00e9rcio JF fortalecem di\u00e1logo em encontro institucional","datePublished":"2025-08-04T12:51:21+00:00","dateModified":"2025-08-04T12:51:24+00:00","mainEntityOfPage":{"@id":"https:\/\/www.fiemg.com.br\/regional-sede\/fiemg-e-sindicomercio-jf-fortalecem-dialogo-em-encontro-institucional\/"},"wordCount":512,"publisher":{"@id":"https:\/\/www.fiemg.com.br\/regional-sede\/#organization"},"image":{"@id":"https:\/\/www.fiemg.com.br\/regional-sede\/fiemg-e-sindicomercio-jf-fortalecem-dialogo-em-encontro-institucional\/#primaryimage"},"thumbnailUrl":"https:\/\/www.fiemg.com.br\/regional-sede\/wp-content\/uploads\/sites\/21\/2025\/08\/REGIONAL-ZONA-DA-MATA-3.png","keywords":["FIEMG","REGIONAL ZONA DA MATA"],"articleSection":["Desenvolvimento Industrial"],"inLanguage":"pt-BR"},{"@type":"WebPage","@id":"https:\/\/www.fiemg.com.br\/regional-sede\/fiemg-e-sindicomercio-jf-fortalecem-dialogo-em-encontro-institucional\/","url":"https:\/\/www.fiemg.com.br\/regional-sede\/fiemg-e-sindicomercio-jf-fortalecem-dialogo-em-encontro-institucional\/","name":"FIEMG e Sindicom\u00e9rcio JF fortalecem di\u00e1logo em encontro institucional - FIEMG","isPartOf":{"@id":"https:\/\/www.fiemg.com.br\/regional-sede\/#website"},"primaryImageOfPage":{"@id":"https:\/\/www.fiemg.com.br\/regional-sede\/fiemg-e-sindicomercio-jf-fortalecem-dialogo-em-encontro-institucional\/#primaryimage"},"image":{"@id":"https:\/\/www.fiemg.com.br\/regional-sede\/fiemg-e-sindicomercio-jf-fortalecem-dialogo-em-encontro-institucional\/#primaryimage"},"thumbnailUrl":"https:\/\/www.fiemg.com.br\/regional-sede\/wp-content\/uploads\/sites\/21\/2025\/08\/REGIONAL-ZONA-DA-MATA-3.png","datePublished":"2025-08-04T12:51:21+00:00","dateModified":"2025-08-04T12:51:24+00:00","description":"Reuni\u00e3o entre a presidente Mari\u00e2ngela Marcon e o diretor Marcelo Sep\u00falveda refor\u00e7ou parcerias e abriu portas para a\u00e7\u00f5es conjuntas em prol do desenvolvimento regional","breadcrumb":{"@id":"https:\/\/www.fiemg.com.br\/regional-sede\/fiemg-e-sindicomercio-jf-fortalecem-dialogo-em-encontro-institucional\/#breadcrumb"},"inLanguage":"pt-BR","potentialAction":[{"@type":"ReadAction","target":["https:\/\/www.fiemg.com.br\/regional-sede\/fiemg-e-sindicomercio-jf-fortalecem-dialogo-em-encontro-institucional\/"]}]},{"@type":"ImageObject","inLanguage":"pt-BR","@id":"https:\/\/www.fiemg.com.br\/regional-sede\/fiemg-e-sindicomercio-jf-fortalecem-dialogo-em-encontro-institucional\/#primaryimage","url":"https:\/\/www.fiemg.com.br\/regional-sede\/wp-content\/uploads\/sites\/21\/2025\/08\/REGIONAL-ZONA-DA-MATA-3.png","contentUrl":"https:\/\/www.fiemg.com.br\/regional-sede\/wp-content\/uploads\/sites\/21\/2025\/08\/REGIONAL-ZONA-DA-MATA-3.png","width":512,"height":512},{"@type":"BreadcrumbList","@id":"https:\/\/www.fiemg.com.br\/regional-sede\/fiemg-e-sindicomercio-jf-fortalecem-dialogo-em-encontro-institucional\/#breadcrumb","itemListElement":[{"@type":"ListItem","position":1,"name":"In\u00edcio","item":"https:\/\/www.fiemg.com.br\/regional-sede\/"},{"@type":"ListItem","position":2,"name":"FIEMG e Sindicom\u00e9rcio JF fortalecem di\u00e1logo em encontro institucional"}]},{"@type":"WebSite","@id":"https:\/\/www.fiemg.com.br\/regional-sede\/#website","url":"https:\/\/www.fiemg.com.br\/regional-sede\/","name":"FIEMG","description":"Federa\u00e7\u00e3o das Ind\u00fastrias do Estado de Minas Gerais","publisher":{"@id":"https:\/\/www.fiemg.com.br\/regional-sede\/#organization"},"potentialAction":[{"@type":"SearchAction","target":{"@type":"EntryPoint","urlTemplate":"https:\/\/www.fiemg.com.br\/regional-sede\/?s={search_term_string}"},"query-input":{"@type":"PropertyValueSpecification","valueRequired":true,"valueName":"search_term_string"}}],"inLanguage":"pt-BR"},{"@type":"Organization","@id":"https:\/\/www.fiemg.com.br\/regional-sede\/#organization","name":"FIEMG","url":"https:\/\/www.fiemg.com.br\/regional-sede\/","logo":{"@type":"ImageObject","inLanguage":"pt-BR","@id":"https:\/\/www.fiemg.com.br\/regional-sede\/#\/schema\/logo\/image\/","url":"https:\/\/www.fiemg.com.br\/regional-sede\/wp-content\/uploads\/sites\/21\/2023\/02\/Ativo-1.png","contentUrl":"https:\/\/www.fiemg.com.br\/regional-sede\/wp-content\/uploads\/sites\/21\/2023\/02\/Ativo-1.png","width":563,"height":149,"caption":"FIEMG"},"image":{"@id":"https:\/\/www.fiemg.com.br\/regional-sede\/#\/schema\/logo\/image\/"}},{"@type":"Person","@id":"https:\/\/www.fiemg.com.br\/regional-sede\/#\/schema\/person\/903fc0e92f26587af46078c383139ba2","name":"Fernanda Melo Dias Borges","image":{"@type":"ImageObject","inLanguage":"pt-BR","@id":"https:\/\/www.fiemg.com.br\/regional-sede\/#\/schema\/person\/image\/","url":"https:\/\/secure.gravatar.com\/avatar\/9dae06c6fcc43f0d74c1d30272f98cf631acf0d7aa5fc56576dedcdfd22a3b48?s=96&d=mm&r=g","contentUrl":"https:\/\/secure.gravatar.com\/avatar\/9dae06c6fcc43f0d74c1d30272f98cf631acf0d7aa5fc56576dedcdfd22a3b48?s=96&d=mm&r=g","caption":"Fernanda Melo Dias Borges"},"url":"https:\/\/www.fiemg.com.br\/regional-sede\/author\/fernandaborges\/"}]}},"_links":{"self":[{"href":"https:\/\/www.fiemg.com.br\/regional-sede\/wp-json\/wp\/v2\/posts\/4929","targetHints":{"allow":["GET"]}}],"collection":[{"href":"https:\/\/www.fiemg.com.br\/regional-sede\/wp-json\/wp\/v2\/posts"}],"about":[{"href":"https:\/\/www.fiemg.com.br\/regional-sede\/wp-json\/wp\/v2\/types\/post"}],"author":[{"embeddable":true,"href":"https:\/\/www.fiemg.com.br\/regional-sede\/wp-json\/wp\/v2\/users\/10624"}],"replies":[{"embeddable":true,"href":"https:\/\/www.fiemg.com.br\/regional-sede\/wp-json\/wp\/v2\/comments?post=4929"}],"version-history":[{"count":0,"href":"https:\/\/www.fiemg.com.br\/regional-sede\/wp-json\/wp\/v2\/posts\/4929\/revisions"}],"wp:featuredmedia":[{"embeddable":true,"href":"https:\/\/www.fiemg.com.br\/regional-sede\/wp-json\/wp\/v2\/media\/4930"}],"wp:attachment":[{"href":"https:\/\/www.fiemg.com.br\/regional-sede\/wp-json\/wp\/v2\/media?parent=4929"}],"wp:term":[{"taxonomy":"category","embeddable":true,"href":"https:\/\/www.fiemg.com.br\/regional-sede\/wp-json\/wp\/v2\/categories?post=4929"},{"taxonomy":"post_tag","embeddable":true,"href":"https:\/\/www.fiemg.com.br\/regional-sede\/wp-json\/wp\/v2\/tags?post=4929"}],"curies":[{"name":"wp","href":"https:\/\/api.w.org\/{rel}","templated":true}]}}