{"id":1163,"date":"2023-05-04T14:01:32","date_gmt":"2023-05-04T14:01:32","guid":{"rendered":"https:\/\/www.fiemg.com.br\/regional-sul\/noticias\/lancamento-multisul-mg-em-extrema\/"},"modified":"2023-07-12T14:03:24","modified_gmt":"2023-07-12T14:03:24","slug":"lancamento-multisul-mg-em-extrema","status":"publish","type":"noticias","link":"https:\/\/www.fiemg.com.br\/regional-sul\/noticias\/lancamento-multisul-mg-em-extrema\/","title":{"rendered":"Lan\u00e7amento MultiSul-MG em Extrema"},"content":{"rendered":"<header class=\"entry-header\"><em>A primeira feira multissetorial industrial do Sul de Minas.<\/em><\/header>\n<div class=\"share pull-right\">\n<div class=\"addthis_sharing_toolbox\"><\/div>\n<\/div>\n<div class=\"entry-content\"><a class=\"modal-image cboxElement\" href=\"https:\/\/www.fiemg.com.br\/Cms_Data\/Contents\/regionais\/Folders\/Noticias\/Sul\/~contents\/HHB2K739J6V45QXD\/220.jpg\"><img decoding=\"async\" src=\"https:\/\/www.fiemg.com.br\/Assets\/Images\/DynamicImages\/2ec0af81ba23a0143444fa744fb17b3c704075d4f4cfeb04a849343ebd507fa2.jpg\" \/><\/a><\/div>\n<div class=\"entry-content\">\n<p>&nbsp;<\/p>\n<p>Aconteceu no dia 03 de maio, o lan\u00e7amento da Multi-Sul MG, a primeira feira industrial multissetorial do sul de Minas, que acontecer\u00e1 em Extrema, nos dias 01 e 02 de setembro, das 10h \u00e0s 19h.<\/p>\n<p>A solenidade de lan\u00e7amento, realizada no cineteatro do Parque de Eventos de Extrema, contou com a presen\u00e7a de autoridades e empres\u00e1rios, que souberam, em primeira m\u00e3o, as novidades sobre a mais nova a\u00e7\u00e3o de fomento para o desenvolvimento regional.<\/p>\n<p>A feira, que ser\u00e1 realizada tamb\u00e9m no Parque de Eventos do munic\u00edpio, abranger\u00e1 setores importantes da economia, como constru\u00e7\u00e3o civil, metal mec\u00e2nica, materiais el\u00e9tricos, gr\u00e1fica &#8211; digital e impressa, e alimenta\u00e7\u00e3o, incluindo panifica\u00e7\u00e3o, massas aliment\u00edcias e confeitaria. A expectativa \u00e9 de receber cerca de 6 mil visitantes, o que significa um grande potencial para gera\u00e7\u00e3o de neg\u00f3cios e inser\u00e7\u00e3o em um mercado em constante expans\u00e3o.<\/p>\n<p><em>\u201c\u00c9 uma feira important\u00edssima para a nossa cidade, unindo esses quatro grandes sindicatos, al\u00e9m da FIEMG, do CREA-MG e do SEBRAE, que unem todos os esfor\u00e7os poss\u00edveis para realizarmos um grande evento, com segmentos e bra\u00e7os important\u00edssimos da nossa economia. Diante desse contexto de retomada em que nos encontramos, a palavra chave do momento \u00e9 otimismo, e realizar um evento desse porte aqui em Extrema, parece at\u00e9 um sonho, s\u00f3 \u00e9 necess\u00e1rio darmos o seguimento necess\u00e1rio e irmos at\u00e9 o fim. Estamos inseridos numa regi\u00e3o prop\u00edcia para o mais alto desenvolvimento, e no cora\u00e7\u00e3o do Brasil no que se refere ao PIB nacional e produ\u00e7\u00e3o industrial, e essa \u00e9 uma excelente oportunidade para aproveitarmos a nossa posi\u00e7\u00e3o no cen\u00e1rio econ\u00f4mico regional\u201d<\/em>, ressaltou o Sr. Jo\u00e3o Batista da Silva, Prefeito Municipal de Extrema.<\/p>\n<p>A Multi-Sul MG, ter\u00e1 o apoio de entidades de classe como a\u00a0<strong>FIEMG<\/strong>\u00a0\u2013 Federa\u00e7\u00e3o das Ind\u00fastrias do Estado de Minas Gerais, o\u00a0<strong>CREA-MG<\/strong>\u00a0&#8211; Conselho Regional de Engenharia e Agronomia de Minas Gerais e\u00a0<strong>SEBRAE-MG<\/strong>\u00a0&#8211; Servi\u00e7o de Apoio \u00e0s Micro e Pequenas Empresas de Minas Gerais, e ser\u00e1 realizada por quatro sindicatos patronais do sul de Minas:\u00a0<strong>SINMEC<\/strong>\u00a0&#8211; Sindicato das Ind\u00fastrias Metal\u00fargicas, Mec\u00e2nicas e de Materiais El\u00e9tricos de Cambu\u00ed, Camanducaia, Extrema e Itapeva;\u00a0<strong>SINDUSCON-SUL<\/strong>\u00a0&#8211; Sindicato Intermunicipal das Ind\u00fastrias da Constru\u00e7\u00e3o do Sul de Minas;\u00a0<strong>SINIGRAF<\/strong>\u00a0&#8211; Sindicato Intermunicipal das Ind\u00fastrias Gr\u00e1ficas do Sul de Minas e\u00a0<strong>SINALSUL<\/strong>\u00a0&#8211; Sindicato Intermunicipal das Ind\u00fastrias de Alimenta\u00e7\u00e3o, Panifica\u00e7\u00e3o, Confeitaria e de Massas Aliment\u00edcias do Sul de Minas. O evento conta ainda com o apoio integral da Prefeitura Municipal de Extrema.<\/p>\n<p><em>\u201cPra n\u00f3s do SINMEC, \u00e9 uma grande honra e uma oportunidade \u00edmpar, participarmos como protagonistas na realiza\u00e7\u00e3o desta feira, que pela primeira vez \u00e9 conduzida por quatro sindicatos patronais, de diferentes segmentos da ind\u00fastria, cujo objetivo \u00e9 trazer mais competitividade regional. Acredito que seja o evento de maior representatividade realizado aqui no sul de Minas Gerais, sendo grande import\u00e2ncia para todos os segmentos envolvidos. Entendo que ser\u00e1 uma oportunidade \u00edmpar, e tamb\u00e9m uma grande realiza\u00e7\u00e3o destas entidades\u201d<\/em>, informou o Sr. Jo\u00e3o Carlos Minello, presidente do SINMEC.<\/p>\n<p>O objetivo dessa feira multissetorial, \u00e9 tornar poss\u00edvel que, tanto empresas menores, quanto empresas maiores, e de variados setores, tenham a oportunidade de estar lado a lado, expondo seus produtos e evidenciando sua marca ao grande p\u00fablico esperado no evento.<\/p>\n<p><em>\u201cEssa feira tem como objetivo mostrar o que o setor aliment\u00edcio no sul de Minas tem em potencial, desde \u00e0s empresas menores e familiares, at\u00e9 as grandes multinacionais, instaladas em nossa base territorial, mostraremos nossa for\u00e7a e percorreremos o grande espa\u00e7o que temos ainda a crescer\u201d<\/em>, completou o Sr. Amadeus Ant\u00f4nio de Souza, presidente do SINALSUL.<\/p>\n<p>Para o Sr. Nakle Mohallem, diretor da FIEMG Regional Sul e presidente do SINDUSCON-SUL, esse trabalho entre as entidades, e em conjunto com o poder p\u00fablico, traz in\u00fameras vantagens para o crescimento e desenvolvimento regional: \u201c<em>Extrema \u00e9 uma cidade que est\u00e1 em constante crescimento, tanto em popula\u00e7\u00e3o quanto em desenvolvimento econ\u00f4mico. E \u00e9 nesse cen\u00e1rio de desenvolvimento que a Feira Multi-Sul MG ir\u00e1 acontecer nos dias 01 e 02 de setembro. \u00c9 uma oportunidade \u00fanica para as empresas da regi\u00e3o se destacarem no mercado, atingindo toda a cadeia produtiva, fomentando o desenvolvimento econ\u00f4mico da regi\u00e3o e gerando visibilidade e neg\u00f3cios para as empresas participantes.\u00a0 O desenvolvimento econ\u00f4mico regional \u00e9 fundamental para o crescimento e a prosperidade das regi\u00f5es em todo o mundo. Ele \u00e9 um processo complexo que envolve uma s\u00e9rie de fatores, tais como investimentos em infraestrutura, educa\u00e7\u00e3o e treinamento, pol\u00edticas governamentais adequadas, incentivos fiscais, entre outros. Quando esses fatores s\u00e3o bem combinados, o resultado \u00e9 um ambiente prop\u00edcio para a cria\u00e7\u00e3o de empregos, o aumento da produtividade e o crescimento econ\u00f4mico. Uma das formas de se atingir o desenvolvimento econ\u00f4mico regional \u00e9 atrav\u00e9s da cria\u00e7\u00e3o de parcerias entre o setor p\u00fablico e privado, e \u00e9 nisso que apostamos com essa feira, na uni\u00e3o entre entidades de classe, sindicatos e a prefeitura municipal de Extrema, que resultar\u00e1 num absoluto sucesso para todas as partes envolvidas.\u201d<\/em><\/p>\n<p>Para saber mais sobre o evento e como adquirir um estande, acesse:\u00a0<a href=\"http:\/\/www.multisulmg.com.br\/\" target=\"_blank\" rel=\"noopener\">www.multisulmg.com.br<\/a>, ou entre em contato atrav\u00e9s do WhatsApp (35)98415-3463.<\/p>\n<\/div>\n","protected":false},"featured_media":1164,"template":"","categories":[],"tags":[],"class_list":["post-1163","noticias","type-noticias","status-publish","has-post-thumbnail","hentry"],"acf":[],"yoast_head":"<!-- This site is optimized with the Yoast SEO plugin v26.2 - https:\/\/yoast.com\/wordpress\/plugins\/seo\/ -->\n<title>Lan\u00e7amento MultiSul-MG em Extrema - Regional Sul<\/title>\n<meta name=\"robots\" content=\"index, follow, max-snippet:-1, max-image-preview:large, max-video-preview:-1\" \/>\n<link rel=\"canonical\" href=\"https:\/\/www.fiemg.com.br\/regional-sul\/noticias\/lancamento-multisul-mg-em-extrema\/\" \/>\n<meta property=\"og:locale\" content=\"pt_BR\" \/>\n<meta property=\"og:type\" content=\"article\" \/>\n<meta property=\"og:title\" content=\"Lan\u00e7amento MultiSul-MG em Extrema - Regional Sul\" \/>\n<meta property=\"og:description\" content=\"A primeira feira multissetorial industrial do Sul de Minas. &nbsp; Aconteceu no dia 03 de maio, o lan\u00e7amento da Multi-Sul MG, a primeira feira industrial multissetorial do sul de Minas, que acontecer\u00e1 em Extrema, nos dias 01 e 02 de setembro, das 10h \u00e0s 19h. A solenidade de lan\u00e7amento, realizada no cineteatro do Parque de [&hellip;]\" \/>\n<meta property=\"og:url\" content=\"https:\/\/www.fiemg.com.br\/regional-sul\/noticias\/lancamento-multisul-mg-em-extrema\/\" \/>\n<meta property=\"og:site_name\" content=\"Regional Sul\" \/>\n<meta property=\"article:modified_time\" content=\"2023-07-12T14:03:24+00:00\" \/>\n<meta property=\"og:image\" content=\"https:\/\/www.fiemg.com.br\/regional-sul\/wp-content\/uploads\/sites\/20\/2023\/07\/2ec0af81ba23a0143444fa744fb17b3c704075d4f4cfeb04a849343ebd507fa2.jpg\" \/>\n\t<meta property=\"og:image:width\" content=\"620\" \/>\n\t<meta property=\"og:image:height\" content=\"240\" \/>\n\t<meta property=\"og:image:type\" content=\"image\/jpeg\" \/>\n<meta name=\"twitter:card\" content=\"summary_large_image\" \/>\n<meta name=\"twitter:label1\" content=\"Est. tempo de leitura\" \/>\n\t<meta name=\"twitter:data1\" content=\"5 minutos\" \/>\n<script type=\"application\/ld+json\" class=\"yoast-schema-graph\">{\"@context\":\"https:\/\/schema.org\",\"@graph\":[{\"@type\":\"WebPage\",\"@id\":\"https:\/\/www.fiemg.com.br\/regional-sul\/noticias\/lancamento-multisul-mg-em-extrema\/\",\"url\":\"https:\/\/www.fiemg.com.br\/regional-sul\/noticias\/lancamento-multisul-mg-em-extrema\/\",\"name\":\"Lan\u00e7amento MultiSul-MG em Extrema - Regional Sul\",\"isPartOf\":{\"@id\":\"https:\/\/www.fiemg.com.br\/regional-sul\/#website\"},\"primaryImageOfPage\":{\"@id\":\"https:\/\/www.fiemg.com.br\/regional-sul\/noticias\/lancamento-multisul-mg-em-extrema\/#primaryimage\"},\"image\":{\"@id\":\"https:\/\/www.fiemg.com.br\/regional-sul\/noticias\/lancamento-multisul-mg-em-extrema\/#primaryimage\"},\"thumbnailUrl\":\"https:\/\/www.fiemg.com.br\/regional-sul\/wp-content\/uploads\/sites\/20\/2023\/07\/2ec0af81ba23a0143444fa744fb17b3c704075d4f4cfeb04a849343ebd507fa2.jpg\",\"datePublished\":\"2023-05-04T14:01:32+00:00\",\"dateModified\":\"2023-07-12T14:03:24+00:00\",\"breadcrumb\":{\"@id\":\"https:\/\/www.fiemg.com.br\/regional-sul\/noticias\/lancamento-multisul-mg-em-extrema\/#breadcrumb\"},\"inLanguage\":\"pt-BR\",\"potentialAction\":[{\"@type\":\"ReadAction\",\"target\":[\"https:\/\/www.fiemg.com.br\/regional-sul\/noticias\/lancamento-multisul-mg-em-extrema\/\"]}]},{\"@type\":\"ImageObject\",\"inLanguage\":\"pt-BR\",\"@id\":\"https:\/\/www.fiemg.com.br\/regional-sul\/noticias\/lancamento-multisul-mg-em-extrema\/#primaryimage\",\"url\":\"https:\/\/www.fiemg.com.br\/regional-sul\/wp-content\/uploads\/sites\/20\/2023\/07\/2ec0af81ba23a0143444fa744fb17b3c704075d4f4cfeb04a849343ebd507fa2.jpg\",\"contentUrl\":\"https:\/\/www.fiemg.com.br\/regional-sul\/wp-content\/uploads\/sites\/20\/2023\/07\/2ec0af81ba23a0143444fa744fb17b3c704075d4f4cfeb04a849343ebd507fa2.jpg\",\"width\":620,\"height\":240,\"caption\":\"Lan\u00e7amento MultiSul-MG em Extrema\"},{\"@type\":\"BreadcrumbList\",\"@id\":\"https:\/\/www.fiemg.com.br\/regional-sul\/noticias\/lancamento-multisul-mg-em-extrema\/#breadcrumb\",\"itemListElement\":[{\"@type\":\"ListItem\",\"position\":1,\"name\":\"In\u00edcio\",\"item\":\"https:\/\/www.fiemg.com.br\/regional-sul\/\"},{\"@type\":\"ListItem\",\"position\":2,\"name\":\"Lan\u00e7amento MultiSul-MG em Extrema\"}]},{\"@type\":\"WebSite\",\"@id\":\"https:\/\/www.fiemg.com.br\/regional-sul\/#website\",\"url\":\"https:\/\/www.fiemg.com.br\/regional-sul\/\",\"name\":\"Regional Sul\",\"description\":\"Federa\u00e7\u00e3o das Ind\u00fastrias do Estado de Minas Gerais\",\"publisher\":{\"@id\":\"https:\/\/www.fiemg.com.br\/regional-sul\/#organization\"},\"potentialAction\":[{\"@type\":\"SearchAction\",\"target\":{\"@type\":\"EntryPoint\",\"urlTemplate\":\"https:\/\/www.fiemg.com.br\/regional-sul\/?s={search_term_string}\"},\"query-input\":{\"@type\":\"PropertyValueSpecification\",\"valueRequired\":true,\"valueName\":\"search_term_string\"}}],\"inLanguage\":\"pt-BR\"},{\"@type\":\"Organization\",\"@id\":\"https:\/\/www.fiemg.com.br\/regional-sul\/#organization\",\"name\":\"Regional Sul\",\"url\":\"https:\/\/www.fiemg.com.br\/regional-sul\/\",\"logo\":{\"@type\":\"ImageObject\",\"inLanguage\":\"pt-BR\",\"@id\":\"https:\/\/www.fiemg.com.br\/regional-sul\/#\/schema\/logo\/image\/\",\"url\":\"https:\/\/www.fiemg.com.br\/regional-sul\/wp-content\/uploads\/sites\/20\/2023\/02\/Ativo-1.png\",\"contentUrl\":\"https:\/\/www.fiemg.com.br\/regional-sul\/wp-content\/uploads\/sites\/20\/2023\/02\/Ativo-1.png\",\"width\":563,\"height\":149,\"caption\":\"Regional Sul\"},\"image\":{\"@id\":\"https:\/\/www.fiemg.com.br\/regional-sul\/#\/schema\/logo\/image\/\"}}]}<\/script>\n<!-- \/ Yoast SEO plugin. -->","yoast_head_json":{"title":"Lan\u00e7amento MultiSul-MG em Extrema - Regional Sul","robots":{"index":"index","follow":"follow","max-snippet":"max-snippet:-1","max-image-preview":"max-image-preview:large","max-video-preview":"max-video-preview:-1"},"canonical":"https:\/\/www.fiemg.com.br\/regional-sul\/noticias\/lancamento-multisul-mg-em-extrema\/","og_locale":"pt_BR","og_type":"article","og_title":"Lan\u00e7amento MultiSul-MG em Extrema - Regional Sul","og_description":"A primeira feira multissetorial industrial do Sul de Minas. &nbsp; Aconteceu no dia 03 de maio, o lan\u00e7amento da Multi-Sul MG, a primeira feira industrial multissetorial do sul de Minas, que acontecer\u00e1 em Extrema, nos dias 01 e 02 de setembro, das 10h \u00e0s 19h. A solenidade de lan\u00e7amento, realizada no cineteatro do Parque de [&hellip;]","og_url":"https:\/\/www.fiemg.com.br\/regional-sul\/noticias\/lancamento-multisul-mg-em-extrema\/","og_site_name":"Regional Sul","article_modified_time":"2023-07-12T14:03:24+00:00","og_image":[{"width":620,"height":240,"url":"https:\/\/www.fiemg.com.br\/regional-sul\/wp-content\/uploads\/sites\/20\/2023\/07\/2ec0af81ba23a0143444fa744fb17b3c704075d4f4cfeb04a849343ebd507fa2.jpg","type":"image\/jpeg"}],"twitter_card":"summary_large_image","twitter_misc":{"Est. tempo de leitura":"5 minutos"},"schema":{"@context":"https:\/\/schema.org","@graph":[{"@type":"WebPage","@id":"https:\/\/www.fiemg.com.br\/regional-sul\/noticias\/lancamento-multisul-mg-em-extrema\/","url":"https:\/\/www.fiemg.com.br\/regional-sul\/noticias\/lancamento-multisul-mg-em-extrema\/","name":"Lan\u00e7amento MultiSul-MG em Extrema - Regional Sul","isPartOf":{"@id":"https:\/\/www.fiemg.com.br\/regional-sul\/#website"},"primaryImageOfPage":{"@id":"https:\/\/www.fiemg.com.br\/regional-sul\/noticias\/lancamento-multisul-mg-em-extrema\/#primaryimage"},"image":{"@id":"https:\/\/www.fiemg.com.br\/regional-sul\/noticias\/lancamento-multisul-mg-em-extrema\/#primaryimage"},"thumbnailUrl":"https:\/\/www.fiemg.com.br\/regional-sul\/wp-content\/uploads\/sites\/20\/2023\/07\/2ec0af81ba23a0143444fa744fb17b3c704075d4f4cfeb04a849343ebd507fa2.jpg","datePublished":"2023-05-04T14:01:32+00:00","dateModified":"2023-07-12T14:03:24+00:00","breadcrumb":{"@id":"https:\/\/www.fiemg.com.br\/regional-sul\/noticias\/lancamento-multisul-mg-em-extrema\/#breadcrumb"},"inLanguage":"pt-BR","potentialAction":[{"@type":"ReadAction","target":["https:\/\/www.fiemg.com.br\/regional-sul\/noticias\/lancamento-multisul-mg-em-extrema\/"]}]},{"@type":"ImageObject","inLanguage":"pt-BR","@id":"https:\/\/www.fiemg.com.br\/regional-sul\/noticias\/lancamento-multisul-mg-em-extrema\/#primaryimage","url":"https:\/\/www.fiemg.com.br\/regional-sul\/wp-content\/uploads\/sites\/20\/2023\/07\/2ec0af81ba23a0143444fa744fb17b3c704075d4f4cfeb04a849343ebd507fa2.jpg","contentUrl":"https:\/\/www.fiemg.com.br\/regional-sul\/wp-content\/uploads\/sites\/20\/2023\/07\/2ec0af81ba23a0143444fa744fb17b3c704075d4f4cfeb04a849343ebd507fa2.jpg","width":620,"height":240,"caption":"Lan\u00e7amento MultiSul-MG em Extrema"},{"@type":"BreadcrumbList","@id":"https:\/\/www.fiemg.com.br\/regional-sul\/noticias\/lancamento-multisul-mg-em-extrema\/#breadcrumb","itemListElement":[{"@type":"ListItem","position":1,"name":"In\u00edcio","item":"https:\/\/www.fiemg.com.br\/regional-sul\/"},{"@type":"ListItem","position":2,"name":"Lan\u00e7amento MultiSul-MG em Extrema"}]},{"@type":"WebSite","@id":"https:\/\/www.fiemg.com.br\/regional-sul\/#website","url":"https:\/\/www.fiemg.com.br\/regional-sul\/","name":"Regional Sul","description":"Federa\u00e7\u00e3o das Ind\u00fastrias do Estado de Minas Gerais","publisher":{"@id":"https:\/\/www.fiemg.com.br\/regional-sul\/#organization"},"potentialAction":[{"@type":"SearchAction","target":{"@type":"EntryPoint","urlTemplate":"https:\/\/www.fiemg.com.br\/regional-sul\/?s={search_term_string}"},"query-input":{"@type":"PropertyValueSpecification","valueRequired":true,"valueName":"search_term_string"}}],"inLanguage":"pt-BR"},{"@type":"Organization","@id":"https:\/\/www.fiemg.com.br\/regional-sul\/#organization","name":"Regional Sul","url":"https:\/\/www.fiemg.com.br\/regional-sul\/","logo":{"@type":"ImageObject","inLanguage":"pt-BR","@id":"https:\/\/www.fiemg.com.br\/regional-sul\/#\/schema\/logo\/image\/","url":"https:\/\/www.fiemg.com.br\/regional-sul\/wp-content\/uploads\/sites\/20\/2023\/02\/Ativo-1.png","contentUrl":"https:\/\/www.fiemg.com.br\/regional-sul\/wp-content\/uploads\/sites\/20\/2023\/02\/Ativo-1.png","width":563,"height":149,"caption":"Regional Sul"},"image":{"@id":"https:\/\/www.fiemg.com.br\/regional-sul\/#\/schema\/logo\/image\/"}}]}},"_links":{"self":[{"href":"https:\/\/www.fiemg.com.br\/regional-sul\/wp-json\/wp\/v2\/noticias\/1163","targetHints":{"allow":["GET"]}}],"collection":[{"href":"https:\/\/www.fiemg.com.br\/regional-sul\/wp-json\/wp\/v2\/noticias"}],"about":[{"href":"https:\/\/www.fiemg.com.br\/regional-sul\/wp-json\/wp\/v2\/types\/noticias"}],"wp:featuredmedia":[{"embeddable":true,"href":"https:\/\/www.fiemg.com.br\/regional-sul\/wp-json\/wp\/v2\/media\/1164"}],"wp:attachment":[{"href":"https:\/\/www.fiemg.com.br\/regional-sul\/wp-json\/wp\/v2\/media?parent=1163"}],"wp:term":[{"taxonomy":"category","embeddable":true,"href":"https:\/\/www.fiemg.com.br\/regional-sul\/wp-json\/wp\/v2\/categories?post=1163"},{"taxonomy":"post_tag","embeddable":true,"href":"https:\/\/www.fiemg.com.br\/regional-sul\/wp-json\/wp\/v2\/tags?post=1163"}],"curies":[{"name":"wp","href":"https:\/\/api.w.org\/{rel}","templated":true}]}}