{"id":1544,"date":"2023-09-05T08:26:17","date_gmt":"2023-09-05T11:26:17","guid":{"rendered":"https:\/\/www.fiemg.com.br\/regional-sul\/?post_type=noticias&#038;p=1544"},"modified":"2023-09-05T08:31:09","modified_gmt":"2023-09-05T11:31:09","slug":"primeira-feira-multissetorial-industrial-acontece-no-sul-de-minas","status":"publish","type":"noticias","link":"https:\/\/www.fiemg.com.br\/regional-sul\/noticias\/primeira-feira-multissetorial-industrial-acontece-no-sul-de-minas\/","title":{"rendered":"Primeira feira multissetorial industrial acontece no sul de Minas"},"content":{"rendered":"\n<p>A cidade de Extrema foi palco de um dos eventos mais marcantes para a ind\u00fastria regional nos dias 01 e 02 de setembro: a \u20181\u00aa MULTI-FETEF\u2019. Resultado da fus\u00e3o da MULTISUL-MG e da tradicional FETEF, o evento pioneiro reuniu l\u00edderes do setor, autoridades e empresas em um ambiente de networking, inova\u00e7\u00e3o e oportunidades de neg\u00f3cios.<\/p>\n\n\n\n<p>No dia 31 de agosto, a feira foi oficialmente aberta com uma cerim\u00f4nia que reuniu todos os elementos-chave do evento. Expositores entusiasmados, sindicatos realizadores, entidades apoiadoras e patrocinadores de renome se uniram em um ambiente festivo. A ocasi\u00e3o foi marcada por um coquetel de boas-vindas, que proporcionou um espa\u00e7o de intera\u00e7\u00e3o, preparando o terreno para os dois dias intensos de exposi\u00e7\u00e3o, compartilhamento de conhecimento e oportunidades de neg\u00f3cios que se seguiram. Essa reuni\u00e3o antecipada estabeleceu o tom para o sucesso que se desdobraria nos dias seguintes, unindo os participantes em prol do desenvolvimento da ind\u00fastria regional.<\/p>\n\n\n\n<p>No dia 01 de setembro, o evento foi inaugurado com a presen\u00e7a de autoridades not\u00e1veis, incluindo o presidente da FIEMG, Fl\u00e1vio Roscoe, e o prefeito de Extrema, Jo\u00e3o Batista da Silva. O corte oficial da faixa marcou o in\u00edcio de uma jornada de dois dias de exposi\u00e7\u00e3o, interc\u00e2mbio de conhecimento e oportunidades de neg\u00f3cios.<\/p>\n\n\n\n<p>A MULTISUL-MG, que seria primeira feira industrial multissetorial da regi\u00e3o, e a FETEF, uma tradicional feira tecnol\u00f3gica e de empregabilidade de Extrema, uniram for\u00e7as para criar a MULTI-FETEF. Esta fus\u00e3o estrat\u00e9gica n\u00e3o apenas consolidou a relev\u00e2ncia desses eventos, mas tamb\u00e9m proporcionou uma oportunidade \u00fanica de integrar toda a cadeia produtiva da regi\u00e3o e apresentar novas perspectivas de neg\u00f3cios para as empresas participantes.<\/p>\n\n\n\n<p><em>\u201cQuero parabenizar calorosamente os sindicatos realizadores por sua dedica\u00e7\u00e3o incans\u00e1vel na organiza\u00e7\u00e3o desta feira industrial multissetorial. Esse evento foi um marco para a ind\u00fastria regional, e tenho orgulho de testemunhar a for\u00e7a e a inova\u00e7\u00e3o que ele representa. A FIEMG est\u00e1 honrada em fazer parte e apoiar essa iniciativa que busca integrar toda a cadeia produtiva, promovendo oportunidades de neg\u00f3cios e compartilhamento de conhecimento. A &#8216;MULTI-FETEF&#8217; \u00e9 um reflexo do potencial e da vitalidade da nossa ind\u00fastria regional, e tenho certeza de que os dois dias de exposi\u00e7\u00e3o foram repletos de oportunidades de neg\u00f3cios promissoras\u201d<\/em>, declarou o vice-presidente da FIEMG Regional Sul e presidente do SINDUSCON PO\u00c7OS, Rodrigo Costa Batista.<\/p>\n\n\n\n<p>Extrema foi escolhida como o local ideal para sediar a \u20181\u00aa MULTI-FETEF\u2019 devido \u00e0 sua privilegiada localiza\u00e7\u00e3o, infraestrutura bem estabelecida e pol\u00edtica fiscal diferenciada, o que a torna um hub atrativo para neg\u00f3cios e investimentos.<\/p>\n\n\n\n<p>Realizado pelos sindicatos patronais SINDUSCON-SUL, SINMEC, SINALSUL e SINIGRAF, um dos pontos altos do evento foi o apoio de organiza\u00e7\u00f5es influentes, incluindo o SEBRAE, a FIEMG, o CREA-MG e a Prefeitura Municipal de Extrema. Al\u00e9m disso, empresas renomadas, como Unimed Sul Mineira, SICOOB, FG2 Log\u00edstica e Limpcon, patrocinaram a \u2018MULTI-FETEF\u2019, contribuindo para o seu sucesso e impacto positivo na regi\u00e3o.<\/p>\n\n\n\n<p><em>\u201c\u00c9 com grande satisfa\u00e7\u00e3o que celebramos o sucesso da &#8216;1\u00aa MULTI-FETEF&#8217;, um marco na ind\u00fastria regional que reuniu diversos setores e promoveu um ambiente prop\u00edcio para o desenvolvimento econ\u00f4mico e a inova\u00e7\u00e3o. Agrade\u00e7o imensamente a todos os envolvidos por tornarem esse evento poss\u00edvel, especialmente aos nossos patrocinadores e apoiadores, que acreditaram no potencial dessa feira. O sucesso dessa edi\u00e7\u00e3o nos inspira a j\u00e1 vislumbrar as pr\u00f3ximas, com a certeza de que continuaremos fortalecendo o papel do sul de Minas como um polo de neg\u00f3cios e inova\u00e7\u00e3o. Agrade\u00e7o a todos por fazerem parte desta jornada incr\u00edvel\u201d<\/em> destacou o presidente do SINDUSCON-SUL e diretor da FIEMG Regional Sul, Nakle Mohallem.<\/p>\n\n\n\n<p>A feira representou uma oportunidade \u00fanica para as empresas expositoras estabelecerem conex\u00f5es estrat\u00e9gicas, apresentarem suas inova\u00e7\u00f5es e explorarem oportunidades de crescimento em um ambiente prop\u00edcio para o desenvolvimento da ind\u00fastria do Sul de Minas Gerais.<\/p>\n\n\n\n<p>Encerrando seus dois dias de atividades com um saldo extremamente positivo, o evento refor\u00e7ou seu compromisso em impulsionar a ind\u00fastria regional e promover o desenvolvimento econ\u00f4mico sustent\u00e1vel. O evento j\u00e1 deixa a expectativa para a pr\u00f3xima edi\u00e7\u00e3o, que certamente continuar\u00e1 a fortalecer o papel de Extrema como um polo de neg\u00f3cios e inova\u00e7\u00e3o na regi\u00e3o.<\/p>\n","protected":false},"featured_media":1583,"template":"","categories":[],"tags":[],"class_list":["post-1544","noticias","type-noticias","status-publish","has-post-thumbnail","hentry"],"acf":[],"yoast_head":"<!-- This site is optimized with the Yoast SEO plugin v26.2 - https:\/\/yoast.com\/wordpress\/plugins\/seo\/ -->\n<title>Primeira feira multissetorial industrial acontece no sul de Minas - Regional Sul<\/title>\n<meta name=\"robots\" content=\"index, follow, max-snippet:-1, max-image-preview:large, max-video-preview:-1\" \/>\n<link rel=\"canonical\" href=\"https:\/\/www.fiemg.com.br\/regional-sul\/noticias\/primeira-feira-multissetorial-industrial-acontece-no-sul-de-minas\/\" \/>\n<meta property=\"og:locale\" content=\"pt_BR\" \/>\n<meta property=\"og:type\" content=\"article\" \/>\n<meta property=\"og:title\" content=\"Primeira feira multissetorial industrial acontece no sul de Minas - Regional Sul\" \/>\n<meta property=\"og:description\" content=\"A cidade de Extrema foi palco de um dos eventos mais marcantes para a ind\u00fastria regional nos dias 01 e 02 de setembro: a \u20181\u00aa MULTI-FETEF\u2019. Resultado da fus\u00e3o da MULTISUL-MG e da tradicional FETEF, o evento pioneiro reuniu l\u00edderes do setor, autoridades e empresas em um ambiente de networking, inova\u00e7\u00e3o e oportunidades de neg\u00f3cios. [&hellip;]\" \/>\n<meta property=\"og:url\" content=\"https:\/\/www.fiemg.com.br\/regional-sul\/noticias\/primeira-feira-multissetorial-industrial-acontece-no-sul-de-minas\/\" \/>\n<meta property=\"og:site_name\" content=\"Regional Sul\" \/>\n<meta property=\"article:modified_time\" content=\"2023-09-05T11:31:09+00:00\" \/>\n<meta property=\"og:image\" content=\"https:\/\/www.fiemg.com.br\/regional-sul\/wp-content\/uploads\/sites\/20\/2023\/09\/DSC08283.jpg\" \/>\n\t<meta property=\"og:image:width\" content=\"1080\" \/>\n\t<meta property=\"og:image:height\" content=\"720\" \/>\n\t<meta property=\"og:image:type\" content=\"image\/jpeg\" \/>\n<meta name=\"twitter:card\" content=\"summary_large_image\" \/>\n<meta name=\"twitter:label1\" content=\"Est. tempo de leitura\" \/>\n\t<meta name=\"twitter:data1\" content=\"4 minutos\" \/>\n<script type=\"application\/ld+json\" class=\"yoast-schema-graph\">{\"@context\":\"https:\/\/schema.org\",\"@graph\":[{\"@type\":\"WebPage\",\"@id\":\"https:\/\/www.fiemg.com.br\/regional-sul\/noticias\/primeira-feira-multissetorial-industrial-acontece-no-sul-de-minas\/\",\"url\":\"https:\/\/www.fiemg.com.br\/regional-sul\/noticias\/primeira-feira-multissetorial-industrial-acontece-no-sul-de-minas\/\",\"name\":\"Primeira feira multissetorial industrial acontece no sul de Minas - Regional Sul\",\"isPartOf\":{\"@id\":\"https:\/\/www.fiemg.com.br\/regional-sul\/#website\"},\"primaryImageOfPage\":{\"@id\":\"https:\/\/www.fiemg.com.br\/regional-sul\/noticias\/primeira-feira-multissetorial-industrial-acontece-no-sul-de-minas\/#primaryimage\"},\"image\":{\"@id\":\"https:\/\/www.fiemg.com.br\/regional-sul\/noticias\/primeira-feira-multissetorial-industrial-acontece-no-sul-de-minas\/#primaryimage\"},\"thumbnailUrl\":\"https:\/\/www.fiemg.com.br\/regional-sul\/wp-content\/uploads\/sites\/20\/2023\/09\/DSC08283.jpg\",\"datePublished\":\"2023-09-05T11:26:17+00:00\",\"dateModified\":\"2023-09-05T11:31:09+00:00\",\"breadcrumb\":{\"@id\":\"https:\/\/www.fiemg.com.br\/regional-sul\/noticias\/primeira-feira-multissetorial-industrial-acontece-no-sul-de-minas\/#breadcrumb\"},\"inLanguage\":\"pt-BR\",\"potentialAction\":[{\"@type\":\"ReadAction\",\"target\":[\"https:\/\/www.fiemg.com.br\/regional-sul\/noticias\/primeira-feira-multissetorial-industrial-acontece-no-sul-de-minas\/\"]}]},{\"@type\":\"ImageObject\",\"inLanguage\":\"pt-BR\",\"@id\":\"https:\/\/www.fiemg.com.br\/regional-sul\/noticias\/primeira-feira-multissetorial-industrial-acontece-no-sul-de-minas\/#primaryimage\",\"url\":\"https:\/\/www.fiemg.com.br\/regional-sul\/wp-content\/uploads\/sites\/20\/2023\/09\/DSC08283.jpg\",\"contentUrl\":\"https:\/\/www.fiemg.com.br\/regional-sul\/wp-content\/uploads\/sites\/20\/2023\/09\/DSC08283.jpg\",\"width\":1080,\"height\":720},{\"@type\":\"BreadcrumbList\",\"@id\":\"https:\/\/www.fiemg.com.br\/regional-sul\/noticias\/primeira-feira-multissetorial-industrial-acontece-no-sul-de-minas\/#breadcrumb\",\"itemListElement\":[{\"@type\":\"ListItem\",\"position\":1,\"name\":\"In\u00edcio\",\"item\":\"https:\/\/www.fiemg.com.br\/regional-sul\/\"},{\"@type\":\"ListItem\",\"position\":2,\"name\":\"Primeira feira multissetorial industrial acontece no sul de Minas\"}]},{\"@type\":\"WebSite\",\"@id\":\"https:\/\/www.fiemg.com.br\/regional-sul\/#website\",\"url\":\"https:\/\/www.fiemg.com.br\/regional-sul\/\",\"name\":\"Regional Sul\",\"description\":\"Federa\u00e7\u00e3o das Ind\u00fastrias do Estado de Minas Gerais\",\"publisher\":{\"@id\":\"https:\/\/www.fiemg.com.br\/regional-sul\/#organization\"},\"potentialAction\":[{\"@type\":\"SearchAction\",\"target\":{\"@type\":\"EntryPoint\",\"urlTemplate\":\"https:\/\/www.fiemg.com.br\/regional-sul\/?s={search_term_string}\"},\"query-input\":{\"@type\":\"PropertyValueSpecification\",\"valueRequired\":true,\"valueName\":\"search_term_string\"}}],\"inLanguage\":\"pt-BR\"},{\"@type\":\"Organization\",\"@id\":\"https:\/\/www.fiemg.com.br\/regional-sul\/#organization\",\"name\":\"Regional Sul\",\"url\":\"https:\/\/www.fiemg.com.br\/regional-sul\/\",\"logo\":{\"@type\":\"ImageObject\",\"inLanguage\":\"pt-BR\",\"@id\":\"https:\/\/www.fiemg.com.br\/regional-sul\/#\/schema\/logo\/image\/\",\"url\":\"https:\/\/www.fiemg.com.br\/regional-sul\/wp-content\/uploads\/sites\/20\/2023\/02\/Ativo-1.png\",\"contentUrl\":\"https:\/\/www.fiemg.com.br\/regional-sul\/wp-content\/uploads\/sites\/20\/2023\/02\/Ativo-1.png\",\"width\":563,\"height\":149,\"caption\":\"Regional Sul\"},\"image\":{\"@id\":\"https:\/\/www.fiemg.com.br\/regional-sul\/#\/schema\/logo\/image\/\"}}]}<\/script>\n<!-- \/ Yoast SEO plugin. -->","yoast_head_json":{"title":"Primeira feira multissetorial industrial acontece no sul de Minas - Regional Sul","robots":{"index":"index","follow":"follow","max-snippet":"max-snippet:-1","max-image-preview":"max-image-preview:large","max-video-preview":"max-video-preview:-1"},"canonical":"https:\/\/www.fiemg.com.br\/regional-sul\/noticias\/primeira-feira-multissetorial-industrial-acontece-no-sul-de-minas\/","og_locale":"pt_BR","og_type":"article","og_title":"Primeira feira multissetorial industrial acontece no sul de Minas - Regional Sul","og_description":"A cidade de Extrema foi palco de um dos eventos mais marcantes para a ind\u00fastria regional nos dias 01 e 02 de setembro: a \u20181\u00aa MULTI-FETEF\u2019. Resultado da fus\u00e3o da MULTISUL-MG e da tradicional FETEF, o evento pioneiro reuniu l\u00edderes do setor, autoridades e empresas em um ambiente de networking, inova\u00e7\u00e3o e oportunidades de neg\u00f3cios. [&hellip;]","og_url":"https:\/\/www.fiemg.com.br\/regional-sul\/noticias\/primeira-feira-multissetorial-industrial-acontece-no-sul-de-minas\/","og_site_name":"Regional Sul","article_modified_time":"2023-09-05T11:31:09+00:00","og_image":[{"width":1080,"height":720,"url":"https:\/\/www.fiemg.com.br\/regional-sul\/wp-content\/uploads\/sites\/20\/2023\/09\/DSC08283.jpg","type":"image\/jpeg"}],"twitter_card":"summary_large_image","twitter_misc":{"Est. tempo de leitura":"4 minutos"},"schema":{"@context":"https:\/\/schema.org","@graph":[{"@type":"WebPage","@id":"https:\/\/www.fiemg.com.br\/regional-sul\/noticias\/primeira-feira-multissetorial-industrial-acontece-no-sul-de-minas\/","url":"https:\/\/www.fiemg.com.br\/regional-sul\/noticias\/primeira-feira-multissetorial-industrial-acontece-no-sul-de-minas\/","name":"Primeira feira multissetorial industrial acontece no sul de Minas - Regional Sul","isPartOf":{"@id":"https:\/\/www.fiemg.com.br\/regional-sul\/#website"},"primaryImageOfPage":{"@id":"https:\/\/www.fiemg.com.br\/regional-sul\/noticias\/primeira-feira-multissetorial-industrial-acontece-no-sul-de-minas\/#primaryimage"},"image":{"@id":"https:\/\/www.fiemg.com.br\/regional-sul\/noticias\/primeira-feira-multissetorial-industrial-acontece-no-sul-de-minas\/#primaryimage"},"thumbnailUrl":"https:\/\/www.fiemg.com.br\/regional-sul\/wp-content\/uploads\/sites\/20\/2023\/09\/DSC08283.jpg","datePublished":"2023-09-05T11:26:17+00:00","dateModified":"2023-09-05T11:31:09+00:00","breadcrumb":{"@id":"https:\/\/www.fiemg.com.br\/regional-sul\/noticias\/primeira-feira-multissetorial-industrial-acontece-no-sul-de-minas\/#breadcrumb"},"inLanguage":"pt-BR","potentialAction":[{"@type":"ReadAction","target":["https:\/\/www.fiemg.com.br\/regional-sul\/noticias\/primeira-feira-multissetorial-industrial-acontece-no-sul-de-minas\/"]}]},{"@type":"ImageObject","inLanguage":"pt-BR","@id":"https:\/\/www.fiemg.com.br\/regional-sul\/noticias\/primeira-feira-multissetorial-industrial-acontece-no-sul-de-minas\/#primaryimage","url":"https:\/\/www.fiemg.com.br\/regional-sul\/wp-content\/uploads\/sites\/20\/2023\/09\/DSC08283.jpg","contentUrl":"https:\/\/www.fiemg.com.br\/regional-sul\/wp-content\/uploads\/sites\/20\/2023\/09\/DSC08283.jpg","width":1080,"height":720},{"@type":"BreadcrumbList","@id":"https:\/\/www.fiemg.com.br\/regional-sul\/noticias\/primeira-feira-multissetorial-industrial-acontece-no-sul-de-minas\/#breadcrumb","itemListElement":[{"@type":"ListItem","position":1,"name":"In\u00edcio","item":"https:\/\/www.fiemg.com.br\/regional-sul\/"},{"@type":"ListItem","position":2,"name":"Primeira feira multissetorial industrial acontece no sul de Minas"}]},{"@type":"WebSite","@id":"https:\/\/www.fiemg.com.br\/regional-sul\/#website","url":"https:\/\/www.fiemg.com.br\/regional-sul\/","name":"Regional Sul","description":"Federa\u00e7\u00e3o das Ind\u00fastrias do Estado de Minas Gerais","publisher":{"@id":"https:\/\/www.fiemg.com.br\/regional-sul\/#organization"},"potentialAction":[{"@type":"SearchAction","target":{"@type":"EntryPoint","urlTemplate":"https:\/\/www.fiemg.com.br\/regional-sul\/?s={search_term_string}"},"query-input":{"@type":"PropertyValueSpecification","valueRequired":true,"valueName":"search_term_string"}}],"inLanguage":"pt-BR"},{"@type":"Organization","@id":"https:\/\/www.fiemg.com.br\/regional-sul\/#organization","name":"Regional Sul","url":"https:\/\/www.fiemg.com.br\/regional-sul\/","logo":{"@type":"ImageObject","inLanguage":"pt-BR","@id":"https:\/\/www.fiemg.com.br\/regional-sul\/#\/schema\/logo\/image\/","url":"https:\/\/www.fiemg.com.br\/regional-sul\/wp-content\/uploads\/sites\/20\/2023\/02\/Ativo-1.png","contentUrl":"https:\/\/www.fiemg.com.br\/regional-sul\/wp-content\/uploads\/sites\/20\/2023\/02\/Ativo-1.png","width":563,"height":149,"caption":"Regional Sul"},"image":{"@id":"https:\/\/www.fiemg.com.br\/regional-sul\/#\/schema\/logo\/image\/"}}]}},"_links":{"self":[{"href":"https:\/\/www.fiemg.com.br\/regional-sul\/wp-json\/wp\/v2\/noticias\/1544","targetHints":{"allow":["GET"]}}],"collection":[{"href":"https:\/\/www.fiemg.com.br\/regional-sul\/wp-json\/wp\/v2\/noticias"}],"about":[{"href":"https:\/\/www.fiemg.com.br\/regional-sul\/wp-json\/wp\/v2\/types\/noticias"}],"wp:featuredmedia":[{"embeddable":true,"href":"https:\/\/www.fiemg.com.br\/regional-sul\/wp-json\/wp\/v2\/media\/1583"}],"wp:attachment":[{"href":"https:\/\/www.fiemg.com.br\/regional-sul\/wp-json\/wp\/v2\/media?parent=1544"}],"wp:term":[{"taxonomy":"category","embeddable":true,"href":"https:\/\/www.fiemg.com.br\/regional-sul\/wp-json\/wp\/v2\/categories?post=1544"},{"taxonomy":"post_tag","embeddable":true,"href":"https:\/\/www.fiemg.com.br\/regional-sul\/wp-json\/wp\/v2\/tags?post=1544"}],"curies":[{"name":"wp","href":"https:\/\/api.w.org\/{rel}","templated":true}]}}