{"id":1699,"date":"2023-10-04T10:59:58","date_gmt":"2023-10-04T13:59:58","guid":{"rendered":"https:\/\/www.fiemg.com.br\/regional-sul\/noticias\/industria-mineira-cresce-28-em-agosto-aponta-fiemg\/"},"modified":"2023-10-05T08:32:33","modified_gmt":"2023-10-05T11:32:33","slug":"industria-mineira-cresce-28-em-agosto-aponta-fiemg","status":"publish","type":"noticias","link":"https:\/\/www.fiemg.com.br\/regional-sul\/noticias\/industria-mineira-cresce-28-em-agosto-aponta-fiemg\/","title":{"rendered":"Ind\u00fastria mineira cresce 2,8% em agosto, aponta pesquisa"},"content":{"rendered":"\n<p>A recente Pesquisa Indicadores Industriais divulgada pela FIEMG revelou um crescimento de 2,8% no faturamento e 0,6% nas horas trabalhadas na produ\u00e7\u00e3o em agosto, comparado a julho. O m\u00eas tamb\u00e9m foi marcado pelo aumento da massa salarial, impulsionado pelos pagamentos de participa\u00e7\u00f5es nos lucros e resultados.<\/p>\n\n\n\n<p>Contudo, agosto registrou a maior queda mensal no emprego do ano de 2023. Apesar desse rev\u00e9s, o acumulado anual at\u00e9 agora tem mostrado resultados promissores para a ind\u00fastria mineira. Essa positividade \u00e9 reflexo da normaliza\u00e7\u00e3o das cadeias globais de suprimentos, da resili\u00eancia do mercado de trabalho e das estrat\u00e9gias de sustenta\u00e7\u00e3o da renda adotadas pelo governo.<\/p>\n\n\n\n<p>Olhando para o futuro, o mercado de trabalho resiliente e a desacelera\u00e7\u00e3o inflacion\u00e1ria s\u00e3o fatores que continuam a impulsionar o consumo das fam\u00edlias. Entretanto, a pol\u00edtica monet\u00e1ria contracionista poder\u00e1 limitar a demanda por bens industriais que s\u00e3o mais dependentes de cr\u00e9dito.<\/p>\n\n\n\n<p><a href=\"https:\/\/www.fiemg.com.br\/wp-content\/uploads\/2023\/10\/Index_08_2023.pdf\">Leia a pesquisa na \u00edntegra clicando aqui<\/a><\/p>\n\n\n\n<p><\/p>\n\n\n\n<p><em>Ana Paula Motta<\/em><br><strong>Imprensa FIEMG<\/strong><\/p>\n","protected":false},"featured_media":1527,"template":"","categories":[],"tags":[],"class_list":["post-1699","noticias","type-noticias","status-publish","has-post-thumbnail","hentry"],"acf":[],"yoast_head":"<!-- This site is optimized with the Yoast SEO plugin v26.2 - https:\/\/yoast.com\/wordpress\/plugins\/seo\/ -->\n<title>Ind\u00fastria mineira cresce 2,8% em agosto, aponta pesquisa - Regional Sul<\/title>\n<meta name=\"robots\" content=\"index, follow, max-snippet:-1, max-image-preview:large, max-video-preview:-1\" \/>\n<link rel=\"canonical\" href=\"https:\/\/www.fiemg.com.br\/regional-sul\/noticias\/industria-mineira-cresce-28-em-agosto-aponta-fiemg\/\" \/>\n<meta property=\"og:locale\" content=\"pt_BR\" \/>\n<meta property=\"og:type\" content=\"article\" \/>\n<meta property=\"og:title\" content=\"Ind\u00fastria mineira cresce 2,8% em agosto, aponta pesquisa - Regional Sul\" \/>\n<meta property=\"og:description\" content=\"A recente Pesquisa Indicadores Industriais divulgada pela FIEMG revelou um crescimento de 2,8% no faturamento e 0,6% nas horas trabalhadas na produ\u00e7\u00e3o em agosto, comparado a julho. O m\u00eas tamb\u00e9m foi marcado pelo aumento da massa salarial, impulsionado pelos pagamentos de participa\u00e7\u00f5es nos lucros e resultados. Contudo, agosto registrou a maior queda mensal no emprego [&hellip;]\" \/>\n<meta property=\"og:url\" content=\"https:\/\/www.fiemg.com.br\/regional-sul\/noticias\/industria-mineira-cresce-28-em-agosto-aponta-fiemg\/\" \/>\n<meta property=\"og:site_name\" content=\"Regional Sul\" \/>\n<meta property=\"article:modified_time\" content=\"2023-10-05T11:32:33+00:00\" \/>\n<meta property=\"og:image\" content=\"https:\/\/www.fiemg.com.br\/regional-sul\/wp-content\/uploads\/sites\/20\/2023\/08\/default.png\" \/>\n\t<meta property=\"og:image:width\" content=\"300\" \/>\n\t<meta property=\"og:image:height\" content=\"300\" \/>\n\t<meta property=\"og:image:type\" content=\"image\/png\" \/>\n<meta name=\"twitter:card\" content=\"summary_large_image\" \/>\n<meta name=\"twitter:label1\" content=\"Est. tempo de leitura\" \/>\n\t<meta name=\"twitter:data1\" content=\"1 minuto\" \/>\n<script type=\"application\/ld+json\" class=\"yoast-schema-graph\">{\"@context\":\"https:\/\/schema.org\",\"@graph\":[{\"@type\":\"WebPage\",\"@id\":\"https:\/\/www.fiemg.com.br\/regional-sul\/noticias\/industria-mineira-cresce-28-em-agosto-aponta-fiemg\/\",\"url\":\"https:\/\/www.fiemg.com.br\/regional-sul\/noticias\/industria-mineira-cresce-28-em-agosto-aponta-fiemg\/\",\"name\":\"Ind\u00fastria mineira cresce 2,8% em agosto, aponta pesquisa - Regional Sul\",\"isPartOf\":{\"@id\":\"https:\/\/www.fiemg.com.br\/regional-sul\/#website\"},\"primaryImageOfPage\":{\"@id\":\"https:\/\/www.fiemg.com.br\/regional-sul\/noticias\/industria-mineira-cresce-28-em-agosto-aponta-fiemg\/#primaryimage\"},\"image\":{\"@id\":\"https:\/\/www.fiemg.com.br\/regional-sul\/noticias\/industria-mineira-cresce-28-em-agosto-aponta-fiemg\/#primaryimage\"},\"thumbnailUrl\":\"https:\/\/www.fiemg.com.br\/regional-sul\/wp-content\/uploads\/sites\/20\/2023\/08\/default.png\",\"datePublished\":\"2023-10-04T13:59:58+00:00\",\"dateModified\":\"2023-10-05T11:32:33+00:00\",\"breadcrumb\":{\"@id\":\"https:\/\/www.fiemg.com.br\/regional-sul\/noticias\/industria-mineira-cresce-28-em-agosto-aponta-fiemg\/#breadcrumb\"},\"inLanguage\":\"pt-BR\",\"potentialAction\":[{\"@type\":\"ReadAction\",\"target\":[\"https:\/\/www.fiemg.com.br\/regional-sul\/noticias\/industria-mineira-cresce-28-em-agosto-aponta-fiemg\/\"]}]},{\"@type\":\"ImageObject\",\"inLanguage\":\"pt-BR\",\"@id\":\"https:\/\/www.fiemg.com.br\/regional-sul\/noticias\/industria-mineira-cresce-28-em-agosto-aponta-fiemg\/#primaryimage\",\"url\":\"https:\/\/www.fiemg.com.br\/regional-sul\/wp-content\/uploads\/sites\/20\/2023\/08\/default.png\",\"contentUrl\":\"https:\/\/www.fiemg.com.br\/regional-sul\/wp-content\/uploads\/sites\/20\/2023\/08\/default.png\",\"width\":300,\"height\":300},{\"@type\":\"BreadcrumbList\",\"@id\":\"https:\/\/www.fiemg.com.br\/regional-sul\/noticias\/industria-mineira-cresce-28-em-agosto-aponta-fiemg\/#breadcrumb\",\"itemListElement\":[{\"@type\":\"ListItem\",\"position\":1,\"name\":\"In\u00edcio\",\"item\":\"https:\/\/www.fiemg.com.br\/regional-sul\/\"},{\"@type\":\"ListItem\",\"position\":2,\"name\":\"Ind\u00fastria mineira cresce 2,8% em agosto, aponta pesquisa\"}]},{\"@type\":\"WebSite\",\"@id\":\"https:\/\/www.fiemg.com.br\/regional-sul\/#website\",\"url\":\"https:\/\/www.fiemg.com.br\/regional-sul\/\",\"name\":\"Regional Sul\",\"description\":\"Federa\u00e7\u00e3o das Ind\u00fastrias do Estado de Minas Gerais\",\"publisher\":{\"@id\":\"https:\/\/www.fiemg.com.br\/regional-sul\/#organization\"},\"potentialAction\":[{\"@type\":\"SearchAction\",\"target\":{\"@type\":\"EntryPoint\",\"urlTemplate\":\"https:\/\/www.fiemg.com.br\/regional-sul\/?s={search_term_string}\"},\"query-input\":{\"@type\":\"PropertyValueSpecification\",\"valueRequired\":true,\"valueName\":\"search_term_string\"}}],\"inLanguage\":\"pt-BR\"},{\"@type\":\"Organization\",\"@id\":\"https:\/\/www.fiemg.com.br\/regional-sul\/#organization\",\"name\":\"Regional Sul\",\"url\":\"https:\/\/www.fiemg.com.br\/regional-sul\/\",\"logo\":{\"@type\":\"ImageObject\",\"inLanguage\":\"pt-BR\",\"@id\":\"https:\/\/www.fiemg.com.br\/regional-sul\/#\/schema\/logo\/image\/\",\"url\":\"https:\/\/www.fiemg.com.br\/regional-sul\/wp-content\/uploads\/sites\/20\/2023\/02\/Ativo-1.png\",\"contentUrl\":\"https:\/\/www.fiemg.com.br\/regional-sul\/wp-content\/uploads\/sites\/20\/2023\/02\/Ativo-1.png\",\"width\":563,\"height\":149,\"caption\":\"Regional Sul\"},\"image\":{\"@id\":\"https:\/\/www.fiemg.com.br\/regional-sul\/#\/schema\/logo\/image\/\"}}]}<\/script>\n<!-- \/ Yoast SEO plugin. -->","yoast_head_json":{"title":"Ind\u00fastria mineira cresce 2,8% em agosto, aponta pesquisa - Regional Sul","robots":{"index":"index","follow":"follow","max-snippet":"max-snippet:-1","max-image-preview":"max-image-preview:large","max-video-preview":"max-video-preview:-1"},"canonical":"https:\/\/www.fiemg.com.br\/regional-sul\/noticias\/industria-mineira-cresce-28-em-agosto-aponta-fiemg\/","og_locale":"pt_BR","og_type":"article","og_title":"Ind\u00fastria mineira cresce 2,8% em agosto, aponta pesquisa - Regional Sul","og_description":"A recente Pesquisa Indicadores Industriais divulgada pela FIEMG revelou um crescimento de 2,8% no faturamento e 0,6% nas horas trabalhadas na produ\u00e7\u00e3o em agosto, comparado a julho. O m\u00eas tamb\u00e9m foi marcado pelo aumento da massa salarial, impulsionado pelos pagamentos de participa\u00e7\u00f5es nos lucros e resultados. Contudo, agosto registrou a maior queda mensal no emprego [&hellip;]","og_url":"https:\/\/www.fiemg.com.br\/regional-sul\/noticias\/industria-mineira-cresce-28-em-agosto-aponta-fiemg\/","og_site_name":"Regional Sul","article_modified_time":"2023-10-05T11:32:33+00:00","og_image":[{"width":300,"height":300,"url":"https:\/\/www.fiemg.com.br\/regional-sul\/wp-content\/uploads\/sites\/20\/2023\/08\/default.png","type":"image\/png"}],"twitter_card":"summary_large_image","twitter_misc":{"Est. tempo de leitura":"1 minuto"},"schema":{"@context":"https:\/\/schema.org","@graph":[{"@type":"WebPage","@id":"https:\/\/www.fiemg.com.br\/regional-sul\/noticias\/industria-mineira-cresce-28-em-agosto-aponta-fiemg\/","url":"https:\/\/www.fiemg.com.br\/regional-sul\/noticias\/industria-mineira-cresce-28-em-agosto-aponta-fiemg\/","name":"Ind\u00fastria mineira cresce 2,8% em agosto, aponta pesquisa - Regional Sul","isPartOf":{"@id":"https:\/\/www.fiemg.com.br\/regional-sul\/#website"},"primaryImageOfPage":{"@id":"https:\/\/www.fiemg.com.br\/regional-sul\/noticias\/industria-mineira-cresce-28-em-agosto-aponta-fiemg\/#primaryimage"},"image":{"@id":"https:\/\/www.fiemg.com.br\/regional-sul\/noticias\/industria-mineira-cresce-28-em-agosto-aponta-fiemg\/#primaryimage"},"thumbnailUrl":"https:\/\/www.fiemg.com.br\/regional-sul\/wp-content\/uploads\/sites\/20\/2023\/08\/default.png","datePublished":"2023-10-04T13:59:58+00:00","dateModified":"2023-10-05T11:32:33+00:00","breadcrumb":{"@id":"https:\/\/www.fiemg.com.br\/regional-sul\/noticias\/industria-mineira-cresce-28-em-agosto-aponta-fiemg\/#breadcrumb"},"inLanguage":"pt-BR","potentialAction":[{"@type":"ReadAction","target":["https:\/\/www.fiemg.com.br\/regional-sul\/noticias\/industria-mineira-cresce-28-em-agosto-aponta-fiemg\/"]}]},{"@type":"ImageObject","inLanguage":"pt-BR","@id":"https:\/\/www.fiemg.com.br\/regional-sul\/noticias\/industria-mineira-cresce-28-em-agosto-aponta-fiemg\/#primaryimage","url":"https:\/\/www.fiemg.com.br\/regional-sul\/wp-content\/uploads\/sites\/20\/2023\/08\/default.png","contentUrl":"https:\/\/www.fiemg.com.br\/regional-sul\/wp-content\/uploads\/sites\/20\/2023\/08\/default.png","width":300,"height":300},{"@type":"BreadcrumbList","@id":"https:\/\/www.fiemg.com.br\/regional-sul\/noticias\/industria-mineira-cresce-28-em-agosto-aponta-fiemg\/#breadcrumb","itemListElement":[{"@type":"ListItem","position":1,"name":"In\u00edcio","item":"https:\/\/www.fiemg.com.br\/regional-sul\/"},{"@type":"ListItem","position":2,"name":"Ind\u00fastria mineira cresce 2,8% em agosto, aponta pesquisa"}]},{"@type":"WebSite","@id":"https:\/\/www.fiemg.com.br\/regional-sul\/#website","url":"https:\/\/www.fiemg.com.br\/regional-sul\/","name":"Regional Sul","description":"Federa\u00e7\u00e3o das Ind\u00fastrias do Estado de Minas Gerais","publisher":{"@id":"https:\/\/www.fiemg.com.br\/regional-sul\/#organization"},"potentialAction":[{"@type":"SearchAction","target":{"@type":"EntryPoint","urlTemplate":"https:\/\/www.fiemg.com.br\/regional-sul\/?s={search_term_string}"},"query-input":{"@type":"PropertyValueSpecification","valueRequired":true,"valueName":"search_term_string"}}],"inLanguage":"pt-BR"},{"@type":"Organization","@id":"https:\/\/www.fiemg.com.br\/regional-sul\/#organization","name":"Regional Sul","url":"https:\/\/www.fiemg.com.br\/regional-sul\/","logo":{"@type":"ImageObject","inLanguage":"pt-BR","@id":"https:\/\/www.fiemg.com.br\/regional-sul\/#\/schema\/logo\/image\/","url":"https:\/\/www.fiemg.com.br\/regional-sul\/wp-content\/uploads\/sites\/20\/2023\/02\/Ativo-1.png","contentUrl":"https:\/\/www.fiemg.com.br\/regional-sul\/wp-content\/uploads\/sites\/20\/2023\/02\/Ativo-1.png","width":563,"height":149,"caption":"Regional Sul"},"image":{"@id":"https:\/\/www.fiemg.com.br\/regional-sul\/#\/schema\/logo\/image\/"}}]}},"_links":{"self":[{"href":"https:\/\/www.fiemg.com.br\/regional-sul\/wp-json\/wp\/v2\/noticias\/1699","targetHints":{"allow":["GET"]}}],"collection":[{"href":"https:\/\/www.fiemg.com.br\/regional-sul\/wp-json\/wp\/v2\/noticias"}],"about":[{"href":"https:\/\/www.fiemg.com.br\/regional-sul\/wp-json\/wp\/v2\/types\/noticias"}],"wp:featuredmedia":[{"embeddable":true,"href":"https:\/\/www.fiemg.com.br\/regional-sul\/wp-json\/wp\/v2\/media\/1527"}],"wp:attachment":[{"href":"https:\/\/www.fiemg.com.br\/regional-sul\/wp-json\/wp\/v2\/media?parent=1699"}],"wp:term":[{"taxonomy":"category","embeddable":true,"href":"https:\/\/www.fiemg.com.br\/regional-sul\/wp-json\/wp\/v2\/categories?post=1699"},{"taxonomy":"post_tag","embeddable":true,"href":"https:\/\/www.fiemg.com.br\/regional-sul\/wp-json\/wp\/v2\/tags?post=1699"}],"curies":[{"name":"wp","href":"https:\/\/api.w.org\/{rel}","templated":true}]}}