{"id":1753,"date":"2023-10-27T17:00:21","date_gmt":"2023-10-27T20:00:21","guid":{"rendered":"https:\/\/www.fiemg.com.br\/regional-sul\/?post_type=noticias&#038;p=1753"},"modified":"2023-10-27T17:00:22","modified_gmt":"2023-10-27T20:00:22","slug":"mundo-senai-2023-uma-jornada-de-descobertas-e-crescimento-no-setor-industrial","status":"publish","type":"noticias","link":"https:\/\/www.fiemg.com.br\/regional-sul\/noticias\/mundo-senai-2023-uma-jornada-de-descobertas-e-crescimento-no-setor-industrial\/","title":{"rendered":"Mundo SENAI 2023: Uma Jornada de Descobertas e Crescimento no Setor Industrial"},"content":{"rendered":"\n<p>Nos dias 25 a 27 de outubro, as unidades do SENAI em todo o estado de Minas Gerais, abriram suas portas para o evento \u2018Mundo SENAI\u2019. Em Pouso Alegre, a unidade do SENAI CFP Orlando Chiarini, sediou um encontro que ofereceu uma experi\u00eancia \u00fanica para a comunidade, institui\u00e7\u00f5es de ensino, profissionais da ind\u00fastria e, \u00e9 claro, seus alunos. Durante esses tr\u00eas dias repletos de atividades e aprendizado, os participantes puderam mergulhar no mundo da inova\u00e7\u00e3o e tecnologia industrial, explorando o que o SENAI tem a oferecer.<\/p>\n\n\n\n<p>O Mundo SENAI \u00e9 um evento que tem como principal objetivo conectar as pessoas com as oportunidades do mercado de trabalho na ind\u00fastria, al\u00e9m de destacar o papel crucial do SENAI na forma\u00e7\u00e3o de profissionais capacitados e preparados para os desafios do setor. Com uma programa\u00e7\u00e3o diversificada e rica em conhecimento, os participantes tiveram a oportunidade de conhecer de perto as atividades que moldam o futuro da ind\u00fastria.<\/p>\n\n\n\n<p>A programa\u00e7\u00e3o da unidade SENAI Pouso Alegre foi especialmente elaborada para envolver os participantes em uma variedade de atividades emocionantes, incluindo:<\/p>\n\n\n\n<p><strong>Feira das Profiss\u00f5es:<\/strong> Os alunos do \u00f4mega apresentaram as profiss\u00f5es que est\u00e3o explorando, compartilhando seu entusiasmo e experi\u00eancia com os visitantes.<\/p>\n\n\n\n<p><strong>Projeto 4.0:<\/strong> Uma explora\u00e7\u00e3o do mundo da ind\u00fastria 4.0, apresentando as mais recentes tecnologias e tend\u00eancias em automa\u00e7\u00e3o e digitaliza\u00e7\u00e3o.<\/p>\n\n\n\n<p><strong>Palestras Inspiradoras:<\/strong> A palestra &#8220;Mundo do Trabalho&#8221; pela Empresa Crist\u00e1lia ofereceu insights valiosos sobre o mercado de trabalho, enquanto a palestra sobre &#8220;Sa\u00fade e Seguran\u00e7a&#8221; pelo Instrutor Jos\u00e9 Carlos Pompeu abordou quest\u00f5es cruciais na ind\u00fastria.<\/p>\n\n\n\n<p><strong>Atividades Pr\u00e1ticas:<\/strong> Os alunos tiveram a oportunidade de participar de atividades pr\u00e1ticas, como o mini curso de Ardu\u00edno e a competi\u00e7\u00e3o de carrinhos, desenvolvendo suas habilidades t\u00e9cnicas.<\/p>\n\n\n\n<p><strong>M\u00eddias Digitais:<\/strong> Uma palestra informativa sobre as m\u00eddias digitais e seu impacto na ind\u00fastria moderna.<\/p>\n\n\n\n<p><strong>Rob\u00f3tica e Inova\u00e7\u00e3o:<\/strong> Competi\u00e7\u00f5es de carrinhos e rob\u00f4s, bem como a programa\u00e7\u00e3o utilizando o Lego, mostraram o potencial criativo e tecnol\u00f3gico dos alunos.<\/p>\n\n\n\n<p><strong>Ind\u00fastria 4.0:<\/strong> Os alunos da UNA compartilharam sua perspectiva sobre as transforma\u00e7\u00f5es na ind\u00fastria e como se preparar para elas.<\/p>\n\n\n\n<p>Al\u00e9m da programa\u00e7\u00e3o na unidade de Pouso Alegre, o Mundo SENAI 2023 ofereceu uma experi\u00eancia ainda mais ampla, com op\u00e7\u00f5es presenciais e virtuais para todos os participantes. Os destaques inclu\u00edram:<\/p>\n\n\n\n<ul class=\"wp-block-list\">\n<li><strong>Explora\u00e7\u00e3o Virtual:<\/strong> Uma viagem interativa por 6 ambientes online, onde os visitantes puderam descobrir cursos inovadores e interagir com professores experientes.<\/li>\n\n\n\n<li><strong>Palestras Inspiradoras:<\/strong> Palestrantes de destaque compartilharam seus conhecimentos e insights sobre o mercado de trabalho.<\/li>\n\n\n\n<li><strong>Networking Poderoso:<\/strong> Uma oportunidade \u00fanica para fazer contatos com profissionais e empres\u00e1rios influentes, construindo redes de contatos valiosas para o futuro.<\/li>\n\n\n\n<li><strong>Experi\u00eancia Presencial:<\/strong> Para aqueles presentes no evento, atividades pr\u00e1ticas, workshops interativos e demonstra\u00e7\u00f5es tecnol\u00f3gicas proporcionaram uma imers\u00e3o completa na ind\u00fastria.<\/li>\n<\/ul>\n\n\n\n<p>O Mundo SENAI 2023 n\u00e3o \u00e9 apenas um evento, mas uma jornada de descobertas e crescimento. Com a oportunidade de desenvolver habilidades t\u00e9cnicas e pessoais, bem como de se destacar no mercado de trabalho, os participantes se tornaram os protagonistas de sua pr\u00f3pria trajet\u00f3ria profissional.<\/p>\n\n\n\n<p>Este evento \u00fanico proporcionou a chance de ser notado pelo mercado, fazer perguntas, compartilhar ideias e iniciar uma jornada que moldar\u00e1 o futuro. O Mundo SENAI 2023 \u00e9 um passaporte para um futuro brilhante, e todos os presentes puderam sentir o entusiasmo e a dedica\u00e7\u00e3o do SENAI em preparar os profissionais do futuro.<\/p>\n","protected":false},"featured_media":1754,"template":"","categories":[],"tags":[],"class_list":["post-1753","noticias","type-noticias","status-publish","has-post-thumbnail","hentry"],"acf":[],"yoast_head":"<!-- This site is optimized with the Yoast SEO plugin v26.2 - https:\/\/yoast.com\/wordpress\/plugins\/seo\/ -->\n<title>Mundo SENAI 2023: Uma Jornada de Descobertas e Crescimento no Setor Industrial - Regional Sul<\/title>\n<meta name=\"robots\" content=\"index, follow, max-snippet:-1, max-image-preview:large, max-video-preview:-1\" \/>\n<link rel=\"canonical\" href=\"https:\/\/www.fiemg.com.br\/regional-sul\/noticias\/mundo-senai-2023-uma-jornada-de-descobertas-e-crescimento-no-setor-industrial\/\" \/>\n<meta property=\"og:locale\" content=\"pt_BR\" \/>\n<meta property=\"og:type\" content=\"article\" \/>\n<meta property=\"og:title\" content=\"Mundo SENAI 2023: Uma Jornada de Descobertas e Crescimento no Setor Industrial - Regional Sul\" \/>\n<meta property=\"og:description\" content=\"Nos dias 25 a 27 de outubro, as unidades do SENAI em todo o estado de Minas Gerais, abriram suas portas para o evento \u2018Mundo SENAI\u2019. Em Pouso Alegre, a unidade do SENAI CFP Orlando Chiarini, sediou um encontro que ofereceu uma experi\u00eancia \u00fanica para a comunidade, institui\u00e7\u00f5es de ensino, profissionais da ind\u00fastria e, \u00e9 [&hellip;]\" \/>\n<meta property=\"og:url\" content=\"https:\/\/www.fiemg.com.br\/regional-sul\/noticias\/mundo-senai-2023-uma-jornada-de-descobertas-e-crescimento-no-setor-industrial\/\" \/>\n<meta property=\"og:site_name\" content=\"Regional Sul\" \/>\n<meta property=\"article:modified_time\" content=\"2023-10-27T20:00:22+00:00\" \/>\n<meta property=\"og:image\" content=\"https:\/\/www.fiemg.com.br\/regional-sul\/wp-content\/uploads\/sites\/20\/2023\/10\/381-5-scaled.jpg\" \/>\n\t<meta property=\"og:image:width\" content=\"2560\" \/>\n\t<meta property=\"og:image:height\" content=\"998\" \/>\n\t<meta property=\"og:image:type\" content=\"image\/jpeg\" \/>\n<meta name=\"twitter:card\" content=\"summary_large_image\" \/>\n<meta name=\"twitter:label1\" content=\"Est. tempo de leitura\" \/>\n\t<meta name=\"twitter:data1\" content=\"3 minutos\" \/>\n<script type=\"application\/ld+json\" class=\"yoast-schema-graph\">{\"@context\":\"https:\/\/schema.org\",\"@graph\":[{\"@type\":\"WebPage\",\"@id\":\"https:\/\/www.fiemg.com.br\/regional-sul\/noticias\/mundo-senai-2023-uma-jornada-de-descobertas-e-crescimento-no-setor-industrial\/\",\"url\":\"https:\/\/www.fiemg.com.br\/regional-sul\/noticias\/mundo-senai-2023-uma-jornada-de-descobertas-e-crescimento-no-setor-industrial\/\",\"name\":\"Mundo SENAI 2023: Uma Jornada de Descobertas e Crescimento no Setor Industrial - Regional Sul\",\"isPartOf\":{\"@id\":\"https:\/\/www.fiemg.com.br\/regional-sul\/#website\"},\"primaryImageOfPage\":{\"@id\":\"https:\/\/www.fiemg.com.br\/regional-sul\/noticias\/mundo-senai-2023-uma-jornada-de-descobertas-e-crescimento-no-setor-industrial\/#primaryimage\"},\"image\":{\"@id\":\"https:\/\/www.fiemg.com.br\/regional-sul\/noticias\/mundo-senai-2023-uma-jornada-de-descobertas-e-crescimento-no-setor-industrial\/#primaryimage\"},\"thumbnailUrl\":\"https:\/\/www.fiemg.com.br\/regional-sul\/wp-content\/uploads\/sites\/20\/2023\/10\/381-5-scaled.jpg\",\"datePublished\":\"2023-10-27T20:00:21+00:00\",\"dateModified\":\"2023-10-27T20:00:22+00:00\",\"breadcrumb\":{\"@id\":\"https:\/\/www.fiemg.com.br\/regional-sul\/noticias\/mundo-senai-2023-uma-jornada-de-descobertas-e-crescimento-no-setor-industrial\/#breadcrumb\"},\"inLanguage\":\"pt-BR\",\"potentialAction\":[{\"@type\":\"ReadAction\",\"target\":[\"https:\/\/www.fiemg.com.br\/regional-sul\/noticias\/mundo-senai-2023-uma-jornada-de-descobertas-e-crescimento-no-setor-industrial\/\"]}]},{\"@type\":\"ImageObject\",\"inLanguage\":\"pt-BR\",\"@id\":\"https:\/\/www.fiemg.com.br\/regional-sul\/noticias\/mundo-senai-2023-uma-jornada-de-descobertas-e-crescimento-no-setor-industrial\/#primaryimage\",\"url\":\"https:\/\/www.fiemg.com.br\/regional-sul\/wp-content\/uploads\/sites\/20\/2023\/10\/381-5-scaled.jpg\",\"contentUrl\":\"https:\/\/www.fiemg.com.br\/regional-sul\/wp-content\/uploads\/sites\/20\/2023\/10\/381-5-scaled.jpg\",\"width\":2560,\"height\":998},{\"@type\":\"BreadcrumbList\",\"@id\":\"https:\/\/www.fiemg.com.br\/regional-sul\/noticias\/mundo-senai-2023-uma-jornada-de-descobertas-e-crescimento-no-setor-industrial\/#breadcrumb\",\"itemListElement\":[{\"@type\":\"ListItem\",\"position\":1,\"name\":\"In\u00edcio\",\"item\":\"https:\/\/www.fiemg.com.br\/regional-sul\/\"},{\"@type\":\"ListItem\",\"position\":2,\"name\":\"Mundo SENAI 2023: Uma Jornada de Descobertas e Crescimento no Setor Industrial\"}]},{\"@type\":\"WebSite\",\"@id\":\"https:\/\/www.fiemg.com.br\/regional-sul\/#website\",\"url\":\"https:\/\/www.fiemg.com.br\/regional-sul\/\",\"name\":\"Regional Sul\",\"description\":\"Federa\u00e7\u00e3o das Ind\u00fastrias do Estado de Minas Gerais\",\"publisher\":{\"@id\":\"https:\/\/www.fiemg.com.br\/regional-sul\/#organization\"},\"potentialAction\":[{\"@type\":\"SearchAction\",\"target\":{\"@type\":\"EntryPoint\",\"urlTemplate\":\"https:\/\/www.fiemg.com.br\/regional-sul\/?s={search_term_string}\"},\"query-input\":{\"@type\":\"PropertyValueSpecification\",\"valueRequired\":true,\"valueName\":\"search_term_string\"}}],\"inLanguage\":\"pt-BR\"},{\"@type\":\"Organization\",\"@id\":\"https:\/\/www.fiemg.com.br\/regional-sul\/#organization\",\"name\":\"Regional Sul\",\"url\":\"https:\/\/www.fiemg.com.br\/regional-sul\/\",\"logo\":{\"@type\":\"ImageObject\",\"inLanguage\":\"pt-BR\",\"@id\":\"https:\/\/www.fiemg.com.br\/regional-sul\/#\/schema\/logo\/image\/\",\"url\":\"https:\/\/www.fiemg.com.br\/regional-sul\/wp-content\/uploads\/sites\/20\/2023\/02\/Ativo-1.png\",\"contentUrl\":\"https:\/\/www.fiemg.com.br\/regional-sul\/wp-content\/uploads\/sites\/20\/2023\/02\/Ativo-1.png\",\"width\":563,\"height\":149,\"caption\":\"Regional Sul\"},\"image\":{\"@id\":\"https:\/\/www.fiemg.com.br\/regional-sul\/#\/schema\/logo\/image\/\"}}]}<\/script>\n<!-- \/ Yoast SEO plugin. -->","yoast_head_json":{"title":"Mundo SENAI 2023: Uma Jornada de Descobertas e Crescimento no Setor Industrial - Regional Sul","robots":{"index":"index","follow":"follow","max-snippet":"max-snippet:-1","max-image-preview":"max-image-preview:large","max-video-preview":"max-video-preview:-1"},"canonical":"https:\/\/www.fiemg.com.br\/regional-sul\/noticias\/mundo-senai-2023-uma-jornada-de-descobertas-e-crescimento-no-setor-industrial\/","og_locale":"pt_BR","og_type":"article","og_title":"Mundo SENAI 2023: Uma Jornada de Descobertas e Crescimento no Setor Industrial - Regional Sul","og_description":"Nos dias 25 a 27 de outubro, as unidades do SENAI em todo o estado de Minas Gerais, abriram suas portas para o evento \u2018Mundo SENAI\u2019. Em Pouso Alegre, a unidade do SENAI CFP Orlando Chiarini, sediou um encontro que ofereceu uma experi\u00eancia \u00fanica para a comunidade, institui\u00e7\u00f5es de ensino, profissionais da ind\u00fastria e, \u00e9 [&hellip;]","og_url":"https:\/\/www.fiemg.com.br\/regional-sul\/noticias\/mundo-senai-2023-uma-jornada-de-descobertas-e-crescimento-no-setor-industrial\/","og_site_name":"Regional Sul","article_modified_time":"2023-10-27T20:00:22+00:00","og_image":[{"width":2560,"height":998,"url":"https:\/\/www.fiemg.com.br\/regional-sul\/wp-content\/uploads\/sites\/20\/2023\/10\/381-5-scaled.jpg","type":"image\/jpeg"}],"twitter_card":"summary_large_image","twitter_misc":{"Est. tempo de leitura":"3 minutos"},"schema":{"@context":"https:\/\/schema.org","@graph":[{"@type":"WebPage","@id":"https:\/\/www.fiemg.com.br\/regional-sul\/noticias\/mundo-senai-2023-uma-jornada-de-descobertas-e-crescimento-no-setor-industrial\/","url":"https:\/\/www.fiemg.com.br\/regional-sul\/noticias\/mundo-senai-2023-uma-jornada-de-descobertas-e-crescimento-no-setor-industrial\/","name":"Mundo SENAI 2023: Uma Jornada de Descobertas e Crescimento no Setor Industrial - Regional Sul","isPartOf":{"@id":"https:\/\/www.fiemg.com.br\/regional-sul\/#website"},"primaryImageOfPage":{"@id":"https:\/\/www.fiemg.com.br\/regional-sul\/noticias\/mundo-senai-2023-uma-jornada-de-descobertas-e-crescimento-no-setor-industrial\/#primaryimage"},"image":{"@id":"https:\/\/www.fiemg.com.br\/regional-sul\/noticias\/mundo-senai-2023-uma-jornada-de-descobertas-e-crescimento-no-setor-industrial\/#primaryimage"},"thumbnailUrl":"https:\/\/www.fiemg.com.br\/regional-sul\/wp-content\/uploads\/sites\/20\/2023\/10\/381-5-scaled.jpg","datePublished":"2023-10-27T20:00:21+00:00","dateModified":"2023-10-27T20:00:22+00:00","breadcrumb":{"@id":"https:\/\/www.fiemg.com.br\/regional-sul\/noticias\/mundo-senai-2023-uma-jornada-de-descobertas-e-crescimento-no-setor-industrial\/#breadcrumb"},"inLanguage":"pt-BR","potentialAction":[{"@type":"ReadAction","target":["https:\/\/www.fiemg.com.br\/regional-sul\/noticias\/mundo-senai-2023-uma-jornada-de-descobertas-e-crescimento-no-setor-industrial\/"]}]},{"@type":"ImageObject","inLanguage":"pt-BR","@id":"https:\/\/www.fiemg.com.br\/regional-sul\/noticias\/mundo-senai-2023-uma-jornada-de-descobertas-e-crescimento-no-setor-industrial\/#primaryimage","url":"https:\/\/www.fiemg.com.br\/regional-sul\/wp-content\/uploads\/sites\/20\/2023\/10\/381-5-scaled.jpg","contentUrl":"https:\/\/www.fiemg.com.br\/regional-sul\/wp-content\/uploads\/sites\/20\/2023\/10\/381-5-scaled.jpg","width":2560,"height":998},{"@type":"BreadcrumbList","@id":"https:\/\/www.fiemg.com.br\/regional-sul\/noticias\/mundo-senai-2023-uma-jornada-de-descobertas-e-crescimento-no-setor-industrial\/#breadcrumb","itemListElement":[{"@type":"ListItem","position":1,"name":"In\u00edcio","item":"https:\/\/www.fiemg.com.br\/regional-sul\/"},{"@type":"ListItem","position":2,"name":"Mundo SENAI 2023: Uma Jornada de Descobertas e Crescimento no Setor Industrial"}]},{"@type":"WebSite","@id":"https:\/\/www.fiemg.com.br\/regional-sul\/#website","url":"https:\/\/www.fiemg.com.br\/regional-sul\/","name":"Regional Sul","description":"Federa\u00e7\u00e3o das Ind\u00fastrias do Estado de Minas Gerais","publisher":{"@id":"https:\/\/www.fiemg.com.br\/regional-sul\/#organization"},"potentialAction":[{"@type":"SearchAction","target":{"@type":"EntryPoint","urlTemplate":"https:\/\/www.fiemg.com.br\/regional-sul\/?s={search_term_string}"},"query-input":{"@type":"PropertyValueSpecification","valueRequired":true,"valueName":"search_term_string"}}],"inLanguage":"pt-BR"},{"@type":"Organization","@id":"https:\/\/www.fiemg.com.br\/regional-sul\/#organization","name":"Regional Sul","url":"https:\/\/www.fiemg.com.br\/regional-sul\/","logo":{"@type":"ImageObject","inLanguage":"pt-BR","@id":"https:\/\/www.fiemg.com.br\/regional-sul\/#\/schema\/logo\/image\/","url":"https:\/\/www.fiemg.com.br\/regional-sul\/wp-content\/uploads\/sites\/20\/2023\/02\/Ativo-1.png","contentUrl":"https:\/\/www.fiemg.com.br\/regional-sul\/wp-content\/uploads\/sites\/20\/2023\/02\/Ativo-1.png","width":563,"height":149,"caption":"Regional Sul"},"image":{"@id":"https:\/\/www.fiemg.com.br\/regional-sul\/#\/schema\/logo\/image\/"}}]}},"_links":{"self":[{"href":"https:\/\/www.fiemg.com.br\/regional-sul\/wp-json\/wp\/v2\/noticias\/1753","targetHints":{"allow":["GET"]}}],"collection":[{"href":"https:\/\/www.fiemg.com.br\/regional-sul\/wp-json\/wp\/v2\/noticias"}],"about":[{"href":"https:\/\/www.fiemg.com.br\/regional-sul\/wp-json\/wp\/v2\/types\/noticias"}],"wp:featuredmedia":[{"embeddable":true,"href":"https:\/\/www.fiemg.com.br\/regional-sul\/wp-json\/wp\/v2\/media\/1754"}],"wp:attachment":[{"href":"https:\/\/www.fiemg.com.br\/regional-sul\/wp-json\/wp\/v2\/media?parent=1753"}],"wp:term":[{"taxonomy":"category","embeddable":true,"href":"https:\/\/www.fiemg.com.br\/regional-sul\/wp-json\/wp\/v2\/categories?post=1753"},{"taxonomy":"post_tag","embeddable":true,"href":"https:\/\/www.fiemg.com.br\/regional-sul\/wp-json\/wp\/v2\/tags?post=1753"}],"curies":[{"name":"wp","href":"https:\/\/api.w.org\/{rel}","templated":true}]}}