{"id":1802,"date":"2023-11-23T10:05:55","date_gmt":"2023-11-23T13:05:55","guid":{"rendered":"https:\/\/www.fiemg.com.br\/regional-sul\/?post_type=noticias&#038;p=1802"},"modified":"2023-11-23T10:05:57","modified_gmt":"2023-11-23T13:05:57","slug":"fiemg-regional-sul-celebra-o-investimento-da-midea-na-expansao-industrial","status":"publish","type":"noticias","link":"https:\/\/www.fiemg.com.br\/regional-sul\/noticias\/fiemg-regional-sul-celebra-o-investimento-da-midea-na-expansao-industrial\/","title":{"rendered":"FIEMG Regional Sul Celebra o Investimento da Midea na Expans\u00e3o Industrial"},"content":{"rendered":"\n<p>A FIEMG Regional Sul esteve presente no evento marcante realizado em 22 de novembro, no qual a renomada ind\u00fastria chinesa Midea apresentou seu projeto de constru\u00e7\u00e3o de uma nova f\u00e1brica de linha branca em Pouso Alegre, Minas Gerais.<\/p>\n\n\n\n<p>A cerim\u00f4nia contou com a participa\u00e7\u00e3o de autoridades municipais e estaduais, destacando a presen\u00e7a do Secret\u00e1rio de Desenvolvimento Econ\u00f4mico Estadual, Sr. Fernando Passalio, al\u00e9m de executivos da Midea.<\/p>\n\n\n\n<p>A empresa, conhecida por sua excel\u00eancia global em produtos de refrigera\u00e7\u00e3o, lavanderia, cozinha e eletroport\u00e1teis, lan\u00e7ou a pedra fundamental de sua nova planta em abril deste ano, \u00e0s margens da Rodovia Fern\u00e3o Dias. Inicialmente projetada para a fabrica\u00e7\u00e3o de refrigeradores, a empresa anunciou uma expans\u00e3o significativa ao incluir a produ\u00e7\u00e3o de lavadoras de roupas, totalizando um investimento impressionante de R$ 600 milh\u00f5es.<\/p>\n\n\n\n<p>O projeto tamb\u00e9m se destaca por sua contribui\u00e7\u00e3o \u00e0 gera\u00e7\u00e3o de empregos, com a previs\u00e3o de 500 postos de trabalho diretos no munic\u00edpio. Essa iniciativa n\u00e3o apenas fortalece a infraestrutura industrial local, mas tamb\u00e9m posiciona Pouso Alegre como um polo estrat\u00e9gico para a ind\u00fastria de linha branca.<\/p>\n\n\n\n<p>A constru\u00e7\u00e3o da planta da Midea no Sul de Minas Gerais faz parte de sua expans\u00e3o global, destacando o Brasil como um dos maiores mercados de linha branca do mundo e o maior da Am\u00e9rica Latina. A Midea tem como meta figurar entre os tr\u00eas principais players do segmento em at\u00e9 quatro anos.<\/p>\n\n\n\n<p>Esta ser\u00e1 a primeira unidade 100% pr\u00f3pria da Midea no Brasil, diferenciando-se das f\u00e1bricas de Manaus (Amazonas) e Canoas (Rio Grande do Sul), que s\u00e3o operadas pela Midea Carrier, uma joint venture com a Carrier. As opera\u00e7\u00f5es no Brasil iniciaram em 2011, e a empresa tamb\u00e9m mant\u00e9m uma planta na Argentina.<\/p>\n\n\n\n<p>Com mais de 1.500 funcion\u00e1rios no Brasil e 160 mil em todo o mundo, o grupo asi\u00e1tico Midea solidifica seu compromisso com o pa\u00eds, buscando impulsionar a economia local e contribuir para o desenvolvimento da ind\u00fastria brasileira.<\/p>\n\n\n\n<p>A FIEMG Regional Sul parabeniza a Midea por esse investimento significativo e reitera seu compromisso cont\u00ednuo em apoiar e fortalecer o desenvolvimento industrial na regi\u00e3o. O evento marca n\u00e3o apenas a expans\u00e3o dessa renomada empresa, mas tamb\u00e9m um marco para a ind\u00fastria mineira como um todo.<\/p>\n","protected":false},"featured_media":1803,"template":"","categories":[],"tags":[],"class_list":["post-1802","noticias","type-noticias","status-publish","has-post-thumbnail","hentry"],"acf":[],"yoast_head":"<!-- This site is optimized with the Yoast SEO plugin v26.2 - https:\/\/yoast.com\/wordpress\/plugins\/seo\/ -->\n<title>FIEMG Regional Sul Celebra o Investimento da Midea na Expans\u00e3o Industrial - Regional Sul<\/title>\n<meta name=\"robots\" content=\"index, follow, max-snippet:-1, max-image-preview:large, max-video-preview:-1\" \/>\n<link rel=\"canonical\" href=\"https:\/\/www.fiemg.com.br\/regional-sul\/noticias\/fiemg-regional-sul-celebra-o-investimento-da-midea-na-expansao-industrial\/\" \/>\n<meta property=\"og:locale\" content=\"pt_BR\" \/>\n<meta property=\"og:type\" content=\"article\" \/>\n<meta property=\"og:title\" content=\"FIEMG Regional Sul Celebra o Investimento da Midea na Expans\u00e3o Industrial - Regional Sul\" \/>\n<meta property=\"og:description\" content=\"A FIEMG Regional Sul esteve presente no evento marcante realizado em 22 de novembro, no qual a renomada ind\u00fastria chinesa Midea apresentou seu projeto de constru\u00e7\u00e3o de uma nova f\u00e1brica de linha branca em Pouso Alegre, Minas Gerais. A cerim\u00f4nia contou com a participa\u00e7\u00e3o de autoridades municipais e estaduais, destacando a presen\u00e7a do Secret\u00e1rio de [&hellip;]\" \/>\n<meta property=\"og:url\" content=\"https:\/\/www.fiemg.com.br\/regional-sul\/noticias\/fiemg-regional-sul-celebra-o-investimento-da-midea-na-expansao-industrial\/\" \/>\n<meta property=\"og:site_name\" content=\"Regional Sul\" \/>\n<meta property=\"article:modified_time\" content=\"2023-11-23T13:05:57+00:00\" \/>\n<meta property=\"og:image\" content=\"https:\/\/www.fiemg.com.br\/regional-sul\/wp-content\/uploads\/sites\/20\/2023\/11\/381-2-scaled.jpg\" \/>\n\t<meta property=\"og:image:width\" content=\"2560\" \/>\n\t<meta property=\"og:image:height\" content=\"998\" \/>\n\t<meta property=\"og:image:type\" content=\"image\/jpeg\" \/>\n<meta name=\"twitter:card\" content=\"summary_large_image\" \/>\n<meta name=\"twitter:label1\" content=\"Est. tempo de leitura\" \/>\n\t<meta name=\"twitter:data1\" content=\"2 minutos\" \/>\n<script type=\"application\/ld+json\" class=\"yoast-schema-graph\">{\"@context\":\"https:\/\/schema.org\",\"@graph\":[{\"@type\":\"WebPage\",\"@id\":\"https:\/\/www.fiemg.com.br\/regional-sul\/noticias\/fiemg-regional-sul-celebra-o-investimento-da-midea-na-expansao-industrial\/\",\"url\":\"https:\/\/www.fiemg.com.br\/regional-sul\/noticias\/fiemg-regional-sul-celebra-o-investimento-da-midea-na-expansao-industrial\/\",\"name\":\"FIEMG Regional Sul Celebra o Investimento da Midea na Expans\u00e3o Industrial - Regional Sul\",\"isPartOf\":{\"@id\":\"https:\/\/www.fiemg.com.br\/regional-sul\/#website\"},\"primaryImageOfPage\":{\"@id\":\"https:\/\/www.fiemg.com.br\/regional-sul\/noticias\/fiemg-regional-sul-celebra-o-investimento-da-midea-na-expansao-industrial\/#primaryimage\"},\"image\":{\"@id\":\"https:\/\/www.fiemg.com.br\/regional-sul\/noticias\/fiemg-regional-sul-celebra-o-investimento-da-midea-na-expansao-industrial\/#primaryimage\"},\"thumbnailUrl\":\"https:\/\/www.fiemg.com.br\/regional-sul\/wp-content\/uploads\/sites\/20\/2023\/11\/381-2-scaled.jpg\",\"datePublished\":\"2023-11-23T13:05:55+00:00\",\"dateModified\":\"2023-11-23T13:05:57+00:00\",\"breadcrumb\":{\"@id\":\"https:\/\/www.fiemg.com.br\/regional-sul\/noticias\/fiemg-regional-sul-celebra-o-investimento-da-midea-na-expansao-industrial\/#breadcrumb\"},\"inLanguage\":\"pt-BR\",\"potentialAction\":[{\"@type\":\"ReadAction\",\"target\":[\"https:\/\/www.fiemg.com.br\/regional-sul\/noticias\/fiemg-regional-sul-celebra-o-investimento-da-midea-na-expansao-industrial\/\"]}]},{\"@type\":\"ImageObject\",\"inLanguage\":\"pt-BR\",\"@id\":\"https:\/\/www.fiemg.com.br\/regional-sul\/noticias\/fiemg-regional-sul-celebra-o-investimento-da-midea-na-expansao-industrial\/#primaryimage\",\"url\":\"https:\/\/www.fiemg.com.br\/regional-sul\/wp-content\/uploads\/sites\/20\/2023\/11\/381-2-scaled.jpg\",\"contentUrl\":\"https:\/\/www.fiemg.com.br\/regional-sul\/wp-content\/uploads\/sites\/20\/2023\/11\/381-2-scaled.jpg\",\"width\":2560,\"height\":998},{\"@type\":\"BreadcrumbList\",\"@id\":\"https:\/\/www.fiemg.com.br\/regional-sul\/noticias\/fiemg-regional-sul-celebra-o-investimento-da-midea-na-expansao-industrial\/#breadcrumb\",\"itemListElement\":[{\"@type\":\"ListItem\",\"position\":1,\"name\":\"In\u00edcio\",\"item\":\"https:\/\/www.fiemg.com.br\/regional-sul\/\"},{\"@type\":\"ListItem\",\"position\":2,\"name\":\"FIEMG Regional Sul Celebra o Investimento da Midea na Expans\u00e3o Industrial\"}]},{\"@type\":\"WebSite\",\"@id\":\"https:\/\/www.fiemg.com.br\/regional-sul\/#website\",\"url\":\"https:\/\/www.fiemg.com.br\/regional-sul\/\",\"name\":\"Regional Sul\",\"description\":\"Federa\u00e7\u00e3o das Ind\u00fastrias do Estado de Minas Gerais\",\"publisher\":{\"@id\":\"https:\/\/www.fiemg.com.br\/regional-sul\/#organization\"},\"potentialAction\":[{\"@type\":\"SearchAction\",\"target\":{\"@type\":\"EntryPoint\",\"urlTemplate\":\"https:\/\/www.fiemg.com.br\/regional-sul\/?s={search_term_string}\"},\"query-input\":{\"@type\":\"PropertyValueSpecification\",\"valueRequired\":true,\"valueName\":\"search_term_string\"}}],\"inLanguage\":\"pt-BR\"},{\"@type\":\"Organization\",\"@id\":\"https:\/\/www.fiemg.com.br\/regional-sul\/#organization\",\"name\":\"Regional Sul\",\"url\":\"https:\/\/www.fiemg.com.br\/regional-sul\/\",\"logo\":{\"@type\":\"ImageObject\",\"inLanguage\":\"pt-BR\",\"@id\":\"https:\/\/www.fiemg.com.br\/regional-sul\/#\/schema\/logo\/image\/\",\"url\":\"https:\/\/www.fiemg.com.br\/regional-sul\/wp-content\/uploads\/sites\/20\/2023\/02\/Ativo-1.png\",\"contentUrl\":\"https:\/\/www.fiemg.com.br\/regional-sul\/wp-content\/uploads\/sites\/20\/2023\/02\/Ativo-1.png\",\"width\":563,\"height\":149,\"caption\":\"Regional Sul\"},\"image\":{\"@id\":\"https:\/\/www.fiemg.com.br\/regional-sul\/#\/schema\/logo\/image\/\"}}]}<\/script>\n<!-- \/ Yoast SEO plugin. -->","yoast_head_json":{"title":"FIEMG Regional Sul Celebra o Investimento da Midea na Expans\u00e3o Industrial - Regional Sul","robots":{"index":"index","follow":"follow","max-snippet":"max-snippet:-1","max-image-preview":"max-image-preview:large","max-video-preview":"max-video-preview:-1"},"canonical":"https:\/\/www.fiemg.com.br\/regional-sul\/noticias\/fiemg-regional-sul-celebra-o-investimento-da-midea-na-expansao-industrial\/","og_locale":"pt_BR","og_type":"article","og_title":"FIEMG Regional Sul Celebra o Investimento da Midea na Expans\u00e3o Industrial - Regional Sul","og_description":"A FIEMG Regional Sul esteve presente no evento marcante realizado em 22 de novembro, no qual a renomada ind\u00fastria chinesa Midea apresentou seu projeto de constru\u00e7\u00e3o de uma nova f\u00e1brica de linha branca em Pouso Alegre, Minas Gerais. A cerim\u00f4nia contou com a participa\u00e7\u00e3o de autoridades municipais e estaduais, destacando a presen\u00e7a do Secret\u00e1rio de [&hellip;]","og_url":"https:\/\/www.fiemg.com.br\/regional-sul\/noticias\/fiemg-regional-sul-celebra-o-investimento-da-midea-na-expansao-industrial\/","og_site_name":"Regional Sul","article_modified_time":"2023-11-23T13:05:57+00:00","og_image":[{"width":2560,"height":998,"url":"https:\/\/www.fiemg.com.br\/regional-sul\/wp-content\/uploads\/sites\/20\/2023\/11\/381-2-scaled.jpg","type":"image\/jpeg"}],"twitter_card":"summary_large_image","twitter_misc":{"Est. tempo de leitura":"2 minutos"},"schema":{"@context":"https:\/\/schema.org","@graph":[{"@type":"WebPage","@id":"https:\/\/www.fiemg.com.br\/regional-sul\/noticias\/fiemg-regional-sul-celebra-o-investimento-da-midea-na-expansao-industrial\/","url":"https:\/\/www.fiemg.com.br\/regional-sul\/noticias\/fiemg-regional-sul-celebra-o-investimento-da-midea-na-expansao-industrial\/","name":"FIEMG Regional Sul Celebra o Investimento da Midea na Expans\u00e3o Industrial - Regional Sul","isPartOf":{"@id":"https:\/\/www.fiemg.com.br\/regional-sul\/#website"},"primaryImageOfPage":{"@id":"https:\/\/www.fiemg.com.br\/regional-sul\/noticias\/fiemg-regional-sul-celebra-o-investimento-da-midea-na-expansao-industrial\/#primaryimage"},"image":{"@id":"https:\/\/www.fiemg.com.br\/regional-sul\/noticias\/fiemg-regional-sul-celebra-o-investimento-da-midea-na-expansao-industrial\/#primaryimage"},"thumbnailUrl":"https:\/\/www.fiemg.com.br\/regional-sul\/wp-content\/uploads\/sites\/20\/2023\/11\/381-2-scaled.jpg","datePublished":"2023-11-23T13:05:55+00:00","dateModified":"2023-11-23T13:05:57+00:00","breadcrumb":{"@id":"https:\/\/www.fiemg.com.br\/regional-sul\/noticias\/fiemg-regional-sul-celebra-o-investimento-da-midea-na-expansao-industrial\/#breadcrumb"},"inLanguage":"pt-BR","potentialAction":[{"@type":"ReadAction","target":["https:\/\/www.fiemg.com.br\/regional-sul\/noticias\/fiemg-regional-sul-celebra-o-investimento-da-midea-na-expansao-industrial\/"]}]},{"@type":"ImageObject","inLanguage":"pt-BR","@id":"https:\/\/www.fiemg.com.br\/regional-sul\/noticias\/fiemg-regional-sul-celebra-o-investimento-da-midea-na-expansao-industrial\/#primaryimage","url":"https:\/\/www.fiemg.com.br\/regional-sul\/wp-content\/uploads\/sites\/20\/2023\/11\/381-2-scaled.jpg","contentUrl":"https:\/\/www.fiemg.com.br\/regional-sul\/wp-content\/uploads\/sites\/20\/2023\/11\/381-2-scaled.jpg","width":2560,"height":998},{"@type":"BreadcrumbList","@id":"https:\/\/www.fiemg.com.br\/regional-sul\/noticias\/fiemg-regional-sul-celebra-o-investimento-da-midea-na-expansao-industrial\/#breadcrumb","itemListElement":[{"@type":"ListItem","position":1,"name":"In\u00edcio","item":"https:\/\/www.fiemg.com.br\/regional-sul\/"},{"@type":"ListItem","position":2,"name":"FIEMG Regional Sul Celebra o Investimento da Midea na Expans\u00e3o Industrial"}]},{"@type":"WebSite","@id":"https:\/\/www.fiemg.com.br\/regional-sul\/#website","url":"https:\/\/www.fiemg.com.br\/regional-sul\/","name":"Regional Sul","description":"Federa\u00e7\u00e3o das Ind\u00fastrias do Estado de Minas Gerais","publisher":{"@id":"https:\/\/www.fiemg.com.br\/regional-sul\/#organization"},"potentialAction":[{"@type":"SearchAction","target":{"@type":"EntryPoint","urlTemplate":"https:\/\/www.fiemg.com.br\/regional-sul\/?s={search_term_string}"},"query-input":{"@type":"PropertyValueSpecification","valueRequired":true,"valueName":"search_term_string"}}],"inLanguage":"pt-BR"},{"@type":"Organization","@id":"https:\/\/www.fiemg.com.br\/regional-sul\/#organization","name":"Regional Sul","url":"https:\/\/www.fiemg.com.br\/regional-sul\/","logo":{"@type":"ImageObject","inLanguage":"pt-BR","@id":"https:\/\/www.fiemg.com.br\/regional-sul\/#\/schema\/logo\/image\/","url":"https:\/\/www.fiemg.com.br\/regional-sul\/wp-content\/uploads\/sites\/20\/2023\/02\/Ativo-1.png","contentUrl":"https:\/\/www.fiemg.com.br\/regional-sul\/wp-content\/uploads\/sites\/20\/2023\/02\/Ativo-1.png","width":563,"height":149,"caption":"Regional Sul"},"image":{"@id":"https:\/\/www.fiemg.com.br\/regional-sul\/#\/schema\/logo\/image\/"}}]}},"_links":{"self":[{"href":"https:\/\/www.fiemg.com.br\/regional-sul\/wp-json\/wp\/v2\/noticias\/1802","targetHints":{"allow":["GET"]}}],"collection":[{"href":"https:\/\/www.fiemg.com.br\/regional-sul\/wp-json\/wp\/v2\/noticias"}],"about":[{"href":"https:\/\/www.fiemg.com.br\/regional-sul\/wp-json\/wp\/v2\/types\/noticias"}],"wp:featuredmedia":[{"embeddable":true,"href":"https:\/\/www.fiemg.com.br\/regional-sul\/wp-json\/wp\/v2\/media\/1803"}],"wp:attachment":[{"href":"https:\/\/www.fiemg.com.br\/regional-sul\/wp-json\/wp\/v2\/media?parent=1802"}],"wp:term":[{"taxonomy":"category","embeddable":true,"href":"https:\/\/www.fiemg.com.br\/regional-sul\/wp-json\/wp\/v2\/categories?post=1802"},{"taxonomy":"post_tag","embeddable":true,"href":"https:\/\/www.fiemg.com.br\/regional-sul\/wp-json\/wp\/v2\/tags?post=1802"}],"curies":[{"name":"wp","href":"https:\/\/api.w.org\/{rel}","templated":true}]}}