{"id":2291,"date":"2024-10-04T08:54:28","date_gmt":"2024-10-04T11:54:28","guid":{"rendered":"https:\/\/www.fiemg.com.br\/regional-sul\/?post_type=noticias&#038;p=2291"},"modified":"2024-10-04T08:54:29","modified_gmt":"2024-10-04T11:54:29","slug":"sindvinho-mg-participa-da-campanha-nacional-vinho-legal-contra-o-comercio-de-produtos-ilegais","status":"publish","type":"noticias","link":"https:\/\/www.fiemg.com.br\/regional-sul\/noticias\/sindvinho-mg-participa-da-campanha-nacional-vinho-legal-contra-o-comercio-de-produtos-ilegais\/","title":{"rendered":"SINDVINHO MG participa da campanha nacional &#8220;Vinho Legal&#8221; contra o com\u00e9rcio de produtos ilegais"},"content":{"rendered":"\n<p>A C\u00e2mara Setorial de Viticultura, Vinhos e Derivados, em parceria com entidades setoriais, incluindo o Sindicato da Ind\u00fastria do Vinho de Minas Gerais (SINDVINHO MG) e a Federa\u00e7\u00e3o das Ind\u00fastrias de Minas Gerais (FIEMG), lan\u00e7ou no dia 2 de outubro de 2024, a campanha &#8220;Vinho Legal&#8221;. A iniciativa visa conscientizar a popula\u00e7\u00e3o sobre os riscos \u00e0 sa\u00fade e os impactos econ\u00f4micos causados pelo consumo de vinhos sem proced\u00eancia. O lan\u00e7amento ocorreu durante o Simp\u00f3sio Internacional Vinho e Sa\u00fade, que aconteceu dentro da ProWine 2024, realizada de 01 a 03 de outubro no Expo Center Norte, em S\u00e3o Paulo.<\/p>\n\n\n\n<p>O Simp\u00f3sio discutiu temas de grande relev\u00e2ncia, como \u201cDo cora\u00e7\u00e3o ao intestino: D\u00e9cadas de pesquisa e aprendizado\u201d, \u201cVino y Salud\u201d, \u201cCen\u00e1rios sobre o consumo do vinho\u201d, \u201cControv\u00e9rsia em vinho e sa\u00fade\u201d, \u201cConsumo de vinho e obesidade\u201d e \u201cO consumo do vinho no mundo sob a vis\u00e3o da OIV\u201d. Esses debates enriqueceram o entendimento sobre os benef\u00edcios e controv\u00e9rsias do vinho em rela\u00e7\u00e3o \u00e0 sa\u00fade.<\/p>\n\n\n\n<p>Gra\u00e7as ao apoio do SINDVINHO MG e do SEBRAE Minas, importantes vin\u00edcolas mineiras, como Casa Geraldo, Barbara Eliodora, Estrada Real e Pioli, participaram do evento, demonstrando a for\u00e7a e o potencial da ind\u00fastria vin\u00edcola de Minas Gerais, tanto no mercado nacional quanto internacional. A presen\u00e7a dessas vin\u00edcolas foi fruto da parceria entre as duas entidades, que t\u00eam unido esfor\u00e7os para promover o desenvolvimento do setor.<\/p>\n\n\n\n<p>O evento contou com a presen\u00e7a do Subsecret\u00e1rio de Liberdade Econ\u00f4mica e Empreendedorismo, Tenente Rodrigo Sampaio Melo, e de Petterson Menezes Tonini, da Superintend\u00eancia de Pol\u00edticas do Turismo e Gastronomia da Subsecretaria de Turismo de Minas Gerais, que prestigiaram as vin\u00edcolas mineiras durante a feira, refor\u00e7ando o compromisso com o desenvolvimento do setor vin\u00edcola e a promo\u00e7\u00e3o de Minas Gerais como um importante destino tur\u00edstico e gastron\u00f4mico.<\/p>\n\n\n\n<p><strong>A Campanha \u2018Vinho Legal\u2019<\/strong><\/p>\n\n\n\n<p>Nos \u00faltimos anos, o Brasil tem registrado um aumento alarmante nas apreens\u00f5es de vinhos ilegais. Em 2018, foram confiscadas 45.805 garrafas, avaliadas em R$ 4,1 milh\u00f5es. Esse n\u00famero subiu para 627.961 garrafas em 2023, com um valor estimado de R$ 59,65 milh\u00f5es, demonstrando a magnitude do problema. Os dados s\u00e3o da Receita Federal.<\/p>\n\n\n\n<p>Apreens\u00e3o de vinhos no Brasil:<\/p>\n\n\n\n<ul class=\"wp-block-list\">\n<li>2018: 45.805 garrafas, R$ 4,1 milh\u00f5es<\/li>\n\n\n\n<li>2019: 87.575 garrafas, R$ 7,8 milh\u00f5es<\/li>\n\n\n\n<li>2020: 280.044 garrafas, R$ 24,96 milh\u00f5es<\/li>\n\n\n\n<li>2021: 595.239 garrafas, R$ 62,1 milh\u00f5es<\/li>\n\n\n\n<li>2022: 602.169 garrafas, R$ 57,2 milh\u00f5es<\/li>\n\n\n\n<li>2023: 627.961 garrafas, R$ 59,65 milh\u00f5es<\/li>\n<\/ul>\n\n\n\n<p>O SINDVINHO MG, membro da C\u00e2mara Setorial da Cadeia Produtiva da Viticultura, Vinhos e Derivados, vinculada ao Minist\u00e9rio da Agricultura, Pecu\u00e1ria e Abastecimento, tem desempenhado papel fundamental no desenvolvimento dessa campanha. A presidente do sindicato, Helo\u00edsa Bertoli, que tamb\u00e9m preside a C\u00e2mara Setorial, esteve diretamente envolvida no grupo de trabalho que elaborou as estrat\u00e9gias para o movimento, refor\u00e7ando a import\u00e2ncia de promover a valoriza\u00e7\u00e3o dos vinhos de origem garantida.<\/p>\n\n\n\n<p><em>&#8220;O combate ao mercado ilegal de vinhos \u00e9 uma prioridade que vai al\u00e9m dos interesses econ\u00f4micos do setor vitivin\u00edcola. Trata-se de uma quest\u00e3o de responsabilidade social e de prote\u00e7\u00e3o \u00e0 sa\u00fade do consumidor. Precisamos conscientizar a popula\u00e7\u00e3o sobre os riscos associados ao consumo de vinhos de proced\u00eancia n\u00e3o garantida e incentivar uma cultura de valoriza\u00e7\u00e3o da produ\u00e7\u00e3o legal, que segue as boas pr\u00e1ticas de elabora\u00e7\u00e3o de vinhos de qualidade. Com a uni\u00e3o das principais entidades do setor, estamos dando um passo importante para fortalecer a rastreabilidade e assegurar a autenticidade dos produtos que chegam \u00e0s mesas dos brasileiros\u201d<\/em>, refor\u00e7a Heloisa Bertoli.<\/p>\n\n\n\n<p>As principais portas de entrada para esses produtos ilegais s\u00e3o as fronteiras secas na Regi\u00e3o Sul do pa\u00eds. A n\u00e3o arrecada\u00e7\u00e3o de impostos gera uma evas\u00e3o fiscal superior a R$ 1 bilh\u00e3o, impactando negativamente a economia e contribuindo para a viol\u00eancia. Al\u00e9m dos preju\u00edzos econ\u00f4micos, o consumo de vinhos ilegais pode representar s\u00e9rios riscos \u00e0 sa\u00fade, j\u00e1 que esses produtos n\u00e3o passam por controle de qualidade ou an\u00e1lises do Minist\u00e9rio da Agricultura e Pecu\u00e1ria (Mapa).<\/p>\n\n\n\n<p><strong>Como detectar a fraude?<\/strong><\/p>\n\n\n\n<p>Produtos estrangeiros devem conter, entre outras informa\u00e7\u00f5es, o contrarr\u00f3tulo em portugu\u00eas, conforme lei federal, o n\u00famero do registro do Minist\u00e9rio da Agricultura e dados do importador e exportador. Se o vinho tiver contrarr\u00f3tulo em l\u00edngua estrangeira, n\u00e3o foi importado legalmente. Analiticamente, m\u00e9todos como cromatografia l\u00edquida e gasosa, an\u00e1lise de is\u00f3topos est\u00e1veis e resson\u00e2ncia magn\u00e9tica nuclear s\u00e3o usados para detec\u00e7\u00e3o de fraudes. Adultera\u00e7\u00f5es como a adi\u00e7\u00e3o de fermentados de outras frutas, a\u00e7\u00facar ou \u00e1gua ex\u00f3gena n\u00e3o geram riscos \u00e0 sa\u00fade, mas enganam o consumidor sobre a composi\u00e7\u00e3o do produto. Este tipo de adultera\u00e7\u00e3o \u00e9 detectado por m\u00e9todos anal\u00edticos oficiais do Mapa e da Organiza\u00e7\u00e3o Internacional da Vinha e do Vinho (OIV).<\/p>\n\n\n\n<p><strong>Como denunciar?<\/strong><\/p>\n\n\n\n<p>Caso voc\u00ea encontre produtos ilegais sendo comercializados, o consumidor pode fazer uma den\u00fancia ao Minist\u00e9rio da Agricultura, Pecu\u00e1ria e Abastecimento (Mapa), respons\u00e1vel pelo controle de bebidas em n\u00edvel nacional. As den\u00fancias podem ser feitas por meio da Ouvidoria do Mapa ou em qualquer uma de suas superintend\u00eancias regionais. Al\u00e9m disso, \u00e9 poss\u00edvel denunciar em uma unidade da Receita Federal, que tem a atribui\u00e7\u00e3o legal de aplicar penalidades, como o perdimento, para mercadorias que entraram irregularmente no pa\u00eds. Tamb\u00e9m \u00e9 poss\u00edvel registrar den\u00fancias por meio do Fala.br, <a href=\"https:\/\/falabr.cgu.gov.br\/web\/home\">neste link<\/a>.<\/p>\n\n\n\n<p>Entre as entidades apoiadoras, destacam-se a Confedera\u00e7\u00e3o da Agricultura e Pecu\u00e1ria do Brasil (CNA), o Instituto de Desenvolvimento Econ\u00f4mico e Social de Fronteiras (Idesf), al\u00e9m de sindicatos de vinhos de diversos estados brasileiros e associa\u00e7\u00f5es ligadas \u00e0 enologia e ao setor de bebidas. A uni\u00e3o dessas entidades \u00e9 crucial para fortalecer o combate ao contrabando, descaminho e falsifica\u00e7\u00e3o de vinhos, que n\u00e3o apenas prejudicam a economia nacional, mas tamb\u00e9m representam s\u00e9rios riscos \u00e0 sa\u00fade p\u00fablica.<\/p>\n\n\n\n<p>Essa campanha \u00e9 um importante passo para garantir que os consumidores possam escolher produtos que respeitam os padr\u00f5es de qualidade e seguran\u00e7a exigidos pela legisla\u00e7\u00e3o brasileira, promovendo uma cultura de responsabilidade e respeito ao setor vitivin\u00edcola legalizado.<\/p>\n\n\n\n<p><\/p>\n\n\n\n<p>Fonte: Sublinha Comunica\u00e7\u00e3o<\/p>\n","protected":false},"featured_media":2307,"template":"","categories":[],"tags":[],"class_list":["post-2291","noticias","type-noticias","status-publish","has-post-thumbnail","hentry"],"acf":[],"yoast_head":"<!-- This site is optimized with the Yoast SEO plugin v26.2 - https:\/\/yoast.com\/wordpress\/plugins\/seo\/ -->\n<title>SINDVINHO MG participa da campanha nacional &quot;Vinho Legal&quot; contra o com\u00e9rcio de produtos ilegais - Regional Sul<\/title>\n<meta name=\"robots\" content=\"index, follow, max-snippet:-1, max-image-preview:large, max-video-preview:-1\" \/>\n<link rel=\"canonical\" href=\"https:\/\/www.fiemg.com.br\/regional-sul\/noticias\/sindvinho-mg-participa-da-campanha-nacional-vinho-legal-contra-o-comercio-de-produtos-ilegais\/\" \/>\n<meta property=\"og:locale\" content=\"pt_BR\" \/>\n<meta property=\"og:type\" content=\"article\" \/>\n<meta property=\"og:title\" content=\"SINDVINHO MG participa da campanha nacional &quot;Vinho Legal&quot; contra o com\u00e9rcio de produtos ilegais - Regional Sul\" \/>\n<meta property=\"og:description\" content=\"A C\u00e2mara Setorial de Viticultura, Vinhos e Derivados, em parceria com entidades setoriais, incluindo o Sindicato da Ind\u00fastria do Vinho de Minas Gerais (SINDVINHO MG) e a Federa\u00e7\u00e3o das Ind\u00fastrias de Minas Gerais (FIEMG), lan\u00e7ou no dia 2 de outubro de 2024, a campanha &#8220;Vinho Legal&#8221;. A iniciativa visa conscientizar a popula\u00e7\u00e3o sobre os riscos [&hellip;]\" \/>\n<meta property=\"og:url\" content=\"https:\/\/www.fiemg.com.br\/regional-sul\/noticias\/sindvinho-mg-participa-da-campanha-nacional-vinho-legal-contra-o-comercio-de-produtos-ilegais\/\" \/>\n<meta property=\"og:site_name\" content=\"Regional Sul\" \/>\n<meta property=\"article:modified_time\" content=\"2024-10-04T11:54:29+00:00\" \/>\n<meta property=\"og:image\" content=\"https:\/\/www.fiemg.com.br\/regional-sul\/wp-content\/uploads\/sites\/20\/2024\/10\/WhatsApp-Image-2024-10-03-at-10.10.42-1.jpeg\" \/>\n\t<meta property=\"og:image:width\" content=\"1280\" \/>\n\t<meta property=\"og:image:height\" content=\"960\" \/>\n\t<meta property=\"og:image:type\" content=\"image\/jpeg\" \/>\n<meta name=\"twitter:card\" content=\"summary_large_image\" \/>\n<meta name=\"twitter:label1\" content=\"Est. tempo de leitura\" \/>\n\t<meta name=\"twitter:data1\" content=\"6 minutos\" \/>\n<script type=\"application\/ld+json\" class=\"yoast-schema-graph\">{\"@context\":\"https:\/\/schema.org\",\"@graph\":[{\"@type\":\"WebPage\",\"@id\":\"https:\/\/www.fiemg.com.br\/regional-sul\/noticias\/sindvinho-mg-participa-da-campanha-nacional-vinho-legal-contra-o-comercio-de-produtos-ilegais\/\",\"url\":\"https:\/\/www.fiemg.com.br\/regional-sul\/noticias\/sindvinho-mg-participa-da-campanha-nacional-vinho-legal-contra-o-comercio-de-produtos-ilegais\/\",\"name\":\"SINDVINHO MG participa da campanha nacional \\\"Vinho Legal\\\" contra o com\u00e9rcio de produtos ilegais - Regional Sul\",\"isPartOf\":{\"@id\":\"https:\/\/www.fiemg.com.br\/regional-sul\/#website\"},\"primaryImageOfPage\":{\"@id\":\"https:\/\/www.fiemg.com.br\/regional-sul\/noticias\/sindvinho-mg-participa-da-campanha-nacional-vinho-legal-contra-o-comercio-de-produtos-ilegais\/#primaryimage\"},\"image\":{\"@id\":\"https:\/\/www.fiemg.com.br\/regional-sul\/noticias\/sindvinho-mg-participa-da-campanha-nacional-vinho-legal-contra-o-comercio-de-produtos-ilegais\/#primaryimage\"},\"thumbnailUrl\":\"https:\/\/www.fiemg.com.br\/regional-sul\/wp-content\/uploads\/sites\/20\/2024\/10\/WhatsApp-Image-2024-10-03-at-10.10.42-1.jpeg\",\"datePublished\":\"2024-10-04T11:54:28+00:00\",\"dateModified\":\"2024-10-04T11:54:29+00:00\",\"breadcrumb\":{\"@id\":\"https:\/\/www.fiemg.com.br\/regional-sul\/noticias\/sindvinho-mg-participa-da-campanha-nacional-vinho-legal-contra-o-comercio-de-produtos-ilegais\/#breadcrumb\"},\"inLanguage\":\"pt-BR\",\"potentialAction\":[{\"@type\":\"ReadAction\",\"target\":[\"https:\/\/www.fiemg.com.br\/regional-sul\/noticias\/sindvinho-mg-participa-da-campanha-nacional-vinho-legal-contra-o-comercio-de-produtos-ilegais\/\"]}]},{\"@type\":\"ImageObject\",\"inLanguage\":\"pt-BR\",\"@id\":\"https:\/\/www.fiemg.com.br\/regional-sul\/noticias\/sindvinho-mg-participa-da-campanha-nacional-vinho-legal-contra-o-comercio-de-produtos-ilegais\/#primaryimage\",\"url\":\"https:\/\/www.fiemg.com.br\/regional-sul\/wp-content\/uploads\/sites\/20\/2024\/10\/WhatsApp-Image-2024-10-03-at-10.10.42-1.jpeg\",\"contentUrl\":\"https:\/\/www.fiemg.com.br\/regional-sul\/wp-content\/uploads\/sites\/20\/2024\/10\/WhatsApp-Image-2024-10-03-at-10.10.42-1.jpeg\",\"width\":1280,\"height\":960},{\"@type\":\"BreadcrumbList\",\"@id\":\"https:\/\/www.fiemg.com.br\/regional-sul\/noticias\/sindvinho-mg-participa-da-campanha-nacional-vinho-legal-contra-o-comercio-de-produtos-ilegais\/#breadcrumb\",\"itemListElement\":[{\"@type\":\"ListItem\",\"position\":1,\"name\":\"In\u00edcio\",\"item\":\"https:\/\/www.fiemg.com.br\/regional-sul\/\"},{\"@type\":\"ListItem\",\"position\":2,\"name\":\"SINDVINHO MG participa da campanha nacional &#8220;Vinho Legal&#8221; contra o com\u00e9rcio de produtos ilegais\"}]},{\"@type\":\"WebSite\",\"@id\":\"https:\/\/www.fiemg.com.br\/regional-sul\/#website\",\"url\":\"https:\/\/www.fiemg.com.br\/regional-sul\/\",\"name\":\"Regional Sul\",\"description\":\"Federa\u00e7\u00e3o das Ind\u00fastrias do Estado de Minas Gerais\",\"publisher\":{\"@id\":\"https:\/\/www.fiemg.com.br\/regional-sul\/#organization\"},\"potentialAction\":[{\"@type\":\"SearchAction\",\"target\":{\"@type\":\"EntryPoint\",\"urlTemplate\":\"https:\/\/www.fiemg.com.br\/regional-sul\/?s={search_term_string}\"},\"query-input\":{\"@type\":\"PropertyValueSpecification\",\"valueRequired\":true,\"valueName\":\"search_term_string\"}}],\"inLanguage\":\"pt-BR\"},{\"@type\":\"Organization\",\"@id\":\"https:\/\/www.fiemg.com.br\/regional-sul\/#organization\",\"name\":\"Regional Sul\",\"url\":\"https:\/\/www.fiemg.com.br\/regional-sul\/\",\"logo\":{\"@type\":\"ImageObject\",\"inLanguage\":\"pt-BR\",\"@id\":\"https:\/\/www.fiemg.com.br\/regional-sul\/#\/schema\/logo\/image\/\",\"url\":\"https:\/\/www.fiemg.com.br\/regional-sul\/wp-content\/uploads\/sites\/20\/2023\/02\/Ativo-1.png\",\"contentUrl\":\"https:\/\/www.fiemg.com.br\/regional-sul\/wp-content\/uploads\/sites\/20\/2023\/02\/Ativo-1.png\",\"width\":563,\"height\":149,\"caption\":\"Regional Sul\"},\"image\":{\"@id\":\"https:\/\/www.fiemg.com.br\/regional-sul\/#\/schema\/logo\/image\/\"}}]}<\/script>\n<!-- \/ Yoast SEO plugin. -->","yoast_head_json":{"title":"SINDVINHO MG participa da campanha nacional \"Vinho Legal\" contra o com\u00e9rcio de produtos ilegais - Regional Sul","robots":{"index":"index","follow":"follow","max-snippet":"max-snippet:-1","max-image-preview":"max-image-preview:large","max-video-preview":"max-video-preview:-1"},"canonical":"https:\/\/www.fiemg.com.br\/regional-sul\/noticias\/sindvinho-mg-participa-da-campanha-nacional-vinho-legal-contra-o-comercio-de-produtos-ilegais\/","og_locale":"pt_BR","og_type":"article","og_title":"SINDVINHO MG participa da campanha nacional \"Vinho Legal\" contra o com\u00e9rcio de produtos ilegais - Regional Sul","og_description":"A C\u00e2mara Setorial de Viticultura, Vinhos e Derivados, em parceria com entidades setoriais, incluindo o Sindicato da Ind\u00fastria do Vinho de Minas Gerais (SINDVINHO MG) e a Federa\u00e7\u00e3o das Ind\u00fastrias de Minas Gerais (FIEMG), lan\u00e7ou no dia 2 de outubro de 2024, a campanha &#8220;Vinho Legal&#8221;. A iniciativa visa conscientizar a popula\u00e7\u00e3o sobre os riscos [&hellip;]","og_url":"https:\/\/www.fiemg.com.br\/regional-sul\/noticias\/sindvinho-mg-participa-da-campanha-nacional-vinho-legal-contra-o-comercio-de-produtos-ilegais\/","og_site_name":"Regional Sul","article_modified_time":"2024-10-04T11:54:29+00:00","og_image":[{"width":1280,"height":960,"url":"https:\/\/www.fiemg.com.br\/regional-sul\/wp-content\/uploads\/sites\/20\/2024\/10\/WhatsApp-Image-2024-10-03-at-10.10.42-1.jpeg","type":"image\/jpeg"}],"twitter_card":"summary_large_image","twitter_misc":{"Est. tempo de leitura":"6 minutos"},"schema":{"@context":"https:\/\/schema.org","@graph":[{"@type":"WebPage","@id":"https:\/\/www.fiemg.com.br\/regional-sul\/noticias\/sindvinho-mg-participa-da-campanha-nacional-vinho-legal-contra-o-comercio-de-produtos-ilegais\/","url":"https:\/\/www.fiemg.com.br\/regional-sul\/noticias\/sindvinho-mg-participa-da-campanha-nacional-vinho-legal-contra-o-comercio-de-produtos-ilegais\/","name":"SINDVINHO MG participa da campanha nacional \"Vinho Legal\" contra o com\u00e9rcio de produtos ilegais - Regional Sul","isPartOf":{"@id":"https:\/\/www.fiemg.com.br\/regional-sul\/#website"},"primaryImageOfPage":{"@id":"https:\/\/www.fiemg.com.br\/regional-sul\/noticias\/sindvinho-mg-participa-da-campanha-nacional-vinho-legal-contra-o-comercio-de-produtos-ilegais\/#primaryimage"},"image":{"@id":"https:\/\/www.fiemg.com.br\/regional-sul\/noticias\/sindvinho-mg-participa-da-campanha-nacional-vinho-legal-contra-o-comercio-de-produtos-ilegais\/#primaryimage"},"thumbnailUrl":"https:\/\/www.fiemg.com.br\/regional-sul\/wp-content\/uploads\/sites\/20\/2024\/10\/WhatsApp-Image-2024-10-03-at-10.10.42-1.jpeg","datePublished":"2024-10-04T11:54:28+00:00","dateModified":"2024-10-04T11:54:29+00:00","breadcrumb":{"@id":"https:\/\/www.fiemg.com.br\/regional-sul\/noticias\/sindvinho-mg-participa-da-campanha-nacional-vinho-legal-contra-o-comercio-de-produtos-ilegais\/#breadcrumb"},"inLanguage":"pt-BR","potentialAction":[{"@type":"ReadAction","target":["https:\/\/www.fiemg.com.br\/regional-sul\/noticias\/sindvinho-mg-participa-da-campanha-nacional-vinho-legal-contra-o-comercio-de-produtos-ilegais\/"]}]},{"@type":"ImageObject","inLanguage":"pt-BR","@id":"https:\/\/www.fiemg.com.br\/regional-sul\/noticias\/sindvinho-mg-participa-da-campanha-nacional-vinho-legal-contra-o-comercio-de-produtos-ilegais\/#primaryimage","url":"https:\/\/www.fiemg.com.br\/regional-sul\/wp-content\/uploads\/sites\/20\/2024\/10\/WhatsApp-Image-2024-10-03-at-10.10.42-1.jpeg","contentUrl":"https:\/\/www.fiemg.com.br\/regional-sul\/wp-content\/uploads\/sites\/20\/2024\/10\/WhatsApp-Image-2024-10-03-at-10.10.42-1.jpeg","width":1280,"height":960},{"@type":"BreadcrumbList","@id":"https:\/\/www.fiemg.com.br\/regional-sul\/noticias\/sindvinho-mg-participa-da-campanha-nacional-vinho-legal-contra-o-comercio-de-produtos-ilegais\/#breadcrumb","itemListElement":[{"@type":"ListItem","position":1,"name":"In\u00edcio","item":"https:\/\/www.fiemg.com.br\/regional-sul\/"},{"@type":"ListItem","position":2,"name":"SINDVINHO MG participa da campanha nacional &#8220;Vinho Legal&#8221; contra o com\u00e9rcio de produtos ilegais"}]},{"@type":"WebSite","@id":"https:\/\/www.fiemg.com.br\/regional-sul\/#website","url":"https:\/\/www.fiemg.com.br\/regional-sul\/","name":"Regional Sul","description":"Federa\u00e7\u00e3o das Ind\u00fastrias do Estado de Minas Gerais","publisher":{"@id":"https:\/\/www.fiemg.com.br\/regional-sul\/#organization"},"potentialAction":[{"@type":"SearchAction","target":{"@type":"EntryPoint","urlTemplate":"https:\/\/www.fiemg.com.br\/regional-sul\/?s={search_term_string}"},"query-input":{"@type":"PropertyValueSpecification","valueRequired":true,"valueName":"search_term_string"}}],"inLanguage":"pt-BR"},{"@type":"Organization","@id":"https:\/\/www.fiemg.com.br\/regional-sul\/#organization","name":"Regional Sul","url":"https:\/\/www.fiemg.com.br\/regional-sul\/","logo":{"@type":"ImageObject","inLanguage":"pt-BR","@id":"https:\/\/www.fiemg.com.br\/regional-sul\/#\/schema\/logo\/image\/","url":"https:\/\/www.fiemg.com.br\/regional-sul\/wp-content\/uploads\/sites\/20\/2023\/02\/Ativo-1.png","contentUrl":"https:\/\/www.fiemg.com.br\/regional-sul\/wp-content\/uploads\/sites\/20\/2023\/02\/Ativo-1.png","width":563,"height":149,"caption":"Regional Sul"},"image":{"@id":"https:\/\/www.fiemg.com.br\/regional-sul\/#\/schema\/logo\/image\/"}}]}},"_links":{"self":[{"href":"https:\/\/www.fiemg.com.br\/regional-sul\/wp-json\/wp\/v2\/noticias\/2291","targetHints":{"allow":["GET"]}}],"collection":[{"href":"https:\/\/www.fiemg.com.br\/regional-sul\/wp-json\/wp\/v2\/noticias"}],"about":[{"href":"https:\/\/www.fiemg.com.br\/regional-sul\/wp-json\/wp\/v2\/types\/noticias"}],"wp:featuredmedia":[{"embeddable":true,"href":"https:\/\/www.fiemg.com.br\/regional-sul\/wp-json\/wp\/v2\/media\/2307"}],"wp:attachment":[{"href":"https:\/\/www.fiemg.com.br\/regional-sul\/wp-json\/wp\/v2\/media?parent=2291"}],"wp:term":[{"taxonomy":"category","embeddable":true,"href":"https:\/\/www.fiemg.com.br\/regional-sul\/wp-json\/wp\/v2\/categories?post=2291"},{"taxonomy":"post_tag","embeddable":true,"href":"https:\/\/www.fiemg.com.br\/regional-sul\/wp-json\/wp\/v2\/tags?post=2291"}],"curies":[{"name":"wp","href":"https:\/\/api.w.org\/{rel}","templated":true}]}}