{"id":2489,"date":"2025-03-20T15:49:03","date_gmt":"2025-03-20T18:49:03","guid":{"rendered":"https:\/\/www.fiemg.com.br\/regional-sul\/?post_type=noticias&#038;p=2489"},"modified":"2025-03-21T13:37:41","modified_gmt":"2025-03-21T16:37:41","slug":"vinicolas-de-minas-gerais-participam-do-projeto-comprador-consevitis-sebrae-e-impulsionam-novos-mercados","status":"publish","type":"noticias","link":"https:\/\/www.fiemg.com.br\/regional-sul\/noticias\/vinicolas-de-minas-gerais-participam-do-projeto-comprador-consevitis-sebrae-e-impulsionam-novos-mercados\/","title":{"rendered":"Vin\u00edcolas de Minas Gerais participam do Projeto Comprador CONSEVITIS SEBRAE e impulsionam novos mercados"},"content":{"rendered":"\n<p>Com o objetivo de fortalecer o setor vitivin\u00edcola e gerar novas oportunidades de neg\u00f3cios, o Projeto Comprador CONSEVITIS-RS reuniu, entre os dias 10 e 14 de mar\u00e7o, vin\u00edcolas e compradores de diversos estados do Brasil em Andradas, Minas Gerais. A iniciativa \u00e9 uma realiza\u00e7\u00e3o do SEBRAE Nacional, em parceria com o CONSEVITIS-RS e com o apoio do SINDVINHO.MG.<\/p>\n\n\n\n<p>O evento teve como foco aproximar vin\u00edcolas brasileiras de pequeno e m\u00e9dio porte de compradores qualificados, incluindo propriet\u00e1rios de restaurantes, emp\u00f3rios e distribuidores. Participaram 10 compradores de cinco estados diferentes: S\u00e3o Paulo, Rio de Janeiro, Esp\u00edrito Santo, Paran\u00e1 e Distrito Federal, fortalecendo a conex\u00e3o entre os produtores e o mercado consumidor. As empresas compradoras inclu\u00edram: VINHARES, ENOTECA NACIONAL, RUSTIPAN, TERROIR BRASIL, ESTHER ROOFTOP, ALVINO, WINIARSKI, CAVE NACIONAL, BARDEGA e ESSEN.<\/p>\n\n\n\n<p>A programa\u00e7\u00e3o contou com uma rodada de neg\u00f3cios estrat\u00e9gica em Andradas, reunindo produtores e compradores em um ambiente prop\u00edcio para negocia\u00e7\u00f5es e parcerias comerciais. O encontro contou com a presen\u00e7a do Presidente do CONSEVITIS-RS, Sr. Luciano Rebellatto, da presidente do SINDVINHO.MG, Helo\u00edsa Bertoli, e do vice-prefeito do munic\u00edpio, Sr. Jos\u00e9 Ant\u00f4nio Stivanin. Tamb\u00e9m marcaram presen\u00e7a os representantes do SEBRAE, Sr. Ivan Figueiredo, Danielle Fantini, Cl\u00e1udio Wagner e Beatriz Soares. A participa\u00e7\u00e3o dessas autoridades e representantes refor\u00e7ou o compromisso de impulsionar o setor vitivin\u00edcola mineiro, ampliando as oportunidades de mercado e parcerias.<\/p>\n\n\n\n<p>A presidente do SINDVINHO.MG, Helo\u00edsa Bertoli, destacou a import\u00e2ncia do evento para o setor: <em>&#8220;Este projeto \u00e9 uma grande oportunidade para as vin\u00edcolas de Minas Gerais n\u00e3o apenas fortalecerem suas conex\u00f5es com o mercado, mas tamb\u00e9m para valorizarmos o nosso terroir e a qualidade de nossos vinhos. A parceria com o SEBRAE e o CONSEVITIS-RS \u00e9 essencial para levarmos nossos produtos a novos mercados e ampliarmos a presen\u00e7a do vinho mineiro em todo o Brasil.<\/em>&#8220;<\/p>\n\n\n\n<p>Entre as vin\u00edcolas participantes, destacaram-se: Vin\u00edcola Nau Sem Rumo, Primeira Estrada, Vinhos Marcon, Alma Mineira, Quinta do Carcar\u00e1, Quinta do Can\u00e1rio, Casa Geraldo, B\u00e1rbara Heliodora, Stella Valentino e Obstinado. Os compradores tiveram a oportunidade de conhecer e degustar os produtos dessas vin\u00edcolas, que representam a diversidade e a qualidade da produ\u00e7\u00e3o vitivin\u00edcola de Minas Gerais.<\/p>\n\n\n\n<p>Al\u00e9m das negocia\u00e7\u00f5es comerciais, os compradores participaram de visitas t\u00e9cnicas imersivas e experi\u00eancias enotur\u00edsticas em vin\u00edcolas da regi\u00e3o. Durante as visitas, foram degustados diversos vinhos de alta qualidade, incluindo r\u00f3tulos premiados, o que evidenciou a excel\u00eancia da produ\u00e7\u00e3o local. Os participantes puderam conhecer o processo de produ\u00e7\u00e3o, degustar vinhos excepcionais e compreender a singularidade do terroir mineiro, destacando a qualidade e o potencial competitivo dos vinhos da regi\u00e3o.<\/p>\n\n\n\n<p>Encerrando a semana, o grupo teve a oportunidade de visitar a Fazenda Santa Rita do Xic\u00e3o, em S\u00e3o Gon\u00e7alo do Sapuca\u00ed, onde conheceram os renomados caf\u00e9s especiais da Mantiqueira, com apoio da Varietal Caf\u00e9s Especiais e da CooperVas. A experi\u00eancia proporcionou uma imers\u00e3o no processo de produ\u00e7\u00e3o do caf\u00e9 de qualidade superior da regi\u00e3o, ampliando o leque de neg\u00f3cios para os participantes e fortalecendo a conex\u00e3o entre a vitivinicultura e o setor cafeeiro de Minas Gerais.<\/p>\n\n\n\n<p>Minas Gerais e o Rio Grande do Sul, com mais de 100 anos de hist\u00f3ria na produ\u00e7\u00e3o de vinhos, s\u00e3o exemplos vivos da qualidade e evolu\u00e7\u00e3o do vinho brasileiro. Essas duas regi\u00f5es, juntamente com outros estados produtores, t\u00eam contribu\u00eddo significativamente para a melhoria e inova\u00e7\u00e3o das pr\u00e1ticas vitivin\u00edcolas no Brasil. Ao longo das d\u00e9cadas, com investimentos em pesquisa e desenvolvimento, os vinhos brasileiros conquistaram excel\u00eancia e est\u00e3o cada vez mais preparados para competir com os melhores vinhos do mundo. O vinho brasileiro, com sua diversidade e qualidade, n\u00e3o merece apenas ser reconhecido no Brasil, mas tamb\u00e9m no exterior, conquistando mercados internacionais e consolidando-se como uma op\u00e7\u00e3o de destaque no cen\u00e1rio global.<\/p>\n\n\n\n<p>A participa\u00e7\u00e3o do SINDVINHO.MG no Projeto Comprador CONSEVITIS-RS demonstra o compromisso do sindicato em fomentar o crescimento das vin\u00edcolas mineiras, ampliando sua visibilidade e abrindo novas frentes de neg\u00f3cios para os produtores locais. A iniciativa reflete a crescente relev\u00e2ncia de Minas Gerais no mercado brasileiro de vinhos e refor\u00e7a o potencial da regi\u00e3o para o desenvolvimento do setor.<\/p>\n","protected":false},"featured_media":2523,"template":"","categories":[],"tags":[],"class_list":["post-2489","noticias","type-noticias","status-publish","has-post-thumbnail","hentry"],"acf":[],"yoast_head":"<!-- This site is optimized with the Yoast SEO plugin v26.2 - https:\/\/yoast.com\/wordpress\/plugins\/seo\/ -->\n<title>Vin\u00edcolas de Minas Gerais participam do Projeto Comprador CONSEVITIS SEBRAE e impulsionam novos mercados - Regional Sul<\/title>\n<meta name=\"robots\" content=\"index, follow, max-snippet:-1, max-image-preview:large, max-video-preview:-1\" \/>\n<link rel=\"canonical\" href=\"https:\/\/www.fiemg.com.br\/regional-sul\/noticias\/vinicolas-de-minas-gerais-participam-do-projeto-comprador-consevitis-sebrae-e-impulsionam-novos-mercados\/\" \/>\n<meta property=\"og:locale\" content=\"pt_BR\" \/>\n<meta property=\"og:type\" content=\"article\" \/>\n<meta property=\"og:title\" content=\"Vin\u00edcolas de Minas Gerais participam do Projeto Comprador CONSEVITIS SEBRAE e impulsionam novos mercados - Regional Sul\" \/>\n<meta property=\"og:description\" content=\"Com o objetivo de fortalecer o setor vitivin\u00edcola e gerar novas oportunidades de neg\u00f3cios, o Projeto Comprador CONSEVITIS-RS reuniu, entre os dias 10 e 14 de mar\u00e7o, vin\u00edcolas e compradores de diversos estados do Brasil em Andradas, Minas Gerais. A iniciativa \u00e9 uma realiza\u00e7\u00e3o do SEBRAE Nacional, em parceria com o CONSEVITIS-RS e com o [&hellip;]\" \/>\n<meta property=\"og:url\" content=\"https:\/\/www.fiemg.com.br\/regional-sul\/noticias\/vinicolas-de-minas-gerais-participam-do-projeto-comprador-consevitis-sebrae-e-impulsionam-novos-mercados\/\" \/>\n<meta property=\"og:site_name\" content=\"Regional Sul\" \/>\n<meta property=\"article:modified_time\" content=\"2025-03-21T16:37:41+00:00\" \/>\n<meta property=\"og:image\" content=\"https:\/\/www.fiemg.com.br\/regional-sul\/wp-content\/uploads\/sites\/20\/2025\/03\/WhatsApp-Image-2025-03-14-at-13.48.32-2.jpeg\" \/>\n\t<meta property=\"og:image:width\" content=\"1600\" \/>\n\t<meta property=\"og:image:height\" content=\"1200\" \/>\n\t<meta property=\"og:image:type\" content=\"image\/jpeg\" \/>\n<meta name=\"twitter:card\" content=\"summary_large_image\" \/>\n<meta name=\"twitter:label1\" content=\"Est. tempo de leitura\" \/>\n\t<meta name=\"twitter:data1\" content=\"4 minutos\" \/>\n<script type=\"application\/ld+json\" class=\"yoast-schema-graph\">{\"@context\":\"https:\/\/schema.org\",\"@graph\":[{\"@type\":\"WebPage\",\"@id\":\"https:\/\/www.fiemg.com.br\/regional-sul\/noticias\/vinicolas-de-minas-gerais-participam-do-projeto-comprador-consevitis-sebrae-e-impulsionam-novos-mercados\/\",\"url\":\"https:\/\/www.fiemg.com.br\/regional-sul\/noticias\/vinicolas-de-minas-gerais-participam-do-projeto-comprador-consevitis-sebrae-e-impulsionam-novos-mercados\/\",\"name\":\"Vin\u00edcolas de Minas Gerais participam do Projeto Comprador CONSEVITIS SEBRAE e impulsionam novos mercados - Regional Sul\",\"isPartOf\":{\"@id\":\"https:\/\/www.fiemg.com.br\/regional-sul\/#website\"},\"primaryImageOfPage\":{\"@id\":\"https:\/\/www.fiemg.com.br\/regional-sul\/noticias\/vinicolas-de-minas-gerais-participam-do-projeto-comprador-consevitis-sebrae-e-impulsionam-novos-mercados\/#primaryimage\"},\"image\":{\"@id\":\"https:\/\/www.fiemg.com.br\/regional-sul\/noticias\/vinicolas-de-minas-gerais-participam-do-projeto-comprador-consevitis-sebrae-e-impulsionam-novos-mercados\/#primaryimage\"},\"thumbnailUrl\":\"https:\/\/www.fiemg.com.br\/regional-sul\/wp-content\/uploads\/sites\/20\/2025\/03\/WhatsApp-Image-2025-03-14-at-13.48.32-2.jpeg\",\"datePublished\":\"2025-03-20T18:49:03+00:00\",\"dateModified\":\"2025-03-21T16:37:41+00:00\",\"breadcrumb\":{\"@id\":\"https:\/\/www.fiemg.com.br\/regional-sul\/noticias\/vinicolas-de-minas-gerais-participam-do-projeto-comprador-consevitis-sebrae-e-impulsionam-novos-mercados\/#breadcrumb\"},\"inLanguage\":\"pt-BR\",\"potentialAction\":[{\"@type\":\"ReadAction\",\"target\":[\"https:\/\/www.fiemg.com.br\/regional-sul\/noticias\/vinicolas-de-minas-gerais-participam-do-projeto-comprador-consevitis-sebrae-e-impulsionam-novos-mercados\/\"]}]},{\"@type\":\"ImageObject\",\"inLanguage\":\"pt-BR\",\"@id\":\"https:\/\/www.fiemg.com.br\/regional-sul\/noticias\/vinicolas-de-minas-gerais-participam-do-projeto-comprador-consevitis-sebrae-e-impulsionam-novos-mercados\/#primaryimage\",\"url\":\"https:\/\/www.fiemg.com.br\/regional-sul\/wp-content\/uploads\/sites\/20\/2025\/03\/WhatsApp-Image-2025-03-14-at-13.48.32-2.jpeg\",\"contentUrl\":\"https:\/\/www.fiemg.com.br\/regional-sul\/wp-content\/uploads\/sites\/20\/2025\/03\/WhatsApp-Image-2025-03-14-at-13.48.32-2.jpeg\",\"width\":1600,\"height\":1200},{\"@type\":\"BreadcrumbList\",\"@id\":\"https:\/\/www.fiemg.com.br\/regional-sul\/noticias\/vinicolas-de-minas-gerais-participam-do-projeto-comprador-consevitis-sebrae-e-impulsionam-novos-mercados\/#breadcrumb\",\"itemListElement\":[{\"@type\":\"ListItem\",\"position\":1,\"name\":\"In\u00edcio\",\"item\":\"https:\/\/www.fiemg.com.br\/regional-sul\/\"},{\"@type\":\"ListItem\",\"position\":2,\"name\":\"Vin\u00edcolas de Minas Gerais participam do Projeto Comprador CONSEVITIS SEBRAE e impulsionam novos mercados\"}]},{\"@type\":\"WebSite\",\"@id\":\"https:\/\/www.fiemg.com.br\/regional-sul\/#website\",\"url\":\"https:\/\/www.fiemg.com.br\/regional-sul\/\",\"name\":\"Regional Sul\",\"description\":\"Federa\u00e7\u00e3o das Ind\u00fastrias do Estado de Minas Gerais\",\"publisher\":{\"@id\":\"https:\/\/www.fiemg.com.br\/regional-sul\/#organization\"},\"potentialAction\":[{\"@type\":\"SearchAction\",\"target\":{\"@type\":\"EntryPoint\",\"urlTemplate\":\"https:\/\/www.fiemg.com.br\/regional-sul\/?s={search_term_string}\"},\"query-input\":{\"@type\":\"PropertyValueSpecification\",\"valueRequired\":true,\"valueName\":\"search_term_string\"}}],\"inLanguage\":\"pt-BR\"},{\"@type\":\"Organization\",\"@id\":\"https:\/\/www.fiemg.com.br\/regional-sul\/#organization\",\"name\":\"Regional Sul\",\"url\":\"https:\/\/www.fiemg.com.br\/regional-sul\/\",\"logo\":{\"@type\":\"ImageObject\",\"inLanguage\":\"pt-BR\",\"@id\":\"https:\/\/www.fiemg.com.br\/regional-sul\/#\/schema\/logo\/image\/\",\"url\":\"https:\/\/www.fiemg.com.br\/regional-sul\/wp-content\/uploads\/sites\/20\/2023\/02\/Ativo-1.png\",\"contentUrl\":\"https:\/\/www.fiemg.com.br\/regional-sul\/wp-content\/uploads\/sites\/20\/2023\/02\/Ativo-1.png\",\"width\":563,\"height\":149,\"caption\":\"Regional Sul\"},\"image\":{\"@id\":\"https:\/\/www.fiemg.com.br\/regional-sul\/#\/schema\/logo\/image\/\"}}]}<\/script>\n<!-- \/ Yoast SEO plugin. -->","yoast_head_json":{"title":"Vin\u00edcolas de Minas Gerais participam do Projeto Comprador CONSEVITIS SEBRAE e impulsionam novos mercados - Regional Sul","robots":{"index":"index","follow":"follow","max-snippet":"max-snippet:-1","max-image-preview":"max-image-preview:large","max-video-preview":"max-video-preview:-1"},"canonical":"https:\/\/www.fiemg.com.br\/regional-sul\/noticias\/vinicolas-de-minas-gerais-participam-do-projeto-comprador-consevitis-sebrae-e-impulsionam-novos-mercados\/","og_locale":"pt_BR","og_type":"article","og_title":"Vin\u00edcolas de Minas Gerais participam do Projeto Comprador CONSEVITIS SEBRAE e impulsionam novos mercados - Regional Sul","og_description":"Com o objetivo de fortalecer o setor vitivin\u00edcola e gerar novas oportunidades de neg\u00f3cios, o Projeto Comprador CONSEVITIS-RS reuniu, entre os dias 10 e 14 de mar\u00e7o, vin\u00edcolas e compradores de diversos estados do Brasil em Andradas, Minas Gerais. A iniciativa \u00e9 uma realiza\u00e7\u00e3o do SEBRAE Nacional, em parceria com o CONSEVITIS-RS e com o [&hellip;]","og_url":"https:\/\/www.fiemg.com.br\/regional-sul\/noticias\/vinicolas-de-minas-gerais-participam-do-projeto-comprador-consevitis-sebrae-e-impulsionam-novos-mercados\/","og_site_name":"Regional Sul","article_modified_time":"2025-03-21T16:37:41+00:00","og_image":[{"width":1600,"height":1200,"url":"https:\/\/www.fiemg.com.br\/regional-sul\/wp-content\/uploads\/sites\/20\/2025\/03\/WhatsApp-Image-2025-03-14-at-13.48.32-2.jpeg","type":"image\/jpeg"}],"twitter_card":"summary_large_image","twitter_misc":{"Est. tempo de leitura":"4 minutos"},"schema":{"@context":"https:\/\/schema.org","@graph":[{"@type":"WebPage","@id":"https:\/\/www.fiemg.com.br\/regional-sul\/noticias\/vinicolas-de-minas-gerais-participam-do-projeto-comprador-consevitis-sebrae-e-impulsionam-novos-mercados\/","url":"https:\/\/www.fiemg.com.br\/regional-sul\/noticias\/vinicolas-de-minas-gerais-participam-do-projeto-comprador-consevitis-sebrae-e-impulsionam-novos-mercados\/","name":"Vin\u00edcolas de Minas Gerais participam do Projeto Comprador CONSEVITIS SEBRAE e impulsionam novos mercados - Regional Sul","isPartOf":{"@id":"https:\/\/www.fiemg.com.br\/regional-sul\/#website"},"primaryImageOfPage":{"@id":"https:\/\/www.fiemg.com.br\/regional-sul\/noticias\/vinicolas-de-minas-gerais-participam-do-projeto-comprador-consevitis-sebrae-e-impulsionam-novos-mercados\/#primaryimage"},"image":{"@id":"https:\/\/www.fiemg.com.br\/regional-sul\/noticias\/vinicolas-de-minas-gerais-participam-do-projeto-comprador-consevitis-sebrae-e-impulsionam-novos-mercados\/#primaryimage"},"thumbnailUrl":"https:\/\/www.fiemg.com.br\/regional-sul\/wp-content\/uploads\/sites\/20\/2025\/03\/WhatsApp-Image-2025-03-14-at-13.48.32-2.jpeg","datePublished":"2025-03-20T18:49:03+00:00","dateModified":"2025-03-21T16:37:41+00:00","breadcrumb":{"@id":"https:\/\/www.fiemg.com.br\/regional-sul\/noticias\/vinicolas-de-minas-gerais-participam-do-projeto-comprador-consevitis-sebrae-e-impulsionam-novos-mercados\/#breadcrumb"},"inLanguage":"pt-BR","potentialAction":[{"@type":"ReadAction","target":["https:\/\/www.fiemg.com.br\/regional-sul\/noticias\/vinicolas-de-minas-gerais-participam-do-projeto-comprador-consevitis-sebrae-e-impulsionam-novos-mercados\/"]}]},{"@type":"ImageObject","inLanguage":"pt-BR","@id":"https:\/\/www.fiemg.com.br\/regional-sul\/noticias\/vinicolas-de-minas-gerais-participam-do-projeto-comprador-consevitis-sebrae-e-impulsionam-novos-mercados\/#primaryimage","url":"https:\/\/www.fiemg.com.br\/regional-sul\/wp-content\/uploads\/sites\/20\/2025\/03\/WhatsApp-Image-2025-03-14-at-13.48.32-2.jpeg","contentUrl":"https:\/\/www.fiemg.com.br\/regional-sul\/wp-content\/uploads\/sites\/20\/2025\/03\/WhatsApp-Image-2025-03-14-at-13.48.32-2.jpeg","width":1600,"height":1200},{"@type":"BreadcrumbList","@id":"https:\/\/www.fiemg.com.br\/regional-sul\/noticias\/vinicolas-de-minas-gerais-participam-do-projeto-comprador-consevitis-sebrae-e-impulsionam-novos-mercados\/#breadcrumb","itemListElement":[{"@type":"ListItem","position":1,"name":"In\u00edcio","item":"https:\/\/www.fiemg.com.br\/regional-sul\/"},{"@type":"ListItem","position":2,"name":"Vin\u00edcolas de Minas Gerais participam do Projeto Comprador CONSEVITIS SEBRAE e impulsionam novos mercados"}]},{"@type":"WebSite","@id":"https:\/\/www.fiemg.com.br\/regional-sul\/#website","url":"https:\/\/www.fiemg.com.br\/regional-sul\/","name":"Regional Sul","description":"Federa\u00e7\u00e3o das Ind\u00fastrias do Estado de Minas Gerais","publisher":{"@id":"https:\/\/www.fiemg.com.br\/regional-sul\/#organization"},"potentialAction":[{"@type":"SearchAction","target":{"@type":"EntryPoint","urlTemplate":"https:\/\/www.fiemg.com.br\/regional-sul\/?s={search_term_string}"},"query-input":{"@type":"PropertyValueSpecification","valueRequired":true,"valueName":"search_term_string"}}],"inLanguage":"pt-BR"},{"@type":"Organization","@id":"https:\/\/www.fiemg.com.br\/regional-sul\/#organization","name":"Regional Sul","url":"https:\/\/www.fiemg.com.br\/regional-sul\/","logo":{"@type":"ImageObject","inLanguage":"pt-BR","@id":"https:\/\/www.fiemg.com.br\/regional-sul\/#\/schema\/logo\/image\/","url":"https:\/\/www.fiemg.com.br\/regional-sul\/wp-content\/uploads\/sites\/20\/2023\/02\/Ativo-1.png","contentUrl":"https:\/\/www.fiemg.com.br\/regional-sul\/wp-content\/uploads\/sites\/20\/2023\/02\/Ativo-1.png","width":563,"height":149,"caption":"Regional Sul"},"image":{"@id":"https:\/\/www.fiemg.com.br\/regional-sul\/#\/schema\/logo\/image\/"}}]}},"_links":{"self":[{"href":"https:\/\/www.fiemg.com.br\/regional-sul\/wp-json\/wp\/v2\/noticias\/2489","targetHints":{"allow":["GET"]}}],"collection":[{"href":"https:\/\/www.fiemg.com.br\/regional-sul\/wp-json\/wp\/v2\/noticias"}],"about":[{"href":"https:\/\/www.fiemg.com.br\/regional-sul\/wp-json\/wp\/v2\/types\/noticias"}],"wp:featuredmedia":[{"embeddable":true,"href":"https:\/\/www.fiemg.com.br\/regional-sul\/wp-json\/wp\/v2\/media\/2523"}],"wp:attachment":[{"href":"https:\/\/www.fiemg.com.br\/regional-sul\/wp-json\/wp\/v2\/media?parent=2489"}],"wp:term":[{"taxonomy":"category","embeddable":true,"href":"https:\/\/www.fiemg.com.br\/regional-sul\/wp-json\/wp\/v2\/categories?post=2489"},{"taxonomy":"post_tag","embeddable":true,"href":"https:\/\/www.fiemg.com.br\/regional-sul\/wp-json\/wp\/v2\/tags?post=2489"}],"curies":[{"name":"wp","href":"https:\/\/api.w.org\/{rel}","templated":true}]}}