{"id":2554,"date":"2025-04-28T16:27:31","date_gmt":"2025-04-28T19:27:31","guid":{"rendered":"https:\/\/www.fiemg.com.br\/regional-sul\/?post_type=noticias&#038;p=2554"},"modified":"2025-04-28T16:27:33","modified_gmt":"2025-04-28T19:27:33","slug":"abril-verde-sesi-pouso-alegre","status":"publish","type":"noticias","link":"https:\/\/www.fiemg.com.br\/regional-sul\/noticias\/abril-verde-sesi-pouso-alegre\/","title":{"rendered":"ABRIL VERDE \u2013 SESI Pouso Alegre"},"content":{"rendered":"\n<p>Durante todo o m\u00eas de Abril, o SESI SST \u201cIrm\u00e3o Gino Maria Rossi\u201d, de Pouso alegre, realizou internamente diversas boas pr\u00e1ticas do Abril Verde. Entre as a\u00e7\u00f5es, destacam-se: DDS sobre a import\u00e2ncia do tema, din\u00e2mica e palestra sobre Sa\u00fade Vocal, aul\u00e3o de Gin\u00e1stica Laboral, palestra de Dire\u00e7\u00e3o Defensiva com a Pol\u00edcia Militar de MG &#8211; PMMG e a a\u00e7\u00e3o participativa &#8220;Passa ou Repassa&#8221; com os funcion\u00e1rios.<\/p>\n\n\n\n<p>O Abril Verde \u00e9 uma campanha de conscientiza\u00e7\u00e3o que destaca a import\u00e2ncia da seguran\u00e7a e sa\u00fade no ambiente de trabalho. Este m\u00eas foi escolhido em refer\u00eancia ao Dia Mundial em Mem\u00f3ria das V\u00edtimas de Acidentes de Trabalho, celebrado em 28 de abril. Al\u00e9m disso, o m\u00eas tamb\u00e9m comemora o Dia Mundial da Atividade F\u00edsica, em 6 de abril, e o Dia Mundial da Sa\u00fade, em 7 de abril. A cor verde simboliza a seguran\u00e7a, representando a esperan\u00e7a de um ambiente laboral mais seguro e saud\u00e1vel.<\/p>\n\n\n\n<p>A data de hoje, que foi estabelecida em mem\u00f3ria \u00e0s 78 v\u00edtimas que morreram em uma explos\u00e3o que ocorreu em 1969 em uma mina na cidade de Farmington nos EUA, o que foi caracterizado como o maior acidente de trabalho da \u00e9poca.<\/p>\n\n\n\n<p>A Engenheira de Seguran\u00e7a de Trabalho do SESI, Tatiane de Melo Campos, ressaltou dados importantes sobre o tema:<\/p>\n\n\n\n<p>&#8220;<em>Consultando os dados do Observat\u00f3rio de Seguran\u00e7a e Sa\u00fade, temos os seguintes n\u00fameros da Previd\u00eancia Social, 2012 a 2024:<\/em><\/p>\n\n\n\n<ul class=\"wp-block-list\">\n<li><em>9.031.802 acidentes de trabalhadores com carteira assinada notificados &#8211; 1 notifica\u00e7\u00e3o a cada 46 segundos.<\/em><\/li>\n\n\n\n<li><em>32.733 \u00f3bitos de trabalhadores com carteira assinada notificados &#8211; 1 \u00f3bito a cada 3 horas, 33 minutos e 56 segundos.<\/em><\/li>\n\n\n\n<li><em>Mais de 587.290.972 dias de trabalho perdidos com afastamentos acident\u00e1rios.<\/em><\/li>\n\n\n\n<li><em>Mais de R$178.015.066.883 gastos com afastamentos acident\u00e1rios &#8211; R$1,00 a cada 2 milissegundos.<\/em><\/li>\n\n\n\n<li><em>4.159.533 notifica\u00e7\u00f5es no Sistema Nacional de Agravos de Notifica\u00e7\u00e3o (SINAN) desde 2007 (SUS) &#8211; 1 notifica\u00e7\u00e3o a cada 2 minutos e 18 segundos.<\/em><\/li>\n<\/ul>\n\n\n\n<p><em>Uma novidade este ano nos dados do observat\u00f3rio s\u00e3o as notifica\u00e7\u00f5es de acidentes de trabalho com adolescentes no mercado formal, cujos n\u00fameros s\u00e3o alarmantes, tendo como base o mesmo per\u00edodo:<\/em><\/p>\n\n\n\n<ul class=\"wp-block-list\">\n<li><em>37,2 mil acidentes de trabalho com v\u00edtimas crian\u00e7as e adolescentes.<\/em><\/li>\n\n\n\n<li><em>79 acidentes de trabalho com \u00f3bito de v\u00edtimas crian\u00e7as e adolescentes.<\/em><\/li>\n<\/ul>\n\n\n\n<p><em>Esses dados cr\u00edticos exigem uma an\u00e1lise profunda e estrat\u00e9gica de nossas pr\u00e1ticas atuais, destacando a necessidade urgente de reavaliar as a\u00e7\u00f5es globais e direcionar esfor\u00e7os para um caminho mais eficaz e seguro na \u00e1rea.<\/em><\/p>\n\n\n\n<p><em>Atrav\u00e9s de a\u00e7\u00f5es educativas, palestras, treinamentos e campanhas, n\u00f3s como profissionais da \u00e1rea, buscamos sensibilizar empregadores e trabalhadores sobre a relev\u00e2ncia de um ambiente seguro, mas antes de a\u00e7\u00f5es deste porte, h\u00e1 uma hierarquia a ser tratada dentro das organiza\u00e7\u00f5es, em promover pr\u00e1ticas preventivas eficazes que eliminem ou mitiguem fatores de riscos e consequentemente acidentes no trabalho.<\/em><\/p>\n\n\n\n<p><em>Como profissional dedicada \u00e0 Engenharia de Seguran\u00e7a do Trabalho, acredito que celebrar o Abril Verde \u00e9 reconhecer que a seguran\u00e7a e sa\u00fade no trabalho s\u00e3o pilares fundamentais para um ambiente laboral seguro, saud\u00e1vel e produtivo. A cada a\u00e7\u00e3o preventiva, estamos construindo um futuro em que a seguran\u00e7a e o bem-estar dos trabalhadores \u00e9 prioridade, refletindo nosso compromisso com a vida e a dignidade humana. Que este m\u00eas inspire uma cultura de preven\u00e7\u00e3o cont\u00ednua e responsabilidade compartilhada.<\/em> <strong><em>A seguran\u00e7a no trabalho n\u00e3o \u00e9 apenas uma pr\u00e1tica, \u00e9 um compromisso com a vida.<\/em><\/strong>&#8220;<\/p>\n\n\n\n<p><\/p>\n","protected":false},"featured_media":2573,"template":"","categories":[],"tags":[],"class_list":["post-2554","noticias","type-noticias","status-publish","has-post-thumbnail","hentry"],"acf":[],"yoast_head":"<!-- This site is optimized with the Yoast SEO plugin v26.2 - https:\/\/yoast.com\/wordpress\/plugins\/seo\/ -->\n<title>ABRIL VERDE \u2013 SESI Pouso Alegre - Regional Sul<\/title>\n<meta name=\"robots\" content=\"index, follow, max-snippet:-1, max-image-preview:large, max-video-preview:-1\" \/>\n<link rel=\"canonical\" href=\"https:\/\/www.fiemg.com.br\/regional-sul\/noticias\/abril-verde-sesi-pouso-alegre\/\" \/>\n<meta property=\"og:locale\" content=\"pt_BR\" \/>\n<meta property=\"og:type\" content=\"article\" \/>\n<meta property=\"og:title\" content=\"ABRIL VERDE \u2013 SESI Pouso Alegre - Regional Sul\" \/>\n<meta property=\"og:description\" content=\"Durante todo o m\u00eas de Abril, o SESI SST \u201cIrm\u00e3o Gino Maria Rossi\u201d, de Pouso alegre, realizou internamente diversas boas pr\u00e1ticas do Abril Verde. Entre as a\u00e7\u00f5es, destacam-se: DDS sobre a import\u00e2ncia do tema, din\u00e2mica e palestra sobre Sa\u00fade Vocal, aul\u00e3o de Gin\u00e1stica Laboral, palestra de Dire\u00e7\u00e3o Defensiva com a Pol\u00edcia Militar de MG &#8211; [&hellip;]\" \/>\n<meta property=\"og:url\" content=\"https:\/\/www.fiemg.com.br\/regional-sul\/noticias\/abril-verde-sesi-pouso-alegre\/\" \/>\n<meta property=\"og:site_name\" content=\"Regional Sul\" \/>\n<meta property=\"article:modified_time\" content=\"2025-04-28T19:27:33+00:00\" \/>\n<meta property=\"og:image\" content=\"https:\/\/www.fiemg.com.br\/regional-sul\/wp-content\/uploads\/sites\/20\/2025\/04\/WhatsApp-Image-2025-04-28-at-16.08.0000000.jpeg\" \/>\n\t<meta property=\"og:image:width\" content=\"737\" \/>\n\t<meta property=\"og:image:height\" content=\"639\" \/>\n\t<meta property=\"og:image:type\" content=\"image\/jpeg\" \/>\n<meta name=\"twitter:card\" content=\"summary_large_image\" \/>\n<meta name=\"twitter:label1\" content=\"Est. tempo de leitura\" \/>\n\t<meta name=\"twitter:data1\" content=\"4 minutos\" \/>\n<script type=\"application\/ld+json\" class=\"yoast-schema-graph\">{\"@context\":\"https:\/\/schema.org\",\"@graph\":[{\"@type\":\"WebPage\",\"@id\":\"https:\/\/www.fiemg.com.br\/regional-sul\/noticias\/abril-verde-sesi-pouso-alegre\/\",\"url\":\"https:\/\/www.fiemg.com.br\/regional-sul\/noticias\/abril-verde-sesi-pouso-alegre\/\",\"name\":\"ABRIL VERDE \u2013 SESI Pouso Alegre - Regional Sul\",\"isPartOf\":{\"@id\":\"https:\/\/www.fiemg.com.br\/regional-sul\/#website\"},\"primaryImageOfPage\":{\"@id\":\"https:\/\/www.fiemg.com.br\/regional-sul\/noticias\/abril-verde-sesi-pouso-alegre\/#primaryimage\"},\"image\":{\"@id\":\"https:\/\/www.fiemg.com.br\/regional-sul\/noticias\/abril-verde-sesi-pouso-alegre\/#primaryimage\"},\"thumbnailUrl\":\"https:\/\/www.fiemg.com.br\/regional-sul\/wp-content\/uploads\/sites\/20\/2025\/04\/WhatsApp-Image-2025-04-28-at-16.08.0000000.jpeg\",\"datePublished\":\"2025-04-28T19:27:31+00:00\",\"dateModified\":\"2025-04-28T19:27:33+00:00\",\"breadcrumb\":{\"@id\":\"https:\/\/www.fiemg.com.br\/regional-sul\/noticias\/abril-verde-sesi-pouso-alegre\/#breadcrumb\"},\"inLanguage\":\"pt-BR\",\"potentialAction\":[{\"@type\":\"ReadAction\",\"target\":[\"https:\/\/www.fiemg.com.br\/regional-sul\/noticias\/abril-verde-sesi-pouso-alegre\/\"]}]},{\"@type\":\"ImageObject\",\"inLanguage\":\"pt-BR\",\"@id\":\"https:\/\/www.fiemg.com.br\/regional-sul\/noticias\/abril-verde-sesi-pouso-alegre\/#primaryimage\",\"url\":\"https:\/\/www.fiemg.com.br\/regional-sul\/wp-content\/uploads\/sites\/20\/2025\/04\/WhatsApp-Image-2025-04-28-at-16.08.0000000.jpeg\",\"contentUrl\":\"https:\/\/www.fiemg.com.br\/regional-sul\/wp-content\/uploads\/sites\/20\/2025\/04\/WhatsApp-Image-2025-04-28-at-16.08.0000000.jpeg\",\"width\":737,\"height\":639},{\"@type\":\"BreadcrumbList\",\"@id\":\"https:\/\/www.fiemg.com.br\/regional-sul\/noticias\/abril-verde-sesi-pouso-alegre\/#breadcrumb\",\"itemListElement\":[{\"@type\":\"ListItem\",\"position\":1,\"name\":\"In\u00edcio\",\"item\":\"https:\/\/www.fiemg.com.br\/regional-sul\/\"},{\"@type\":\"ListItem\",\"position\":2,\"name\":\"ABRIL VERDE \u2013 SESI Pouso Alegre\"}]},{\"@type\":\"WebSite\",\"@id\":\"https:\/\/www.fiemg.com.br\/regional-sul\/#website\",\"url\":\"https:\/\/www.fiemg.com.br\/regional-sul\/\",\"name\":\"Regional Sul\",\"description\":\"Federa\u00e7\u00e3o das Ind\u00fastrias do Estado de Minas Gerais\",\"publisher\":{\"@id\":\"https:\/\/www.fiemg.com.br\/regional-sul\/#organization\"},\"potentialAction\":[{\"@type\":\"SearchAction\",\"target\":{\"@type\":\"EntryPoint\",\"urlTemplate\":\"https:\/\/www.fiemg.com.br\/regional-sul\/?s={search_term_string}\"},\"query-input\":{\"@type\":\"PropertyValueSpecification\",\"valueRequired\":true,\"valueName\":\"search_term_string\"}}],\"inLanguage\":\"pt-BR\"},{\"@type\":\"Organization\",\"@id\":\"https:\/\/www.fiemg.com.br\/regional-sul\/#organization\",\"name\":\"Regional Sul\",\"url\":\"https:\/\/www.fiemg.com.br\/regional-sul\/\",\"logo\":{\"@type\":\"ImageObject\",\"inLanguage\":\"pt-BR\",\"@id\":\"https:\/\/www.fiemg.com.br\/regional-sul\/#\/schema\/logo\/image\/\",\"url\":\"https:\/\/www.fiemg.com.br\/regional-sul\/wp-content\/uploads\/sites\/20\/2023\/02\/Ativo-1.png\",\"contentUrl\":\"https:\/\/www.fiemg.com.br\/regional-sul\/wp-content\/uploads\/sites\/20\/2023\/02\/Ativo-1.png\",\"width\":563,\"height\":149,\"caption\":\"Regional Sul\"},\"image\":{\"@id\":\"https:\/\/www.fiemg.com.br\/regional-sul\/#\/schema\/logo\/image\/\"}}]}<\/script>\n<!-- \/ Yoast SEO plugin. -->","yoast_head_json":{"title":"ABRIL VERDE \u2013 SESI Pouso Alegre - Regional Sul","robots":{"index":"index","follow":"follow","max-snippet":"max-snippet:-1","max-image-preview":"max-image-preview:large","max-video-preview":"max-video-preview:-1"},"canonical":"https:\/\/www.fiemg.com.br\/regional-sul\/noticias\/abril-verde-sesi-pouso-alegre\/","og_locale":"pt_BR","og_type":"article","og_title":"ABRIL VERDE \u2013 SESI Pouso Alegre - Regional Sul","og_description":"Durante todo o m\u00eas de Abril, o SESI SST \u201cIrm\u00e3o Gino Maria Rossi\u201d, de Pouso alegre, realizou internamente diversas boas pr\u00e1ticas do Abril Verde. Entre as a\u00e7\u00f5es, destacam-se: DDS sobre a import\u00e2ncia do tema, din\u00e2mica e palestra sobre Sa\u00fade Vocal, aul\u00e3o de Gin\u00e1stica Laboral, palestra de Dire\u00e7\u00e3o Defensiva com a Pol\u00edcia Militar de MG &#8211; [&hellip;]","og_url":"https:\/\/www.fiemg.com.br\/regional-sul\/noticias\/abril-verde-sesi-pouso-alegre\/","og_site_name":"Regional Sul","article_modified_time":"2025-04-28T19:27:33+00:00","og_image":[{"width":737,"height":639,"url":"https:\/\/www.fiemg.com.br\/regional-sul\/wp-content\/uploads\/sites\/20\/2025\/04\/WhatsApp-Image-2025-04-28-at-16.08.0000000.jpeg","type":"image\/jpeg"}],"twitter_card":"summary_large_image","twitter_misc":{"Est. tempo de leitura":"4 minutos"},"schema":{"@context":"https:\/\/schema.org","@graph":[{"@type":"WebPage","@id":"https:\/\/www.fiemg.com.br\/regional-sul\/noticias\/abril-verde-sesi-pouso-alegre\/","url":"https:\/\/www.fiemg.com.br\/regional-sul\/noticias\/abril-verde-sesi-pouso-alegre\/","name":"ABRIL VERDE \u2013 SESI Pouso Alegre - Regional Sul","isPartOf":{"@id":"https:\/\/www.fiemg.com.br\/regional-sul\/#website"},"primaryImageOfPage":{"@id":"https:\/\/www.fiemg.com.br\/regional-sul\/noticias\/abril-verde-sesi-pouso-alegre\/#primaryimage"},"image":{"@id":"https:\/\/www.fiemg.com.br\/regional-sul\/noticias\/abril-verde-sesi-pouso-alegre\/#primaryimage"},"thumbnailUrl":"https:\/\/www.fiemg.com.br\/regional-sul\/wp-content\/uploads\/sites\/20\/2025\/04\/WhatsApp-Image-2025-04-28-at-16.08.0000000.jpeg","datePublished":"2025-04-28T19:27:31+00:00","dateModified":"2025-04-28T19:27:33+00:00","breadcrumb":{"@id":"https:\/\/www.fiemg.com.br\/regional-sul\/noticias\/abril-verde-sesi-pouso-alegre\/#breadcrumb"},"inLanguage":"pt-BR","potentialAction":[{"@type":"ReadAction","target":["https:\/\/www.fiemg.com.br\/regional-sul\/noticias\/abril-verde-sesi-pouso-alegre\/"]}]},{"@type":"ImageObject","inLanguage":"pt-BR","@id":"https:\/\/www.fiemg.com.br\/regional-sul\/noticias\/abril-verde-sesi-pouso-alegre\/#primaryimage","url":"https:\/\/www.fiemg.com.br\/regional-sul\/wp-content\/uploads\/sites\/20\/2025\/04\/WhatsApp-Image-2025-04-28-at-16.08.0000000.jpeg","contentUrl":"https:\/\/www.fiemg.com.br\/regional-sul\/wp-content\/uploads\/sites\/20\/2025\/04\/WhatsApp-Image-2025-04-28-at-16.08.0000000.jpeg","width":737,"height":639},{"@type":"BreadcrumbList","@id":"https:\/\/www.fiemg.com.br\/regional-sul\/noticias\/abril-verde-sesi-pouso-alegre\/#breadcrumb","itemListElement":[{"@type":"ListItem","position":1,"name":"In\u00edcio","item":"https:\/\/www.fiemg.com.br\/regional-sul\/"},{"@type":"ListItem","position":2,"name":"ABRIL VERDE \u2013 SESI Pouso Alegre"}]},{"@type":"WebSite","@id":"https:\/\/www.fiemg.com.br\/regional-sul\/#website","url":"https:\/\/www.fiemg.com.br\/regional-sul\/","name":"Regional Sul","description":"Federa\u00e7\u00e3o das Ind\u00fastrias do Estado de Minas Gerais","publisher":{"@id":"https:\/\/www.fiemg.com.br\/regional-sul\/#organization"},"potentialAction":[{"@type":"SearchAction","target":{"@type":"EntryPoint","urlTemplate":"https:\/\/www.fiemg.com.br\/regional-sul\/?s={search_term_string}"},"query-input":{"@type":"PropertyValueSpecification","valueRequired":true,"valueName":"search_term_string"}}],"inLanguage":"pt-BR"},{"@type":"Organization","@id":"https:\/\/www.fiemg.com.br\/regional-sul\/#organization","name":"Regional Sul","url":"https:\/\/www.fiemg.com.br\/regional-sul\/","logo":{"@type":"ImageObject","inLanguage":"pt-BR","@id":"https:\/\/www.fiemg.com.br\/regional-sul\/#\/schema\/logo\/image\/","url":"https:\/\/www.fiemg.com.br\/regional-sul\/wp-content\/uploads\/sites\/20\/2023\/02\/Ativo-1.png","contentUrl":"https:\/\/www.fiemg.com.br\/regional-sul\/wp-content\/uploads\/sites\/20\/2023\/02\/Ativo-1.png","width":563,"height":149,"caption":"Regional Sul"},"image":{"@id":"https:\/\/www.fiemg.com.br\/regional-sul\/#\/schema\/logo\/image\/"}}]}},"_links":{"self":[{"href":"https:\/\/www.fiemg.com.br\/regional-sul\/wp-json\/wp\/v2\/noticias\/2554","targetHints":{"allow":["GET"]}}],"collection":[{"href":"https:\/\/www.fiemg.com.br\/regional-sul\/wp-json\/wp\/v2\/noticias"}],"about":[{"href":"https:\/\/www.fiemg.com.br\/regional-sul\/wp-json\/wp\/v2\/types\/noticias"}],"wp:featuredmedia":[{"embeddable":true,"href":"https:\/\/www.fiemg.com.br\/regional-sul\/wp-json\/wp\/v2\/media\/2573"}],"wp:attachment":[{"href":"https:\/\/www.fiemg.com.br\/regional-sul\/wp-json\/wp\/v2\/media?parent=2554"}],"wp:term":[{"taxonomy":"category","embeddable":true,"href":"https:\/\/www.fiemg.com.br\/regional-sul\/wp-json\/wp\/v2\/categories?post=2554"},{"taxonomy":"post_tag","embeddable":true,"href":"https:\/\/www.fiemg.com.br\/regional-sul\/wp-json\/wp\/v2\/tags?post=2554"}],"curies":[{"name":"wp","href":"https:\/\/api.w.org\/{rel}","templated":true}]}}