{"id":2825,"date":"2025-08-14T17:58:13","date_gmt":"2025-08-14T20:58:13","guid":{"rendered":"https:\/\/www.fiemg.com.br\/regional-sul\/noticias\/fiemg-sedia-apresentacao-de-novo-empreendimento-do-grupo-boticario-em-pouso-alegre\/"},"modified":"2025-08-14T17:58:19","modified_gmt":"2025-08-14T20:58:19","slug":"fiemg-sedia-apresentacao-de-novo-empreendimento-do-grupo-boticario-em-pouso-alegre","status":"publish","type":"noticias","link":"https:\/\/www.fiemg.com.br\/regional-sul\/noticias\/fiemg-sedia-apresentacao-de-novo-empreendimento-do-grupo-boticario-em-pouso-alegre\/","title":{"rendered":"FIEMG sedia apresenta\u00e7\u00e3o de novo empreendimento do Grupo Botic\u00e1rio em Pouso Alegre"},"content":{"rendered":"\n<p>A FIEMG sediou, nesta quinta-feira (14), o evento de apresenta\u00e7\u00e3o do projeto da nova f\u00e1brica do Grupo Botic\u00e1rio a empres\u00e1rios, que ser\u00e1 instalada em Pouso Alegre, no Sul de Minas. Anunciado em 2024 e com investimento previsto de R$1,8 bilh\u00e3o, o empreendimento deve gerar 800 empregos diretos e atrair novos fornecedores para a regi\u00e3o. A previs\u00e3o \u00e9 que a unidade inicie as opera\u00e7\u00f5es em 2028.<\/p>\n\n\n\n<p>O presidente da FIEMG, Fl\u00e1vio Roscoe, destacou o impacto do projeto para a economia mineira. \u201cA instala\u00e7\u00e3o dessa nova f\u00e1brica \u00e9 estrat\u00e9gica para o desenvolvimento econ\u00f4mico do estado. Al\u00e9m de gerar empregos e atrair fornecedores, refor\u00e7a a posi\u00e7\u00e3o de Minas Gerais como destino competitivo para grandes investimentos industriais\u201d, afirmou.<\/p>\n\n\n\n<p>O diretor executivo de Suprimentos, F\u00e1bio Miguel, ressaltou que a implanta\u00e7\u00e3o da nova f\u00e1brica gera um movimento positivo para a cadeia de fornecedores do estado de Minas Gerais. \u201cEsse \u00e9 um investimento que, al\u00e9m de atrair recursos para Minas Gerais e gerar novos empregos, vai trazer novas oportunidades para outras empresas da cadeia produtiva da beleza do estado e prestadores de servi\u00e7os que desejarem se instalar na regi\u00e3o. A Invest Minas e a FIEMG t\u00eam nos apoiado muito nesse processo, e acreditamos que esse nosso movimento fomentar\u00e1 a gera\u00e7\u00e3o de neg\u00f3cios com empresas locais\u201d, disse.<\/p>\n\n\n\n<p>O presidente da Invest Minas, Jo\u00e3o Paulo Braga, enfatizou o papel da ag\u00eancia na atra\u00e7\u00e3o de novos investimentos para o estado. \u201cNosso objetivo \u00e9 criar as condi\u00e7\u00f5es para que Minas seja a escolha natural de empresas que desejam expandir seus neg\u00f3cios. Esse projeto \u00e9 fruto de um esfor\u00e7o conjunto com a FIEMG e demonstra que o estado oferece ambiente favor\u00e1vel e competitivo para receber investimentos de grande porte\u201d, afirmou.<\/p>\n\n\n\n<p>O presidente da C\u00e2mara de Obras Industriais da FIEMG, Ilso Oliveira, destacou o trabalho integrado entre entidades e governo para viabilizar o empreendimento. \u201cA C\u00e2mara de Obras Industriais da Federa\u00e7\u00e3o atua para aumentar a participa\u00e7\u00e3o das empresas mineiras nos projetos implantados no estado. Nosso trabalho, em conjunto com a Invest Minas, permite que nos aproximemos do investidor desde as fases iniciais, contribuindo para a viabiliza\u00e7\u00e3o de empreendimentos como este, que geram emprego, renda e tributos para Minas Gerais\u201d, disse.<\/p>\n\n\n\n<p>As obras est\u00e3o previstas para come\u00e7ar em 2026, ap\u00f3s a conclus\u00e3o dos projetos executivos e a obten\u00e7\u00e3o das licen\u00e7as necess\u00e1rias. Durante a fase de constru\u00e7\u00e3o, diversos fornecedores de Minas Gerais poder\u00e3o participar das etapas de terraplanagem, estrutura met\u00e1lica, pavimenta\u00e7\u00e3o e outros servi\u00e7os.<\/p>\n\n\n\n<p><em>Clique <a href=\"https:\/\/www.flickr.com\/photos\/sistemafiemg\/albums\/72177720328386589\">aqui<\/a> e confira mais fotos da cerim\u00f4nia.<br><\/em><br><em>Caio T\u00e1rcia<br><\/em><strong>Imprensa FIEMG<\/strong><\/p>\n\n\n\n<p><\/p>\n","protected":false},"featured_media":2826,"template":"","categories":[15],"tags":[191,192,146],"class_list":["post-2825","noticias","type-noticias","status-publish","has-post-thumbnail","hentry","category-desenvolvimento-industrial","tag-boticario","tag-investimento","tag-pouso-alegre"],"acf":[],"yoast_head":"<!-- This site is optimized with the Yoast SEO plugin v26.2 - https:\/\/yoast.com\/wordpress\/plugins\/seo\/ -->\n<title>FIEMG sedia apresenta\u00e7\u00e3o de novo empreendimento do Grupo Botic\u00e1rio em Pouso Alegre - Regional Sul<\/title>\n<meta name=\"description\" content=\"Projeto anunciado em 2024, apoiado pela FIEMG e Invest Minas, prev\u00ea investimento de R$ 1,8 bilh\u00e3o e gera\u00e7\u00e3o de 800 empregos diretos.\" \/>\n<meta name=\"robots\" content=\"index, follow, max-snippet:-1, max-image-preview:large, max-video-preview:-1\" \/>\n<link rel=\"canonical\" href=\"https:\/\/www.fiemg.com.br\/regional-sul\/noticias\/fiemg-sedia-apresentacao-de-novo-empreendimento-do-grupo-boticario-em-pouso-alegre\/\" \/>\n<meta property=\"og:locale\" content=\"pt_BR\" \/>\n<meta property=\"og:type\" content=\"article\" \/>\n<meta property=\"og:title\" content=\"FIEMG sedia apresenta\u00e7\u00e3o de novo empreendimento do Grupo Botic\u00e1rio em Pouso Alegre - Regional Sul\" \/>\n<meta property=\"og:description\" content=\"Projeto anunciado em 2024, apoiado pela FIEMG e Invest Minas, prev\u00ea investimento de R$ 1,8 bilh\u00e3o e gera\u00e7\u00e3o de 800 empregos diretos.\" \/>\n<meta property=\"og:url\" content=\"https:\/\/www.fiemg.com.br\/regional-sul\/noticias\/fiemg-sedia-apresentacao-de-novo-empreendimento-do-grupo-boticario-em-pouso-alegre\/\" \/>\n<meta property=\"og:site_name\" content=\"Regional Sul\" \/>\n<meta property=\"article:modified_time\" content=\"2025-08-14T20:58:19+00:00\" \/>\n<meta property=\"og:image\" content=\"https:\/\/www.fiemg.com.br\/regional-sul\/wp-content\/uploads\/sites\/20\/2025\/08\/boticario_thumb.jpeg\" \/>\n\t<meta property=\"og:image:width\" content=\"512\" \/>\n\t<meta property=\"og:image:height\" content=\"512\" \/>\n\t<meta property=\"og:image:type\" content=\"image\/jpeg\" \/>\n<meta name=\"twitter:card\" content=\"summary_large_image\" \/>\n<meta name=\"twitter:label1\" content=\"Est. tempo de leitura\" \/>\n\t<meta name=\"twitter:data1\" content=\"3 minutos\" \/>\n<script type=\"application\/ld+json\" class=\"yoast-schema-graph\">{\"@context\":\"https:\/\/schema.org\",\"@graph\":[{\"@type\":\"WebPage\",\"@id\":\"https:\/\/www.fiemg.com.br\/regional-sul\/noticias\/fiemg-sedia-apresentacao-de-novo-empreendimento-do-grupo-boticario-em-pouso-alegre\/\",\"url\":\"https:\/\/www.fiemg.com.br\/regional-sul\/noticias\/fiemg-sedia-apresentacao-de-novo-empreendimento-do-grupo-boticario-em-pouso-alegre\/\",\"name\":\"FIEMG sedia apresenta\u00e7\u00e3o de novo empreendimento do Grupo Botic\u00e1rio em Pouso Alegre - Regional Sul\",\"isPartOf\":{\"@id\":\"https:\/\/www.fiemg.com.br\/regional-sul\/#website\"},\"primaryImageOfPage\":{\"@id\":\"https:\/\/www.fiemg.com.br\/regional-sul\/noticias\/fiemg-sedia-apresentacao-de-novo-empreendimento-do-grupo-boticario-em-pouso-alegre\/#primaryimage\"},\"image\":{\"@id\":\"https:\/\/www.fiemg.com.br\/regional-sul\/noticias\/fiemg-sedia-apresentacao-de-novo-empreendimento-do-grupo-boticario-em-pouso-alegre\/#primaryimage\"},\"thumbnailUrl\":\"https:\/\/www.fiemg.com.br\/regional-sul\/wp-content\/uploads\/sites\/20\/2025\/08\/boticario_thumb.jpeg\",\"datePublished\":\"2025-08-14T20:58:13+00:00\",\"dateModified\":\"2025-08-14T20:58:19+00:00\",\"description\":\"Projeto anunciado em 2024, apoiado pela FIEMG e Invest Minas, prev\u00ea investimento de R$ 1,8 bilh\u00e3o e gera\u00e7\u00e3o de 800 empregos diretos.\",\"breadcrumb\":{\"@id\":\"https:\/\/www.fiemg.com.br\/regional-sul\/noticias\/fiemg-sedia-apresentacao-de-novo-empreendimento-do-grupo-boticario-em-pouso-alegre\/#breadcrumb\"},\"inLanguage\":\"pt-BR\",\"potentialAction\":[{\"@type\":\"ReadAction\",\"target\":[\"https:\/\/www.fiemg.com.br\/regional-sul\/noticias\/fiemg-sedia-apresentacao-de-novo-empreendimento-do-grupo-boticario-em-pouso-alegre\/\"]}]},{\"@type\":\"ImageObject\",\"inLanguage\":\"pt-BR\",\"@id\":\"https:\/\/www.fiemg.com.br\/regional-sul\/noticias\/fiemg-sedia-apresentacao-de-novo-empreendimento-do-grupo-boticario-em-pouso-alegre\/#primaryimage\",\"url\":\"https:\/\/www.fiemg.com.br\/regional-sul\/wp-content\/uploads\/sites\/20\/2025\/08\/boticario_thumb.jpeg\",\"contentUrl\":\"https:\/\/www.fiemg.com.br\/regional-sul\/wp-content\/uploads\/sites\/20\/2025\/08\/boticario_thumb.jpeg\",\"width\":512,\"height\":512,\"caption\":\"FIEMG sedia apresenta\u00e7\u00e3o de novo empreendimento do Grupo Botic\u00e1rio em Pouso Alegre\"},{\"@type\":\"BreadcrumbList\",\"@id\":\"https:\/\/www.fiemg.com.br\/regional-sul\/noticias\/fiemg-sedia-apresentacao-de-novo-empreendimento-do-grupo-boticario-em-pouso-alegre\/#breadcrumb\",\"itemListElement\":[{\"@type\":\"ListItem\",\"position\":1,\"name\":\"In\u00edcio\",\"item\":\"https:\/\/www.fiemg.com.br\/regional-sul\/\"},{\"@type\":\"ListItem\",\"position\":2,\"name\":\"FIEMG sedia apresenta\u00e7\u00e3o de novo empreendimento do Grupo Botic\u00e1rio em Pouso Alegre\"}]},{\"@type\":\"WebSite\",\"@id\":\"https:\/\/www.fiemg.com.br\/regional-sul\/#website\",\"url\":\"https:\/\/www.fiemg.com.br\/regional-sul\/\",\"name\":\"Regional Sul\",\"description\":\"Federa\u00e7\u00e3o das Ind\u00fastrias do Estado de Minas Gerais\",\"publisher\":{\"@id\":\"https:\/\/www.fiemg.com.br\/regional-sul\/#organization\"},\"potentialAction\":[{\"@type\":\"SearchAction\",\"target\":{\"@type\":\"EntryPoint\",\"urlTemplate\":\"https:\/\/www.fiemg.com.br\/regional-sul\/?s={search_term_string}\"},\"query-input\":{\"@type\":\"PropertyValueSpecification\",\"valueRequired\":true,\"valueName\":\"search_term_string\"}}],\"inLanguage\":\"pt-BR\"},{\"@type\":\"Organization\",\"@id\":\"https:\/\/www.fiemg.com.br\/regional-sul\/#organization\",\"name\":\"Regional Sul\",\"url\":\"https:\/\/www.fiemg.com.br\/regional-sul\/\",\"logo\":{\"@type\":\"ImageObject\",\"inLanguage\":\"pt-BR\",\"@id\":\"https:\/\/www.fiemg.com.br\/regional-sul\/#\/schema\/logo\/image\/\",\"url\":\"https:\/\/www.fiemg.com.br\/regional-sul\/wp-content\/uploads\/sites\/20\/2023\/02\/Ativo-1.png\",\"contentUrl\":\"https:\/\/www.fiemg.com.br\/regional-sul\/wp-content\/uploads\/sites\/20\/2023\/02\/Ativo-1.png\",\"width\":563,\"height\":149,\"caption\":\"Regional Sul\"},\"image\":{\"@id\":\"https:\/\/www.fiemg.com.br\/regional-sul\/#\/schema\/logo\/image\/\"}}]}<\/script>\n<!-- \/ Yoast SEO plugin. -->","yoast_head_json":{"title":"FIEMG sedia apresenta\u00e7\u00e3o de novo empreendimento do Grupo Botic\u00e1rio em Pouso Alegre - Regional Sul","description":"Projeto anunciado em 2024, apoiado pela FIEMG e Invest Minas, prev\u00ea investimento de R$ 1,8 bilh\u00e3o e gera\u00e7\u00e3o de 800 empregos diretos.","robots":{"index":"index","follow":"follow","max-snippet":"max-snippet:-1","max-image-preview":"max-image-preview:large","max-video-preview":"max-video-preview:-1"},"canonical":"https:\/\/www.fiemg.com.br\/regional-sul\/noticias\/fiemg-sedia-apresentacao-de-novo-empreendimento-do-grupo-boticario-em-pouso-alegre\/","og_locale":"pt_BR","og_type":"article","og_title":"FIEMG sedia apresenta\u00e7\u00e3o de novo empreendimento do Grupo Botic\u00e1rio em Pouso Alegre - Regional Sul","og_description":"Projeto anunciado em 2024, apoiado pela FIEMG e Invest Minas, prev\u00ea investimento de R$ 1,8 bilh\u00e3o e gera\u00e7\u00e3o de 800 empregos diretos.","og_url":"https:\/\/www.fiemg.com.br\/regional-sul\/noticias\/fiemg-sedia-apresentacao-de-novo-empreendimento-do-grupo-boticario-em-pouso-alegre\/","og_site_name":"Regional Sul","article_modified_time":"2025-08-14T20:58:19+00:00","og_image":[{"width":512,"height":512,"url":"https:\/\/www.fiemg.com.br\/regional-sul\/wp-content\/uploads\/sites\/20\/2025\/08\/boticario_thumb.jpeg","type":"image\/jpeg"}],"twitter_card":"summary_large_image","twitter_misc":{"Est. tempo de leitura":"3 minutos"},"schema":{"@context":"https:\/\/schema.org","@graph":[{"@type":"WebPage","@id":"https:\/\/www.fiemg.com.br\/regional-sul\/noticias\/fiemg-sedia-apresentacao-de-novo-empreendimento-do-grupo-boticario-em-pouso-alegre\/","url":"https:\/\/www.fiemg.com.br\/regional-sul\/noticias\/fiemg-sedia-apresentacao-de-novo-empreendimento-do-grupo-boticario-em-pouso-alegre\/","name":"FIEMG sedia apresenta\u00e7\u00e3o de novo empreendimento do Grupo Botic\u00e1rio em Pouso Alegre - Regional Sul","isPartOf":{"@id":"https:\/\/www.fiemg.com.br\/regional-sul\/#website"},"primaryImageOfPage":{"@id":"https:\/\/www.fiemg.com.br\/regional-sul\/noticias\/fiemg-sedia-apresentacao-de-novo-empreendimento-do-grupo-boticario-em-pouso-alegre\/#primaryimage"},"image":{"@id":"https:\/\/www.fiemg.com.br\/regional-sul\/noticias\/fiemg-sedia-apresentacao-de-novo-empreendimento-do-grupo-boticario-em-pouso-alegre\/#primaryimage"},"thumbnailUrl":"https:\/\/www.fiemg.com.br\/regional-sul\/wp-content\/uploads\/sites\/20\/2025\/08\/boticario_thumb.jpeg","datePublished":"2025-08-14T20:58:13+00:00","dateModified":"2025-08-14T20:58:19+00:00","description":"Projeto anunciado em 2024, apoiado pela FIEMG e Invest Minas, prev\u00ea investimento de R$ 1,8 bilh\u00e3o e gera\u00e7\u00e3o de 800 empregos diretos.","breadcrumb":{"@id":"https:\/\/www.fiemg.com.br\/regional-sul\/noticias\/fiemg-sedia-apresentacao-de-novo-empreendimento-do-grupo-boticario-em-pouso-alegre\/#breadcrumb"},"inLanguage":"pt-BR","potentialAction":[{"@type":"ReadAction","target":["https:\/\/www.fiemg.com.br\/regional-sul\/noticias\/fiemg-sedia-apresentacao-de-novo-empreendimento-do-grupo-boticario-em-pouso-alegre\/"]}]},{"@type":"ImageObject","inLanguage":"pt-BR","@id":"https:\/\/www.fiemg.com.br\/regional-sul\/noticias\/fiemg-sedia-apresentacao-de-novo-empreendimento-do-grupo-boticario-em-pouso-alegre\/#primaryimage","url":"https:\/\/www.fiemg.com.br\/regional-sul\/wp-content\/uploads\/sites\/20\/2025\/08\/boticario_thumb.jpeg","contentUrl":"https:\/\/www.fiemg.com.br\/regional-sul\/wp-content\/uploads\/sites\/20\/2025\/08\/boticario_thumb.jpeg","width":512,"height":512,"caption":"FIEMG sedia apresenta\u00e7\u00e3o de novo empreendimento do Grupo Botic\u00e1rio em Pouso Alegre"},{"@type":"BreadcrumbList","@id":"https:\/\/www.fiemg.com.br\/regional-sul\/noticias\/fiemg-sedia-apresentacao-de-novo-empreendimento-do-grupo-boticario-em-pouso-alegre\/#breadcrumb","itemListElement":[{"@type":"ListItem","position":1,"name":"In\u00edcio","item":"https:\/\/www.fiemg.com.br\/regional-sul\/"},{"@type":"ListItem","position":2,"name":"FIEMG sedia apresenta\u00e7\u00e3o de novo empreendimento do Grupo Botic\u00e1rio em Pouso Alegre"}]},{"@type":"WebSite","@id":"https:\/\/www.fiemg.com.br\/regional-sul\/#website","url":"https:\/\/www.fiemg.com.br\/regional-sul\/","name":"Regional Sul","description":"Federa\u00e7\u00e3o das Ind\u00fastrias do Estado de Minas Gerais","publisher":{"@id":"https:\/\/www.fiemg.com.br\/regional-sul\/#organization"},"potentialAction":[{"@type":"SearchAction","target":{"@type":"EntryPoint","urlTemplate":"https:\/\/www.fiemg.com.br\/regional-sul\/?s={search_term_string}"},"query-input":{"@type":"PropertyValueSpecification","valueRequired":true,"valueName":"search_term_string"}}],"inLanguage":"pt-BR"},{"@type":"Organization","@id":"https:\/\/www.fiemg.com.br\/regional-sul\/#organization","name":"Regional Sul","url":"https:\/\/www.fiemg.com.br\/regional-sul\/","logo":{"@type":"ImageObject","inLanguage":"pt-BR","@id":"https:\/\/www.fiemg.com.br\/regional-sul\/#\/schema\/logo\/image\/","url":"https:\/\/www.fiemg.com.br\/regional-sul\/wp-content\/uploads\/sites\/20\/2023\/02\/Ativo-1.png","contentUrl":"https:\/\/www.fiemg.com.br\/regional-sul\/wp-content\/uploads\/sites\/20\/2023\/02\/Ativo-1.png","width":563,"height":149,"caption":"Regional Sul"},"image":{"@id":"https:\/\/www.fiemg.com.br\/regional-sul\/#\/schema\/logo\/image\/"}}]}},"_links":{"self":[{"href":"https:\/\/www.fiemg.com.br\/regional-sul\/wp-json\/wp\/v2\/noticias\/2825","targetHints":{"allow":["GET"]}}],"collection":[{"href":"https:\/\/www.fiemg.com.br\/regional-sul\/wp-json\/wp\/v2\/noticias"}],"about":[{"href":"https:\/\/www.fiemg.com.br\/regional-sul\/wp-json\/wp\/v2\/types\/noticias"}],"wp:featuredmedia":[{"embeddable":true,"href":"https:\/\/www.fiemg.com.br\/regional-sul\/wp-json\/wp\/v2\/media\/2826"}],"wp:attachment":[{"href":"https:\/\/www.fiemg.com.br\/regional-sul\/wp-json\/wp\/v2\/media?parent=2825"}],"wp:term":[{"taxonomy":"category","embeddable":true,"href":"https:\/\/www.fiemg.com.br\/regional-sul\/wp-json\/wp\/v2\/categories?post=2825"},{"taxonomy":"post_tag","embeddable":true,"href":"https:\/\/www.fiemg.com.br\/regional-sul\/wp-json\/wp\/v2\/tags?post=2825"}],"curies":[{"name":"wp","href":"https:\/\/api.w.org\/{rel}","templated":true}]}}