{"id":2937,"date":"2025-10-09T16:21:31","date_gmt":"2025-10-09T19:21:31","guid":{"rendered":"https:\/\/www.fiemg.com.br\/regional-sul\/noticias\/malharia-produtiva-2a-edicao-leva-capacitacao-e-inovacao-para-industrias-de-vestuario-do-sul-de-minas\/"},"modified":"2025-10-09T17:03:13","modified_gmt":"2025-10-09T20:03:13","slug":"malharia-produtiva-2a-edicao-leva-capacitacao-e-inovacao-para-industrias-de-vestuario-do-sul-de-minas","status":"publish","type":"noticias","link":"https:\/\/www.fiemg.com.br\/regional-sul\/noticias\/malharia-produtiva-2a-edicao-leva-capacitacao-e-inovacao-para-industrias-de-vestuario-do-sul-de-minas\/","title":{"rendered":"Malharia Produtiva: 2\u00aa edi\u00e7\u00e3o leva capacita\u00e7\u00e3o e inova\u00e7\u00e3o para ind\u00fastrias de vestu\u00e1rio do Sul de Minas"},"content":{"rendered":"\n<p>O setor t\u00eaxtil e de confec\u00e7\u00f5es do Sul de Minas Gerais inicia uma nova etapa de transforma\u00e7\u00e3o, que visa fortalecer o mercado de confec\u00e7\u00f5es da regi\u00e3o, tornando as ind\u00fastrias locais mais eficientes e competitivas. A 2\u00aa turma do PROCOMPI Malharia Produtiva: Aprimorando Processos e Resultados j\u00e1 est\u00e1 em andamento nas cidades de Jacutinga e Monte Si\u00e3o (MG), reunindo micro e pequenas empresas da regi\u00e3o em uma jornada de aprendizado, competitividade e crescimento.<\/p>\n\n\n\n<p>A iniciativa busca reduzir desperd\u00edcios, melhorar a produtividade e a gest\u00e3o de recursos, al\u00e9m de desenvolver lideran\u00e7as e disseminar pr\u00e1ticas modernas de gest\u00e3o de pessoas. Tamb\u00e9m tem como objetivo estimular a inova\u00e7\u00e3o e a sustentabilidade, contribuindo para o desenvolvimento econ\u00f4mico e social da regi\u00e3o. Na primeira edi\u00e7\u00e3o, 93% das empresas foram capacitadas em metodologias de melhoria cont\u00ednua e houve uma expectativa de crescimento m\u00e9dio de 20% no faturamento das ind\u00fastrias participantes.<\/p>\n\n\n\n<p>A a\u00e7\u00e3o contempla empresas do Circuito das Malhas, que abrange munic\u00edpios como Albertina, Borda da Mata, Inconfidentes, Jacutinga, Monte Si\u00e3o, Ouro Fino, Andradas, Po\u00e7os de Caldas, entre outros. A meta \u00e9 capacitar diretamente 9 ind\u00fastrias, com treinamentos coletivos e mentorias individuais.<\/p>\n\n\n\n<p>De acordo com os organizadores, a Malharia Produtiva refor\u00e7a o papel estrat\u00e9gico do Sul de Minas como um dos principais polos t\u00eaxteis do pa\u00eds, preparado para enfrentar os desafios da competitividade global e gerar mais desenvolvimento econ\u00f4mico e social para a regi\u00e3o.<\/p>\n\n\n\n<p>O projeto \u00e9 uma realiza\u00e7\u00e3o conjunta da Confedera\u00e7\u00e3o Nacional da Ind\u00fastria (CNI), do Instituto Euvaldo Lodi (IEL), do Servi\u00e7o Brasileiro de Apoio \u00e0s Micro e Pequenas Empresas (Sebrae), Associa\u00e7\u00e3o Comercial e Empresarial de Jana\u00faba (ACIJA) e Associa\u00e7\u00e3o Comercial, Industrial, Agropecu\u00e1ria e de Presta\u00e7\u00e3o de Servi\u00e7o de Monte Si\u00e3o (ACIMS) tem como foco a capacita\u00e7\u00e3o pr\u00e1tica de l\u00edderes, gestores e equipes de produ\u00e7\u00e3o, especialmente no uso de m\u00e1quinas STOLL, SHIMA e SEIKI, que representam a base tecnol\u00f3gica da ind\u00fastria de malharia local.<\/p>\n\n\n\n<p><strong>Objetivos da nova edi\u00e7\u00e3o<\/strong><\/p>\n\n\n\n<p>O programa busca aprimorar processos produtivos com foco em efici\u00eancia de m\u00e1quinas e equipes, reduzir desperd\u00edcios e melhorar a gest\u00e3o de recursos, potencializar a produtividade com base em metodologias de melhoria cont\u00ednua, fortalecer a lideran\u00e7a e disseminar pr\u00e1ticas modernas de gest\u00e3o de pessoas, e estimular a inova\u00e7\u00e3o e a sustentabilidade no setor de vestu\u00e1rio.<\/p>\n\n\n\n<p>Al\u00e9m dos treinamentos coletivos, cada empresa participante receber\u00e1 atendimento individualizado, para que o conte\u00fado seja aplicado de forma pr\u00e1tica em sua realidade produtiva, assegurando resultados tang\u00edveis no dia a dia.<\/p>\n\n\n\n<p><strong>Continuidade do projeto<\/strong><\/p>\n\n\n\n<p>A 2\u00aa edi\u00e7\u00e3o \u00e9 uma evolu\u00e7\u00e3o do projeto Malharia Produtiva MG P039, realizado em 2024, que atendeu empresas usu\u00e1rias de maquin\u00e1rio SHIMA. Agora, o foco se amplia para empresas que operam equipamentos STOLL, garantindo equidade no acesso \u00e0 capacita\u00e7\u00e3o e fortalecendo ainda mais o polo produtivo.<\/p>\n\n\n\n<p><em>Marina Rigueir<\/em>a <br><strong>Imprensa FIEMG <\/strong><\/p>\n\n\n\n<p><\/p>\n","protected":false},"featured_media":2939,"template":"","categories":[15],"tags":[],"class_list":["post-2937","noticias","type-noticias","status-publish","has-post-thumbnail","hentry","category-desenvolvimento-industrial"],"acf":[],"yoast_head":"<!-- This site is optimized with the Yoast SEO plugin v26.2 - https:\/\/yoast.com\/wordpress\/plugins\/seo\/ -->\n<title>Malharia Produtiva: 2\u00aa edi\u00e7\u00e3o leva capacita\u00e7\u00e3o e inova\u00e7\u00e3o para ind\u00fastrias de vestu\u00e1rio do Sul de Minas - Regional Sul<\/title>\n<meta name=\"robots\" content=\"index, follow, max-snippet:-1, max-image-preview:large, max-video-preview:-1\" \/>\n<link rel=\"canonical\" href=\"https:\/\/www.fiemg.com.br\/regional-sul\/noticias\/malharia-produtiva-2a-edicao-leva-capacitacao-e-inovacao-para-industrias-de-vestuario-do-sul-de-minas\/\" \/>\n<meta property=\"og:locale\" content=\"pt_BR\" \/>\n<meta property=\"og:type\" content=\"article\" \/>\n<meta property=\"og:title\" content=\"Malharia Produtiva: 2\u00aa edi\u00e7\u00e3o leva capacita\u00e7\u00e3o e inova\u00e7\u00e3o para ind\u00fastrias de vestu\u00e1rio do Sul de Minas - Regional Sul\" \/>\n<meta property=\"og:description\" content=\"O setor t\u00eaxtil e de confec\u00e7\u00f5es do Sul de Minas Gerais inicia uma nova etapa de transforma\u00e7\u00e3o, que visa fortalecer o mercado de confec\u00e7\u00f5es da regi\u00e3o, tornando as ind\u00fastrias locais mais eficientes e competitivas. A 2\u00aa turma do PROCOMPI Malharia Produtiva: Aprimorando Processos e Resultados j\u00e1 est\u00e1 em andamento nas cidades de Jacutinga e Monte [&hellip;]\" \/>\n<meta property=\"og:url\" content=\"https:\/\/www.fiemg.com.br\/regional-sul\/noticias\/malharia-produtiva-2a-edicao-leva-capacitacao-e-inovacao-para-industrias-de-vestuario-do-sul-de-minas\/\" \/>\n<meta property=\"og:site_name\" content=\"Regional Sul\" \/>\n<meta property=\"article:modified_time\" content=\"2025-10-09T20:03:13+00:00\" \/>\n<meta property=\"og:image\" content=\"https:\/\/www.fiemg.com.br\/regional-sul\/wp-content\/uploads\/sites\/20\/2025\/10\/vestuario-sul-minas.jpg\" \/>\n\t<meta property=\"og:image:width\" content=\"512\" \/>\n\t<meta property=\"og:image:height\" content=\"512\" \/>\n\t<meta property=\"og:image:type\" content=\"image\/jpeg\" \/>\n<meta name=\"twitter:card\" content=\"summary_large_image\" \/>\n<meta name=\"twitter:label1\" content=\"Est. tempo de leitura\" \/>\n\t<meta name=\"twitter:data1\" content=\"3 minutos\" \/>\n<script type=\"application\/ld+json\" class=\"yoast-schema-graph\">{\"@context\":\"https:\/\/schema.org\",\"@graph\":[{\"@type\":\"WebPage\",\"@id\":\"https:\/\/www.fiemg.com.br\/regional-sul\/noticias\/malharia-produtiva-2a-edicao-leva-capacitacao-e-inovacao-para-industrias-de-vestuario-do-sul-de-minas\/\",\"url\":\"https:\/\/www.fiemg.com.br\/regional-sul\/noticias\/malharia-produtiva-2a-edicao-leva-capacitacao-e-inovacao-para-industrias-de-vestuario-do-sul-de-minas\/\",\"name\":\"Malharia Produtiva: 2\u00aa edi\u00e7\u00e3o leva capacita\u00e7\u00e3o e inova\u00e7\u00e3o para ind\u00fastrias de vestu\u00e1rio do Sul de Minas - Regional Sul\",\"isPartOf\":{\"@id\":\"https:\/\/www.fiemg.com.br\/regional-sul\/#website\"},\"primaryImageOfPage\":{\"@id\":\"https:\/\/www.fiemg.com.br\/regional-sul\/noticias\/malharia-produtiva-2a-edicao-leva-capacitacao-e-inovacao-para-industrias-de-vestuario-do-sul-de-minas\/#primaryimage\"},\"image\":{\"@id\":\"https:\/\/www.fiemg.com.br\/regional-sul\/noticias\/malharia-produtiva-2a-edicao-leva-capacitacao-e-inovacao-para-industrias-de-vestuario-do-sul-de-minas\/#primaryimage\"},\"thumbnailUrl\":\"https:\/\/www.fiemg.com.br\/regional-sul\/wp-content\/uploads\/sites\/20\/2025\/10\/vestuario-sul-minas.jpg\",\"datePublished\":\"2025-10-09T19:21:31+00:00\",\"dateModified\":\"2025-10-09T20:03:13+00:00\",\"breadcrumb\":{\"@id\":\"https:\/\/www.fiemg.com.br\/regional-sul\/noticias\/malharia-produtiva-2a-edicao-leva-capacitacao-e-inovacao-para-industrias-de-vestuario-do-sul-de-minas\/#breadcrumb\"},\"inLanguage\":\"pt-BR\",\"potentialAction\":[{\"@type\":\"ReadAction\",\"target\":[\"https:\/\/www.fiemg.com.br\/regional-sul\/noticias\/malharia-produtiva-2a-edicao-leva-capacitacao-e-inovacao-para-industrias-de-vestuario-do-sul-de-minas\/\"]}]},{\"@type\":\"ImageObject\",\"inLanguage\":\"pt-BR\",\"@id\":\"https:\/\/www.fiemg.com.br\/regional-sul\/noticias\/malharia-produtiva-2a-edicao-leva-capacitacao-e-inovacao-para-industrias-de-vestuario-do-sul-de-minas\/#primaryimage\",\"url\":\"https:\/\/www.fiemg.com.br\/regional-sul\/wp-content\/uploads\/sites\/20\/2025\/10\/vestuario-sul-minas.jpg\",\"contentUrl\":\"https:\/\/www.fiemg.com.br\/regional-sul\/wp-content\/uploads\/sites\/20\/2025\/10\/vestuario-sul-minas.jpg\",\"width\":512,\"height\":512},{\"@type\":\"BreadcrumbList\",\"@id\":\"https:\/\/www.fiemg.com.br\/regional-sul\/noticias\/malharia-produtiva-2a-edicao-leva-capacitacao-e-inovacao-para-industrias-de-vestuario-do-sul-de-minas\/#breadcrumb\",\"itemListElement\":[{\"@type\":\"ListItem\",\"position\":1,\"name\":\"In\u00edcio\",\"item\":\"https:\/\/www.fiemg.com.br\/regional-sul\/\"},{\"@type\":\"ListItem\",\"position\":2,\"name\":\"Malharia Produtiva: 2\u00aa edi\u00e7\u00e3o leva capacita\u00e7\u00e3o e inova\u00e7\u00e3o para ind\u00fastrias de vestu\u00e1rio do Sul de Minas\"}]},{\"@type\":\"WebSite\",\"@id\":\"https:\/\/www.fiemg.com.br\/regional-sul\/#website\",\"url\":\"https:\/\/www.fiemg.com.br\/regional-sul\/\",\"name\":\"Regional Sul\",\"description\":\"Federa\u00e7\u00e3o das Ind\u00fastrias do Estado de Minas Gerais\",\"publisher\":{\"@id\":\"https:\/\/www.fiemg.com.br\/regional-sul\/#organization\"},\"potentialAction\":[{\"@type\":\"SearchAction\",\"target\":{\"@type\":\"EntryPoint\",\"urlTemplate\":\"https:\/\/www.fiemg.com.br\/regional-sul\/?s={search_term_string}\"},\"query-input\":{\"@type\":\"PropertyValueSpecification\",\"valueRequired\":true,\"valueName\":\"search_term_string\"}}],\"inLanguage\":\"pt-BR\"},{\"@type\":\"Organization\",\"@id\":\"https:\/\/www.fiemg.com.br\/regional-sul\/#organization\",\"name\":\"Regional Sul\",\"url\":\"https:\/\/www.fiemg.com.br\/regional-sul\/\",\"logo\":{\"@type\":\"ImageObject\",\"inLanguage\":\"pt-BR\",\"@id\":\"https:\/\/www.fiemg.com.br\/regional-sul\/#\/schema\/logo\/image\/\",\"url\":\"https:\/\/www.fiemg.com.br\/regional-sul\/wp-content\/uploads\/sites\/20\/2023\/02\/Ativo-1.png\",\"contentUrl\":\"https:\/\/www.fiemg.com.br\/regional-sul\/wp-content\/uploads\/sites\/20\/2023\/02\/Ativo-1.png\",\"width\":563,\"height\":149,\"caption\":\"Regional Sul\"},\"image\":{\"@id\":\"https:\/\/www.fiemg.com.br\/regional-sul\/#\/schema\/logo\/image\/\"}}]}<\/script>\n<!-- \/ Yoast SEO plugin. -->","yoast_head_json":{"title":"Malharia Produtiva: 2\u00aa edi\u00e7\u00e3o leva capacita\u00e7\u00e3o e inova\u00e7\u00e3o para ind\u00fastrias de vestu\u00e1rio do Sul de Minas - Regional Sul","robots":{"index":"index","follow":"follow","max-snippet":"max-snippet:-1","max-image-preview":"max-image-preview:large","max-video-preview":"max-video-preview:-1"},"canonical":"https:\/\/www.fiemg.com.br\/regional-sul\/noticias\/malharia-produtiva-2a-edicao-leva-capacitacao-e-inovacao-para-industrias-de-vestuario-do-sul-de-minas\/","og_locale":"pt_BR","og_type":"article","og_title":"Malharia Produtiva: 2\u00aa edi\u00e7\u00e3o leva capacita\u00e7\u00e3o e inova\u00e7\u00e3o para ind\u00fastrias de vestu\u00e1rio do Sul de Minas - Regional Sul","og_description":"O setor t\u00eaxtil e de confec\u00e7\u00f5es do Sul de Minas Gerais inicia uma nova etapa de transforma\u00e7\u00e3o, que visa fortalecer o mercado de confec\u00e7\u00f5es da regi\u00e3o, tornando as ind\u00fastrias locais mais eficientes e competitivas. A 2\u00aa turma do PROCOMPI Malharia Produtiva: Aprimorando Processos e Resultados j\u00e1 est\u00e1 em andamento nas cidades de Jacutinga e Monte [&hellip;]","og_url":"https:\/\/www.fiemg.com.br\/regional-sul\/noticias\/malharia-produtiva-2a-edicao-leva-capacitacao-e-inovacao-para-industrias-de-vestuario-do-sul-de-minas\/","og_site_name":"Regional Sul","article_modified_time":"2025-10-09T20:03:13+00:00","og_image":[{"width":512,"height":512,"url":"https:\/\/www.fiemg.com.br\/regional-sul\/wp-content\/uploads\/sites\/20\/2025\/10\/vestuario-sul-minas.jpg","type":"image\/jpeg"}],"twitter_card":"summary_large_image","twitter_misc":{"Est. tempo de leitura":"3 minutos"},"schema":{"@context":"https:\/\/schema.org","@graph":[{"@type":"WebPage","@id":"https:\/\/www.fiemg.com.br\/regional-sul\/noticias\/malharia-produtiva-2a-edicao-leva-capacitacao-e-inovacao-para-industrias-de-vestuario-do-sul-de-minas\/","url":"https:\/\/www.fiemg.com.br\/regional-sul\/noticias\/malharia-produtiva-2a-edicao-leva-capacitacao-e-inovacao-para-industrias-de-vestuario-do-sul-de-minas\/","name":"Malharia Produtiva: 2\u00aa edi\u00e7\u00e3o leva capacita\u00e7\u00e3o e inova\u00e7\u00e3o para ind\u00fastrias de vestu\u00e1rio do Sul de Minas - Regional Sul","isPartOf":{"@id":"https:\/\/www.fiemg.com.br\/regional-sul\/#website"},"primaryImageOfPage":{"@id":"https:\/\/www.fiemg.com.br\/regional-sul\/noticias\/malharia-produtiva-2a-edicao-leva-capacitacao-e-inovacao-para-industrias-de-vestuario-do-sul-de-minas\/#primaryimage"},"image":{"@id":"https:\/\/www.fiemg.com.br\/regional-sul\/noticias\/malharia-produtiva-2a-edicao-leva-capacitacao-e-inovacao-para-industrias-de-vestuario-do-sul-de-minas\/#primaryimage"},"thumbnailUrl":"https:\/\/www.fiemg.com.br\/regional-sul\/wp-content\/uploads\/sites\/20\/2025\/10\/vestuario-sul-minas.jpg","datePublished":"2025-10-09T19:21:31+00:00","dateModified":"2025-10-09T20:03:13+00:00","breadcrumb":{"@id":"https:\/\/www.fiemg.com.br\/regional-sul\/noticias\/malharia-produtiva-2a-edicao-leva-capacitacao-e-inovacao-para-industrias-de-vestuario-do-sul-de-minas\/#breadcrumb"},"inLanguage":"pt-BR","potentialAction":[{"@type":"ReadAction","target":["https:\/\/www.fiemg.com.br\/regional-sul\/noticias\/malharia-produtiva-2a-edicao-leva-capacitacao-e-inovacao-para-industrias-de-vestuario-do-sul-de-minas\/"]}]},{"@type":"ImageObject","inLanguage":"pt-BR","@id":"https:\/\/www.fiemg.com.br\/regional-sul\/noticias\/malharia-produtiva-2a-edicao-leva-capacitacao-e-inovacao-para-industrias-de-vestuario-do-sul-de-minas\/#primaryimage","url":"https:\/\/www.fiemg.com.br\/regional-sul\/wp-content\/uploads\/sites\/20\/2025\/10\/vestuario-sul-minas.jpg","contentUrl":"https:\/\/www.fiemg.com.br\/regional-sul\/wp-content\/uploads\/sites\/20\/2025\/10\/vestuario-sul-minas.jpg","width":512,"height":512},{"@type":"BreadcrumbList","@id":"https:\/\/www.fiemg.com.br\/regional-sul\/noticias\/malharia-produtiva-2a-edicao-leva-capacitacao-e-inovacao-para-industrias-de-vestuario-do-sul-de-minas\/#breadcrumb","itemListElement":[{"@type":"ListItem","position":1,"name":"In\u00edcio","item":"https:\/\/www.fiemg.com.br\/regional-sul\/"},{"@type":"ListItem","position":2,"name":"Malharia Produtiva: 2\u00aa edi\u00e7\u00e3o leva capacita\u00e7\u00e3o e inova\u00e7\u00e3o para ind\u00fastrias de vestu\u00e1rio do Sul de Minas"}]},{"@type":"WebSite","@id":"https:\/\/www.fiemg.com.br\/regional-sul\/#website","url":"https:\/\/www.fiemg.com.br\/regional-sul\/","name":"Regional Sul","description":"Federa\u00e7\u00e3o das Ind\u00fastrias do Estado de Minas Gerais","publisher":{"@id":"https:\/\/www.fiemg.com.br\/regional-sul\/#organization"},"potentialAction":[{"@type":"SearchAction","target":{"@type":"EntryPoint","urlTemplate":"https:\/\/www.fiemg.com.br\/regional-sul\/?s={search_term_string}"},"query-input":{"@type":"PropertyValueSpecification","valueRequired":true,"valueName":"search_term_string"}}],"inLanguage":"pt-BR"},{"@type":"Organization","@id":"https:\/\/www.fiemg.com.br\/regional-sul\/#organization","name":"Regional Sul","url":"https:\/\/www.fiemg.com.br\/regional-sul\/","logo":{"@type":"ImageObject","inLanguage":"pt-BR","@id":"https:\/\/www.fiemg.com.br\/regional-sul\/#\/schema\/logo\/image\/","url":"https:\/\/www.fiemg.com.br\/regional-sul\/wp-content\/uploads\/sites\/20\/2023\/02\/Ativo-1.png","contentUrl":"https:\/\/www.fiemg.com.br\/regional-sul\/wp-content\/uploads\/sites\/20\/2023\/02\/Ativo-1.png","width":563,"height":149,"caption":"Regional Sul"},"image":{"@id":"https:\/\/www.fiemg.com.br\/regional-sul\/#\/schema\/logo\/image\/"}}]}},"_links":{"self":[{"href":"https:\/\/www.fiemg.com.br\/regional-sul\/wp-json\/wp\/v2\/noticias\/2937","targetHints":{"allow":["GET"]}}],"collection":[{"href":"https:\/\/www.fiemg.com.br\/regional-sul\/wp-json\/wp\/v2\/noticias"}],"about":[{"href":"https:\/\/www.fiemg.com.br\/regional-sul\/wp-json\/wp\/v2\/types\/noticias"}],"wp:featuredmedia":[{"embeddable":true,"href":"https:\/\/www.fiemg.com.br\/regional-sul\/wp-json\/wp\/v2\/media\/2939"}],"wp:attachment":[{"href":"https:\/\/www.fiemg.com.br\/regional-sul\/wp-json\/wp\/v2\/media?parent=2937"}],"wp:term":[{"taxonomy":"category","embeddable":true,"href":"https:\/\/www.fiemg.com.br\/regional-sul\/wp-json\/wp\/v2\/categories?post=2937"},{"taxonomy":"post_tag","embeddable":true,"href":"https:\/\/www.fiemg.com.br\/regional-sul\/wp-json\/wp\/v2\/tags?post=2937"}],"curies":[{"name":"wp","href":"https:\/\/api.w.org\/{rel}","templated":true}]}}