{"id":2944,"date":"2025-11-07T17:03:26","date_gmt":"2025-11-07T20:03:26","guid":{"rendered":"https:\/\/www.fiemg.com.br\/regional-sul\/?post_type=noticias&#038;p=2944"},"modified":"2025-11-10T17:52:20","modified_gmt":"2025-11-10T20:52:20","slug":"descaracterizacao-de-barragens-e-investimentos-pautam-reuniao-da-fiemg","status":"publish","type":"noticias","link":"https:\/\/www.fiemg.com.br\/regional-sul\/noticias\/descaracterizacao-de-barragens-e-investimentos-pautam-reuniao-da-fiemg\/","title":{"rendered":"Descaracteriza\u00e7\u00e3o de barragens e investimentos pautam reuni\u00e3o da FIEMG"},"content":{"rendered":"\n<p>A 59\u00aa Reuni\u00e3o Ordin\u00e1ria da C\u00e2mara de Obras Industriais da FIEMG, realizada nesta quinta-feira (7\/11), na sede da Federa\u00e7\u00e3o, reuniu empres\u00e1rios e representantes da Vale para discutir investimentos, sustentabilidade e oportunidades de integra\u00e7\u00e3o entre a cadeia da constru\u00e7\u00e3o industrial e o setor de minera\u00e7\u00e3o.<\/p>\n\n\n\n<p>O encontro foi conduzido pelo presidente da C\u00e2mara, Ilso Jos\u00e9 de Oliveira, que destacou a relev\u00e2ncia do momento. \u201c\u00c9 uma reuni\u00e3o muito especial para n\u00f3s. Para ouvirmos um pouco sobre o plano de projetos da Vale e, evidentemente, tamb\u00e9m abrir uma possibilidade de conversarmos. Esse \u00e9 o nosso principal objetivo\u201d, afirmou.<\/p>\n\n\n\n<p>A apresenta\u00e7\u00e3o da Vale foi conduzida pelo diretor de Suprimentos, Projetos, Engenharia e Obras, Diego Fran\u00e7a, que compartilhou um panorama sobre o plano de investimentos da companhia e os avan\u00e7os na \u00e1rea de infraestrutura. Fran\u00e7a falou tamb\u00e9m sobre o avan\u00e7o em seguran\u00e7a e sustentabilidade.<\/p>\n\n\n\n<p>\u201cTemos um programa de descaracteriza\u00e7\u00e3o das barragens a montante. S\u00e3o 30 barragens, das quais 18 j\u00e1 foram descaracterizadas e restam 12, justamente as mais complexas. Eliminamos todas as estruturas classificadas em n\u00edvel 3, que indicavam risco iminente de ruptura. Hoje, n\u00e3o h\u00e1 mais nenhuma barragem nesse n\u00edvel\u201d, destacou.<\/p>\n\n\n\n<p>De acordo com os dados apresentados, 85% da produ\u00e7\u00e3o atual da empresa j\u00e1 n\u00e3o depende de barragens de rejeito, resultado de um investimento de R$ 2,5 bilh\u00f5es nas quatro plantas de filtragem em opera\u00e7\u00e3o, que reduzem significativamente o volume de rejeitos gerados.<\/p>\n\n\n\n<p>Entre as metas para os pr\u00f3ximos anos, a mineradora projeta atingir 360 milh\u00f5es de toneladas produzidas at\u00e9 2030, ampliando sua flexibilidade operacional com obras como as de Vargem Grande, Serra Sul, Capanema, Minas de Itabira e a Planta de Sohar. A companhia tamb\u00e9m destacou o potencial do projeto Novo Caraj\u00e1s, que concentra 10% do mercado transoce\u00e2nico global de min\u00e9rio de ferro e reservas \u00fanicas de ferro e cobre, posicionando o Brasil \u201ccomo um player-chave em minerais cr\u00edticos e l\u00edder em descarboniza\u00e7\u00e3o\u201d.<\/p>\n\n\n\n<p>Al\u00e9m da apresenta\u00e7\u00e3o da mineradora, a reuni\u00e3o contemplou os relat\u00f3rios dos grupos de trabalho da C\u00e2mara, que apresentaram as a\u00e7\u00f5es executadas ao longo do ano, e um momento de palavra aberta para troca de experi\u00eancias e propostas de novas iniciativas.<\/p>\n\n\n\n<p>O presidente Ilso Oliveira encerrou o encontro refor\u00e7ando o papel da C\u00e2mara na articula\u00e7\u00e3o entre empresas e setores estrat\u00e9gicos. \u201cNosso prop\u00f3sito \u00e9 ampliar a competitividade e a efici\u00eancia das obras industriais em Minas Gerais, promovendo a inova\u00e7\u00e3o e fortalecendo o di\u00e1logo com grandes players da ind\u00fastria nacional\u201d, afirmou.<\/p>\n\n\n\n<p>Para visualizar as fotos desse encontro, <a href=\"https:\/\/www.flickr.com\/photos\/sistemafiemg\/albums\/72177720330186088\/\" target=\"_blank\" rel=\"noreferrer noopener\">clique aqui<\/a>.<\/p>\n\n\n\n<p><em>Ana Paula Motta<\/em><br><strong>Imprensa FIEMG<\/strong><\/p>\n\n\n\n<p><\/p>\n","protected":false},"featured_media":2945,"template":"","categories":[15],"tags":[],"class_list":["post-2944","noticias","type-noticias","status-publish","has-post-thumbnail","hentry","category-desenvolvimento-industrial"],"acf":[],"yoast_head":"<!-- This site is optimized with the Yoast SEO plugin v26.2 - https:\/\/yoast.com\/wordpress\/plugins\/seo\/ -->\n<title>Descaracteriza\u00e7\u00e3o de barragens e investimentos pautam reuni\u00e3o da FIEMG - Regional Sul<\/title>\n<meta name=\"robots\" content=\"index, follow, max-snippet:-1, max-image-preview:large, max-video-preview:-1\" \/>\n<link rel=\"canonical\" href=\"https:\/\/www.fiemg.com.br\/regional-sul\/noticias\/descaracterizacao-de-barragens-e-investimentos-pautam-reuniao-da-fiemg\/\" \/>\n<meta property=\"og:locale\" content=\"pt_BR\" \/>\n<meta property=\"og:type\" content=\"article\" \/>\n<meta property=\"og:title\" content=\"Descaracteriza\u00e7\u00e3o de barragens e investimentos pautam reuni\u00e3o da FIEMG - Regional Sul\" \/>\n<meta property=\"og:description\" content=\"A 59\u00aa Reuni\u00e3o Ordin\u00e1ria da C\u00e2mara de Obras Industriais da FIEMG, realizada nesta quinta-feira (7\/11), na sede da Federa\u00e7\u00e3o, reuniu empres\u00e1rios e representantes da Vale para discutir investimentos, sustentabilidade e oportunidades de integra\u00e7\u00e3o entre a cadeia da constru\u00e7\u00e3o industrial e o setor de minera\u00e7\u00e3o. O encontro foi conduzido pelo presidente da C\u00e2mara, Ilso Jos\u00e9 de [&hellip;]\" \/>\n<meta property=\"og:url\" content=\"https:\/\/www.fiemg.com.br\/regional-sul\/noticias\/descaracterizacao-de-barragens-e-investimentos-pautam-reuniao-da-fiemg\/\" \/>\n<meta property=\"og:site_name\" content=\"Regional Sul\" \/>\n<meta property=\"article:modified_time\" content=\"2025-11-10T20:52:20+00:00\" \/>\n<meta property=\"og:image\" content=\"https:\/\/www.fiemg.com.br\/regional-sul\/wp-content\/uploads\/sites\/20\/2025\/11\/obras-industriais-vale-encontro.jpg\" \/>\n\t<meta property=\"og:image:width\" content=\"512\" \/>\n\t<meta property=\"og:image:height\" content=\"512\" \/>\n\t<meta property=\"og:image:type\" content=\"image\/jpeg\" \/>\n<meta name=\"twitter:card\" content=\"summary_large_image\" \/>\n<meta name=\"twitter:label1\" content=\"Est. tempo de leitura\" \/>\n\t<meta name=\"twitter:data1\" content=\"3 minutos\" \/>\n<script type=\"application\/ld+json\" class=\"yoast-schema-graph\">{\"@context\":\"https:\/\/schema.org\",\"@graph\":[{\"@type\":\"WebPage\",\"@id\":\"https:\/\/www.fiemg.com.br\/regional-sul\/noticias\/descaracterizacao-de-barragens-e-investimentos-pautam-reuniao-da-fiemg\/\",\"url\":\"https:\/\/www.fiemg.com.br\/regional-sul\/noticias\/descaracterizacao-de-barragens-e-investimentos-pautam-reuniao-da-fiemg\/\",\"name\":\"Descaracteriza\u00e7\u00e3o de barragens e investimentos pautam reuni\u00e3o da FIEMG - Regional Sul\",\"isPartOf\":{\"@id\":\"https:\/\/www.fiemg.com.br\/regional-sul\/#website\"},\"primaryImageOfPage\":{\"@id\":\"https:\/\/www.fiemg.com.br\/regional-sul\/noticias\/descaracterizacao-de-barragens-e-investimentos-pautam-reuniao-da-fiemg\/#primaryimage\"},\"image\":{\"@id\":\"https:\/\/www.fiemg.com.br\/regional-sul\/noticias\/descaracterizacao-de-barragens-e-investimentos-pautam-reuniao-da-fiemg\/#primaryimage\"},\"thumbnailUrl\":\"https:\/\/www.fiemg.com.br\/regional-sul\/wp-content\/uploads\/sites\/20\/2025\/11\/obras-industriais-vale-encontro.jpg\",\"datePublished\":\"2025-11-07T20:03:26+00:00\",\"dateModified\":\"2025-11-10T20:52:20+00:00\",\"breadcrumb\":{\"@id\":\"https:\/\/www.fiemg.com.br\/regional-sul\/noticias\/descaracterizacao-de-barragens-e-investimentos-pautam-reuniao-da-fiemg\/#breadcrumb\"},\"inLanguage\":\"pt-BR\",\"potentialAction\":[{\"@type\":\"ReadAction\",\"target\":[\"https:\/\/www.fiemg.com.br\/regional-sul\/noticias\/descaracterizacao-de-barragens-e-investimentos-pautam-reuniao-da-fiemg\/\"]}]},{\"@type\":\"ImageObject\",\"inLanguage\":\"pt-BR\",\"@id\":\"https:\/\/www.fiemg.com.br\/regional-sul\/noticias\/descaracterizacao-de-barragens-e-investimentos-pautam-reuniao-da-fiemg\/#primaryimage\",\"url\":\"https:\/\/www.fiemg.com.br\/regional-sul\/wp-content\/uploads\/sites\/20\/2025\/11\/obras-industriais-vale-encontro.jpg\",\"contentUrl\":\"https:\/\/www.fiemg.com.br\/regional-sul\/wp-content\/uploads\/sites\/20\/2025\/11\/obras-industriais-vale-encontro.jpg\",\"width\":512,\"height\":512,\"caption\":\"Descaracteriza\u00e7\u00e3o de barragens e investimentos pautam reuni\u00e3o da FIEMG\"},{\"@type\":\"BreadcrumbList\",\"@id\":\"https:\/\/www.fiemg.com.br\/regional-sul\/noticias\/descaracterizacao-de-barragens-e-investimentos-pautam-reuniao-da-fiemg\/#breadcrumb\",\"itemListElement\":[{\"@type\":\"ListItem\",\"position\":1,\"name\":\"In\u00edcio\",\"item\":\"https:\/\/www.fiemg.com.br\/regional-sul\/\"},{\"@type\":\"ListItem\",\"position\":2,\"name\":\"Descaracteriza\u00e7\u00e3o de barragens e investimentos pautam reuni\u00e3o da FIEMG\"}]},{\"@type\":\"WebSite\",\"@id\":\"https:\/\/www.fiemg.com.br\/regional-sul\/#website\",\"url\":\"https:\/\/www.fiemg.com.br\/regional-sul\/\",\"name\":\"Regional Sul\",\"description\":\"Federa\u00e7\u00e3o das Ind\u00fastrias do Estado de Minas Gerais\",\"publisher\":{\"@id\":\"https:\/\/www.fiemg.com.br\/regional-sul\/#organization\"},\"potentialAction\":[{\"@type\":\"SearchAction\",\"target\":{\"@type\":\"EntryPoint\",\"urlTemplate\":\"https:\/\/www.fiemg.com.br\/regional-sul\/?s={search_term_string}\"},\"query-input\":{\"@type\":\"PropertyValueSpecification\",\"valueRequired\":true,\"valueName\":\"search_term_string\"}}],\"inLanguage\":\"pt-BR\"},{\"@type\":\"Organization\",\"@id\":\"https:\/\/www.fiemg.com.br\/regional-sul\/#organization\",\"name\":\"Regional Sul\",\"url\":\"https:\/\/www.fiemg.com.br\/regional-sul\/\",\"logo\":{\"@type\":\"ImageObject\",\"inLanguage\":\"pt-BR\",\"@id\":\"https:\/\/www.fiemg.com.br\/regional-sul\/#\/schema\/logo\/image\/\",\"url\":\"https:\/\/www.fiemg.com.br\/regional-sul\/wp-content\/uploads\/sites\/20\/2023\/02\/Ativo-1.png\",\"contentUrl\":\"https:\/\/www.fiemg.com.br\/regional-sul\/wp-content\/uploads\/sites\/20\/2023\/02\/Ativo-1.png\",\"width\":563,\"height\":149,\"caption\":\"Regional Sul\"},\"image\":{\"@id\":\"https:\/\/www.fiemg.com.br\/regional-sul\/#\/schema\/logo\/image\/\"}}]}<\/script>\n<!-- \/ Yoast SEO plugin. -->","yoast_head_json":{"title":"Descaracteriza\u00e7\u00e3o de barragens e investimentos pautam reuni\u00e3o da FIEMG - Regional Sul","robots":{"index":"index","follow":"follow","max-snippet":"max-snippet:-1","max-image-preview":"max-image-preview:large","max-video-preview":"max-video-preview:-1"},"canonical":"https:\/\/www.fiemg.com.br\/regional-sul\/noticias\/descaracterizacao-de-barragens-e-investimentos-pautam-reuniao-da-fiemg\/","og_locale":"pt_BR","og_type":"article","og_title":"Descaracteriza\u00e7\u00e3o de barragens e investimentos pautam reuni\u00e3o da FIEMG - Regional Sul","og_description":"A 59\u00aa Reuni\u00e3o Ordin\u00e1ria da C\u00e2mara de Obras Industriais da FIEMG, realizada nesta quinta-feira (7\/11), na sede da Federa\u00e7\u00e3o, reuniu empres\u00e1rios e representantes da Vale para discutir investimentos, sustentabilidade e oportunidades de integra\u00e7\u00e3o entre a cadeia da constru\u00e7\u00e3o industrial e o setor de minera\u00e7\u00e3o. O encontro foi conduzido pelo presidente da C\u00e2mara, Ilso Jos\u00e9 de [&hellip;]","og_url":"https:\/\/www.fiemg.com.br\/regional-sul\/noticias\/descaracterizacao-de-barragens-e-investimentos-pautam-reuniao-da-fiemg\/","og_site_name":"Regional Sul","article_modified_time":"2025-11-10T20:52:20+00:00","og_image":[{"width":512,"height":512,"url":"https:\/\/www.fiemg.com.br\/regional-sul\/wp-content\/uploads\/sites\/20\/2025\/11\/obras-industriais-vale-encontro.jpg","type":"image\/jpeg"}],"twitter_card":"summary_large_image","twitter_misc":{"Est. tempo de leitura":"3 minutos"},"schema":{"@context":"https:\/\/schema.org","@graph":[{"@type":"WebPage","@id":"https:\/\/www.fiemg.com.br\/regional-sul\/noticias\/descaracterizacao-de-barragens-e-investimentos-pautam-reuniao-da-fiemg\/","url":"https:\/\/www.fiemg.com.br\/regional-sul\/noticias\/descaracterizacao-de-barragens-e-investimentos-pautam-reuniao-da-fiemg\/","name":"Descaracteriza\u00e7\u00e3o de barragens e investimentos pautam reuni\u00e3o da FIEMG - Regional Sul","isPartOf":{"@id":"https:\/\/www.fiemg.com.br\/regional-sul\/#website"},"primaryImageOfPage":{"@id":"https:\/\/www.fiemg.com.br\/regional-sul\/noticias\/descaracterizacao-de-barragens-e-investimentos-pautam-reuniao-da-fiemg\/#primaryimage"},"image":{"@id":"https:\/\/www.fiemg.com.br\/regional-sul\/noticias\/descaracterizacao-de-barragens-e-investimentos-pautam-reuniao-da-fiemg\/#primaryimage"},"thumbnailUrl":"https:\/\/www.fiemg.com.br\/regional-sul\/wp-content\/uploads\/sites\/20\/2025\/11\/obras-industriais-vale-encontro.jpg","datePublished":"2025-11-07T20:03:26+00:00","dateModified":"2025-11-10T20:52:20+00:00","breadcrumb":{"@id":"https:\/\/www.fiemg.com.br\/regional-sul\/noticias\/descaracterizacao-de-barragens-e-investimentos-pautam-reuniao-da-fiemg\/#breadcrumb"},"inLanguage":"pt-BR","potentialAction":[{"@type":"ReadAction","target":["https:\/\/www.fiemg.com.br\/regional-sul\/noticias\/descaracterizacao-de-barragens-e-investimentos-pautam-reuniao-da-fiemg\/"]}]},{"@type":"ImageObject","inLanguage":"pt-BR","@id":"https:\/\/www.fiemg.com.br\/regional-sul\/noticias\/descaracterizacao-de-barragens-e-investimentos-pautam-reuniao-da-fiemg\/#primaryimage","url":"https:\/\/www.fiemg.com.br\/regional-sul\/wp-content\/uploads\/sites\/20\/2025\/11\/obras-industriais-vale-encontro.jpg","contentUrl":"https:\/\/www.fiemg.com.br\/regional-sul\/wp-content\/uploads\/sites\/20\/2025\/11\/obras-industriais-vale-encontro.jpg","width":512,"height":512,"caption":"Descaracteriza\u00e7\u00e3o de barragens e investimentos pautam reuni\u00e3o da FIEMG"},{"@type":"BreadcrumbList","@id":"https:\/\/www.fiemg.com.br\/regional-sul\/noticias\/descaracterizacao-de-barragens-e-investimentos-pautam-reuniao-da-fiemg\/#breadcrumb","itemListElement":[{"@type":"ListItem","position":1,"name":"In\u00edcio","item":"https:\/\/www.fiemg.com.br\/regional-sul\/"},{"@type":"ListItem","position":2,"name":"Descaracteriza\u00e7\u00e3o de barragens e investimentos pautam reuni\u00e3o da FIEMG"}]},{"@type":"WebSite","@id":"https:\/\/www.fiemg.com.br\/regional-sul\/#website","url":"https:\/\/www.fiemg.com.br\/regional-sul\/","name":"Regional Sul","description":"Federa\u00e7\u00e3o das Ind\u00fastrias do Estado de Minas Gerais","publisher":{"@id":"https:\/\/www.fiemg.com.br\/regional-sul\/#organization"},"potentialAction":[{"@type":"SearchAction","target":{"@type":"EntryPoint","urlTemplate":"https:\/\/www.fiemg.com.br\/regional-sul\/?s={search_term_string}"},"query-input":{"@type":"PropertyValueSpecification","valueRequired":true,"valueName":"search_term_string"}}],"inLanguage":"pt-BR"},{"@type":"Organization","@id":"https:\/\/www.fiemg.com.br\/regional-sul\/#organization","name":"Regional Sul","url":"https:\/\/www.fiemg.com.br\/regional-sul\/","logo":{"@type":"ImageObject","inLanguage":"pt-BR","@id":"https:\/\/www.fiemg.com.br\/regional-sul\/#\/schema\/logo\/image\/","url":"https:\/\/www.fiemg.com.br\/regional-sul\/wp-content\/uploads\/sites\/20\/2023\/02\/Ativo-1.png","contentUrl":"https:\/\/www.fiemg.com.br\/regional-sul\/wp-content\/uploads\/sites\/20\/2023\/02\/Ativo-1.png","width":563,"height":149,"caption":"Regional Sul"},"image":{"@id":"https:\/\/www.fiemg.com.br\/regional-sul\/#\/schema\/logo\/image\/"}}]}},"_links":{"self":[{"href":"https:\/\/www.fiemg.com.br\/regional-sul\/wp-json\/wp\/v2\/noticias\/2944","targetHints":{"allow":["GET"]}}],"collection":[{"href":"https:\/\/www.fiemg.com.br\/regional-sul\/wp-json\/wp\/v2\/noticias"}],"about":[{"href":"https:\/\/www.fiemg.com.br\/regional-sul\/wp-json\/wp\/v2\/types\/noticias"}],"wp:featuredmedia":[{"embeddable":true,"href":"https:\/\/www.fiemg.com.br\/regional-sul\/wp-json\/wp\/v2\/media\/2945"}],"wp:attachment":[{"href":"https:\/\/www.fiemg.com.br\/regional-sul\/wp-json\/wp\/v2\/media?parent=2944"}],"wp:term":[{"taxonomy":"category","embeddable":true,"href":"https:\/\/www.fiemg.com.br\/regional-sul\/wp-json\/wp\/v2\/categories?post=2944"},{"taxonomy":"post_tag","embeddable":true,"href":"https:\/\/www.fiemg.com.br\/regional-sul\/wp-json\/wp\/v2\/tags?post=2944"}],"curies":[{"name":"wp","href":"https:\/\/api.w.org\/{rel}","templated":true}]}}