{"id":3008,"date":"2026-03-04T13:54:42","date_gmt":"2026-03-04T16:54:42","guid":{"rendered":"https:\/\/www.fiemg.com.br\/regional-sul\/noticias\/senai-mg-atinge-15-milhoes-de-matriculas-de-educacao-profissional-na-gestao-do-presidente-da-fiemg-flavio-roscoe\/"},"modified":"2026-03-04T14:01:35","modified_gmt":"2026-03-04T17:01:35","slug":"senai-mg-atinge-15-milhoes-de-matriculas-de-educacao-profissional-na-gestao-do-presidente-da-fiemg-flavio-roscoe","status":"publish","type":"noticias","link":"https:\/\/www.fiemg.com.br\/regional-sul\/noticias\/senai-mg-atinge-15-milhoes-de-matriculas-de-educacao-profissional-na-gestao-do-presidente-da-fiemg-flavio-roscoe\/","title":{"rendered":"SENAI-MG atinge 1,5 milh\u00f5es de matr\u00edculas de educa\u00e7\u00e3o profissional na gest\u00e3o do presidente da FIEMG, Fl\u00e1vio Roscoe\u00a0"},"content":{"rendered":"\n<p>O Servi\u00e7o Nacional de Aprendizagem Industrial (SENAI) \u00e9 refer\u00eancia consolidada em forma\u00e7\u00e3o profissional e, em 2026, refor\u00e7a seu papel como principal porta de entrada para o mercado de trabalho com o Programa de Aprendizagem Industrial. O SENAI-MG atinge 1,5 milh\u00f5es de matr\u00edculas de educa\u00e7\u00e3o profissional na gest\u00e3o do presidente da Federa\u00e7\u00e3o das Ind\u00fastrias de Minas Gerais (FIEMG), Fl\u00e1vio Roscoe. Al\u00e9m disso, ao final de 2025, o SENAI-MG bateu recorde de matr\u00edculas para os Cursos T\u00e9cnicos para 2026, chegando a 252.801 inscritos.<\/p>\n\n\n\n<p>De acordo com o presidente da FIEMG, Fl\u00e1vio Roscoe, os n\u00fameros mostram a qualidade da forma\u00e7\u00e3o e evidenciam que o SENAI-MG prepara profissionais alinhados \u00e0s necessidades produtivas e \u00e0s transforma\u00e7\u00f5es tecnol\u00f3gicas da ind\u00fastria.<\/p>\n\n\n\n<p>\u201cTrabalhamos fortemente para melhorar a experi\u00eancia dos alunos no SENAI-MG, n\u00e3o somente no que diz respeito \u00e0 infraestrutura, mas tamb\u00e9m investindo na qualifica\u00e7\u00e3o e treinamento dos profissionais para garantir a melhor qualidade no ensino. O parque tecnol\u00f3gico est\u00e1 em constante revitaliza\u00e7\u00e3o, com foco em inova\u00e7\u00e3o, qualifica\u00e7\u00e3o e aperfei\u00e7oamento profissional para atender diretamente \u00e0s necessidades da ind\u00fastria\u201d, ressalta Roscoe.<br><br>Segundo Christiano Leal, diretor regional SENAI-MG e superintendente do SESI, o investimento em educa\u00e7\u00e3o b\u00e1sica e profissional foi bem relevante nos \u00faltimos anos. \u201cFoi o maior ciclo de investimentos da hist\u00f3ria do sistema\u201d, salienta.<br><br>Willer Geraldo Alves realizou cursos do SENAI e hoje \u00e9 um empreendedor. \u201cMinha hist\u00f3ria com o SENAI come\u00e7ou em 1999, quando eu tinha 16 anos, com o curso de El\u00e9trica, que tem dura\u00e7\u00e3o de um ano e meio, para Jovem Aprendiz. Eu queria aprender a montar padr\u00e3o el\u00e9trico. Era um mundo desconhecido para mim. Fui da segunda turma de Patos de Minas. Os ensinamentos foram muito valiosos, pois aprendi sobre disciplina, valores, quest\u00f5es de comportamento profissional e relacionamento, al\u00e9m do conhecimento t\u00e9cnico\u201d, conta Willer.&nbsp;<\/p>\n\n\n\n<p>O empreendedor conta ainda que o SENAI o resgatou de um meio vulner\u00e1vel, apresentando um novo ambiente, a partir da oportunidade de treinamento e acolhida. \u201cPosteriormente, fiz a qualifica\u00e7\u00e3o profissional, o curso t\u00e9cnico em eletr\u00f4nica e at\u00e9 mesmo de manuten\u00e7\u00e3o de m\u00e1quina de costura. Fiz ainda mais seis cursos no SENAI ao longo dos anos. A partir dos conhecimentos obtidos no SENAI, tive a possibilidade de ingressar no ambiente industrial, atuando em v\u00e1rias ind\u00fastrias: a \u00faltima foi a Cemil, onde atuei por 18 anos, assumi o cargo de coordenador do time de automa\u00e7\u00e3o, tendo desenvolvido trabalhos de efici\u00eancia energ\u00e9tica. Hoje, sou s\u00f3cio-propriet\u00e1rio da Eficientiza, sendo que o meu s\u00f3cio tamb\u00e9m foi aluno do SENAI\u201d, complementa.&nbsp;<\/p>\n\n\n\n<p>A Eficientiza foi fundada em 2019 e oferece servi\u00e7os na \u00e1rea de engenharia, com projetos el\u00e9tricos, de consultoria e sistemas de automa\u00e7\u00e3o, al\u00e9m da parte de loteamento e verifica\u00e7\u00e3o urbana.<\/p>\n\n\n\n<p><strong>Procura por forma\u00e7\u00e3o t\u00e9cnica e a demanda na ind\u00fastria<\/strong><\/p>\n\n\n\n<p>A procura crescente por forma\u00e7\u00e3o t\u00e9cnica tem acompanhado a demanda da ind\u00fastria por profissionais qualificados. A pesquisa de Acompanhamento de Egressos 2023-2025 aponta\u202fque\u202f87,6% dos ex-estudantes do Servi\u00e7o Nacional de Aprendizagem Industrial (SENAI)\u202fde Minas Gerais conseguem entrar no mercado de trabalho e t\u00eam renda m\u00e9dia maior que os demais profissionais na mesma ocupa\u00e7\u00e3o. Em Minas Gerais, o incremento da renda dos egressos chega a 94,5%.<br><br>Outro dado destaque para Minas s\u00e3o os 79,6% de ocupa\u00e7\u00e3o de egressos no mercado de trabalho, sendo 86,1% dos t\u00e9cnicos e 78,8% dos estudantes que fizeram a qualifica\u00e7\u00e3o. A pesquisa de acompanhamento 2023-2025 mostra ainda que, em Minas Gerais, 60,3% dos egressos continuam estudando, mesmo depois de ocuparem suas vagas no mercado de trabalho.<br><br>Em Minas, 31,7% dos egressos do SENAI est\u00e3o trabalhando ocupados na \u00e1rea de forma\u00e7\u00e3o. A pesquisa de acompanhamento 2023-2025 mostra ainda que, em terras mineiras, 46,8% da ocupa\u00e7\u00e3o de egressos \u00e9 na ind\u00fastria e 60% est\u00e3o ocupados no mercado formal de trabalho.<\/p>\n\n\n\n<p><em>Marina Rigueira<\/em><br><strong>Imprensa FIEMG<\/strong><\/p>\n\n\n\n<p><\/p>\n","protected":false},"featured_media":3010,"template":"","categories":[15],"tags":[],"class_list":["post-3008","noticias","type-noticias","status-publish","has-post-thumbnail","hentry","category-desenvolvimento-industrial"],"acf":[],"yoast_head":"<!-- This site is optimized with the Yoast SEO plugin v26.2 - https:\/\/yoast.com\/wordpress\/plugins\/seo\/ -->\n<title>SENAI-MG atinge 1,5 milh\u00f5es de matr\u00edculas de educa\u00e7\u00e3o profissional na gest\u00e3o do presidente da FIEMG, Fl\u00e1vio Roscoe\u00a0 - Regional Sul<\/title>\n<meta name=\"robots\" content=\"index, follow, max-snippet:-1, max-image-preview:large, max-video-preview:-1\" \/>\n<link rel=\"canonical\" href=\"https:\/\/www.fiemg.com.br\/regional-sul\/noticias\/senai-mg-atinge-15-milhoes-de-matriculas-de-educacao-profissional-na-gestao-do-presidente-da-fiemg-flavio-roscoe\/\" \/>\n<meta property=\"og:locale\" content=\"pt_BR\" \/>\n<meta property=\"og:type\" content=\"article\" \/>\n<meta property=\"og:title\" content=\"SENAI-MG atinge 1,5 milh\u00f5es de matr\u00edculas de educa\u00e7\u00e3o profissional na gest\u00e3o do presidente da FIEMG, Fl\u00e1vio Roscoe\u00a0 - Regional Sul\" \/>\n<meta property=\"og:description\" content=\"O Servi\u00e7o Nacional de Aprendizagem Industrial (SENAI) \u00e9 refer\u00eancia consolidada em forma\u00e7\u00e3o profissional e, em 2026, refor\u00e7a seu papel como principal porta de entrada para o mercado de trabalho com o Programa de Aprendizagem Industrial. O SENAI-MG atinge 1,5 milh\u00f5es de matr\u00edculas de educa\u00e7\u00e3o profissional na gest\u00e3o do presidente da Federa\u00e7\u00e3o das Ind\u00fastrias de Minas [&hellip;]\" \/>\n<meta property=\"og:url\" content=\"https:\/\/www.fiemg.com.br\/regional-sul\/noticias\/senai-mg-atinge-15-milhoes-de-matriculas-de-educacao-profissional-na-gestao-do-presidente-da-fiemg-flavio-roscoe\/\" \/>\n<meta property=\"og:site_name\" content=\"Regional Sul\" \/>\n<meta property=\"article:modified_time\" content=\"2026-03-04T17:01:35+00:00\" \/>\n<meta property=\"og:image\" content=\"https:\/\/www.fiemg.com.br\/regional-sul\/wp-content\/uploads\/sites\/20\/2026\/03\/Thumb-8.jpg\" \/>\n\t<meta property=\"og:image:width\" content=\"512\" \/>\n\t<meta property=\"og:image:height\" content=\"512\" \/>\n\t<meta property=\"og:image:type\" content=\"image\/jpeg\" \/>\n<meta name=\"twitter:card\" content=\"summary_large_image\" \/>\n<meta name=\"twitter:label1\" content=\"Est. tempo de leitura\" \/>\n\t<meta name=\"twitter:data1\" content=\"4 minutos\" \/>\n<script type=\"application\/ld+json\" class=\"yoast-schema-graph\">{\"@context\":\"https:\/\/schema.org\",\"@graph\":[{\"@type\":\"WebPage\",\"@id\":\"https:\/\/www.fiemg.com.br\/regional-sul\/noticias\/senai-mg-atinge-15-milhoes-de-matriculas-de-educacao-profissional-na-gestao-do-presidente-da-fiemg-flavio-roscoe\/\",\"url\":\"https:\/\/www.fiemg.com.br\/regional-sul\/noticias\/senai-mg-atinge-15-milhoes-de-matriculas-de-educacao-profissional-na-gestao-do-presidente-da-fiemg-flavio-roscoe\/\",\"name\":\"SENAI-MG atinge 1,5 milh\u00f5es de matr\u00edculas de educa\u00e7\u00e3o profissional na gest\u00e3o do presidente da FIEMG, Fl\u00e1vio Roscoe\u00a0 - Regional Sul\",\"isPartOf\":{\"@id\":\"https:\/\/www.fiemg.com.br\/regional-sul\/#website\"},\"primaryImageOfPage\":{\"@id\":\"https:\/\/www.fiemg.com.br\/regional-sul\/noticias\/senai-mg-atinge-15-milhoes-de-matriculas-de-educacao-profissional-na-gestao-do-presidente-da-fiemg-flavio-roscoe\/#primaryimage\"},\"image\":{\"@id\":\"https:\/\/www.fiemg.com.br\/regional-sul\/noticias\/senai-mg-atinge-15-milhoes-de-matriculas-de-educacao-profissional-na-gestao-do-presidente-da-fiemg-flavio-roscoe\/#primaryimage\"},\"thumbnailUrl\":\"https:\/\/www.fiemg.com.br\/regional-sul\/wp-content\/uploads\/sites\/20\/2026\/03\/Thumb-8.jpg\",\"datePublished\":\"2026-03-04T16:54:42+00:00\",\"dateModified\":\"2026-03-04T17:01:35+00:00\",\"breadcrumb\":{\"@id\":\"https:\/\/www.fiemg.com.br\/regional-sul\/noticias\/senai-mg-atinge-15-milhoes-de-matriculas-de-educacao-profissional-na-gestao-do-presidente-da-fiemg-flavio-roscoe\/#breadcrumb\"},\"inLanguage\":\"pt-BR\",\"potentialAction\":[{\"@type\":\"ReadAction\",\"target\":[\"https:\/\/www.fiemg.com.br\/regional-sul\/noticias\/senai-mg-atinge-15-milhoes-de-matriculas-de-educacao-profissional-na-gestao-do-presidente-da-fiemg-flavio-roscoe\/\"]}]},{\"@type\":\"ImageObject\",\"inLanguage\":\"pt-BR\",\"@id\":\"https:\/\/www.fiemg.com.br\/regional-sul\/noticias\/senai-mg-atinge-15-milhoes-de-matriculas-de-educacao-profissional-na-gestao-do-presidente-da-fiemg-flavio-roscoe\/#primaryimage\",\"url\":\"https:\/\/www.fiemg.com.br\/regional-sul\/wp-content\/uploads\/sites\/20\/2026\/03\/Thumb-8.jpg\",\"contentUrl\":\"https:\/\/www.fiemg.com.br\/regional-sul\/wp-content\/uploads\/sites\/20\/2026\/03\/Thumb-8.jpg\",\"width\":512,\"height\":512,\"caption\":\"SENAI-MG atinge 1,5 milh\u00f5es de matr\u00edculas de educa\u00e7\u00e3o profissional na gest\u00e3o do presidente da FIEMG, Fl\u00e1vio Roscoe\"},{\"@type\":\"BreadcrumbList\",\"@id\":\"https:\/\/www.fiemg.com.br\/regional-sul\/noticias\/senai-mg-atinge-15-milhoes-de-matriculas-de-educacao-profissional-na-gestao-do-presidente-da-fiemg-flavio-roscoe\/#breadcrumb\",\"itemListElement\":[{\"@type\":\"ListItem\",\"position\":1,\"name\":\"In\u00edcio\",\"item\":\"https:\/\/www.fiemg.com.br\/regional-sul\/\"},{\"@type\":\"ListItem\",\"position\":2,\"name\":\"SENAI-MG atinge 1,5 milh\u00f5es de matr\u00edculas de educa\u00e7\u00e3o profissional na gest\u00e3o do presidente da FIEMG, Fl\u00e1vio Roscoe\u00a0\"}]},{\"@type\":\"WebSite\",\"@id\":\"https:\/\/www.fiemg.com.br\/regional-sul\/#website\",\"url\":\"https:\/\/www.fiemg.com.br\/regional-sul\/\",\"name\":\"Regional Sul\",\"description\":\"Federa\u00e7\u00e3o das Ind\u00fastrias do Estado de Minas Gerais\",\"publisher\":{\"@id\":\"https:\/\/www.fiemg.com.br\/regional-sul\/#organization\"},\"potentialAction\":[{\"@type\":\"SearchAction\",\"target\":{\"@type\":\"EntryPoint\",\"urlTemplate\":\"https:\/\/www.fiemg.com.br\/regional-sul\/?s={search_term_string}\"},\"query-input\":{\"@type\":\"PropertyValueSpecification\",\"valueRequired\":true,\"valueName\":\"search_term_string\"}}],\"inLanguage\":\"pt-BR\"},{\"@type\":\"Organization\",\"@id\":\"https:\/\/www.fiemg.com.br\/regional-sul\/#organization\",\"name\":\"Regional Sul\",\"url\":\"https:\/\/www.fiemg.com.br\/regional-sul\/\",\"logo\":{\"@type\":\"ImageObject\",\"inLanguage\":\"pt-BR\",\"@id\":\"https:\/\/www.fiemg.com.br\/regional-sul\/#\/schema\/logo\/image\/\",\"url\":\"https:\/\/www.fiemg.com.br\/regional-sul\/wp-content\/uploads\/sites\/20\/2023\/02\/Ativo-1.png\",\"contentUrl\":\"https:\/\/www.fiemg.com.br\/regional-sul\/wp-content\/uploads\/sites\/20\/2023\/02\/Ativo-1.png\",\"width\":563,\"height\":149,\"caption\":\"Regional Sul\"},\"image\":{\"@id\":\"https:\/\/www.fiemg.com.br\/regional-sul\/#\/schema\/logo\/image\/\"}}]}<\/script>\n<!-- \/ Yoast SEO plugin. -->","yoast_head_json":{"title":"SENAI-MG atinge 1,5 milh\u00f5es de matr\u00edculas de educa\u00e7\u00e3o profissional na gest\u00e3o do presidente da FIEMG, Fl\u00e1vio Roscoe\u00a0 - Regional Sul","robots":{"index":"index","follow":"follow","max-snippet":"max-snippet:-1","max-image-preview":"max-image-preview:large","max-video-preview":"max-video-preview:-1"},"canonical":"https:\/\/www.fiemg.com.br\/regional-sul\/noticias\/senai-mg-atinge-15-milhoes-de-matriculas-de-educacao-profissional-na-gestao-do-presidente-da-fiemg-flavio-roscoe\/","og_locale":"pt_BR","og_type":"article","og_title":"SENAI-MG atinge 1,5 milh\u00f5es de matr\u00edculas de educa\u00e7\u00e3o profissional na gest\u00e3o do presidente da FIEMG, Fl\u00e1vio Roscoe\u00a0 - Regional Sul","og_description":"O Servi\u00e7o Nacional de Aprendizagem Industrial (SENAI) \u00e9 refer\u00eancia consolidada em forma\u00e7\u00e3o profissional e, em 2026, refor\u00e7a seu papel como principal porta de entrada para o mercado de trabalho com o Programa de Aprendizagem Industrial. O SENAI-MG atinge 1,5 milh\u00f5es de matr\u00edculas de educa\u00e7\u00e3o profissional na gest\u00e3o do presidente da Federa\u00e7\u00e3o das Ind\u00fastrias de Minas [&hellip;]","og_url":"https:\/\/www.fiemg.com.br\/regional-sul\/noticias\/senai-mg-atinge-15-milhoes-de-matriculas-de-educacao-profissional-na-gestao-do-presidente-da-fiemg-flavio-roscoe\/","og_site_name":"Regional Sul","article_modified_time":"2026-03-04T17:01:35+00:00","og_image":[{"width":512,"height":512,"url":"https:\/\/www.fiemg.com.br\/regional-sul\/wp-content\/uploads\/sites\/20\/2026\/03\/Thumb-8.jpg","type":"image\/jpeg"}],"twitter_card":"summary_large_image","twitter_misc":{"Est. tempo de leitura":"4 minutos"},"schema":{"@context":"https:\/\/schema.org","@graph":[{"@type":"WebPage","@id":"https:\/\/www.fiemg.com.br\/regional-sul\/noticias\/senai-mg-atinge-15-milhoes-de-matriculas-de-educacao-profissional-na-gestao-do-presidente-da-fiemg-flavio-roscoe\/","url":"https:\/\/www.fiemg.com.br\/regional-sul\/noticias\/senai-mg-atinge-15-milhoes-de-matriculas-de-educacao-profissional-na-gestao-do-presidente-da-fiemg-flavio-roscoe\/","name":"SENAI-MG atinge 1,5 milh\u00f5es de matr\u00edculas de educa\u00e7\u00e3o profissional na gest\u00e3o do presidente da FIEMG, Fl\u00e1vio Roscoe\u00a0 - Regional Sul","isPartOf":{"@id":"https:\/\/www.fiemg.com.br\/regional-sul\/#website"},"primaryImageOfPage":{"@id":"https:\/\/www.fiemg.com.br\/regional-sul\/noticias\/senai-mg-atinge-15-milhoes-de-matriculas-de-educacao-profissional-na-gestao-do-presidente-da-fiemg-flavio-roscoe\/#primaryimage"},"image":{"@id":"https:\/\/www.fiemg.com.br\/regional-sul\/noticias\/senai-mg-atinge-15-milhoes-de-matriculas-de-educacao-profissional-na-gestao-do-presidente-da-fiemg-flavio-roscoe\/#primaryimage"},"thumbnailUrl":"https:\/\/www.fiemg.com.br\/regional-sul\/wp-content\/uploads\/sites\/20\/2026\/03\/Thumb-8.jpg","datePublished":"2026-03-04T16:54:42+00:00","dateModified":"2026-03-04T17:01:35+00:00","breadcrumb":{"@id":"https:\/\/www.fiemg.com.br\/regional-sul\/noticias\/senai-mg-atinge-15-milhoes-de-matriculas-de-educacao-profissional-na-gestao-do-presidente-da-fiemg-flavio-roscoe\/#breadcrumb"},"inLanguage":"pt-BR","potentialAction":[{"@type":"ReadAction","target":["https:\/\/www.fiemg.com.br\/regional-sul\/noticias\/senai-mg-atinge-15-milhoes-de-matriculas-de-educacao-profissional-na-gestao-do-presidente-da-fiemg-flavio-roscoe\/"]}]},{"@type":"ImageObject","inLanguage":"pt-BR","@id":"https:\/\/www.fiemg.com.br\/regional-sul\/noticias\/senai-mg-atinge-15-milhoes-de-matriculas-de-educacao-profissional-na-gestao-do-presidente-da-fiemg-flavio-roscoe\/#primaryimage","url":"https:\/\/www.fiemg.com.br\/regional-sul\/wp-content\/uploads\/sites\/20\/2026\/03\/Thumb-8.jpg","contentUrl":"https:\/\/www.fiemg.com.br\/regional-sul\/wp-content\/uploads\/sites\/20\/2026\/03\/Thumb-8.jpg","width":512,"height":512,"caption":"SENAI-MG atinge 1,5 milh\u00f5es de matr\u00edculas de educa\u00e7\u00e3o profissional na gest\u00e3o do presidente da FIEMG, Fl\u00e1vio Roscoe"},{"@type":"BreadcrumbList","@id":"https:\/\/www.fiemg.com.br\/regional-sul\/noticias\/senai-mg-atinge-15-milhoes-de-matriculas-de-educacao-profissional-na-gestao-do-presidente-da-fiemg-flavio-roscoe\/#breadcrumb","itemListElement":[{"@type":"ListItem","position":1,"name":"In\u00edcio","item":"https:\/\/www.fiemg.com.br\/regional-sul\/"},{"@type":"ListItem","position":2,"name":"SENAI-MG atinge 1,5 milh\u00f5es de matr\u00edculas de educa\u00e7\u00e3o profissional na gest\u00e3o do presidente da FIEMG, Fl\u00e1vio Roscoe\u00a0"}]},{"@type":"WebSite","@id":"https:\/\/www.fiemg.com.br\/regional-sul\/#website","url":"https:\/\/www.fiemg.com.br\/regional-sul\/","name":"Regional Sul","description":"Federa\u00e7\u00e3o das Ind\u00fastrias do Estado de Minas Gerais","publisher":{"@id":"https:\/\/www.fiemg.com.br\/regional-sul\/#organization"},"potentialAction":[{"@type":"SearchAction","target":{"@type":"EntryPoint","urlTemplate":"https:\/\/www.fiemg.com.br\/regional-sul\/?s={search_term_string}"},"query-input":{"@type":"PropertyValueSpecification","valueRequired":true,"valueName":"search_term_string"}}],"inLanguage":"pt-BR"},{"@type":"Organization","@id":"https:\/\/www.fiemg.com.br\/regional-sul\/#organization","name":"Regional Sul","url":"https:\/\/www.fiemg.com.br\/regional-sul\/","logo":{"@type":"ImageObject","inLanguage":"pt-BR","@id":"https:\/\/www.fiemg.com.br\/regional-sul\/#\/schema\/logo\/image\/","url":"https:\/\/www.fiemg.com.br\/regional-sul\/wp-content\/uploads\/sites\/20\/2023\/02\/Ativo-1.png","contentUrl":"https:\/\/www.fiemg.com.br\/regional-sul\/wp-content\/uploads\/sites\/20\/2023\/02\/Ativo-1.png","width":563,"height":149,"caption":"Regional Sul"},"image":{"@id":"https:\/\/www.fiemg.com.br\/regional-sul\/#\/schema\/logo\/image\/"}}]}},"_links":{"self":[{"href":"https:\/\/www.fiemg.com.br\/regional-sul\/wp-json\/wp\/v2\/noticias\/3008","targetHints":{"allow":["GET"]}}],"collection":[{"href":"https:\/\/www.fiemg.com.br\/regional-sul\/wp-json\/wp\/v2\/noticias"}],"about":[{"href":"https:\/\/www.fiemg.com.br\/regional-sul\/wp-json\/wp\/v2\/types\/noticias"}],"wp:featuredmedia":[{"embeddable":true,"href":"https:\/\/www.fiemg.com.br\/regional-sul\/wp-json\/wp\/v2\/media\/3010"}],"wp:attachment":[{"href":"https:\/\/www.fiemg.com.br\/regional-sul\/wp-json\/wp\/v2\/media?parent=3008"}],"wp:term":[{"taxonomy":"category","embeddable":true,"href":"https:\/\/www.fiemg.com.br\/regional-sul\/wp-json\/wp\/v2\/categories?post=3008"},{"taxonomy":"post_tag","embeddable":true,"href":"https:\/\/www.fiemg.com.br\/regional-sul\/wp-json\/wp\/v2\/tags?post=3008"}],"curies":[{"name":"wp","href":"https:\/\/api.w.org\/{rel}","templated":true}]}}