{"id":3011,"date":"2026-03-05T14:50:22","date_gmt":"2026-03-05T17:50:22","guid":{"rendered":"https:\/\/www.fiemg.com.br\/regional-sul\/noticias\/cit-senai-itr-recebe-primeiro-lote-nacional-de-terras-raras-para-producao-de-imas\/"},"modified":"2026-03-05T14:50:29","modified_gmt":"2026-03-05T17:50:29","slug":"cit-senai-itr-recebe-primeiro-lote-nacional-de-terras-raras-para-producao-de-imas","status":"publish","type":"noticias","link":"https:\/\/www.fiemg.com.br\/regional-sul\/noticias\/cit-senai-itr-recebe-primeiro-lote-nacional-de-terras-raras-para-producao-de-imas\/","title":{"rendered":"CIT Senai ITR recebe primeiro lote nacional de terras raras para produ\u00e7\u00e3o de \u00edm\u00e3s"},"content":{"rendered":"\n<p>O Centro de Inova\u00e7\u00e3o e Tecnologia para \u00cdm\u00e3s de Terras Raras (CIT Senai ITR), em Lagoa Santa (MG), na Grande BH, recebeu, na \u00faltima sexta-feira (27\/2), um lote de 20 quilos de carbonato de terras raras entregue pela mineradora Meteoric. Essa entrega marca o desenvolvimento das pesquisas com material nacional. \u00c9 o primeiro lote de carbonato obtido a partir de extra\u00e7\u00e3o em terras brasileiras que o projeto recebe. O laborat\u00f3rio costuma usar material importado da China.<br><br>O Brasil d\u00e1 um passo in\u00e9dito na disputa global por terras raras, minerais estrat\u00e9gicos usados na fabrica\u00e7\u00e3o de carros el\u00e9tricos, turbinas e\u00f3licas e eletr\u00f4nicos. Pela primeira vez, um laborat\u00f3rio brasileiro come\u00e7ou a testar a produ\u00e7\u00e3o de \u00edm\u00e3s de alta pot\u00eancia com mat\u00e9ria-prima extra\u00edda no pr\u00f3prio pa\u00eds, na busca de criar uma cadeia produtiva nacional desses materiais, hoje dominada por outros pa\u00edses.<\/p>\n\n\n\n<p>O carbonato de terras raras \u00e9 o resultado da lixivia\u00e7\u00e3o (processo de lavagem) da argila i\u00f4nica e \u00e9 um composto intermedi\u00e1rio, obtido antes da separa\u00e7\u00e3o dos elementos de terras raras. O material destinado ao CIT Senai ITR \u00e9 resultado dos testes de processos de extra\u00e7\u00e3o realizados na planta piloto da mineradora, inaugurada em dezembro, em Po\u00e7os de Caldas (MG).&nbsp;<\/p>\n\n\n\n<p>O carbonato foi obtido a partir de amostras de argila i\u00f4nica coletadas durante pesquisa sobre terras raras na regi\u00e3o do Planalto Vulc\u00e2nico de Po\u00e7os de Caldas. A empresa est\u00e1 em fase de licenciamento para a constru\u00e7\u00e3o da mina.&nbsp;<br><br>De acordo com o coordenador do CIT Senai ITR, Andr\u00e9 Luis Pimenta de Faria, a entrega do material representa um avan\u00e7o concreto para o desenvolvimento tecnol\u00f3gico nacional. \u201cEssa entrega representa um passo concreto dentro do projeto MagBras, que \u00e9 a iniciativa estruturante para desenvolver no Brasil a cadeia completa de \u00edm\u00e3s permanentes de NdFeB, da mat\u00e9ria-prima mineral at\u00e9 o \u00edm\u00e3 final\u201d.&nbsp;<\/p>\n\n\n\n<p>O MagBras \u00e9 fomentado pelo Programa MOVER, com recursos operados pelo SENAI Departamento Nacional e pela FUNDEP, envolvendo diferentes institui\u00e7\u00f5es de ci\u00eancia e tecnologia. \u201cNo caso espec\u00edfico do&nbsp; Instituto SENAI de Inova\u00e7\u00e3o (ISI) em Processamento e do CIT SENAI ITR, nosso papel \u00e9 atuar nas etapas de beneficiamento inicial dos min\u00e9rios e na produ\u00e7\u00e3o de ligas, chegando \u00e0 fabrica\u00e7\u00e3o dos \u00edm\u00e3s\u201d, complementa Andr\u00e9 Pimenta.<\/p>\n\n\n\n<p>Com essa remessa, as Institui\u00e7\u00f5es Cient\u00edficas e Tecnol\u00f3gicas (ICTs) do projeto passam a ter a oportunidade de trabalhar com mat\u00e9ria-prima de origem nacional nas etapas de obten\u00e7\u00e3o de \u00f3xidos puros de terras raras, redu\u00e7\u00e3o para metal, produ\u00e7\u00e3o de liga e fabrica\u00e7\u00e3o de \u00edm\u00e3s de NdFeB. Isso \u00e9 extremamente relevante porque nos permite validar, em escala piloto, a rota tecnol\u00f3gica utilizando terras raras brasileiras.<\/p>\n\n\n\n<p>\u201cNossa expectativa \u00e9 que a parceria seja de longo prazo. O desenvolvimento de uma cadeia nacional de \u00edm\u00e3s exige previsibilidade de fornecimento e coopera\u00e7\u00e3o t\u00e9cnica cont\u00ednua entre minera\u00e7\u00e3o e ind\u00fastria de transforma\u00e7\u00e3o. Ao mesmo tempo, neste momento de transi\u00e7\u00e3o, o CIT SENAI ITR continuar\u00e1 trabalhando tamb\u00e9m com materiais importados. Isso \u00e9 importante para garantir continuidade dos projetos, comparabilidade t\u00e9cnica e seguran\u00e7a de fornecimento, at\u00e9 que o Brasil consolide sua pr\u00f3pria produ\u00e7\u00e3o em escala industrial\u201d, ressalta.<\/p>\n\n\n\n<p>\u201cO que estamos construindo agora \u00e9 a base tecnol\u00f3gica e industrial para que, no futuro pr\u00f3ximo, o pa\u00eds possa transformar seus pr\u00f3prios minerais estrat\u00e9gicos em produtos de alto valor agregado, como os \u00edm\u00e3s permanentes utilizados em motores el\u00e9tricos, gera\u00e7\u00e3o de energia e mobilidade el\u00e9trica\u201d, conclui Pimenta.<\/p>\n\n\n\n<p><strong>Desenvolvimento para o futuro<\/strong><\/p>\n\n\n\n<p>O CIT Senai ITR \u00e9 a primeira f\u00e1brica de \u00edm\u00e3s permanentes da Am\u00e9rica Latina e faz parte do projeto MagBras, uma alian\u00e7a formada por empresas, startups, centros de inova\u00e7\u00e3o, institui\u00e7\u00f5es de pesquisa, universidades e funda\u00e7\u00f5es de apoio que tem como objetivo estabelecer uma cadeia produtiva completa e permanente de terras raras no pa\u00eds, da mat\u00e9ria-prima mineral at\u00e9 o \u00edm\u00e3 final, que s\u00e3o essenciais para a montagem de motores de ve\u00edculos el\u00e9tricos, turbinas e\u00f3licas, smartphones, computadores, equipamentos de resson\u00e2ncia magn\u00e9tica e componentes industriais de automa\u00e7\u00e3o.<\/p>\n\n\n\n<p>A entrega do material faz parte de um acordo de parceria de cinco anos, assinado pelo CIT SENAI ITR e pela Meteoric, em 2024. Desde a sua inaugura\u00e7\u00e3o em 2025, o ITR tamb\u00e9m recebeu amostras de \u00f3xidos puros fornecidos pela Viridion, empresa do grupo da mineradora Veridis, instalada em Po\u00e7os de Caldas, retirados a partir de \u00edm\u00e3s recolhidos no Brasil e reciclados na Irlanda, e uma amostra de oxalato da St George, tamb\u00e9m a partir de min\u00e9rio nacional.<\/p>\n\n\n\n<p><em>Marina Rigueira<\/em><br><strong>Imprensa FIEMG<\/strong><\/p>\n","protected":false},"featured_media":3012,"template":"","categories":[15],"tags":[205,206,207,208],"class_list":["post-3011","noticias","type-noticias","status-publish","has-post-thumbnail","hentry","category-desenvolvimento-industrial","tag-imas-de-terras-raras","tag-instituto-de-terras-raras","tag-laboratorio-de-terras-raras","tag-terras-raras-fiemg"],"acf":[],"yoast_head":"<!-- This site is optimized with the Yoast SEO plugin v26.2 - https:\/\/yoast.com\/wordpress\/plugins\/seo\/ -->\n<title>CIT Senai ITR recebe primeiro lote nacional de terras raras para produ\u00e7\u00e3o de \u00edm\u00e3s - Regional Sul<\/title>\n<meta name=\"robots\" content=\"index, follow, max-snippet:-1, max-image-preview:large, max-video-preview:-1\" \/>\n<link rel=\"canonical\" href=\"https:\/\/www.fiemg.com.br\/regional-sul\/noticias\/cit-senai-itr-recebe-primeiro-lote-nacional-de-terras-raras-para-producao-de-imas\/\" \/>\n<meta property=\"og:locale\" content=\"pt_BR\" \/>\n<meta property=\"og:type\" content=\"article\" \/>\n<meta property=\"og:title\" content=\"CIT Senai ITR recebe primeiro lote nacional de terras raras para produ\u00e7\u00e3o de \u00edm\u00e3s - Regional Sul\" \/>\n<meta property=\"og:description\" content=\"O Centro de Inova\u00e7\u00e3o e Tecnologia para \u00cdm\u00e3s de Terras Raras (CIT Senai ITR), em Lagoa Santa (MG), na Grande BH, recebeu, na \u00faltima sexta-feira (27\/2), um lote de 20 quilos de carbonato de terras raras entregue pela mineradora Meteoric. Essa entrega marca o desenvolvimento das pesquisas com material nacional. \u00c9 o primeiro lote de [&hellip;]\" \/>\n<meta property=\"og:url\" content=\"https:\/\/www.fiemg.com.br\/regional-sul\/noticias\/cit-senai-itr-recebe-primeiro-lote-nacional-de-terras-raras-para-producao-de-imas\/\" \/>\n<meta property=\"og:site_name\" content=\"Regional Sul\" \/>\n<meta property=\"article:modified_time\" content=\"2026-03-05T17:50:29+00:00\" \/>\n<meta property=\"og:image\" content=\"https:\/\/www.fiemg.com.br\/regional-sul\/wp-content\/uploads\/sites\/20\/2026\/03\/itr-cit-meteoric-terras-raras.jpg\" \/>\n\t<meta property=\"og:image:width\" content=\"512\" \/>\n\t<meta property=\"og:image:height\" content=\"512\" \/>\n\t<meta property=\"og:image:type\" content=\"image\/jpeg\" \/>\n<meta name=\"twitter:card\" content=\"summary_large_image\" \/>\n<meta name=\"twitter:label1\" content=\"Est. tempo de leitura\" \/>\n\t<meta name=\"twitter:data1\" content=\"5 minutos\" \/>\n<script type=\"application\/ld+json\" class=\"yoast-schema-graph\">{\"@context\":\"https:\/\/schema.org\",\"@graph\":[{\"@type\":\"WebPage\",\"@id\":\"https:\/\/www.fiemg.com.br\/regional-sul\/noticias\/cit-senai-itr-recebe-primeiro-lote-nacional-de-terras-raras-para-producao-de-imas\/\",\"url\":\"https:\/\/www.fiemg.com.br\/regional-sul\/noticias\/cit-senai-itr-recebe-primeiro-lote-nacional-de-terras-raras-para-producao-de-imas\/\",\"name\":\"CIT Senai ITR recebe primeiro lote nacional de terras raras para produ\u00e7\u00e3o de \u00edm\u00e3s - Regional Sul\",\"isPartOf\":{\"@id\":\"https:\/\/www.fiemg.com.br\/regional-sul\/#website\"},\"primaryImageOfPage\":{\"@id\":\"https:\/\/www.fiemg.com.br\/regional-sul\/noticias\/cit-senai-itr-recebe-primeiro-lote-nacional-de-terras-raras-para-producao-de-imas\/#primaryimage\"},\"image\":{\"@id\":\"https:\/\/www.fiemg.com.br\/regional-sul\/noticias\/cit-senai-itr-recebe-primeiro-lote-nacional-de-terras-raras-para-producao-de-imas\/#primaryimage\"},\"thumbnailUrl\":\"https:\/\/www.fiemg.com.br\/regional-sul\/wp-content\/uploads\/sites\/20\/2026\/03\/itr-cit-meteoric-terras-raras.jpg\",\"datePublished\":\"2026-03-05T17:50:22+00:00\",\"dateModified\":\"2026-03-05T17:50:29+00:00\",\"breadcrumb\":{\"@id\":\"https:\/\/www.fiemg.com.br\/regional-sul\/noticias\/cit-senai-itr-recebe-primeiro-lote-nacional-de-terras-raras-para-producao-de-imas\/#breadcrumb\"},\"inLanguage\":\"pt-BR\",\"potentialAction\":[{\"@type\":\"ReadAction\",\"target\":[\"https:\/\/www.fiemg.com.br\/regional-sul\/noticias\/cit-senai-itr-recebe-primeiro-lote-nacional-de-terras-raras-para-producao-de-imas\/\"]}]},{\"@type\":\"ImageObject\",\"inLanguage\":\"pt-BR\",\"@id\":\"https:\/\/www.fiemg.com.br\/regional-sul\/noticias\/cit-senai-itr-recebe-primeiro-lote-nacional-de-terras-raras-para-producao-de-imas\/#primaryimage\",\"url\":\"https:\/\/www.fiemg.com.br\/regional-sul\/wp-content\/uploads\/sites\/20\/2026\/03\/itr-cit-meteoric-terras-raras.jpg\",\"contentUrl\":\"https:\/\/www.fiemg.com.br\/regional-sul\/wp-content\/uploads\/sites\/20\/2026\/03\/itr-cit-meteoric-terras-raras.jpg\",\"width\":512,\"height\":512},{\"@type\":\"BreadcrumbList\",\"@id\":\"https:\/\/www.fiemg.com.br\/regional-sul\/noticias\/cit-senai-itr-recebe-primeiro-lote-nacional-de-terras-raras-para-producao-de-imas\/#breadcrumb\",\"itemListElement\":[{\"@type\":\"ListItem\",\"position\":1,\"name\":\"In\u00edcio\",\"item\":\"https:\/\/www.fiemg.com.br\/regional-sul\/\"},{\"@type\":\"ListItem\",\"position\":2,\"name\":\"CIT Senai ITR recebe primeiro lote nacional de terras raras para produ\u00e7\u00e3o de \u00edm\u00e3s\"}]},{\"@type\":\"WebSite\",\"@id\":\"https:\/\/www.fiemg.com.br\/regional-sul\/#website\",\"url\":\"https:\/\/www.fiemg.com.br\/regional-sul\/\",\"name\":\"Regional Sul\",\"description\":\"Federa\u00e7\u00e3o das Ind\u00fastrias do Estado de Minas Gerais\",\"publisher\":{\"@id\":\"https:\/\/www.fiemg.com.br\/regional-sul\/#organization\"},\"potentialAction\":[{\"@type\":\"SearchAction\",\"target\":{\"@type\":\"EntryPoint\",\"urlTemplate\":\"https:\/\/www.fiemg.com.br\/regional-sul\/?s={search_term_string}\"},\"query-input\":{\"@type\":\"PropertyValueSpecification\",\"valueRequired\":true,\"valueName\":\"search_term_string\"}}],\"inLanguage\":\"pt-BR\"},{\"@type\":\"Organization\",\"@id\":\"https:\/\/www.fiemg.com.br\/regional-sul\/#organization\",\"name\":\"Regional Sul\",\"url\":\"https:\/\/www.fiemg.com.br\/regional-sul\/\",\"logo\":{\"@type\":\"ImageObject\",\"inLanguage\":\"pt-BR\",\"@id\":\"https:\/\/www.fiemg.com.br\/regional-sul\/#\/schema\/logo\/image\/\",\"url\":\"https:\/\/www.fiemg.com.br\/regional-sul\/wp-content\/uploads\/sites\/20\/2023\/02\/Ativo-1.png\",\"contentUrl\":\"https:\/\/www.fiemg.com.br\/regional-sul\/wp-content\/uploads\/sites\/20\/2023\/02\/Ativo-1.png\",\"width\":563,\"height\":149,\"caption\":\"Regional Sul\"},\"image\":{\"@id\":\"https:\/\/www.fiemg.com.br\/regional-sul\/#\/schema\/logo\/image\/\"}}]}<\/script>\n<!-- \/ Yoast SEO plugin. -->","yoast_head_json":{"title":"CIT Senai ITR recebe primeiro lote nacional de terras raras para produ\u00e7\u00e3o de \u00edm\u00e3s - Regional Sul","robots":{"index":"index","follow":"follow","max-snippet":"max-snippet:-1","max-image-preview":"max-image-preview:large","max-video-preview":"max-video-preview:-1"},"canonical":"https:\/\/www.fiemg.com.br\/regional-sul\/noticias\/cit-senai-itr-recebe-primeiro-lote-nacional-de-terras-raras-para-producao-de-imas\/","og_locale":"pt_BR","og_type":"article","og_title":"CIT Senai ITR recebe primeiro lote nacional de terras raras para produ\u00e7\u00e3o de \u00edm\u00e3s - Regional Sul","og_description":"O Centro de Inova\u00e7\u00e3o e Tecnologia para \u00cdm\u00e3s de Terras Raras (CIT Senai ITR), em Lagoa Santa (MG), na Grande BH, recebeu, na \u00faltima sexta-feira (27\/2), um lote de 20 quilos de carbonato de terras raras entregue pela mineradora Meteoric. Essa entrega marca o desenvolvimento das pesquisas com material nacional. \u00c9 o primeiro lote de [&hellip;]","og_url":"https:\/\/www.fiemg.com.br\/regional-sul\/noticias\/cit-senai-itr-recebe-primeiro-lote-nacional-de-terras-raras-para-producao-de-imas\/","og_site_name":"Regional Sul","article_modified_time":"2026-03-05T17:50:29+00:00","og_image":[{"width":512,"height":512,"url":"https:\/\/www.fiemg.com.br\/regional-sul\/wp-content\/uploads\/sites\/20\/2026\/03\/itr-cit-meteoric-terras-raras.jpg","type":"image\/jpeg"}],"twitter_card":"summary_large_image","twitter_misc":{"Est. tempo de leitura":"5 minutos"},"schema":{"@context":"https:\/\/schema.org","@graph":[{"@type":"WebPage","@id":"https:\/\/www.fiemg.com.br\/regional-sul\/noticias\/cit-senai-itr-recebe-primeiro-lote-nacional-de-terras-raras-para-producao-de-imas\/","url":"https:\/\/www.fiemg.com.br\/regional-sul\/noticias\/cit-senai-itr-recebe-primeiro-lote-nacional-de-terras-raras-para-producao-de-imas\/","name":"CIT Senai ITR recebe primeiro lote nacional de terras raras para produ\u00e7\u00e3o de \u00edm\u00e3s - Regional Sul","isPartOf":{"@id":"https:\/\/www.fiemg.com.br\/regional-sul\/#website"},"primaryImageOfPage":{"@id":"https:\/\/www.fiemg.com.br\/regional-sul\/noticias\/cit-senai-itr-recebe-primeiro-lote-nacional-de-terras-raras-para-producao-de-imas\/#primaryimage"},"image":{"@id":"https:\/\/www.fiemg.com.br\/regional-sul\/noticias\/cit-senai-itr-recebe-primeiro-lote-nacional-de-terras-raras-para-producao-de-imas\/#primaryimage"},"thumbnailUrl":"https:\/\/www.fiemg.com.br\/regional-sul\/wp-content\/uploads\/sites\/20\/2026\/03\/itr-cit-meteoric-terras-raras.jpg","datePublished":"2026-03-05T17:50:22+00:00","dateModified":"2026-03-05T17:50:29+00:00","breadcrumb":{"@id":"https:\/\/www.fiemg.com.br\/regional-sul\/noticias\/cit-senai-itr-recebe-primeiro-lote-nacional-de-terras-raras-para-producao-de-imas\/#breadcrumb"},"inLanguage":"pt-BR","potentialAction":[{"@type":"ReadAction","target":["https:\/\/www.fiemg.com.br\/regional-sul\/noticias\/cit-senai-itr-recebe-primeiro-lote-nacional-de-terras-raras-para-producao-de-imas\/"]}]},{"@type":"ImageObject","inLanguage":"pt-BR","@id":"https:\/\/www.fiemg.com.br\/regional-sul\/noticias\/cit-senai-itr-recebe-primeiro-lote-nacional-de-terras-raras-para-producao-de-imas\/#primaryimage","url":"https:\/\/www.fiemg.com.br\/regional-sul\/wp-content\/uploads\/sites\/20\/2026\/03\/itr-cit-meteoric-terras-raras.jpg","contentUrl":"https:\/\/www.fiemg.com.br\/regional-sul\/wp-content\/uploads\/sites\/20\/2026\/03\/itr-cit-meteoric-terras-raras.jpg","width":512,"height":512},{"@type":"BreadcrumbList","@id":"https:\/\/www.fiemg.com.br\/regional-sul\/noticias\/cit-senai-itr-recebe-primeiro-lote-nacional-de-terras-raras-para-producao-de-imas\/#breadcrumb","itemListElement":[{"@type":"ListItem","position":1,"name":"In\u00edcio","item":"https:\/\/www.fiemg.com.br\/regional-sul\/"},{"@type":"ListItem","position":2,"name":"CIT Senai ITR recebe primeiro lote nacional de terras raras para produ\u00e7\u00e3o de \u00edm\u00e3s"}]},{"@type":"WebSite","@id":"https:\/\/www.fiemg.com.br\/regional-sul\/#website","url":"https:\/\/www.fiemg.com.br\/regional-sul\/","name":"Regional Sul","description":"Federa\u00e7\u00e3o das Ind\u00fastrias do Estado de Minas Gerais","publisher":{"@id":"https:\/\/www.fiemg.com.br\/regional-sul\/#organization"},"potentialAction":[{"@type":"SearchAction","target":{"@type":"EntryPoint","urlTemplate":"https:\/\/www.fiemg.com.br\/regional-sul\/?s={search_term_string}"},"query-input":{"@type":"PropertyValueSpecification","valueRequired":true,"valueName":"search_term_string"}}],"inLanguage":"pt-BR"},{"@type":"Organization","@id":"https:\/\/www.fiemg.com.br\/regional-sul\/#organization","name":"Regional Sul","url":"https:\/\/www.fiemg.com.br\/regional-sul\/","logo":{"@type":"ImageObject","inLanguage":"pt-BR","@id":"https:\/\/www.fiemg.com.br\/regional-sul\/#\/schema\/logo\/image\/","url":"https:\/\/www.fiemg.com.br\/regional-sul\/wp-content\/uploads\/sites\/20\/2023\/02\/Ativo-1.png","contentUrl":"https:\/\/www.fiemg.com.br\/regional-sul\/wp-content\/uploads\/sites\/20\/2023\/02\/Ativo-1.png","width":563,"height":149,"caption":"Regional Sul"},"image":{"@id":"https:\/\/www.fiemg.com.br\/regional-sul\/#\/schema\/logo\/image\/"}}]}},"_links":{"self":[{"href":"https:\/\/www.fiemg.com.br\/regional-sul\/wp-json\/wp\/v2\/noticias\/3011","targetHints":{"allow":["GET"]}}],"collection":[{"href":"https:\/\/www.fiemg.com.br\/regional-sul\/wp-json\/wp\/v2\/noticias"}],"about":[{"href":"https:\/\/www.fiemg.com.br\/regional-sul\/wp-json\/wp\/v2\/types\/noticias"}],"wp:featuredmedia":[{"embeddable":true,"href":"https:\/\/www.fiemg.com.br\/regional-sul\/wp-json\/wp\/v2\/media\/3012"}],"wp:attachment":[{"href":"https:\/\/www.fiemg.com.br\/regional-sul\/wp-json\/wp\/v2\/media?parent=3011"}],"wp:term":[{"taxonomy":"category","embeddable":true,"href":"https:\/\/www.fiemg.com.br\/regional-sul\/wp-json\/wp\/v2\/categories?post=3011"},{"taxonomy":"post_tag","embeddable":true,"href":"https:\/\/www.fiemg.com.br\/regional-sul\/wp-json\/wp\/v2\/tags?post=3011"}],"curies":[{"name":"wp","href":"https:\/\/api.w.org\/{rel}","templated":true}]}}