{"id":3015,"date":"2026-03-06T10:34:03","date_gmt":"2026-03-06T13:34:03","guid":{"rendered":"https:\/\/www.fiemg.com.br\/regional-sul\/noticias\/venha-conhecer-as-acoes-do-centro-cultural-sesiminas-uberaba-aproveite-aulas-experimentais-e-curta-uma-programacao-diversificada\/"},"modified":"2026-03-06T16:53:47","modified_gmt":"2026-03-06T19:53:47","slug":"venha-conhecer-as-acoes-do-centro-cultural-sesiminas-uberaba-aproveite-aulas-experimentais-e-curta-uma-programacao-diversificada","status":"publish","type":"noticias","link":"https:\/\/www.fiemg.com.br\/regional-sul\/noticias\/venha-conhecer-as-acoes-do-centro-cultural-sesiminas-uberaba-aproveite-aulas-experimentais-e-curta-uma-programacao-diversificada\/","title":{"rendered":"Casa aberta Uberaba: um evento de cultura e conex\u00e3o com a comunidade"},"content":{"rendered":"\n<p>No dia 22 de mar\u00e7o de 2026, o Centro Cultural SESIMINAS Uberaba abre suas portas para o evento <a href=\"https:\/\/www.fiemg.com.br\/sesi-cultura\/centro-cultural-sesiminas-uberaba\/\">Casa Aberta Uberaba<\/a>, das 12h \u00e0s 18h, com entrada gratuita, mediante doa\u00e7\u00e3o de 1kg de alimento.&nbsp;<\/p>\n\n\n\n<p><strong>Atra\u00e7\u00f5es e Ofertas Especiais &#8211; <\/strong>&nbsp;O p\u00fablico poder\u00e1 conhecer a programa\u00e7\u00e3o da Escola de Cultura e ainda aproveitar uma s\u00e9rie de aulas experimentais gratuitas, al\u00e9m de condi\u00e7\u00f5es especiais de matr\u00edcula, como a isen\u00e7\u00e3o da taxa de matr\u00edcula e 15% de desconto na mensalidade de abril.<\/p>\n\n\n\n<p>A programa\u00e7\u00e3o est\u00e1 repleta de atividades culturais e art\u00edsticas, com op\u00e7\u00f5es para todos os gostos. No Jardim, a partir das 12h, ser\u00e1 montada uma pra\u00e7a de alimenta\u00e7\u00e3o, enquanto o Foyer Externo traz o samba de roda, com DJ Eremita e atra\u00e7\u00f5es como Flor da Idade, Entre Amigos, e outros momentos musicais. J\u00e1 no Espa\u00e7o Multiuso, o p\u00fablico pode se divertir com jogos de tabuleiro modernos, com a Lud Uberaba, das 13h \u00e0s 18h.<\/p>\n\n\n\n<p><strong>Oficinas Culturais e Aulas Experimentais &#8211; <\/strong>&nbsp;O evento tamb\u00e9m contar\u00e1 com diversas oficinas. Na Sala de Dan\u00e7a, as oficinas incluem Yoga, Dan\u00e7a do Ventre, Dan\u00e7as Urbanas e Ballet Infantil, enquanto na Sala de Teatro e Circo, as oficinas s\u00e3o voltadas para Circo Infantil, Circo Juvenil\/Adulto e Dan\u00e7a de Sal\u00e3o. As inscri\u00e7\u00f5es para as oficinas podem ser feitas na hora e s\u00e3o gratuitas, mas limitadas \u00e0 disponibilidade de vagas.<\/p>\n\n\n\n<p><strong>SERVI\u00c7O<\/strong><\/p>\n\n\n\n<p><strong>Data:<\/strong> 22 de mar\u00e7o de 2026<br><strong>Hor\u00e1rio:<\/strong> 12h \u00e0s 18h<br><strong>Local:<\/strong> Centro Cultural SESIMINAS Uberaba: Pra\u00e7a Frei Eug\u00eanio, 231, Centro, Uberaba <br><strong>Entrada:<\/strong> Gratuita, com a doa\u00e7\u00e3o de 1kg de alimento<br><strong>Oficinas e Aulas Experimentais:<\/strong> Inscri\u00e7\u00f5es no local, gratuitas e sujeitas \u00e0 disponibilidade<br><strong>Informa\u00e7\u00f5es:<\/strong> Contato com a equipe do Centro Cultural SESIMINAS Uberaba.<br><\/p>\n\n\n\n<p>N\u00e3o perca a oportunidade de conhecer mais sobre as a\u00e7\u00f5es culturais da cidade e de aproveitar as condi\u00e7\u00f5es especiais para novos alunos. O Casa Aberta Uberaba \u00e9 uma \u00f3tima chance para se conectar com a cultura local e garantir divers\u00e3o para toda a fam\u00edlia.<br><br><em>Denise Lucas<\/em><br><strong>Imprensa FIEMG<\/strong><\/p>\n\n\n\n<p><\/p>\n","protected":false},"featured_media":3016,"template":"","categories":[15],"tags":[209,210],"class_list":["post-3015","noticias","type-noticias","status-publish","has-post-thumbnail","hentry","category-desenvolvimento-industrial","tag-casa-aberta","tag-sesi"],"acf":[],"yoast_head":"<!-- This site is optimized with the Yoast SEO plugin v26.2 - https:\/\/yoast.com\/wordpress\/plugins\/seo\/ -->\n<title>Casa aberta Uberaba: um evento de cultura e conex\u00e3o com a comunidade - Regional Sul<\/title>\n<meta name=\"description\" content=\"Venha conhecer as a\u00e7\u00f5es do Centro Cultural SESIMINAS Uberaba, aproveite aulas experimentais e curta uma programa\u00e7\u00e3o diversificada!\" \/>\n<meta name=\"robots\" content=\"index, follow, max-snippet:-1, max-image-preview:large, max-video-preview:-1\" \/>\n<link rel=\"canonical\" href=\"https:\/\/www.fiemg.com.br\/regional-sul\/noticias\/venha-conhecer-as-acoes-do-centro-cultural-sesiminas-uberaba-aproveite-aulas-experimentais-e-curta-uma-programacao-diversificada\/\" \/>\n<meta property=\"og:locale\" content=\"pt_BR\" \/>\n<meta property=\"og:type\" content=\"article\" \/>\n<meta property=\"og:title\" content=\"Casa aberta Uberaba: um evento de cultura e conex\u00e3o com a comunidade - Regional Sul\" \/>\n<meta property=\"og:description\" content=\"Venha conhecer as a\u00e7\u00f5es do Centro Cultural SESIMINAS Uberaba, aproveite aulas experimentais e curta uma programa\u00e7\u00e3o diversificada!\" \/>\n<meta property=\"og:url\" content=\"https:\/\/www.fiemg.com.br\/regional-sul\/noticias\/venha-conhecer-as-acoes-do-centro-cultural-sesiminas-uberaba-aproveite-aulas-experimentais-e-curta-uma-programacao-diversificada\/\" \/>\n<meta property=\"og:site_name\" content=\"Regional Sul\" \/>\n<meta property=\"article:modified_time\" content=\"2026-03-06T19:53:47+00:00\" \/>\n<meta property=\"og:image\" content=\"https:\/\/www.fiemg.com.br\/regional-sul\/wp-content\/uploads\/sites\/20\/2026\/03\/CASA-ABERTA-UBERABA-THUMB.png\" \/>\n\t<meta property=\"og:image:width\" content=\"1600\" \/>\n\t<meta property=\"og:image:height\" content=\"1600\" \/>\n\t<meta property=\"og:image:type\" content=\"image\/png\" \/>\n<meta name=\"twitter:card\" content=\"summary_large_image\" \/>\n<meta name=\"twitter:label1\" content=\"Est. tempo de leitura\" \/>\n\t<meta name=\"twitter:data1\" content=\"2 minutos\" \/>\n<script type=\"application\/ld+json\" class=\"yoast-schema-graph\">{\"@context\":\"https:\/\/schema.org\",\"@graph\":[{\"@type\":\"WebPage\",\"@id\":\"https:\/\/www.fiemg.com.br\/regional-sul\/noticias\/venha-conhecer-as-acoes-do-centro-cultural-sesiminas-uberaba-aproveite-aulas-experimentais-e-curta-uma-programacao-diversificada\/\",\"url\":\"https:\/\/www.fiemg.com.br\/regional-sul\/noticias\/venha-conhecer-as-acoes-do-centro-cultural-sesiminas-uberaba-aproveite-aulas-experimentais-e-curta-uma-programacao-diversificada\/\",\"name\":\"Casa aberta Uberaba: um evento de cultura e conex\u00e3o com a comunidade - Regional Sul\",\"isPartOf\":{\"@id\":\"https:\/\/www.fiemg.com.br\/regional-sul\/#website\"},\"primaryImageOfPage\":{\"@id\":\"https:\/\/www.fiemg.com.br\/regional-sul\/noticias\/venha-conhecer-as-acoes-do-centro-cultural-sesiminas-uberaba-aproveite-aulas-experimentais-e-curta-uma-programacao-diversificada\/#primaryimage\"},\"image\":{\"@id\":\"https:\/\/www.fiemg.com.br\/regional-sul\/noticias\/venha-conhecer-as-acoes-do-centro-cultural-sesiminas-uberaba-aproveite-aulas-experimentais-e-curta-uma-programacao-diversificada\/#primaryimage\"},\"thumbnailUrl\":\"https:\/\/www.fiemg.com.br\/regional-sul\/wp-content\/uploads\/sites\/20\/2026\/03\/CASA-ABERTA-UBERABA-THUMB.png\",\"datePublished\":\"2026-03-06T13:34:03+00:00\",\"dateModified\":\"2026-03-06T19:53:47+00:00\",\"description\":\"Venha conhecer as a\u00e7\u00f5es do Centro Cultural SESIMINAS Uberaba, aproveite aulas experimentais e curta uma programa\u00e7\u00e3o diversificada!\",\"breadcrumb\":{\"@id\":\"https:\/\/www.fiemg.com.br\/regional-sul\/noticias\/venha-conhecer-as-acoes-do-centro-cultural-sesiminas-uberaba-aproveite-aulas-experimentais-e-curta-uma-programacao-diversificada\/#breadcrumb\"},\"inLanguage\":\"pt-BR\",\"potentialAction\":[{\"@type\":\"ReadAction\",\"target\":[\"https:\/\/www.fiemg.com.br\/regional-sul\/noticias\/venha-conhecer-as-acoes-do-centro-cultural-sesiminas-uberaba-aproveite-aulas-experimentais-e-curta-uma-programacao-diversificada\/\"]}]},{\"@type\":\"ImageObject\",\"inLanguage\":\"pt-BR\",\"@id\":\"https:\/\/www.fiemg.com.br\/regional-sul\/noticias\/venha-conhecer-as-acoes-do-centro-cultural-sesiminas-uberaba-aproveite-aulas-experimentais-e-curta-uma-programacao-diversificada\/#primaryimage\",\"url\":\"https:\/\/www.fiemg.com.br\/regional-sul\/wp-content\/uploads\/sites\/20\/2026\/03\/CASA-ABERTA-UBERABA-THUMB.png\",\"contentUrl\":\"https:\/\/www.fiemg.com.br\/regional-sul\/wp-content\/uploads\/sites\/20\/2026\/03\/CASA-ABERTA-UBERABA-THUMB.png\",\"width\":1600,\"height\":1600},{\"@type\":\"BreadcrumbList\",\"@id\":\"https:\/\/www.fiemg.com.br\/regional-sul\/noticias\/venha-conhecer-as-acoes-do-centro-cultural-sesiminas-uberaba-aproveite-aulas-experimentais-e-curta-uma-programacao-diversificada\/#breadcrumb\",\"itemListElement\":[{\"@type\":\"ListItem\",\"position\":1,\"name\":\"In\u00edcio\",\"item\":\"https:\/\/www.fiemg.com.br\/regional-sul\/\"},{\"@type\":\"ListItem\",\"position\":2,\"name\":\"Casa aberta Uberaba: um evento de cultura e conex\u00e3o com a comunidade\"}]},{\"@type\":\"WebSite\",\"@id\":\"https:\/\/www.fiemg.com.br\/regional-sul\/#website\",\"url\":\"https:\/\/www.fiemg.com.br\/regional-sul\/\",\"name\":\"Regional Sul\",\"description\":\"Federa\u00e7\u00e3o das Ind\u00fastrias do Estado de Minas Gerais\",\"publisher\":{\"@id\":\"https:\/\/www.fiemg.com.br\/regional-sul\/#organization\"},\"potentialAction\":[{\"@type\":\"SearchAction\",\"target\":{\"@type\":\"EntryPoint\",\"urlTemplate\":\"https:\/\/www.fiemg.com.br\/regional-sul\/?s={search_term_string}\"},\"query-input\":{\"@type\":\"PropertyValueSpecification\",\"valueRequired\":true,\"valueName\":\"search_term_string\"}}],\"inLanguage\":\"pt-BR\"},{\"@type\":\"Organization\",\"@id\":\"https:\/\/www.fiemg.com.br\/regional-sul\/#organization\",\"name\":\"Regional Sul\",\"url\":\"https:\/\/www.fiemg.com.br\/regional-sul\/\",\"logo\":{\"@type\":\"ImageObject\",\"inLanguage\":\"pt-BR\",\"@id\":\"https:\/\/www.fiemg.com.br\/regional-sul\/#\/schema\/logo\/image\/\",\"url\":\"https:\/\/www.fiemg.com.br\/regional-sul\/wp-content\/uploads\/sites\/20\/2023\/02\/Ativo-1.png\",\"contentUrl\":\"https:\/\/www.fiemg.com.br\/regional-sul\/wp-content\/uploads\/sites\/20\/2023\/02\/Ativo-1.png\",\"width\":563,\"height\":149,\"caption\":\"Regional Sul\"},\"image\":{\"@id\":\"https:\/\/www.fiemg.com.br\/regional-sul\/#\/schema\/logo\/image\/\"}}]}<\/script>\n<!-- \/ Yoast SEO plugin. -->","yoast_head_json":{"title":"Casa aberta Uberaba: um evento de cultura e conex\u00e3o com a comunidade - Regional Sul","description":"Venha conhecer as a\u00e7\u00f5es do Centro Cultural SESIMINAS Uberaba, aproveite aulas experimentais e curta uma programa\u00e7\u00e3o diversificada!","robots":{"index":"index","follow":"follow","max-snippet":"max-snippet:-1","max-image-preview":"max-image-preview:large","max-video-preview":"max-video-preview:-1"},"canonical":"https:\/\/www.fiemg.com.br\/regional-sul\/noticias\/venha-conhecer-as-acoes-do-centro-cultural-sesiminas-uberaba-aproveite-aulas-experimentais-e-curta-uma-programacao-diversificada\/","og_locale":"pt_BR","og_type":"article","og_title":"Casa aberta Uberaba: um evento de cultura e conex\u00e3o com a comunidade - Regional Sul","og_description":"Venha conhecer as a\u00e7\u00f5es do Centro Cultural SESIMINAS Uberaba, aproveite aulas experimentais e curta uma programa\u00e7\u00e3o diversificada!","og_url":"https:\/\/www.fiemg.com.br\/regional-sul\/noticias\/venha-conhecer-as-acoes-do-centro-cultural-sesiminas-uberaba-aproveite-aulas-experimentais-e-curta-uma-programacao-diversificada\/","og_site_name":"Regional Sul","article_modified_time":"2026-03-06T19:53:47+00:00","og_image":[{"width":1600,"height":1600,"url":"https:\/\/www.fiemg.com.br\/regional-sul\/wp-content\/uploads\/sites\/20\/2026\/03\/CASA-ABERTA-UBERABA-THUMB.png","type":"image\/png"}],"twitter_card":"summary_large_image","twitter_misc":{"Est. tempo de leitura":"2 minutos"},"schema":{"@context":"https:\/\/schema.org","@graph":[{"@type":"WebPage","@id":"https:\/\/www.fiemg.com.br\/regional-sul\/noticias\/venha-conhecer-as-acoes-do-centro-cultural-sesiminas-uberaba-aproveite-aulas-experimentais-e-curta-uma-programacao-diversificada\/","url":"https:\/\/www.fiemg.com.br\/regional-sul\/noticias\/venha-conhecer-as-acoes-do-centro-cultural-sesiminas-uberaba-aproveite-aulas-experimentais-e-curta-uma-programacao-diversificada\/","name":"Casa aberta Uberaba: um evento de cultura e conex\u00e3o com a comunidade - Regional Sul","isPartOf":{"@id":"https:\/\/www.fiemg.com.br\/regional-sul\/#website"},"primaryImageOfPage":{"@id":"https:\/\/www.fiemg.com.br\/regional-sul\/noticias\/venha-conhecer-as-acoes-do-centro-cultural-sesiminas-uberaba-aproveite-aulas-experimentais-e-curta-uma-programacao-diversificada\/#primaryimage"},"image":{"@id":"https:\/\/www.fiemg.com.br\/regional-sul\/noticias\/venha-conhecer-as-acoes-do-centro-cultural-sesiminas-uberaba-aproveite-aulas-experimentais-e-curta-uma-programacao-diversificada\/#primaryimage"},"thumbnailUrl":"https:\/\/www.fiemg.com.br\/regional-sul\/wp-content\/uploads\/sites\/20\/2026\/03\/CASA-ABERTA-UBERABA-THUMB.png","datePublished":"2026-03-06T13:34:03+00:00","dateModified":"2026-03-06T19:53:47+00:00","description":"Venha conhecer as a\u00e7\u00f5es do Centro Cultural SESIMINAS Uberaba, aproveite aulas experimentais e curta uma programa\u00e7\u00e3o diversificada!","breadcrumb":{"@id":"https:\/\/www.fiemg.com.br\/regional-sul\/noticias\/venha-conhecer-as-acoes-do-centro-cultural-sesiminas-uberaba-aproveite-aulas-experimentais-e-curta-uma-programacao-diversificada\/#breadcrumb"},"inLanguage":"pt-BR","potentialAction":[{"@type":"ReadAction","target":["https:\/\/www.fiemg.com.br\/regional-sul\/noticias\/venha-conhecer-as-acoes-do-centro-cultural-sesiminas-uberaba-aproveite-aulas-experimentais-e-curta-uma-programacao-diversificada\/"]}]},{"@type":"ImageObject","inLanguage":"pt-BR","@id":"https:\/\/www.fiemg.com.br\/regional-sul\/noticias\/venha-conhecer-as-acoes-do-centro-cultural-sesiminas-uberaba-aproveite-aulas-experimentais-e-curta-uma-programacao-diversificada\/#primaryimage","url":"https:\/\/www.fiemg.com.br\/regional-sul\/wp-content\/uploads\/sites\/20\/2026\/03\/CASA-ABERTA-UBERABA-THUMB.png","contentUrl":"https:\/\/www.fiemg.com.br\/regional-sul\/wp-content\/uploads\/sites\/20\/2026\/03\/CASA-ABERTA-UBERABA-THUMB.png","width":1600,"height":1600},{"@type":"BreadcrumbList","@id":"https:\/\/www.fiemg.com.br\/regional-sul\/noticias\/venha-conhecer-as-acoes-do-centro-cultural-sesiminas-uberaba-aproveite-aulas-experimentais-e-curta-uma-programacao-diversificada\/#breadcrumb","itemListElement":[{"@type":"ListItem","position":1,"name":"In\u00edcio","item":"https:\/\/www.fiemg.com.br\/regional-sul\/"},{"@type":"ListItem","position":2,"name":"Casa aberta Uberaba: um evento de cultura e conex\u00e3o com a comunidade"}]},{"@type":"WebSite","@id":"https:\/\/www.fiemg.com.br\/regional-sul\/#website","url":"https:\/\/www.fiemg.com.br\/regional-sul\/","name":"Regional Sul","description":"Federa\u00e7\u00e3o das Ind\u00fastrias do Estado de Minas Gerais","publisher":{"@id":"https:\/\/www.fiemg.com.br\/regional-sul\/#organization"},"potentialAction":[{"@type":"SearchAction","target":{"@type":"EntryPoint","urlTemplate":"https:\/\/www.fiemg.com.br\/regional-sul\/?s={search_term_string}"},"query-input":{"@type":"PropertyValueSpecification","valueRequired":true,"valueName":"search_term_string"}}],"inLanguage":"pt-BR"},{"@type":"Organization","@id":"https:\/\/www.fiemg.com.br\/regional-sul\/#organization","name":"Regional Sul","url":"https:\/\/www.fiemg.com.br\/regional-sul\/","logo":{"@type":"ImageObject","inLanguage":"pt-BR","@id":"https:\/\/www.fiemg.com.br\/regional-sul\/#\/schema\/logo\/image\/","url":"https:\/\/www.fiemg.com.br\/regional-sul\/wp-content\/uploads\/sites\/20\/2023\/02\/Ativo-1.png","contentUrl":"https:\/\/www.fiemg.com.br\/regional-sul\/wp-content\/uploads\/sites\/20\/2023\/02\/Ativo-1.png","width":563,"height":149,"caption":"Regional Sul"},"image":{"@id":"https:\/\/www.fiemg.com.br\/regional-sul\/#\/schema\/logo\/image\/"}}]}},"_links":{"self":[{"href":"https:\/\/www.fiemg.com.br\/regional-sul\/wp-json\/wp\/v2\/noticias\/3015","targetHints":{"allow":["GET"]}}],"collection":[{"href":"https:\/\/www.fiemg.com.br\/regional-sul\/wp-json\/wp\/v2\/noticias"}],"about":[{"href":"https:\/\/www.fiemg.com.br\/regional-sul\/wp-json\/wp\/v2\/types\/noticias"}],"wp:featuredmedia":[{"embeddable":true,"href":"https:\/\/www.fiemg.com.br\/regional-sul\/wp-json\/wp\/v2\/media\/3016"}],"wp:attachment":[{"href":"https:\/\/www.fiemg.com.br\/regional-sul\/wp-json\/wp\/v2\/media?parent=3015"}],"wp:term":[{"taxonomy":"category","embeddable":true,"href":"https:\/\/www.fiemg.com.br\/regional-sul\/wp-json\/wp\/v2\/categories?post=3015"},{"taxonomy":"post_tag","embeddable":true,"href":"https:\/\/www.fiemg.com.br\/regional-sul\/wp-json\/wp\/v2\/tags?post=3015"}],"curies":[{"name":"wp","href":"https:\/\/api.w.org\/{rel}","templated":true}]}}