{"id":3023,"date":"2026-03-13T12:31:27","date_gmt":"2026-03-13T15:31:27","guid":{"rendered":"https:\/\/www.fiemg.com.br\/regional-sul\/?post_type=noticias&#038;p=3023"},"modified":"2026-03-13T15:10:13","modified_gmt":"2026-03-13T18:10:13","slug":"sesi-inaugura-nova-unidade-em-extrema-no-sul-de-minas","status":"publish","type":"noticias","link":"https:\/\/www.fiemg.com.br\/regional-sul\/noticias\/sesi-inaugura-nova-unidade-em-extrema-no-sul-de-minas\/","title":{"rendered":"SESI inaugura nova unidade em Extrema no Sul de Minas"},"content":{"rendered":"\n<p><em>O investimento total no novo pr\u00e9dio foi de 13,5 milh\u00f5es<\/em><br><\/p>\n\n\n\n<p>O SESI inaugurou na manh\u00e3 desta sexta-feira sua unidade em Extrema para fortalecer a ind\u00fastria, valorizar o territ\u00f3rio e conectar pessoas ao futuro por meio da educa\u00e7\u00e3o. A unidade SESI do Sul de Minas visa fortalecer a forma\u00e7\u00e3o de estudantes em um dos territ\u00f3rios industriais e log\u00edsticos mais estrat\u00e9gicos do pa\u00eds, preparando pessoas para participar ativamente do desenvolvimento econ\u00f4mico, tecnol\u00f3gico e humano da regi\u00e3o.&nbsp;<\/p>\n\n\n\n<p>\u201c<em>Inaugurar escola, \u00e9 inaugurar um templo de crescimento, onde as pessoas se formam enquanto seres humanos, mas tamb\u00e9m se preparam enquanto profissionais para enfrentar a vida moderna. E a escola do SESI dialoga com a tecnologia, com esse mundo digital que se faz presente na vida dos alunos, e que muitas vezes n\u00e3o est\u00e1 presente no sistema de ensino tradicional<\/em>\u201d, destacou o presidente Fl\u00e1vio Roscoe.<\/p>\n\n\n\n<p>Foram investidos R$ 12 milh\u00f5es na obra da nova unidade e R$ 1,5 milh\u00e3o em mobili\u00e1rio e novas tecnologias &#8211; tablets, rob\u00f3tica, \u00f3culos VR, dentre outros). O novo pr\u00e9dio possui 14 salas de aula que comportam 800 alunos na educa\u00e7\u00e3o b\u00e1sica (2 turnos) e at\u00e9 1.600 alunos em uma opera\u00e7\u00e3o compartilhada com o SENAI para os 3 turnos. Tamb\u00e9m considera uma biblioteca maior e os novos laborat\u00f3rios de Artes, Rob\u00f3tica e Ci\u00eancias.&nbsp;<\/p>\n\n\n\n<p>\u201c<em>O Sul de Minas vive um momento muito positivo de expans\u00e3o industrial e atra\u00e7\u00e3o de investimentos. Para sustentar esse crescimento, \u00e9 fundamental investir na forma\u00e7\u00e3o de pessoas. O SESI cumpre exatamente esse papel: oferecer educa\u00e7\u00e3o de qualidade e preparar jovens para os desafios da ind\u00fastria moderna<\/em>\u201d, ressalta Rodrigo Costa, Vice-Presidente da Regional Sul.<\/p>\n\n\n\n<p>\u201c<em>J\u00e1 oper\u00e1vamos em Extrema com uma Unidade do SENAI que foi transformada em uma Unidade Integrada SESI e SENAI, conectando a qualidade da educa\u00e7\u00e3o b\u00e1sica do SESI com a forma\u00e7\u00e3o t\u00e9cnica de refer\u00eancia do SENAI para a forma\u00e7\u00e3o de profissionais mais preparados para o mercado de trabalho de Extrema e regi\u00e3o<\/em>\u201d, comenta Christiano Leal, superintendente regional do SESI e diretor regional do SENAI em Minas Gerais.<\/p>\n\n\n\n<p>\u201c<em>Estamos materializando um sonho antigo de ter uma escola de educa\u00e7\u00e3o b\u00e1sica em Extrema, j\u00e1 come\u00e7amos aqui h\u00e1 tr\u00eas anos atr\u00e1s nas estruturas do SENAI. Aproveitamos a tradi\u00e7\u00e3o que o SENAI j\u00e1 tem em Extrema e j\u00e1 iniciamos as aulas de 2026 no novo pr\u00e9dio. Temos a certeza que vamos n\u00e3o s\u00f3 consolidar o SESI, mas expandir e transformar vidas a partir da educa\u00e7\u00e3o<\/em>\u201d, complementa Christiano Leal.<br><br>A nova unidade de Extrema conta com Educa\u00e7\u00e3o fundamental e m\u00e9dio: Fundamental II completo, do primeiro ao sexto ano, e tamb\u00e9m o ensino m\u00e9dio, primeira, segunda e terceira s\u00e9rie. O ensino profissionalizante \u00e9 na unidade do SENAI, ao lado da nova unidade SESI.\u00a0<\/p>\n\n\n\n<p><strong>Identidade do territ\u00f3rio<\/strong><\/p>\n\n\n\n<p>Extrema se consolidou como um dos principais p\u00f3los log\u00edsticos do Brasil, com grandes centros de distribui\u00e7\u00e3o e opera\u00e7\u00f5es industriais que abastecem importantes mercados consumidores. \u00c9 porta de entrada de Minas Gerais, localizada na divisa com S\u00e3o Paulo e conectada por importantes corredores rodovi\u00e1rios. O territ\u00f3rio \u00e9 estrat\u00e9gico para circula\u00e7\u00e3o de mercadorias, integrando cadeias produtivas e fortalecendo a economia regional.<\/p>\n\n\n\n<p>Al\u00e9m disso, a regi\u00e3o tem forte identidade cultural e ambiental, marcada por: tradi\u00e7\u00f5es culturais do Sul de Minas, valoriza\u00e7\u00e3o da vida comunit\u00e1ria e do patrim\u00f4nio local, iniciativas pioneiras de preserva\u00e7\u00e3o ambiental. Entre elas, destaca-se o programa Conservador das \u00c1guas, refer\u00eancia nacional em prote\u00e7\u00e3o de nascentes, conserva\u00e7\u00e3o de recursos h\u00eddricos e sustentabilidade.<\/p>\n\n\n\n<p>O Projeto Conservador das \u00c1guas, localizado em Extrema (MG), \u00e9 uma iniciativa pioneira de Pagamento por Servi\u00e7os Ambientais (PSA) que completou 20 anos em 2025. Ele recompensa financeiramente produtores rurais que adotam pr\u00e1ticas de conserva\u00e7\u00e3o e recupera\u00e7\u00e3o ambiental em suas propriedades.<br><br><em>Marina Rigueira <\/em><em><br><\/em><strong>Imprensa FIEMG<\/strong><\/p>\n","protected":false},"featured_media":3032,"template":"","categories":[15],"tags":[],"class_list":["post-3023","noticias","type-noticias","status-publish","has-post-thumbnail","hentry","category-desenvolvimento-industrial"],"acf":[],"yoast_head":"<!-- This site is optimized with the Yoast SEO plugin v26.2 - https:\/\/yoast.com\/wordpress\/plugins\/seo\/ -->\n<title>SESI inaugura nova unidade em Extrema no Sul de Minas - Regional Sul<\/title>\n<meta name=\"robots\" content=\"index, follow, max-snippet:-1, max-image-preview:large, max-video-preview:-1\" \/>\n<link rel=\"canonical\" href=\"https:\/\/www.fiemg.com.br\/regional-sul\/noticias\/sesi-inaugura-nova-unidade-em-extrema-no-sul-de-minas\/\" \/>\n<meta property=\"og:locale\" content=\"pt_BR\" \/>\n<meta property=\"og:type\" content=\"article\" \/>\n<meta property=\"og:title\" content=\"SESI inaugura nova unidade em Extrema no Sul de Minas - Regional Sul\" \/>\n<meta property=\"og:description\" content=\"O investimento total no novo pr\u00e9dio foi de 13,5 milh\u00f5es O SESI inaugurou na manh\u00e3 desta sexta-feira sua unidade em Extrema para fortalecer a ind\u00fastria, valorizar o territ\u00f3rio e conectar pessoas ao futuro por meio da educa\u00e7\u00e3o. A unidade SESI do Sul de Minas visa fortalecer a forma\u00e7\u00e3o de estudantes em um dos territ\u00f3rios industriais [&hellip;]\" \/>\n<meta property=\"og:url\" content=\"https:\/\/www.fiemg.com.br\/regional-sul\/noticias\/sesi-inaugura-nova-unidade-em-extrema-no-sul-de-minas\/\" \/>\n<meta property=\"og:site_name\" content=\"Regional Sul\" \/>\n<meta property=\"article:modified_time\" content=\"2026-03-13T18:10:13+00:00\" \/>\n<meta property=\"og:image\" content=\"https:\/\/www.fiemg.com.br\/regional-sul\/wp-content\/uploads\/sites\/20\/2026\/03\/DSC01737.jpg\" \/>\n\t<meta property=\"og:image:width\" content=\"1365\" \/>\n\t<meta property=\"og:image:height\" content=\"2048\" \/>\n\t<meta property=\"og:image:type\" content=\"image\/jpeg\" \/>\n<meta name=\"twitter:card\" content=\"summary_large_image\" \/>\n<meta name=\"twitter:label1\" content=\"Est. tempo de leitura\" \/>\n\t<meta name=\"twitter:data1\" content=\"4 minutos\" \/>\n<script type=\"application\/ld+json\" class=\"yoast-schema-graph\">{\"@context\":\"https:\/\/schema.org\",\"@graph\":[{\"@type\":\"WebPage\",\"@id\":\"https:\/\/www.fiemg.com.br\/regional-sul\/noticias\/sesi-inaugura-nova-unidade-em-extrema-no-sul-de-minas\/\",\"url\":\"https:\/\/www.fiemg.com.br\/regional-sul\/noticias\/sesi-inaugura-nova-unidade-em-extrema-no-sul-de-minas\/\",\"name\":\"SESI inaugura nova unidade em Extrema no Sul de Minas - Regional Sul\",\"isPartOf\":{\"@id\":\"https:\/\/www.fiemg.com.br\/regional-sul\/#website\"},\"primaryImageOfPage\":{\"@id\":\"https:\/\/www.fiemg.com.br\/regional-sul\/noticias\/sesi-inaugura-nova-unidade-em-extrema-no-sul-de-minas\/#primaryimage\"},\"image\":{\"@id\":\"https:\/\/www.fiemg.com.br\/regional-sul\/noticias\/sesi-inaugura-nova-unidade-em-extrema-no-sul-de-minas\/#primaryimage\"},\"thumbnailUrl\":\"https:\/\/www.fiemg.com.br\/regional-sul\/wp-content\/uploads\/sites\/20\/2026\/03\/DSC01737.jpg\",\"datePublished\":\"2026-03-13T15:31:27+00:00\",\"dateModified\":\"2026-03-13T18:10:13+00:00\",\"breadcrumb\":{\"@id\":\"https:\/\/www.fiemg.com.br\/regional-sul\/noticias\/sesi-inaugura-nova-unidade-em-extrema-no-sul-de-minas\/#breadcrumb\"},\"inLanguage\":\"pt-BR\",\"potentialAction\":[{\"@type\":\"ReadAction\",\"target\":[\"https:\/\/www.fiemg.com.br\/regional-sul\/noticias\/sesi-inaugura-nova-unidade-em-extrema-no-sul-de-minas\/\"]}]},{\"@type\":\"ImageObject\",\"inLanguage\":\"pt-BR\",\"@id\":\"https:\/\/www.fiemg.com.br\/regional-sul\/noticias\/sesi-inaugura-nova-unidade-em-extrema-no-sul-de-minas\/#primaryimage\",\"url\":\"https:\/\/www.fiemg.com.br\/regional-sul\/wp-content\/uploads\/sites\/20\/2026\/03\/DSC01737.jpg\",\"contentUrl\":\"https:\/\/www.fiemg.com.br\/regional-sul\/wp-content\/uploads\/sites\/20\/2026\/03\/DSC01737.jpg\",\"width\":1365,\"height\":2048},{\"@type\":\"BreadcrumbList\",\"@id\":\"https:\/\/www.fiemg.com.br\/regional-sul\/noticias\/sesi-inaugura-nova-unidade-em-extrema-no-sul-de-minas\/#breadcrumb\",\"itemListElement\":[{\"@type\":\"ListItem\",\"position\":1,\"name\":\"In\u00edcio\",\"item\":\"https:\/\/www.fiemg.com.br\/regional-sul\/\"},{\"@type\":\"ListItem\",\"position\":2,\"name\":\"Desenvolvimento Industrial\",\"item\":\"https:\/\/www.fiemg.com.br\/regional-sul\/category\/desenvolvimento-industrial\/\"},{\"@type\":\"ListItem\",\"position\":3,\"name\":\"SESI inaugura nova unidade em Extrema no Sul de Minas\"}]},{\"@type\":\"WebSite\",\"@id\":\"https:\/\/www.fiemg.com.br\/regional-sul\/#website\",\"url\":\"https:\/\/www.fiemg.com.br\/regional-sul\/\",\"name\":\"Regional Sul\",\"description\":\"Federa\u00e7\u00e3o das Ind\u00fastrias do Estado de Minas Gerais\",\"publisher\":{\"@id\":\"https:\/\/www.fiemg.com.br\/regional-sul\/#organization\"},\"potentialAction\":[{\"@type\":\"SearchAction\",\"target\":{\"@type\":\"EntryPoint\",\"urlTemplate\":\"https:\/\/www.fiemg.com.br\/regional-sul\/?s={search_term_string}\"},\"query-input\":{\"@type\":\"PropertyValueSpecification\",\"valueRequired\":true,\"valueName\":\"search_term_string\"}}],\"inLanguage\":\"pt-BR\"},{\"@type\":\"Organization\",\"@id\":\"https:\/\/www.fiemg.com.br\/regional-sul\/#organization\",\"name\":\"Regional Sul\",\"url\":\"https:\/\/www.fiemg.com.br\/regional-sul\/\",\"logo\":{\"@type\":\"ImageObject\",\"inLanguage\":\"pt-BR\",\"@id\":\"https:\/\/www.fiemg.com.br\/regional-sul\/#\/schema\/logo\/image\/\",\"url\":\"https:\/\/www.fiemg.com.br\/regional-sul\/wp-content\/uploads\/sites\/20\/2023\/02\/Ativo-1.png\",\"contentUrl\":\"https:\/\/www.fiemg.com.br\/regional-sul\/wp-content\/uploads\/sites\/20\/2023\/02\/Ativo-1.png\",\"width\":563,\"height\":149,\"caption\":\"Regional Sul\"},\"image\":{\"@id\":\"https:\/\/www.fiemg.com.br\/regional-sul\/#\/schema\/logo\/image\/\"}}]}<\/script>\n<!-- \/ Yoast SEO plugin. -->","yoast_head_json":{"title":"SESI inaugura nova unidade em Extrema no Sul de Minas - Regional Sul","robots":{"index":"index","follow":"follow","max-snippet":"max-snippet:-1","max-image-preview":"max-image-preview:large","max-video-preview":"max-video-preview:-1"},"canonical":"https:\/\/www.fiemg.com.br\/regional-sul\/noticias\/sesi-inaugura-nova-unidade-em-extrema-no-sul-de-minas\/","og_locale":"pt_BR","og_type":"article","og_title":"SESI inaugura nova unidade em Extrema no Sul de Minas - Regional Sul","og_description":"O investimento total no novo pr\u00e9dio foi de 13,5 milh\u00f5es O SESI inaugurou na manh\u00e3 desta sexta-feira sua unidade em Extrema para fortalecer a ind\u00fastria, valorizar o territ\u00f3rio e conectar pessoas ao futuro por meio da educa\u00e7\u00e3o. A unidade SESI do Sul de Minas visa fortalecer a forma\u00e7\u00e3o de estudantes em um dos territ\u00f3rios industriais [&hellip;]","og_url":"https:\/\/www.fiemg.com.br\/regional-sul\/noticias\/sesi-inaugura-nova-unidade-em-extrema-no-sul-de-minas\/","og_site_name":"Regional Sul","article_modified_time":"2026-03-13T18:10:13+00:00","og_image":[{"width":1365,"height":2048,"url":"https:\/\/www.fiemg.com.br\/regional-sul\/wp-content\/uploads\/sites\/20\/2026\/03\/DSC01737.jpg","type":"image\/jpeg"}],"twitter_card":"summary_large_image","twitter_misc":{"Est. tempo de leitura":"4 minutos"},"schema":{"@context":"https:\/\/schema.org","@graph":[{"@type":"WebPage","@id":"https:\/\/www.fiemg.com.br\/regional-sul\/noticias\/sesi-inaugura-nova-unidade-em-extrema-no-sul-de-minas\/","url":"https:\/\/www.fiemg.com.br\/regional-sul\/noticias\/sesi-inaugura-nova-unidade-em-extrema-no-sul-de-minas\/","name":"SESI inaugura nova unidade em Extrema no Sul de Minas - Regional Sul","isPartOf":{"@id":"https:\/\/www.fiemg.com.br\/regional-sul\/#website"},"primaryImageOfPage":{"@id":"https:\/\/www.fiemg.com.br\/regional-sul\/noticias\/sesi-inaugura-nova-unidade-em-extrema-no-sul-de-minas\/#primaryimage"},"image":{"@id":"https:\/\/www.fiemg.com.br\/regional-sul\/noticias\/sesi-inaugura-nova-unidade-em-extrema-no-sul-de-minas\/#primaryimage"},"thumbnailUrl":"https:\/\/www.fiemg.com.br\/regional-sul\/wp-content\/uploads\/sites\/20\/2026\/03\/DSC01737.jpg","datePublished":"2026-03-13T15:31:27+00:00","dateModified":"2026-03-13T18:10:13+00:00","breadcrumb":{"@id":"https:\/\/www.fiemg.com.br\/regional-sul\/noticias\/sesi-inaugura-nova-unidade-em-extrema-no-sul-de-minas\/#breadcrumb"},"inLanguage":"pt-BR","potentialAction":[{"@type":"ReadAction","target":["https:\/\/www.fiemg.com.br\/regional-sul\/noticias\/sesi-inaugura-nova-unidade-em-extrema-no-sul-de-minas\/"]}]},{"@type":"ImageObject","inLanguage":"pt-BR","@id":"https:\/\/www.fiemg.com.br\/regional-sul\/noticias\/sesi-inaugura-nova-unidade-em-extrema-no-sul-de-minas\/#primaryimage","url":"https:\/\/www.fiemg.com.br\/regional-sul\/wp-content\/uploads\/sites\/20\/2026\/03\/DSC01737.jpg","contentUrl":"https:\/\/www.fiemg.com.br\/regional-sul\/wp-content\/uploads\/sites\/20\/2026\/03\/DSC01737.jpg","width":1365,"height":2048},{"@type":"BreadcrumbList","@id":"https:\/\/www.fiemg.com.br\/regional-sul\/noticias\/sesi-inaugura-nova-unidade-em-extrema-no-sul-de-minas\/#breadcrumb","itemListElement":[{"@type":"ListItem","position":1,"name":"In\u00edcio","item":"https:\/\/www.fiemg.com.br\/regional-sul\/"},{"@type":"ListItem","position":2,"name":"Desenvolvimento Industrial","item":"https:\/\/www.fiemg.com.br\/regional-sul\/category\/desenvolvimento-industrial\/"},{"@type":"ListItem","position":3,"name":"SESI inaugura nova unidade em Extrema no Sul de Minas"}]},{"@type":"WebSite","@id":"https:\/\/www.fiemg.com.br\/regional-sul\/#website","url":"https:\/\/www.fiemg.com.br\/regional-sul\/","name":"Regional Sul","description":"Federa\u00e7\u00e3o das Ind\u00fastrias do Estado de Minas Gerais","publisher":{"@id":"https:\/\/www.fiemg.com.br\/regional-sul\/#organization"},"potentialAction":[{"@type":"SearchAction","target":{"@type":"EntryPoint","urlTemplate":"https:\/\/www.fiemg.com.br\/regional-sul\/?s={search_term_string}"},"query-input":{"@type":"PropertyValueSpecification","valueRequired":true,"valueName":"search_term_string"}}],"inLanguage":"pt-BR"},{"@type":"Organization","@id":"https:\/\/www.fiemg.com.br\/regional-sul\/#organization","name":"Regional Sul","url":"https:\/\/www.fiemg.com.br\/regional-sul\/","logo":{"@type":"ImageObject","inLanguage":"pt-BR","@id":"https:\/\/www.fiemg.com.br\/regional-sul\/#\/schema\/logo\/image\/","url":"https:\/\/www.fiemg.com.br\/regional-sul\/wp-content\/uploads\/sites\/20\/2023\/02\/Ativo-1.png","contentUrl":"https:\/\/www.fiemg.com.br\/regional-sul\/wp-content\/uploads\/sites\/20\/2023\/02\/Ativo-1.png","width":563,"height":149,"caption":"Regional Sul"},"image":{"@id":"https:\/\/www.fiemg.com.br\/regional-sul\/#\/schema\/logo\/image\/"}}]}},"_links":{"self":[{"href":"https:\/\/www.fiemg.com.br\/regional-sul\/wp-json\/wp\/v2\/noticias\/3023","targetHints":{"allow":["GET"]}}],"collection":[{"href":"https:\/\/www.fiemg.com.br\/regional-sul\/wp-json\/wp\/v2\/noticias"}],"about":[{"href":"https:\/\/www.fiemg.com.br\/regional-sul\/wp-json\/wp\/v2\/types\/noticias"}],"wp:featuredmedia":[{"embeddable":true,"href":"https:\/\/www.fiemg.com.br\/regional-sul\/wp-json\/wp\/v2\/media\/3032"}],"wp:attachment":[{"href":"https:\/\/www.fiemg.com.br\/regional-sul\/wp-json\/wp\/v2\/media?parent=3023"}],"wp:term":[{"taxonomy":"category","embeddable":true,"href":"https:\/\/www.fiemg.com.br\/regional-sul\/wp-json\/wp\/v2\/categories?post=3023"},{"taxonomy":"post_tag","embeddable":true,"href":"https:\/\/www.fiemg.com.br\/regional-sul\/wp-json\/wp\/v2\/tags?post=3023"}],"curies":[{"name":"wp","href":"https:\/\/api.w.org\/{rel}","templated":true}]}}