{"id":3063,"date":"2026-04-29T18:31:43","date_gmt":"2026-04-29T21:31:43","guid":{"rendered":"https:\/\/www.fiemg.com.br\/regional-sul\/noticias\/acordo-mercosul-uniao-europeia-entra-em-vigor-em-1o-de-maio-e-abre-novas-oportunidades-para-exportadores-brasileiros\/"},"modified":"2026-04-29T18:38:20","modified_gmt":"2026-04-29T21:38:20","slug":"acordo-mercosul-uniao-europeia-entra-em-vigor-em-1o-de-maio-e-abre-novas-oportunidades-para-exportadores-brasileiros","status":"publish","type":"noticias","link":"https:\/\/www.fiemg.com.br\/regional-sul\/noticias\/acordo-mercosul-uniao-europeia-entra-em-vigor-em-1o-de-maio-e-abre-novas-oportunidades-para-exportadores-brasileiros\/","title":{"rendered":"Acordo Mercosul-Uni\u00e3o Europeia entra em vigor em 1\u00ba de maio e abre novas oportunidades para exportadores brasileiros"},"content":{"rendered":"\n<figure class=\"wp-block-image aligncenter size-full is-resized\"><img fetchpriority=\"high\" decoding=\"async\" width=\"1024\" height=\"448\" src=\"https:\/\/www.fiemg.com.br\/regional-sul\/wp-content\/uploads\/sites\/20\/2026\/04\/fiemg-exportacao_8461952_9535198.png\" alt=\"\" class=\"wp-image-3066\" style=\"width:1088px;height:auto\" srcset=\"https:\/\/www.fiemg.com.br\/regional-sul\/wp-content\/uploads\/sites\/20\/2026\/04\/fiemg-exportacao_8461952_9535198.png 1024w, https:\/\/www.fiemg.com.br\/regional-sul\/wp-content\/uploads\/sites\/20\/2026\/04\/fiemg-exportacao_8461952_9535198-300x131.png 300w, https:\/\/www.fiemg.com.br\/regional-sul\/wp-content\/uploads\/sites\/20\/2026\/04\/fiemg-exportacao_8461952_9535198-768x336.png 768w\" sizes=\"(max-width: 1024px) 100vw, 1024px\" \/><\/figure>\n\n\n\n<p>O <strong>acordo comercial entre o Mercosul e a Uni\u00e3o Europeia<\/strong> entra em vigor no dia 1\u00ba de maio de 2026, marcando um novo momento na integra\u00e7\u00e3o econ\u00f4mica entre os dois blocos e ampliando as oportunidades para empresas brasileiras que atuam no com\u00e9rcio internacional.<\/p>\n\n\n\n<p>Com a entrada em vigor do Acordo de Com\u00e9rcio Provis\u00f3rio (ITA), o tratado prev\u00ea a redu\u00e7\u00e3o gradual de tarifas, maior acesso ao mercado europeu e a simplifica\u00e7\u00e3o de procedimentos aduaneiros, o que tende a aumentar a competitividade dos produtos brasileiros no exterior. Apesar das oportunidades, a Federa\u00e7\u00e3o das Ind\u00fastrias do Estado de Minas Gerais (FIEMG) alerta que o aproveitamento dos benef\u00edcios do acordo depende diretamente do n\u00edvel de preparo das empresas, especialmente no que diz respeito ao cumprimento das regras de origem e \u00e0 correta emiss\u00e3o do Certificado de Origem.<\/p>\n\n\n\n<p>Nos primeiros anos de vig\u00eancia, esse documento ser\u00e1 essencial para garantir o acesso \u00e0s prefer\u00eancias tarif\u00e1rias, evitando custos adicionais e assegurando maior competitividade nas opera\u00e7\u00f5es de exporta\u00e7\u00e3o. Diante desse cen\u00e1rio, a FIEMG lan\u00e7ou uma pesquisa para avaliar o grau de prepara\u00e7\u00e3o das empresas brasileiras em rela\u00e7\u00e3o ao acordo, considerando aspectos como conhecimento sobre o tema, capacidade de aplica\u00e7\u00e3o pr\u00e1tica e principais desafios para acessar o mercado europeu.<\/p>\n\n\n\n<p>Clique <a href=\"https:\/\/forms.office.com\/pages\/responsepage.aspx?id=El6Hb28P_0-9vtVSJU52Uw6sYTvAnMBHpN-NAbmePn5UM0xFREtGWkk2OUYxMEtBVUFDNTlZWlJVUS4u&amp;route=shorturl\" target=\"_blank\" rel=\"noreferrer noopener\">aqui<\/a>, <strong>participe da pesquisa e avalie o n\u00edvel de preparo da sua empresa<\/strong>. As respostas ser\u00e3o analisadas de forma consolidada, sem identifica\u00e7\u00e3o individual, e contribuir\u00e3o para o desenvolvimento de a\u00e7\u00f5es de apoio mais direcionadas ao setor produtivo. <\/p>\n\n\n\n<p>Al\u00e9m disso, a FIEMG refor\u00e7a que permanece \u00e0 disposi\u00e7\u00e3o das empresas por meio do Centro Internacional de Neg\u00f3cios (CIN), <strong>oferecendo servi\u00e7os como a emiss\u00e3o de Certificados de Origem e a elabora\u00e7\u00e3o de estudos personalizados de mercado<\/strong>, que auxiliam na identifica\u00e7\u00e3o de oportunidades, adequa\u00e7\u00e3o estrat\u00e9gica e melhor posicionamento no mercado europeu.<\/p>\n\n\n\n<p>O acordo Mercosul-Uni\u00e3o Europeia, negociado ao longo de mais de duas d\u00e9cadas, estabelece regras comerciais mais modernas e previs\u00edveis, criando uma das maiores \u00e1reas de livre com\u00e9rcio do mundo. Para o setor industrial brasileiro, o momento \u00e9 estrat\u00e9gico: mais do que acompanhar o avan\u00e7o do acordo, \u00e9 fundamental se preparar para competir em um ambiente mais aberto e exigente.<\/p>\n\n\n\n<p>Para mais informa\u00e7\u00f5es, entre em contato pelo e-mail <em>ci@fiemg.com.br<\/em> ou pelos telefones (31) 3263-4726 \/ 6818 \/ 6820 \/ 6821 \/ 4721.<\/p>\n\n\n\n<p><strong>Imprensa FIEMG<\/strong><\/p>\n","protected":false},"featured_media":3066,"template":"","categories":[],"tags":[],"class_list":["post-3063","noticias","type-noticias","status-publish","has-post-thumbnail","hentry"],"acf":[],"yoast_head":"<!-- This site is optimized with the Yoast SEO plugin v26.2 - https:\/\/yoast.com\/wordpress\/plugins\/seo\/ -->\n<title>Acordo Mercosul-Uni\u00e3o Europeia entra em vigor em 1\u00ba de maio e abre novas oportunidades para exportadores brasileiros - Regional Sul<\/title>\n<meta name=\"description\" content=\"FIEMG orienta empresas a se prepararem para aproveitar benef\u00edcios do acordo, refor\u00e7a a obrigatoriedade da emiss\u00e3o de Certificados de Origem e lan\u00e7a pesquisa para mapear n\u00edvel de prontid\u00e3o do setor\" \/>\n<meta name=\"robots\" content=\"index, follow, max-snippet:-1, max-image-preview:large, max-video-preview:-1\" \/>\n<link rel=\"canonical\" href=\"https:\/\/www.fiemg.com.br\/regional-sul\/noticias\/acordo-mercosul-uniao-europeia-entra-em-vigor-em-1o-de-maio-e-abre-novas-oportunidades-para-exportadores-brasileiros\/\" \/>\n<meta property=\"og:locale\" content=\"pt_BR\" \/>\n<meta property=\"og:type\" content=\"article\" \/>\n<meta property=\"og:title\" content=\"Acordo Mercosul-Uni\u00e3o Europeia entra em vigor em 1\u00ba de maio e abre novas oportunidades para exportadores brasileiros - Regional Sul\" \/>\n<meta property=\"og:description\" content=\"FIEMG orienta empresas a se prepararem para aproveitar benef\u00edcios do acordo, refor\u00e7a a obrigatoriedade da emiss\u00e3o de Certificados de Origem e lan\u00e7a pesquisa para mapear n\u00edvel de prontid\u00e3o do setor\" \/>\n<meta property=\"og:url\" content=\"https:\/\/www.fiemg.com.br\/regional-sul\/noticias\/acordo-mercosul-uniao-europeia-entra-em-vigor-em-1o-de-maio-e-abre-novas-oportunidades-para-exportadores-brasileiros\/\" \/>\n<meta property=\"og:site_name\" content=\"Regional Sul\" \/>\n<meta property=\"article:modified_time\" content=\"2026-04-29T21:38:20+00:00\" \/>\n<meta property=\"og:image\" content=\"https:\/\/www.fiemg.com.br\/regional-sul\/wp-content\/uploads\/sites\/20\/2026\/04\/fiemg-exportacao_8461952_9535198.png\" \/>\n\t<meta property=\"og:image:width\" content=\"1024\" \/>\n\t<meta property=\"og:image:height\" content=\"448\" \/>\n\t<meta property=\"og:image:type\" content=\"image\/png\" \/>\n<meta name=\"twitter:card\" content=\"summary_large_image\" \/>\n<meta name=\"twitter:label1\" content=\"Est. tempo de leitura\" \/>\n\t<meta name=\"twitter:data1\" content=\"3 minutos\" \/>\n<script type=\"application\/ld+json\" class=\"yoast-schema-graph\">{\"@context\":\"https:\/\/schema.org\",\"@graph\":[{\"@type\":\"WebPage\",\"@id\":\"https:\/\/www.fiemg.com.br\/regional-sul\/noticias\/acordo-mercosul-uniao-europeia-entra-em-vigor-em-1o-de-maio-e-abre-novas-oportunidades-para-exportadores-brasileiros\/\",\"url\":\"https:\/\/www.fiemg.com.br\/regional-sul\/noticias\/acordo-mercosul-uniao-europeia-entra-em-vigor-em-1o-de-maio-e-abre-novas-oportunidades-para-exportadores-brasileiros\/\",\"name\":\"Acordo Mercosul-Uni\u00e3o Europeia entra em vigor em 1\u00ba de maio e abre novas oportunidades para exportadores brasileiros - Regional Sul\",\"isPartOf\":{\"@id\":\"https:\/\/www.fiemg.com.br\/regional-sul\/#website\"},\"primaryImageOfPage\":{\"@id\":\"https:\/\/www.fiemg.com.br\/regional-sul\/noticias\/acordo-mercosul-uniao-europeia-entra-em-vigor-em-1o-de-maio-e-abre-novas-oportunidades-para-exportadores-brasileiros\/#primaryimage\"},\"image\":{\"@id\":\"https:\/\/www.fiemg.com.br\/regional-sul\/noticias\/acordo-mercosul-uniao-europeia-entra-em-vigor-em-1o-de-maio-e-abre-novas-oportunidades-para-exportadores-brasileiros\/#primaryimage\"},\"thumbnailUrl\":\"https:\/\/www.fiemg.com.br\/regional-sul\/wp-content\/uploads\/sites\/20\/2026\/04\/fiemg-exportacao_8461952_9535198.png\",\"datePublished\":\"2026-04-29T21:31:43+00:00\",\"dateModified\":\"2026-04-29T21:38:20+00:00\",\"description\":\"FIEMG orienta empresas a se prepararem para aproveitar benef\u00edcios do acordo, refor\u00e7a a obrigatoriedade da emiss\u00e3o de Certificados de Origem e lan\u00e7a pesquisa para mapear n\u00edvel de prontid\u00e3o do setor\",\"breadcrumb\":{\"@id\":\"https:\/\/www.fiemg.com.br\/regional-sul\/noticias\/acordo-mercosul-uniao-europeia-entra-em-vigor-em-1o-de-maio-e-abre-novas-oportunidades-para-exportadores-brasileiros\/#breadcrumb\"},\"inLanguage\":\"pt-BR\",\"potentialAction\":[{\"@type\":\"ReadAction\",\"target\":[\"https:\/\/www.fiemg.com.br\/regional-sul\/noticias\/acordo-mercosul-uniao-europeia-entra-em-vigor-em-1o-de-maio-e-abre-novas-oportunidades-para-exportadores-brasileiros\/\"]}]},{\"@type\":\"ImageObject\",\"inLanguage\":\"pt-BR\",\"@id\":\"https:\/\/www.fiemg.com.br\/regional-sul\/noticias\/acordo-mercosul-uniao-europeia-entra-em-vigor-em-1o-de-maio-e-abre-novas-oportunidades-para-exportadores-brasileiros\/#primaryimage\",\"url\":\"https:\/\/www.fiemg.com.br\/regional-sul\/wp-content\/uploads\/sites\/20\/2026\/04\/fiemg-exportacao_8461952_9535198.png\",\"contentUrl\":\"https:\/\/www.fiemg.com.br\/regional-sul\/wp-content\/uploads\/sites\/20\/2026\/04\/fiemg-exportacao_8461952_9535198.png\",\"width\":1024,\"height\":448},{\"@type\":\"BreadcrumbList\",\"@id\":\"https:\/\/www.fiemg.com.br\/regional-sul\/noticias\/acordo-mercosul-uniao-europeia-entra-em-vigor-em-1o-de-maio-e-abre-novas-oportunidades-para-exportadores-brasileiros\/#breadcrumb\",\"itemListElement\":[{\"@type\":\"ListItem\",\"position\":1,\"name\":\"In\u00edcio\",\"item\":\"https:\/\/www.fiemg.com.br\/regional-sul\/\"},{\"@type\":\"ListItem\",\"position\":2,\"name\":\"Acordo Mercosul-Uni\u00e3o Europeia entra em vigor em 1\u00ba de maio e abre novas oportunidades para exportadores brasileiros\"}]},{\"@type\":\"WebSite\",\"@id\":\"https:\/\/www.fiemg.com.br\/regional-sul\/#website\",\"url\":\"https:\/\/www.fiemg.com.br\/regional-sul\/\",\"name\":\"Regional Sul\",\"description\":\"Federa\u00e7\u00e3o das Ind\u00fastrias do Estado de Minas Gerais\",\"publisher\":{\"@id\":\"https:\/\/www.fiemg.com.br\/regional-sul\/#organization\"},\"potentialAction\":[{\"@type\":\"SearchAction\",\"target\":{\"@type\":\"EntryPoint\",\"urlTemplate\":\"https:\/\/www.fiemg.com.br\/regional-sul\/?s={search_term_string}\"},\"query-input\":{\"@type\":\"PropertyValueSpecification\",\"valueRequired\":true,\"valueName\":\"search_term_string\"}}],\"inLanguage\":\"pt-BR\"},{\"@type\":\"Organization\",\"@id\":\"https:\/\/www.fiemg.com.br\/regional-sul\/#organization\",\"name\":\"Regional Sul\",\"url\":\"https:\/\/www.fiemg.com.br\/regional-sul\/\",\"logo\":{\"@type\":\"ImageObject\",\"inLanguage\":\"pt-BR\",\"@id\":\"https:\/\/www.fiemg.com.br\/regional-sul\/#\/schema\/logo\/image\/\",\"url\":\"https:\/\/www.fiemg.com.br\/regional-sul\/wp-content\/uploads\/sites\/20\/2023\/02\/Ativo-1.png\",\"contentUrl\":\"https:\/\/www.fiemg.com.br\/regional-sul\/wp-content\/uploads\/sites\/20\/2023\/02\/Ativo-1.png\",\"width\":563,\"height\":149,\"caption\":\"Regional Sul\"},\"image\":{\"@id\":\"https:\/\/www.fiemg.com.br\/regional-sul\/#\/schema\/logo\/image\/\"}}]}<\/script>\n<!-- \/ Yoast SEO plugin. -->","yoast_head_json":{"title":"Acordo Mercosul-Uni\u00e3o Europeia entra em vigor em 1\u00ba de maio e abre novas oportunidades para exportadores brasileiros - Regional Sul","description":"FIEMG orienta empresas a se prepararem para aproveitar benef\u00edcios do acordo, refor\u00e7a a obrigatoriedade da emiss\u00e3o de Certificados de Origem e lan\u00e7a pesquisa para mapear n\u00edvel de prontid\u00e3o do setor","robots":{"index":"index","follow":"follow","max-snippet":"max-snippet:-1","max-image-preview":"max-image-preview:large","max-video-preview":"max-video-preview:-1"},"canonical":"https:\/\/www.fiemg.com.br\/regional-sul\/noticias\/acordo-mercosul-uniao-europeia-entra-em-vigor-em-1o-de-maio-e-abre-novas-oportunidades-para-exportadores-brasileiros\/","og_locale":"pt_BR","og_type":"article","og_title":"Acordo Mercosul-Uni\u00e3o Europeia entra em vigor em 1\u00ba de maio e abre novas oportunidades para exportadores brasileiros - Regional Sul","og_description":"FIEMG orienta empresas a se prepararem para aproveitar benef\u00edcios do acordo, refor\u00e7a a obrigatoriedade da emiss\u00e3o de Certificados de Origem e lan\u00e7a pesquisa para mapear n\u00edvel de prontid\u00e3o do setor","og_url":"https:\/\/www.fiemg.com.br\/regional-sul\/noticias\/acordo-mercosul-uniao-europeia-entra-em-vigor-em-1o-de-maio-e-abre-novas-oportunidades-para-exportadores-brasileiros\/","og_site_name":"Regional Sul","article_modified_time":"2026-04-29T21:38:20+00:00","og_image":[{"width":1024,"height":448,"url":"https:\/\/www.fiemg.com.br\/regional-sul\/wp-content\/uploads\/sites\/20\/2026\/04\/fiemg-exportacao_8461952_9535198.png","type":"image\/png"}],"twitter_card":"summary_large_image","twitter_misc":{"Est. tempo de leitura":"3 minutos"},"schema":{"@context":"https:\/\/schema.org","@graph":[{"@type":"WebPage","@id":"https:\/\/www.fiemg.com.br\/regional-sul\/noticias\/acordo-mercosul-uniao-europeia-entra-em-vigor-em-1o-de-maio-e-abre-novas-oportunidades-para-exportadores-brasileiros\/","url":"https:\/\/www.fiemg.com.br\/regional-sul\/noticias\/acordo-mercosul-uniao-europeia-entra-em-vigor-em-1o-de-maio-e-abre-novas-oportunidades-para-exportadores-brasileiros\/","name":"Acordo Mercosul-Uni\u00e3o Europeia entra em vigor em 1\u00ba de maio e abre novas oportunidades para exportadores brasileiros - Regional Sul","isPartOf":{"@id":"https:\/\/www.fiemg.com.br\/regional-sul\/#website"},"primaryImageOfPage":{"@id":"https:\/\/www.fiemg.com.br\/regional-sul\/noticias\/acordo-mercosul-uniao-europeia-entra-em-vigor-em-1o-de-maio-e-abre-novas-oportunidades-para-exportadores-brasileiros\/#primaryimage"},"image":{"@id":"https:\/\/www.fiemg.com.br\/regional-sul\/noticias\/acordo-mercosul-uniao-europeia-entra-em-vigor-em-1o-de-maio-e-abre-novas-oportunidades-para-exportadores-brasileiros\/#primaryimage"},"thumbnailUrl":"https:\/\/www.fiemg.com.br\/regional-sul\/wp-content\/uploads\/sites\/20\/2026\/04\/fiemg-exportacao_8461952_9535198.png","datePublished":"2026-04-29T21:31:43+00:00","dateModified":"2026-04-29T21:38:20+00:00","description":"FIEMG orienta empresas a se prepararem para aproveitar benef\u00edcios do acordo, refor\u00e7a a obrigatoriedade da emiss\u00e3o de Certificados de Origem e lan\u00e7a pesquisa para mapear n\u00edvel de prontid\u00e3o do setor","breadcrumb":{"@id":"https:\/\/www.fiemg.com.br\/regional-sul\/noticias\/acordo-mercosul-uniao-europeia-entra-em-vigor-em-1o-de-maio-e-abre-novas-oportunidades-para-exportadores-brasileiros\/#breadcrumb"},"inLanguage":"pt-BR","potentialAction":[{"@type":"ReadAction","target":["https:\/\/www.fiemg.com.br\/regional-sul\/noticias\/acordo-mercosul-uniao-europeia-entra-em-vigor-em-1o-de-maio-e-abre-novas-oportunidades-para-exportadores-brasileiros\/"]}]},{"@type":"ImageObject","inLanguage":"pt-BR","@id":"https:\/\/www.fiemg.com.br\/regional-sul\/noticias\/acordo-mercosul-uniao-europeia-entra-em-vigor-em-1o-de-maio-e-abre-novas-oportunidades-para-exportadores-brasileiros\/#primaryimage","url":"https:\/\/www.fiemg.com.br\/regional-sul\/wp-content\/uploads\/sites\/20\/2026\/04\/fiemg-exportacao_8461952_9535198.png","contentUrl":"https:\/\/www.fiemg.com.br\/regional-sul\/wp-content\/uploads\/sites\/20\/2026\/04\/fiemg-exportacao_8461952_9535198.png","width":1024,"height":448},{"@type":"BreadcrumbList","@id":"https:\/\/www.fiemg.com.br\/regional-sul\/noticias\/acordo-mercosul-uniao-europeia-entra-em-vigor-em-1o-de-maio-e-abre-novas-oportunidades-para-exportadores-brasileiros\/#breadcrumb","itemListElement":[{"@type":"ListItem","position":1,"name":"In\u00edcio","item":"https:\/\/www.fiemg.com.br\/regional-sul\/"},{"@type":"ListItem","position":2,"name":"Acordo Mercosul-Uni\u00e3o Europeia entra em vigor em 1\u00ba de maio e abre novas oportunidades para exportadores brasileiros"}]},{"@type":"WebSite","@id":"https:\/\/www.fiemg.com.br\/regional-sul\/#website","url":"https:\/\/www.fiemg.com.br\/regional-sul\/","name":"Regional Sul","description":"Federa\u00e7\u00e3o das Ind\u00fastrias do Estado de Minas Gerais","publisher":{"@id":"https:\/\/www.fiemg.com.br\/regional-sul\/#organization"},"potentialAction":[{"@type":"SearchAction","target":{"@type":"EntryPoint","urlTemplate":"https:\/\/www.fiemg.com.br\/regional-sul\/?s={search_term_string}"},"query-input":{"@type":"PropertyValueSpecification","valueRequired":true,"valueName":"search_term_string"}}],"inLanguage":"pt-BR"},{"@type":"Organization","@id":"https:\/\/www.fiemg.com.br\/regional-sul\/#organization","name":"Regional Sul","url":"https:\/\/www.fiemg.com.br\/regional-sul\/","logo":{"@type":"ImageObject","inLanguage":"pt-BR","@id":"https:\/\/www.fiemg.com.br\/regional-sul\/#\/schema\/logo\/image\/","url":"https:\/\/www.fiemg.com.br\/regional-sul\/wp-content\/uploads\/sites\/20\/2023\/02\/Ativo-1.png","contentUrl":"https:\/\/www.fiemg.com.br\/regional-sul\/wp-content\/uploads\/sites\/20\/2023\/02\/Ativo-1.png","width":563,"height":149,"caption":"Regional Sul"},"image":{"@id":"https:\/\/www.fiemg.com.br\/regional-sul\/#\/schema\/logo\/image\/"}}]}},"_links":{"self":[{"href":"https:\/\/www.fiemg.com.br\/regional-sul\/wp-json\/wp\/v2\/noticias\/3063","targetHints":{"allow":["GET"]}}],"collection":[{"href":"https:\/\/www.fiemg.com.br\/regional-sul\/wp-json\/wp\/v2\/noticias"}],"about":[{"href":"https:\/\/www.fiemg.com.br\/regional-sul\/wp-json\/wp\/v2\/types\/noticias"}],"wp:featuredmedia":[{"embeddable":true,"href":"https:\/\/www.fiemg.com.br\/regional-sul\/wp-json\/wp\/v2\/media\/3066"}],"wp:attachment":[{"href":"https:\/\/www.fiemg.com.br\/regional-sul\/wp-json\/wp\/v2\/media?parent=3063"}],"wp:term":[{"taxonomy":"category","embeddable":true,"href":"https:\/\/www.fiemg.com.br\/regional-sul\/wp-json\/wp\/v2\/categories?post=3063"},{"taxonomy":"post_tag","embeddable":true,"href":"https:\/\/www.fiemg.com.br\/regional-sul\/wp-json\/wp\/v2\/tags?post=3063"}],"curies":[{"name":"wp","href":"https:\/\/api.w.org\/{rel}","templated":true}]}}