{"id":3068,"date":"2026-04-30T08:24:48","date_gmt":"2026-04-30T11:24:48","guid":{"rendered":"https:\/\/www.fiemg.com.br\/regional-sul\/?post_type=noticias&#038;p=3068"},"modified":"2026-04-30T08:24:50","modified_gmt":"2026-04-30T11:24:50","slug":"finep-pelo-brasil-impulsiona-inovacao-no-sul-de-minas-em-evento-realizado-em-pocos-de-caldas","status":"publish","type":"noticias","link":"https:\/\/www.fiemg.com.br\/regional-sul\/noticias\/finep-pelo-brasil-impulsiona-inovacao-no-sul-de-minas-em-evento-realizado-em-pocos-de-caldas\/","title":{"rendered":"Finep pelo Brasil impulsiona inova\u00e7\u00e3o no Sul de Minas em evento realizado em Po\u00e7os de Caldas"},"content":{"rendered":"\n<p>O Sul de Minas recebeu, no dia 29 de abril, uma importante agenda voltada ao fortalecimento da inova\u00e7\u00e3o e da competitividade industrial. O evento <strong>Finep pelo Brasil \u2013 Edi\u00e7\u00e3o Sul de Minas<\/strong>, promovido pela FIEMG Regional Sul, reuniu empres\u00e1rios, lideran\u00e7as, representantes de institui\u00e7\u00f5es de ensino, cooperativas e especialistas em Po\u00e7os de Caldas para apresentar oportunidades concretas de financiamento \u00e0 inova\u00e7\u00e3o.<\/p>\n\n\n\n<p>A iniciativa integra uma agenda nacional da Financiadora de Estudos e Projetos, vinculada ao Minist\u00e9rio da Ci\u00eancia, Tecnologia e Inova\u00e7\u00e3o, que tem como objetivo descentralizar o acesso aos recursos federais destinados \u00e0 ci\u00eancia, tecnologia e inova\u00e7\u00e3o. Ao longo do pa\u00eds, o programa prev\u00ea mais de 100 encontros, levando informa\u00e7\u00f5es estrat\u00e9gicas sobre linhas de cr\u00e9dito, subven\u00e7\u00e3o econ\u00f4mica e instrumentos de apoio ao setor produtivo.<\/p>\n\n\n\n<p>Durante a abertura, o presidente da FIEMG Regional Sul, <strong>Rodrigo Costa Batista<\/strong>, destacou a import\u00e2ncia de aproximar as empresas das oportunidades dispon\u00edveis. <em>\u201cA inova\u00e7\u00e3o deixou de ser uma escolha e passou a ser uma condi\u00e7\u00e3o para a competitividade. Eventos como este mostram que existem caminhos poss\u00edveis, recursos dispon\u00edveis e institui\u00e7\u00f5es preparadas para apoiar o desenvolvimento das empresas da nossa regi\u00e3o\u201d<\/em>, afirmou.<\/p>\n\n\n\n<p>Representando a Finep, o assessor da Presid\u00eancia, <strong>Wadson Ribeiro<\/strong>, apresentou os principais instrumentos de fomento dispon\u00edveis, com destaque para os editais do programa Mais Inova\u00e7\u00e3o Brasil, que somam bilh\u00f5es de reais em recursos para projetos desenvolvidos por empresas em parceria com institui\u00e7\u00f5es cient\u00edficas e tecnol\u00f3gicas.<\/p>\n\n\n\n<p>O evento contou ainda com a participa\u00e7\u00e3o do diretor-geral do Instituto Federal do Sul de Minas Gerais \u2013 Campus Po\u00e7os de Caldas, <strong>Rafael Felipe Coelho Neves<\/strong>, que apresentou iniciativas ligadas ao parque tecnol\u00f3gico e refor\u00e7ou o papel das institui\u00e7\u00f5es de ensino na gera\u00e7\u00e3o de conhecimento e inova\u00e7\u00e3o aplicada.<\/p>\n\n\n\n<p>Na sequ\u00eancia, especialistas conduziram um bloco t\u00e9cnico com apresenta\u00e7\u00f5es sobre linhas de financiamento e programas de apoio ao setor produtivo. A analista de desenvolvimento do Banco de Desenvolvimento de Minas Gerais, <strong>Glaucia Anete Ferreira da Silva<\/strong>, abordou solu\u00e7\u00f5es de cr\u00e9dito voltadas \u00e0s empresas mineiras. J\u00e1 o gerente regional sudeste adjunto da Finep, <strong>Marcio Ikegami<\/strong>, detalhou os instrumentos nacionais de apoio \u00e0 inova\u00e7\u00e3o. Representando o SENAI, <strong>Robert de Moura Barbosa<\/strong> e <strong>Leandro Vieira Mendes<\/strong> apresentaram o programa Brasil Mais Produtivo, voltado ao aumento da efici\u00eancia industrial.<\/p>\n\n\n\n<p>O encontro foi realizado com o apoio da Prefeitura de Po\u00e7os de Caldas, do Servi\u00e7o Brasileiro de Apoio \u00e0s Micro e Pequenas Empresas (Sebrae), do Instituto Federal do Sul de Minas \u2013 Campus Po\u00e7os de Caldas e do HUAIS \u2013 Hub Mineiro de Acelera\u00e7\u00e3o, Inova\u00e7\u00e3o e Sustentabilidade.<\/p>\n\n\n\n<p>Ao final, os participantes tiveram a oportunidade de interagir com os especialistas, esclarecer d\u00favidas e aprofundar conhecimentos sobre os caminhos para acessar recursos e estruturar projetos de inova\u00e7\u00e3o.<\/p>\n\n\n\n<p>Com a realiza\u00e7\u00e3o do evento, a FIEMG Regional Sul refor\u00e7a seu compromisso de conectar a ind\u00fastria \u00e0s oportunidades que impulsionam o desenvolvimento econ\u00f4mico, promovendo a inova\u00e7\u00e3o como vetor estrat\u00e9gico para o crescimento sustent\u00e1vel da regi\u00e3o.<\/p>\n","protected":false},"featured_media":3079,"template":"","categories":[],"tags":[],"class_list":["post-3068","noticias","type-noticias","status-publish","has-post-thumbnail","hentry"],"acf":[],"yoast_head":"<!-- This site is optimized with the Yoast SEO plugin v26.2 - https:\/\/yoast.com\/wordpress\/plugins\/seo\/ -->\n<title>Finep pelo Brasil impulsiona inova\u00e7\u00e3o no Sul de Minas em evento realizado em Po\u00e7os de Caldas - Regional Sul<\/title>\n<meta name=\"robots\" content=\"index, follow, max-snippet:-1, max-image-preview:large, max-video-preview:-1\" \/>\n<link rel=\"canonical\" href=\"https:\/\/www.fiemg.com.br\/regional-sul\/noticias\/finep-pelo-brasil-impulsiona-inovacao-no-sul-de-minas-em-evento-realizado-em-pocos-de-caldas\/\" \/>\n<meta property=\"og:locale\" content=\"pt_BR\" \/>\n<meta property=\"og:type\" content=\"article\" \/>\n<meta property=\"og:title\" content=\"Finep pelo Brasil impulsiona inova\u00e7\u00e3o no Sul de Minas em evento realizado em Po\u00e7os de Caldas - Regional Sul\" \/>\n<meta property=\"og:description\" content=\"O Sul de Minas recebeu, no dia 29 de abril, uma importante agenda voltada ao fortalecimento da inova\u00e7\u00e3o e da competitividade industrial. O evento Finep pelo Brasil \u2013 Edi\u00e7\u00e3o Sul de Minas, promovido pela FIEMG Regional Sul, reuniu empres\u00e1rios, lideran\u00e7as, representantes de institui\u00e7\u00f5es de ensino, cooperativas e especialistas em Po\u00e7os de Caldas para apresentar oportunidades [&hellip;]\" \/>\n<meta property=\"og:url\" content=\"https:\/\/www.fiemg.com.br\/regional-sul\/noticias\/finep-pelo-brasil-impulsiona-inovacao-no-sul-de-minas-em-evento-realizado-em-pocos-de-caldas\/\" \/>\n<meta property=\"og:site_name\" content=\"Regional Sul\" \/>\n<meta property=\"article:modified_time\" content=\"2026-04-30T11:24:50+00:00\" \/>\n<meta property=\"og:image\" content=\"https:\/\/www.fiemg.com.br\/regional-sul\/wp-content\/uploads\/sites\/20\/2026\/04\/IMG_0808-scaled.jpg\" \/>\n\t<meta property=\"og:image:width\" content=\"2560\" \/>\n\t<meta property=\"og:image:height\" content=\"1440\" \/>\n\t<meta property=\"og:image:type\" content=\"image\/jpeg\" \/>\n<meta name=\"twitter:card\" content=\"summary_large_image\" \/>\n<meta name=\"twitter:label1\" content=\"Est. tempo de leitura\" \/>\n\t<meta name=\"twitter:data1\" content=\"3 minutos\" \/>\n<script type=\"application\/ld+json\" class=\"yoast-schema-graph\">{\"@context\":\"https:\/\/schema.org\",\"@graph\":[{\"@type\":\"WebPage\",\"@id\":\"https:\/\/www.fiemg.com.br\/regional-sul\/noticias\/finep-pelo-brasil-impulsiona-inovacao-no-sul-de-minas-em-evento-realizado-em-pocos-de-caldas\/\",\"url\":\"https:\/\/www.fiemg.com.br\/regional-sul\/noticias\/finep-pelo-brasil-impulsiona-inovacao-no-sul-de-minas-em-evento-realizado-em-pocos-de-caldas\/\",\"name\":\"Finep pelo Brasil impulsiona inova\u00e7\u00e3o no Sul de Minas em evento realizado em Po\u00e7os de Caldas - Regional Sul\",\"isPartOf\":{\"@id\":\"https:\/\/www.fiemg.com.br\/regional-sul\/#website\"},\"primaryImageOfPage\":{\"@id\":\"https:\/\/www.fiemg.com.br\/regional-sul\/noticias\/finep-pelo-brasil-impulsiona-inovacao-no-sul-de-minas-em-evento-realizado-em-pocos-de-caldas\/#primaryimage\"},\"image\":{\"@id\":\"https:\/\/www.fiemg.com.br\/regional-sul\/noticias\/finep-pelo-brasil-impulsiona-inovacao-no-sul-de-minas-em-evento-realizado-em-pocos-de-caldas\/#primaryimage\"},\"thumbnailUrl\":\"https:\/\/www.fiemg.com.br\/regional-sul\/wp-content\/uploads\/sites\/20\/2026\/04\/IMG_0808-scaled.jpg\",\"datePublished\":\"2026-04-30T11:24:48+00:00\",\"dateModified\":\"2026-04-30T11:24:50+00:00\",\"breadcrumb\":{\"@id\":\"https:\/\/www.fiemg.com.br\/regional-sul\/noticias\/finep-pelo-brasil-impulsiona-inovacao-no-sul-de-minas-em-evento-realizado-em-pocos-de-caldas\/#breadcrumb\"},\"inLanguage\":\"pt-BR\",\"potentialAction\":[{\"@type\":\"ReadAction\",\"target\":[\"https:\/\/www.fiemg.com.br\/regional-sul\/noticias\/finep-pelo-brasil-impulsiona-inovacao-no-sul-de-minas-em-evento-realizado-em-pocos-de-caldas\/\"]}]},{\"@type\":\"ImageObject\",\"inLanguage\":\"pt-BR\",\"@id\":\"https:\/\/www.fiemg.com.br\/regional-sul\/noticias\/finep-pelo-brasil-impulsiona-inovacao-no-sul-de-minas-em-evento-realizado-em-pocos-de-caldas\/#primaryimage\",\"url\":\"https:\/\/www.fiemg.com.br\/regional-sul\/wp-content\/uploads\/sites\/20\/2026\/04\/IMG_0808-scaled.jpg\",\"contentUrl\":\"https:\/\/www.fiemg.com.br\/regional-sul\/wp-content\/uploads\/sites\/20\/2026\/04\/IMG_0808-scaled.jpg\",\"width\":2560,\"height\":1440},{\"@type\":\"BreadcrumbList\",\"@id\":\"https:\/\/www.fiemg.com.br\/regional-sul\/noticias\/finep-pelo-brasil-impulsiona-inovacao-no-sul-de-minas-em-evento-realizado-em-pocos-de-caldas\/#breadcrumb\",\"itemListElement\":[{\"@type\":\"ListItem\",\"position\":1,\"name\":\"In\u00edcio\",\"item\":\"https:\/\/www.fiemg.com.br\/regional-sul\/\"},{\"@type\":\"ListItem\",\"position\":2,\"name\":\"Finep pelo Brasil impulsiona inova\u00e7\u00e3o no Sul de Minas em evento realizado em Po\u00e7os de Caldas\"}]},{\"@type\":\"WebSite\",\"@id\":\"https:\/\/www.fiemg.com.br\/regional-sul\/#website\",\"url\":\"https:\/\/www.fiemg.com.br\/regional-sul\/\",\"name\":\"Regional Sul\",\"description\":\"Federa\u00e7\u00e3o das Ind\u00fastrias do Estado de Minas Gerais\",\"publisher\":{\"@id\":\"https:\/\/www.fiemg.com.br\/regional-sul\/#organization\"},\"potentialAction\":[{\"@type\":\"SearchAction\",\"target\":{\"@type\":\"EntryPoint\",\"urlTemplate\":\"https:\/\/www.fiemg.com.br\/regional-sul\/?s={search_term_string}\"},\"query-input\":{\"@type\":\"PropertyValueSpecification\",\"valueRequired\":true,\"valueName\":\"search_term_string\"}}],\"inLanguage\":\"pt-BR\"},{\"@type\":\"Organization\",\"@id\":\"https:\/\/www.fiemg.com.br\/regional-sul\/#organization\",\"name\":\"Regional Sul\",\"url\":\"https:\/\/www.fiemg.com.br\/regional-sul\/\",\"logo\":{\"@type\":\"ImageObject\",\"inLanguage\":\"pt-BR\",\"@id\":\"https:\/\/www.fiemg.com.br\/regional-sul\/#\/schema\/logo\/image\/\",\"url\":\"https:\/\/www.fiemg.com.br\/regional-sul\/wp-content\/uploads\/sites\/20\/2023\/02\/Ativo-1.png\",\"contentUrl\":\"https:\/\/www.fiemg.com.br\/regional-sul\/wp-content\/uploads\/sites\/20\/2023\/02\/Ativo-1.png\",\"width\":563,\"height\":149,\"caption\":\"Regional Sul\"},\"image\":{\"@id\":\"https:\/\/www.fiemg.com.br\/regional-sul\/#\/schema\/logo\/image\/\"}}]}<\/script>\n<!-- \/ Yoast SEO plugin. -->","yoast_head_json":{"title":"Finep pelo Brasil impulsiona inova\u00e7\u00e3o no Sul de Minas em evento realizado em Po\u00e7os de Caldas - Regional Sul","robots":{"index":"index","follow":"follow","max-snippet":"max-snippet:-1","max-image-preview":"max-image-preview:large","max-video-preview":"max-video-preview:-1"},"canonical":"https:\/\/www.fiemg.com.br\/regional-sul\/noticias\/finep-pelo-brasil-impulsiona-inovacao-no-sul-de-minas-em-evento-realizado-em-pocos-de-caldas\/","og_locale":"pt_BR","og_type":"article","og_title":"Finep pelo Brasil impulsiona inova\u00e7\u00e3o no Sul de Minas em evento realizado em Po\u00e7os de Caldas - Regional Sul","og_description":"O Sul de Minas recebeu, no dia 29 de abril, uma importante agenda voltada ao fortalecimento da inova\u00e7\u00e3o e da competitividade industrial. O evento Finep pelo Brasil \u2013 Edi\u00e7\u00e3o Sul de Minas, promovido pela FIEMG Regional Sul, reuniu empres\u00e1rios, lideran\u00e7as, representantes de institui\u00e7\u00f5es de ensino, cooperativas e especialistas em Po\u00e7os de Caldas para apresentar oportunidades [&hellip;]","og_url":"https:\/\/www.fiemg.com.br\/regional-sul\/noticias\/finep-pelo-brasil-impulsiona-inovacao-no-sul-de-minas-em-evento-realizado-em-pocos-de-caldas\/","og_site_name":"Regional Sul","article_modified_time":"2026-04-30T11:24:50+00:00","og_image":[{"width":2560,"height":1440,"url":"https:\/\/www.fiemg.com.br\/regional-sul\/wp-content\/uploads\/sites\/20\/2026\/04\/IMG_0808-scaled.jpg","type":"image\/jpeg"}],"twitter_card":"summary_large_image","twitter_misc":{"Est. tempo de leitura":"3 minutos"},"schema":{"@context":"https:\/\/schema.org","@graph":[{"@type":"WebPage","@id":"https:\/\/www.fiemg.com.br\/regional-sul\/noticias\/finep-pelo-brasil-impulsiona-inovacao-no-sul-de-minas-em-evento-realizado-em-pocos-de-caldas\/","url":"https:\/\/www.fiemg.com.br\/regional-sul\/noticias\/finep-pelo-brasil-impulsiona-inovacao-no-sul-de-minas-em-evento-realizado-em-pocos-de-caldas\/","name":"Finep pelo Brasil impulsiona inova\u00e7\u00e3o no Sul de Minas em evento realizado em Po\u00e7os de Caldas - Regional Sul","isPartOf":{"@id":"https:\/\/www.fiemg.com.br\/regional-sul\/#website"},"primaryImageOfPage":{"@id":"https:\/\/www.fiemg.com.br\/regional-sul\/noticias\/finep-pelo-brasil-impulsiona-inovacao-no-sul-de-minas-em-evento-realizado-em-pocos-de-caldas\/#primaryimage"},"image":{"@id":"https:\/\/www.fiemg.com.br\/regional-sul\/noticias\/finep-pelo-brasil-impulsiona-inovacao-no-sul-de-minas-em-evento-realizado-em-pocos-de-caldas\/#primaryimage"},"thumbnailUrl":"https:\/\/www.fiemg.com.br\/regional-sul\/wp-content\/uploads\/sites\/20\/2026\/04\/IMG_0808-scaled.jpg","datePublished":"2026-04-30T11:24:48+00:00","dateModified":"2026-04-30T11:24:50+00:00","breadcrumb":{"@id":"https:\/\/www.fiemg.com.br\/regional-sul\/noticias\/finep-pelo-brasil-impulsiona-inovacao-no-sul-de-minas-em-evento-realizado-em-pocos-de-caldas\/#breadcrumb"},"inLanguage":"pt-BR","potentialAction":[{"@type":"ReadAction","target":["https:\/\/www.fiemg.com.br\/regional-sul\/noticias\/finep-pelo-brasil-impulsiona-inovacao-no-sul-de-minas-em-evento-realizado-em-pocos-de-caldas\/"]}]},{"@type":"ImageObject","inLanguage":"pt-BR","@id":"https:\/\/www.fiemg.com.br\/regional-sul\/noticias\/finep-pelo-brasil-impulsiona-inovacao-no-sul-de-minas-em-evento-realizado-em-pocos-de-caldas\/#primaryimage","url":"https:\/\/www.fiemg.com.br\/regional-sul\/wp-content\/uploads\/sites\/20\/2026\/04\/IMG_0808-scaled.jpg","contentUrl":"https:\/\/www.fiemg.com.br\/regional-sul\/wp-content\/uploads\/sites\/20\/2026\/04\/IMG_0808-scaled.jpg","width":2560,"height":1440},{"@type":"BreadcrumbList","@id":"https:\/\/www.fiemg.com.br\/regional-sul\/noticias\/finep-pelo-brasil-impulsiona-inovacao-no-sul-de-minas-em-evento-realizado-em-pocos-de-caldas\/#breadcrumb","itemListElement":[{"@type":"ListItem","position":1,"name":"In\u00edcio","item":"https:\/\/www.fiemg.com.br\/regional-sul\/"},{"@type":"ListItem","position":2,"name":"Finep pelo Brasil impulsiona inova\u00e7\u00e3o no Sul de Minas em evento realizado em Po\u00e7os de Caldas"}]},{"@type":"WebSite","@id":"https:\/\/www.fiemg.com.br\/regional-sul\/#website","url":"https:\/\/www.fiemg.com.br\/regional-sul\/","name":"Regional Sul","description":"Federa\u00e7\u00e3o das Ind\u00fastrias do Estado de Minas Gerais","publisher":{"@id":"https:\/\/www.fiemg.com.br\/regional-sul\/#organization"},"potentialAction":[{"@type":"SearchAction","target":{"@type":"EntryPoint","urlTemplate":"https:\/\/www.fiemg.com.br\/regional-sul\/?s={search_term_string}"},"query-input":{"@type":"PropertyValueSpecification","valueRequired":true,"valueName":"search_term_string"}}],"inLanguage":"pt-BR"},{"@type":"Organization","@id":"https:\/\/www.fiemg.com.br\/regional-sul\/#organization","name":"Regional Sul","url":"https:\/\/www.fiemg.com.br\/regional-sul\/","logo":{"@type":"ImageObject","inLanguage":"pt-BR","@id":"https:\/\/www.fiemg.com.br\/regional-sul\/#\/schema\/logo\/image\/","url":"https:\/\/www.fiemg.com.br\/regional-sul\/wp-content\/uploads\/sites\/20\/2023\/02\/Ativo-1.png","contentUrl":"https:\/\/www.fiemg.com.br\/regional-sul\/wp-content\/uploads\/sites\/20\/2023\/02\/Ativo-1.png","width":563,"height":149,"caption":"Regional Sul"},"image":{"@id":"https:\/\/www.fiemg.com.br\/regional-sul\/#\/schema\/logo\/image\/"}}]}},"_links":{"self":[{"href":"https:\/\/www.fiemg.com.br\/regional-sul\/wp-json\/wp\/v2\/noticias\/3068","targetHints":{"allow":["GET"]}}],"collection":[{"href":"https:\/\/www.fiemg.com.br\/regional-sul\/wp-json\/wp\/v2\/noticias"}],"about":[{"href":"https:\/\/www.fiemg.com.br\/regional-sul\/wp-json\/wp\/v2\/types\/noticias"}],"wp:featuredmedia":[{"embeddable":true,"href":"https:\/\/www.fiemg.com.br\/regional-sul\/wp-json\/wp\/v2\/media\/3079"}],"wp:attachment":[{"href":"https:\/\/www.fiemg.com.br\/regional-sul\/wp-json\/wp\/v2\/media?parent=3068"}],"wp:term":[{"taxonomy":"category","embeddable":true,"href":"https:\/\/www.fiemg.com.br\/regional-sul\/wp-json\/wp\/v2\/categories?post=3068"},{"taxonomy":"post_tag","embeddable":true,"href":"https:\/\/www.fiemg.com.br\/regional-sul\/wp-json\/wp\/v2\/tags?post=3068"}],"curies":[{"name":"wp","href":"https:\/\/api.w.org\/{rel}","templated":true}]}}