{"id":1170,"date":"2023-07-05T13:45:49","date_gmt":"2023-07-05T13:45:49","guid":{"rendered":"https:\/\/www.fiemg.com.br\/regional-vale-do-aco\/noticias\/industrias-japonesas-recebem-homenagem-na-fiemg\/"},"modified":"2023-07-12T13:49:50","modified_gmt":"2023-07-12T13:49:50","slug":"industrias-japonesas-recebem-homenagem-na-fiemg","status":"publish","type":"noticias","link":"https:\/\/www.fiemg.com.br\/regional-vale-do-aco\/noticias\/industrias-japonesas-recebem-homenagem-na-fiemg\/","title":{"rendered":"Ind\u00fastrias japonesas recebem homenagem na FIEMG"},"content":{"rendered":"<header class=\"entry-header\"><em>Delega\u00e7\u00e3o do Grupo Oji est\u00e1 em Belo Horizonte para a 24\u00aa edi\u00e7\u00e3o do Cebraj<\/em><\/header>\n<div class=\"share pull-right\">\n<div class=\"addthis_sharing_toolbox\"><\/div>\n<\/div>\n<div class=\"entry-content\"><a class=\"modal-image cboxElement\" href=\"https:\/\/www.fiemg.com.br\/Cms_Data\/Contents\/regionais\/Folders\/Noticias\/ValeDoAco\/~contents\/4XH2PH5NBDLPFEN4\/b15c2a74bf088d5768c3c90dac5fa54c2a9cf958556cf16c3fbf2961a731a99f.jpg\"><img decoding=\"async\" src=\"https:\/\/www.fiemg.com.br\/Assets\/Images\/DynamicImages\/c626556b6285ff7be305bc35f010217cd0374f3459ba5b1ea03d32edf8d81d0e.jpg\" \/><\/a><\/div>\n<div class=\"entry-content\">\n<p>&nbsp;<\/p>\n<p>Na tarde desta ter\u00e7a-feira (4), os executivos da\u00a0<strong>Oji Holdings e da Cenibra (Celulose Nipo-Brasileira S.A.)<\/strong>\u00a0visitaram a sede da\u00a0<strong>Federa\u00e7\u00e3o das Ind\u00fastrias de Minas Gerais (FIEMG)<\/strong>, para tratar de assuntos estrat\u00e9gicos da delega\u00e7\u00e3o japonesa, que est\u00e1 na capital mineira por ocasi\u00e3o da\u00a0<strong>24\u00aa edi\u00e7\u00e3o do Cebraj \u2013 Conselho Empresarial Brasil-Jap\u00e3o<\/strong>, que come\u00e7a nesta quarta-feira (5).<\/p>\n<p>O presidente da FIEMG, Fl\u00e1vio Roscoe, que participou do \u00faltimo encontro do Cebraj, realizado em T\u00f3quio em setembro, recebeu os executivos industriais e apresentou os principais aspectos da rela\u00e7\u00e3o comercial bilateral entre Brasil e Jap\u00e3o.<\/p>\n<p>\u201cEm 2022, o Brasil se destacou como o pa\u00eds da Am\u00e9rica Latina que mais importou e o segundo maior exportador. O pa\u00eds registrou um aumento significativo de 1,2% nas importa\u00e7\u00f5es do Jap\u00e3o, totalizando US$ 4,3 bilh\u00f5es, e alcan\u00e7ou uma participa\u00e7\u00e3o de 0,6% nas exporta\u00e7\u00f5es, com US$ 11,2 bilh\u00f5es. Esses resultados apresentam um saldo positivo para o Brasil de US$ 6,8 bilh\u00f5es\u201d, ilustrou Roscoe, que tamb\u00e9m apresentou a Federa\u00e7\u00e3o aos visitantes falando sobre a rela\u00e7\u00e3o das ind\u00fastrias mineiras com o pa\u00eds asi\u00e1tico.\u00a0\u201cA FIEMG \u00e9 a casa da ind\u00fastria de Minas Gerais, com 90 anos de atua\u00e7\u00e3o na defesa de interesses do setor. A nossa rela\u00e7\u00e3o comercial com o Jap\u00e3o \u00e9 muito importante. Minas importou, no \u00faltimo ano, US$ 320,9 milh\u00f5es e exportou um total US$ 1.042,9 milh\u00f5es em produtos como caf\u00e9, ferro-ligas e min\u00e9rio de ferro. Juntos somam 72% da pauta exportadora mineira ao Jap\u00e3o\u201d, elucida o presidente.<\/p>\n<p><strong>FIEMG celebra 150 anos da Oji Holdings e os 50 anos da Cenibra<\/strong><\/p>\n<p>O encontro foi marcado pela entrega da placa de homenagem aos 150 anos de atua\u00e7\u00e3o da Oji Holdings e em reconhecimento \u00e0 sua importante contribui\u00e7\u00e3o para o estreitamento das rela\u00e7\u00f5es entre a ind\u00fastria de Minas Gerais e o mercado internacional. O presidente da Oji Holdings e CEO do Grupo OJI, Hiroyuki Isono, recebeu a honraria das m\u00e3os do presidente da FIEMG, Fl\u00e1vio Roscoe.<\/p>\n<p>Tamb\u00e9m das m\u00e3os do presidente da Federa\u00e7\u00e3o, por ocasi\u00e3o do anivers\u00e1rio de 50 anos da Cenibra, o diretor presidente executivo da empresa nipo-brasileira, Takashi Nakajima, recebeu a placa de honra pela atua\u00e7\u00e3o e efetiva contribui\u00e7\u00e3o ao desenvolvimento econ\u00f4mico e social de Minas Gerais.<\/p>\n<p>Tamb\u00e9m estavam presente na visita, o diretor do conselho e executivo s\u00eanior da Oji Holdings, que tamb\u00e9m \u00e9 presidente corporativo da Cenibra, Kazuhiko Kamada; o diretor comercial da Cenibra, Jun Yoshino; e o diretor t\u00e9cnico, industrial e florestal da Cenibra, J\u00falio C\u00e9sar T\u00f4rres Ribeiro.<\/p>\n<p>A delega\u00e7\u00e3o p\u00f4de fazer degusta\u00e7\u00e3o da culin\u00e1ria mineira e receberam como presente, uma cacha\u00e7a produzida no norte de Minas, considerada a melhor do Brasil.<\/p>\n<p>Veja\u00a0<a href=\"https:\/\/www.flickr.com\/photos\/sistemafiemg\/sets\/72177720309542391\/with\/53022476772\/\" target=\"_blank\" rel=\"noopener\">aqui<\/a>\u00a0as fotos desse encontro.<\/p>\n<p><strong>Sobre a Cenibra<\/strong><\/p>\n<p>A Cenibra (Celulose Nipo-Brasileira S.A.) \u00e9 uma ind\u00fastria de celulose fundada em 1973 e estabelecida como uma joint venture entre empresas brasileiras e japonesas. Sua unidade brasileira est\u00e1 localizada no munic\u00edpio de Belo Oriente, no estado de Minas Gerais. A regi\u00e3o foi escolhida devido \u00e0 sua proximidade com as \u00e1reas florestais abundantes em eucalipto, uma mat\u00e9ria-prima essencial para a produ\u00e7\u00e3o de celulose. A empresa possui uma extensa \u00e1rea de planta\u00e7\u00f5es de eucalipto, respons\u00e1veis pelo fornecimento sustent\u00e1vel de madeira para sua opera\u00e7\u00e3o.<\/p>\n<p><strong>Sobre a Oji Holdings<\/strong><\/p>\n<p>A Oji Holdings \u00e9 uma empresa japonesa de renome global, atuante nos setores de papel e celulose, embalagens, energia renov\u00e1vel e produtos qu\u00edmicos. Sua presen\u00e7a no Brasil \u00e9 significativa, com opera\u00e7\u00f5es na produ\u00e7\u00e3o de papel e celulose, fabrica\u00e7\u00e3o de embalagens e investimentos em energia renov\u00e1vel. A empresa busca estabelecer parcerias estrat\u00e9gicas no pa\u00eds, visando expandir ainda mais suas atividades e aproveitar as oportunidades de neg\u00f3cios no mercado brasileiro.<\/p>\n<p><strong>Leia mais:<\/strong><\/p>\n<p><a href=\"https:\/\/www.fiemg.com.br\/Noticias\/Detalhe\/empresarios-brasileiros-e-japoneses-se-preparam-para-a-24%C2%AA-edicao-do-cebraj\" target=\"_blank\" rel=\"noopener\">Empres\u00e1rios brasileiros e japoneses se preparam para a 24\u00aa edi\u00e7\u00e3o do Cebraj<\/a><\/p>\n<p><a href=\"https:\/\/www.fiemg.com.br\/Noticias\/Detalhe\/brasil-japao-encontro-de-industrias-deve-fortalecer-parceria-estrategica\" target=\"_blank\" rel=\"noopener\">Brasil-Jap\u00e3o: encontro de ind\u00fastrias deve fortalecer parceria estrat\u00e9gica<\/a><\/p>\n<p>A\u00a0<strong>24\u00aa reuni\u00e3o plen\u00e1ria do Conselho Empresarial Brasil-Jap\u00e3o<\/strong>\u00a0tem patroc\u00ednio ouro da Companhia de Desenvolvimento de Minas Gerais (Codemge) e do Governo de Minas, patroc\u00ednio prata da Cenibra e da Vale e patroc\u00ednio bronze da Usiminas.<\/p>\n<p><em>Ana Paula Motta<\/em><br \/>\n<strong>Imprensa FIEMG<\/strong><\/p>\n<\/div>\n","protected":false},"featured_media":1171,"template":"","categories":[],"tags":[],"class_list":["post-1170","noticias","type-noticias","status-publish","has-post-thumbnail","hentry"],"acf":[],"yoast_head":"<!-- This site is optimized with the Yoast SEO plugin v26.2 - https:\/\/yoast.com\/wordpress\/plugins\/seo\/ -->\n<title>Ind\u00fastrias japonesas recebem homenagem na FIEMG - Regional Vale do a\u00e7o<\/title>\n<meta name=\"robots\" content=\"index, follow, max-snippet:-1, max-image-preview:large, max-video-preview:-1\" \/>\n<link rel=\"canonical\" href=\"https:\/\/www.fiemg.com.br\/regional-vale-do-aco\/noticias\/industrias-japonesas-recebem-homenagem-na-fiemg\/\" \/>\n<meta property=\"og:locale\" content=\"pt_BR\" \/>\n<meta property=\"og:type\" content=\"article\" \/>\n<meta property=\"og:title\" content=\"Ind\u00fastrias japonesas recebem homenagem na FIEMG - Regional Vale do a\u00e7o\" \/>\n<meta property=\"og:description\" content=\"Delega\u00e7\u00e3o do Grupo Oji est\u00e1 em Belo Horizonte para a 24\u00aa edi\u00e7\u00e3o do Cebraj &nbsp; Na tarde desta ter\u00e7a-feira (4), os executivos da\u00a0Oji Holdings e da Cenibra (Celulose Nipo-Brasileira S.A.)\u00a0visitaram a sede da\u00a0Federa\u00e7\u00e3o das Ind\u00fastrias de Minas Gerais (FIEMG), para tratar de assuntos estrat\u00e9gicos da delega\u00e7\u00e3o japonesa, que est\u00e1 na capital mineira por ocasi\u00e3o da\u00a024\u00aa [&hellip;]\" \/>\n<meta property=\"og:url\" content=\"https:\/\/www.fiemg.com.br\/regional-vale-do-aco\/noticias\/industrias-japonesas-recebem-homenagem-na-fiemg\/\" \/>\n<meta property=\"og:site_name\" content=\"Regional Vale do a\u00e7o\" \/>\n<meta property=\"article:modified_time\" content=\"2023-07-12T13:49:50+00:00\" \/>\n<meta property=\"og:image\" content=\"https:\/\/www.fiemg.com.br\/regional-vale-do-aco\/wp-content\/uploads\/sites\/22\/2023\/07\/c626556b6285ff7be305bc35f010217cd0374f3459ba5b1ea03d32edf8d81d0e.jpg\" \/>\n\t<meta property=\"og:image:width\" content=\"620\" \/>\n\t<meta property=\"og:image:height\" content=\"240\" \/>\n\t<meta property=\"og:image:type\" content=\"image\/jpeg\" \/>\n<meta name=\"twitter:card\" content=\"summary_large_image\" \/>\n<meta name=\"twitter:label1\" content=\"Est. tempo de leitura\" \/>\n\t<meta name=\"twitter:data1\" content=\"4 minutos\" \/>\n<script type=\"application\/ld+json\" class=\"yoast-schema-graph\">{\"@context\":\"https:\/\/schema.org\",\"@graph\":[{\"@type\":\"WebPage\",\"@id\":\"https:\/\/www.fiemg.com.br\/regional-vale-do-aco\/noticias\/industrias-japonesas-recebem-homenagem-na-fiemg\/\",\"url\":\"https:\/\/www.fiemg.com.br\/regional-vale-do-aco\/noticias\/industrias-japonesas-recebem-homenagem-na-fiemg\/\",\"name\":\"Ind\u00fastrias japonesas recebem homenagem na FIEMG - Regional Vale do a\u00e7o\",\"isPartOf\":{\"@id\":\"https:\/\/www.fiemg.com.br\/regional-vale-do-aco\/#website\"},\"primaryImageOfPage\":{\"@id\":\"https:\/\/www.fiemg.com.br\/regional-vale-do-aco\/noticias\/industrias-japonesas-recebem-homenagem-na-fiemg\/#primaryimage\"},\"image\":{\"@id\":\"https:\/\/www.fiemg.com.br\/regional-vale-do-aco\/noticias\/industrias-japonesas-recebem-homenagem-na-fiemg\/#primaryimage\"},\"thumbnailUrl\":\"https:\/\/www.fiemg.com.br\/regional-vale-do-aco\/wp-content\/uploads\/sites\/22\/2023\/07\/c626556b6285ff7be305bc35f010217cd0374f3459ba5b1ea03d32edf8d81d0e.jpg\",\"datePublished\":\"2023-07-05T13:45:49+00:00\",\"dateModified\":\"2023-07-12T13:49:50+00:00\",\"breadcrumb\":{\"@id\":\"https:\/\/www.fiemg.com.br\/regional-vale-do-aco\/noticias\/industrias-japonesas-recebem-homenagem-na-fiemg\/#breadcrumb\"},\"inLanguage\":\"pt-BR\",\"potentialAction\":[{\"@type\":\"ReadAction\",\"target\":[\"https:\/\/www.fiemg.com.br\/regional-vale-do-aco\/noticias\/industrias-japonesas-recebem-homenagem-na-fiemg\/\"]}]},{\"@type\":\"ImageObject\",\"inLanguage\":\"pt-BR\",\"@id\":\"https:\/\/www.fiemg.com.br\/regional-vale-do-aco\/noticias\/industrias-japonesas-recebem-homenagem-na-fiemg\/#primaryimage\",\"url\":\"https:\/\/www.fiemg.com.br\/regional-vale-do-aco\/wp-content\/uploads\/sites\/22\/2023\/07\/c626556b6285ff7be305bc35f010217cd0374f3459ba5b1ea03d32edf8d81d0e.jpg\",\"contentUrl\":\"https:\/\/www.fiemg.com.br\/regional-vale-do-aco\/wp-content\/uploads\/sites\/22\/2023\/07\/c626556b6285ff7be305bc35f010217cd0374f3459ba5b1ea03d32edf8d81d0e.jpg\",\"width\":620,\"height\":240,\"caption\":\"Ind\u00fastrias japonesas recebem homenagem na FIEMG\"},{\"@type\":\"BreadcrumbList\",\"@id\":\"https:\/\/www.fiemg.com.br\/regional-vale-do-aco\/noticias\/industrias-japonesas-recebem-homenagem-na-fiemg\/#breadcrumb\",\"itemListElement\":[{\"@type\":\"ListItem\",\"position\":1,\"name\":\"In\u00edcio\",\"item\":\"https:\/\/www.fiemg.com.br\/regional-vale-do-aco\/\"},{\"@type\":\"ListItem\",\"position\":2,\"name\":\"Ind\u00fastrias japonesas recebem homenagem na FIEMG\"}]},{\"@type\":\"WebSite\",\"@id\":\"https:\/\/www.fiemg.com.br\/regional-vale-do-aco\/#website\",\"url\":\"https:\/\/www.fiemg.com.br\/regional-vale-do-aco\/\",\"name\":\"Regional Vale do a\u00e7o\",\"description\":\"Federa\u00e7\u00e3o das Ind\u00fastrias do Estado de Minas Gerais\",\"publisher\":{\"@id\":\"https:\/\/www.fiemg.com.br\/regional-vale-do-aco\/#organization\"},\"potentialAction\":[{\"@type\":\"SearchAction\",\"target\":{\"@type\":\"EntryPoint\",\"urlTemplate\":\"https:\/\/www.fiemg.com.br\/regional-vale-do-aco\/?s={search_term_string}\"},\"query-input\":{\"@type\":\"PropertyValueSpecification\",\"valueRequired\":true,\"valueName\":\"search_term_string\"}}],\"inLanguage\":\"pt-BR\"},{\"@type\":\"Organization\",\"@id\":\"https:\/\/www.fiemg.com.br\/regional-vale-do-aco\/#organization\",\"name\":\"Regional Vale do a\u00e7o\",\"url\":\"https:\/\/www.fiemg.com.br\/regional-vale-do-aco\/\",\"logo\":{\"@type\":\"ImageObject\",\"inLanguage\":\"pt-BR\",\"@id\":\"https:\/\/www.fiemg.com.br\/regional-vale-do-aco\/#\/schema\/logo\/image\/\",\"url\":\"https:\/\/www.fiemg.com.br\/regional-vale-do-aco\/wp-content\/uploads\/sites\/22\/2023\/02\/Ativo-1.png\",\"contentUrl\":\"https:\/\/www.fiemg.com.br\/regional-vale-do-aco\/wp-content\/uploads\/sites\/22\/2023\/02\/Ativo-1.png\",\"width\":563,\"height\":149,\"caption\":\"Regional Vale do a\u00e7o\"},\"image\":{\"@id\":\"https:\/\/www.fiemg.com.br\/regional-vale-do-aco\/#\/schema\/logo\/image\/\"}}]}<\/script>\n<!-- \/ Yoast SEO plugin. -->","yoast_head_json":{"title":"Ind\u00fastrias japonesas recebem homenagem na FIEMG - Regional Vale do a\u00e7o","robots":{"index":"index","follow":"follow","max-snippet":"max-snippet:-1","max-image-preview":"max-image-preview:large","max-video-preview":"max-video-preview:-1"},"canonical":"https:\/\/www.fiemg.com.br\/regional-vale-do-aco\/noticias\/industrias-japonesas-recebem-homenagem-na-fiemg\/","og_locale":"pt_BR","og_type":"article","og_title":"Ind\u00fastrias japonesas recebem homenagem na FIEMG - Regional Vale do a\u00e7o","og_description":"Delega\u00e7\u00e3o do Grupo Oji est\u00e1 em Belo Horizonte para a 24\u00aa edi\u00e7\u00e3o do Cebraj &nbsp; Na tarde desta ter\u00e7a-feira (4), os executivos da\u00a0Oji Holdings e da Cenibra (Celulose Nipo-Brasileira S.A.)\u00a0visitaram a sede da\u00a0Federa\u00e7\u00e3o das Ind\u00fastrias de Minas Gerais (FIEMG), para tratar de assuntos estrat\u00e9gicos da delega\u00e7\u00e3o japonesa, que est\u00e1 na capital mineira por ocasi\u00e3o da\u00a024\u00aa [&hellip;]","og_url":"https:\/\/www.fiemg.com.br\/regional-vale-do-aco\/noticias\/industrias-japonesas-recebem-homenagem-na-fiemg\/","og_site_name":"Regional Vale do a\u00e7o","article_modified_time":"2023-07-12T13:49:50+00:00","og_image":[{"width":620,"height":240,"url":"https:\/\/www.fiemg.com.br\/regional-vale-do-aco\/wp-content\/uploads\/sites\/22\/2023\/07\/c626556b6285ff7be305bc35f010217cd0374f3459ba5b1ea03d32edf8d81d0e.jpg","type":"image\/jpeg"}],"twitter_card":"summary_large_image","twitter_misc":{"Est. tempo de leitura":"4 minutos"},"schema":{"@context":"https:\/\/schema.org","@graph":[{"@type":"WebPage","@id":"https:\/\/www.fiemg.com.br\/regional-vale-do-aco\/noticias\/industrias-japonesas-recebem-homenagem-na-fiemg\/","url":"https:\/\/www.fiemg.com.br\/regional-vale-do-aco\/noticias\/industrias-japonesas-recebem-homenagem-na-fiemg\/","name":"Ind\u00fastrias japonesas recebem homenagem na FIEMG - Regional Vale do a\u00e7o","isPartOf":{"@id":"https:\/\/www.fiemg.com.br\/regional-vale-do-aco\/#website"},"primaryImageOfPage":{"@id":"https:\/\/www.fiemg.com.br\/regional-vale-do-aco\/noticias\/industrias-japonesas-recebem-homenagem-na-fiemg\/#primaryimage"},"image":{"@id":"https:\/\/www.fiemg.com.br\/regional-vale-do-aco\/noticias\/industrias-japonesas-recebem-homenagem-na-fiemg\/#primaryimage"},"thumbnailUrl":"https:\/\/www.fiemg.com.br\/regional-vale-do-aco\/wp-content\/uploads\/sites\/22\/2023\/07\/c626556b6285ff7be305bc35f010217cd0374f3459ba5b1ea03d32edf8d81d0e.jpg","datePublished":"2023-07-05T13:45:49+00:00","dateModified":"2023-07-12T13:49:50+00:00","breadcrumb":{"@id":"https:\/\/www.fiemg.com.br\/regional-vale-do-aco\/noticias\/industrias-japonesas-recebem-homenagem-na-fiemg\/#breadcrumb"},"inLanguage":"pt-BR","potentialAction":[{"@type":"ReadAction","target":["https:\/\/www.fiemg.com.br\/regional-vale-do-aco\/noticias\/industrias-japonesas-recebem-homenagem-na-fiemg\/"]}]},{"@type":"ImageObject","inLanguage":"pt-BR","@id":"https:\/\/www.fiemg.com.br\/regional-vale-do-aco\/noticias\/industrias-japonesas-recebem-homenagem-na-fiemg\/#primaryimage","url":"https:\/\/www.fiemg.com.br\/regional-vale-do-aco\/wp-content\/uploads\/sites\/22\/2023\/07\/c626556b6285ff7be305bc35f010217cd0374f3459ba5b1ea03d32edf8d81d0e.jpg","contentUrl":"https:\/\/www.fiemg.com.br\/regional-vale-do-aco\/wp-content\/uploads\/sites\/22\/2023\/07\/c626556b6285ff7be305bc35f010217cd0374f3459ba5b1ea03d32edf8d81d0e.jpg","width":620,"height":240,"caption":"Ind\u00fastrias japonesas recebem homenagem na FIEMG"},{"@type":"BreadcrumbList","@id":"https:\/\/www.fiemg.com.br\/regional-vale-do-aco\/noticias\/industrias-japonesas-recebem-homenagem-na-fiemg\/#breadcrumb","itemListElement":[{"@type":"ListItem","position":1,"name":"In\u00edcio","item":"https:\/\/www.fiemg.com.br\/regional-vale-do-aco\/"},{"@type":"ListItem","position":2,"name":"Ind\u00fastrias japonesas recebem homenagem na FIEMG"}]},{"@type":"WebSite","@id":"https:\/\/www.fiemg.com.br\/regional-vale-do-aco\/#website","url":"https:\/\/www.fiemg.com.br\/regional-vale-do-aco\/","name":"Regional Vale do a\u00e7o","description":"Federa\u00e7\u00e3o das Ind\u00fastrias do Estado de Minas Gerais","publisher":{"@id":"https:\/\/www.fiemg.com.br\/regional-vale-do-aco\/#organization"},"potentialAction":[{"@type":"SearchAction","target":{"@type":"EntryPoint","urlTemplate":"https:\/\/www.fiemg.com.br\/regional-vale-do-aco\/?s={search_term_string}"},"query-input":{"@type":"PropertyValueSpecification","valueRequired":true,"valueName":"search_term_string"}}],"inLanguage":"pt-BR"},{"@type":"Organization","@id":"https:\/\/www.fiemg.com.br\/regional-vale-do-aco\/#organization","name":"Regional Vale do a\u00e7o","url":"https:\/\/www.fiemg.com.br\/regional-vale-do-aco\/","logo":{"@type":"ImageObject","inLanguage":"pt-BR","@id":"https:\/\/www.fiemg.com.br\/regional-vale-do-aco\/#\/schema\/logo\/image\/","url":"https:\/\/www.fiemg.com.br\/regional-vale-do-aco\/wp-content\/uploads\/sites\/22\/2023\/02\/Ativo-1.png","contentUrl":"https:\/\/www.fiemg.com.br\/regional-vale-do-aco\/wp-content\/uploads\/sites\/22\/2023\/02\/Ativo-1.png","width":563,"height":149,"caption":"Regional Vale do a\u00e7o"},"image":{"@id":"https:\/\/www.fiemg.com.br\/regional-vale-do-aco\/#\/schema\/logo\/image\/"}}]}},"_links":{"self":[{"href":"https:\/\/www.fiemg.com.br\/regional-vale-do-aco\/wp-json\/wp\/v2\/noticias\/1170","targetHints":{"allow":["GET"]}}],"collection":[{"href":"https:\/\/www.fiemg.com.br\/regional-vale-do-aco\/wp-json\/wp\/v2\/noticias"}],"about":[{"href":"https:\/\/www.fiemg.com.br\/regional-vale-do-aco\/wp-json\/wp\/v2\/types\/noticias"}],"wp:featuredmedia":[{"embeddable":true,"href":"https:\/\/www.fiemg.com.br\/regional-vale-do-aco\/wp-json\/wp\/v2\/media\/1171"}],"wp:attachment":[{"href":"https:\/\/www.fiemg.com.br\/regional-vale-do-aco\/wp-json\/wp\/v2\/media?parent=1170"}],"wp:term":[{"taxonomy":"category","embeddable":true,"href":"https:\/\/www.fiemg.com.br\/regional-vale-do-aco\/wp-json\/wp\/v2\/categories?post=1170"},{"taxonomy":"post_tag","embeddable":true,"href":"https:\/\/www.fiemg.com.br\/regional-vale-do-aco\/wp-json\/wp\/v2\/tags?post=1170"}],"curies":[{"name":"wp","href":"https:\/\/api.w.org\/{rel}","templated":true}]}}