{"id":1176,"date":"2023-06-19T13:40:47","date_gmt":"2023-06-19T13:40:47","guid":{"rendered":"https:\/\/www.fiemg.com.br\/regional-vale-do-aco\/noticias\/indice-de-confianca-do-empresario-industrial-atinge-o-maior-patamar-em-nove-meses\/"},"modified":"2023-07-12T13:50:40","modified_gmt":"2023-07-12T13:50:40","slug":"indice-de-confianca-do-empresario-industrial-atinge-o-maior-patamar-em-nove-meses","status":"publish","type":"noticias","link":"https:\/\/www.fiemg.com.br\/regional-vale-do-aco\/noticias\/indice-de-confianca-do-empresario-industrial-atinge-o-maior-patamar-em-nove-meses\/","title":{"rendered":"\u00cdndice de Confian\u00e7a do Empres\u00e1rio Industrial atinge o maior patamar em nove meses"},"content":{"rendered":"<header class=\"entry-header\"><em>ndicador teve alta de 2,6 pontos entre maio e junho deste ano<\/em><\/header>\n<div class=\"share pull-right\">\n<div class=\"addthis_sharing_toolbox\"><\/div>\n<\/div>\n<div class=\"entry-content\">\n<p><a class=\"modal-image cboxElement\" href=\"https:\/\/www.fiemg.com.br\/Cms_Data\/Contents\/regionais\/Folders\/Noticias\/ValeDoAco\/~contents\/YKK2KPRPACCGL673\/8be5d7ea6499f5012c85dac5d52c73d20ede5d337b187588e7f36a2de3f82c8b.jpg\"><img decoding=\"async\" src=\"https:\/\/www.fiemg.com.br\/Assets\/Images\/DynamicImages\/1308681b853f6557be21917916482eba977a4d993fcda593fdafaca9b305a3bc.jpg\" \/><\/a><\/p>\n<p>A pesquisa ICEI-MG divulgada pela FIEMG nesta segunda-feira (19) mostra que o<strong>\u00a0\u00cdndice de Confian\u00e7a do Empres\u00e1rio Industrial<\/strong>\u00a0cresceu em junho e atingiu o<strong>\u00a0maior patamar em nove meses<\/strong>, com 53,2 pontos. \u00a0Em maio, o indicador estava em 50,6 pontos.<\/p>\n<p>O resultado foi influenciado, especialmente, pela<strong>\u00a0melhora das expectativas para o pr\u00f3ximo semestre<\/strong>, tendo em vista que a percep\u00e7\u00e3o dos industriais com rela\u00e7\u00e3o \u00e0 situa\u00e7\u00e3o atual da economia e dos seus neg\u00f3cios permanece negativa.<\/p>\n<p>O ICEI ficou 0,4 ponto acima da sua m\u00e9dia hist\u00f3rica, de 52,8 pontos. Contudo, o \u00edndice foi 5,2 pontos inferior ao apurado em junho de 2022 (58,4 pontos),\u00a0<strong>sendo o mais baixo para o m\u00eas em tr\u00eas anos<\/strong>.<\/p>\n<p>O levantamento completo est\u00e1 dispon\u00edvel\u00a0<a href=\"https:\/\/www.fiemg.com.br\/wp-content\/uploads\/media\/FIEMG\/ICEI\/2023\/ICEI_06_2023.pdf\" target=\"_blank\" rel=\"noopener\">aqui<\/a>.<\/p>\n<p>&nbsp;<\/p>\n<p>&nbsp;<\/p>\n<p><em>Caio T\u00e1rcia<\/em><br \/>\n<strong>Imprensa FIEMG<\/strong><\/p>\n<\/div>\n","protected":false},"featured_media":1177,"template":"","categories":[],"tags":[],"class_list":["post-1176","noticias","type-noticias","status-publish","has-post-thumbnail","hentry"],"acf":[],"yoast_head":"<!-- This site is optimized with the Yoast SEO plugin v26.2 - https:\/\/yoast.com\/wordpress\/plugins\/seo\/ -->\n<title>\u00cdndice de Confian\u00e7a do Empres\u00e1rio Industrial atinge o maior patamar em nove meses - Regional Vale do a\u00e7o<\/title>\n<meta name=\"robots\" content=\"index, follow, max-snippet:-1, max-image-preview:large, max-video-preview:-1\" \/>\n<link rel=\"canonical\" href=\"https:\/\/www.fiemg.com.br\/regional-vale-do-aco\/noticias\/indice-de-confianca-do-empresario-industrial-atinge-o-maior-patamar-em-nove-meses\/\" \/>\n<meta property=\"og:locale\" content=\"pt_BR\" \/>\n<meta property=\"og:type\" content=\"article\" \/>\n<meta property=\"og:title\" content=\"\u00cdndice de Confian\u00e7a do Empres\u00e1rio Industrial atinge o maior patamar em nove meses - Regional Vale do a\u00e7o\" \/>\n<meta property=\"og:description\" content=\"ndicador teve alta de 2,6 pontos entre maio e junho deste ano A pesquisa ICEI-MG divulgada pela FIEMG nesta segunda-feira (19) mostra que o\u00a0\u00cdndice de Confian\u00e7a do Empres\u00e1rio Industrial\u00a0cresceu em junho e atingiu o\u00a0maior patamar em nove meses, com 53,2 pontos. \u00a0Em maio, o indicador estava em 50,6 pontos. O resultado foi influenciado, especialmente, pela\u00a0melhora [&hellip;]\" \/>\n<meta property=\"og:url\" content=\"https:\/\/www.fiemg.com.br\/regional-vale-do-aco\/noticias\/indice-de-confianca-do-empresario-industrial-atinge-o-maior-patamar-em-nove-meses\/\" \/>\n<meta property=\"og:site_name\" content=\"Regional Vale do a\u00e7o\" \/>\n<meta property=\"article:modified_time\" content=\"2023-07-12T13:50:40+00:00\" \/>\n<meta property=\"og:image\" content=\"https:\/\/www.fiemg.com.br\/regional-vale-do-aco\/wp-content\/uploads\/sites\/22\/2023\/07\/1308681b853f6557be21917916482eba977a4d993fcda593fdafaca9b305a3bc.jpg\" \/>\n\t<meta property=\"og:image:width\" content=\"620\" \/>\n\t<meta property=\"og:image:height\" content=\"240\" \/>\n\t<meta property=\"og:image:type\" content=\"image\/jpeg\" \/>\n<meta name=\"twitter:card\" content=\"summary_large_image\" \/>\n<meta name=\"twitter:label1\" content=\"Est. tempo de leitura\" \/>\n\t<meta name=\"twitter:data1\" content=\"1 minuto\" \/>\n<script type=\"application\/ld+json\" class=\"yoast-schema-graph\">{\"@context\":\"https:\/\/schema.org\",\"@graph\":[{\"@type\":\"WebPage\",\"@id\":\"https:\/\/www.fiemg.com.br\/regional-vale-do-aco\/noticias\/indice-de-confianca-do-empresario-industrial-atinge-o-maior-patamar-em-nove-meses\/\",\"url\":\"https:\/\/www.fiemg.com.br\/regional-vale-do-aco\/noticias\/indice-de-confianca-do-empresario-industrial-atinge-o-maior-patamar-em-nove-meses\/\",\"name\":\"\u00cdndice de Confian\u00e7a do Empres\u00e1rio Industrial atinge o maior patamar em nove meses - Regional Vale do a\u00e7o\",\"isPartOf\":{\"@id\":\"https:\/\/www.fiemg.com.br\/regional-vale-do-aco\/#website\"},\"primaryImageOfPage\":{\"@id\":\"https:\/\/www.fiemg.com.br\/regional-vale-do-aco\/noticias\/indice-de-confianca-do-empresario-industrial-atinge-o-maior-patamar-em-nove-meses\/#primaryimage\"},\"image\":{\"@id\":\"https:\/\/www.fiemg.com.br\/regional-vale-do-aco\/noticias\/indice-de-confianca-do-empresario-industrial-atinge-o-maior-patamar-em-nove-meses\/#primaryimage\"},\"thumbnailUrl\":\"https:\/\/www.fiemg.com.br\/regional-vale-do-aco\/wp-content\/uploads\/sites\/22\/2023\/07\/1308681b853f6557be21917916482eba977a4d993fcda593fdafaca9b305a3bc.jpg\",\"datePublished\":\"2023-06-19T13:40:47+00:00\",\"dateModified\":\"2023-07-12T13:50:40+00:00\",\"breadcrumb\":{\"@id\":\"https:\/\/www.fiemg.com.br\/regional-vale-do-aco\/noticias\/indice-de-confianca-do-empresario-industrial-atinge-o-maior-patamar-em-nove-meses\/#breadcrumb\"},\"inLanguage\":\"pt-BR\",\"potentialAction\":[{\"@type\":\"ReadAction\",\"target\":[\"https:\/\/www.fiemg.com.br\/regional-vale-do-aco\/noticias\/indice-de-confianca-do-empresario-industrial-atinge-o-maior-patamar-em-nove-meses\/\"]}]},{\"@type\":\"ImageObject\",\"inLanguage\":\"pt-BR\",\"@id\":\"https:\/\/www.fiemg.com.br\/regional-vale-do-aco\/noticias\/indice-de-confianca-do-empresario-industrial-atinge-o-maior-patamar-em-nove-meses\/#primaryimage\",\"url\":\"https:\/\/www.fiemg.com.br\/regional-vale-do-aco\/wp-content\/uploads\/sites\/22\/2023\/07\/1308681b853f6557be21917916482eba977a4d993fcda593fdafaca9b305a3bc.jpg\",\"contentUrl\":\"https:\/\/www.fiemg.com.br\/regional-vale-do-aco\/wp-content\/uploads\/sites\/22\/2023\/07\/1308681b853f6557be21917916482eba977a4d993fcda593fdafaca9b305a3bc.jpg\",\"width\":620,\"height\":240,\"caption\":\"\u00cdndice de Confian\u00e7a do Empres\u00e1rio Industrial atinge o maior patamar em nove meses\"},{\"@type\":\"BreadcrumbList\",\"@id\":\"https:\/\/www.fiemg.com.br\/regional-vale-do-aco\/noticias\/indice-de-confianca-do-empresario-industrial-atinge-o-maior-patamar-em-nove-meses\/#breadcrumb\",\"itemListElement\":[{\"@type\":\"ListItem\",\"position\":1,\"name\":\"In\u00edcio\",\"item\":\"https:\/\/www.fiemg.com.br\/regional-vale-do-aco\/\"},{\"@type\":\"ListItem\",\"position\":2,\"name\":\"\u00cdndice de Confian\u00e7a do Empres\u00e1rio Industrial atinge o maior patamar em nove meses\"}]},{\"@type\":\"WebSite\",\"@id\":\"https:\/\/www.fiemg.com.br\/regional-vale-do-aco\/#website\",\"url\":\"https:\/\/www.fiemg.com.br\/regional-vale-do-aco\/\",\"name\":\"Regional Vale do a\u00e7o\",\"description\":\"Federa\u00e7\u00e3o das Ind\u00fastrias do Estado de Minas Gerais\",\"publisher\":{\"@id\":\"https:\/\/www.fiemg.com.br\/regional-vale-do-aco\/#organization\"},\"potentialAction\":[{\"@type\":\"SearchAction\",\"target\":{\"@type\":\"EntryPoint\",\"urlTemplate\":\"https:\/\/www.fiemg.com.br\/regional-vale-do-aco\/?s={search_term_string}\"},\"query-input\":{\"@type\":\"PropertyValueSpecification\",\"valueRequired\":true,\"valueName\":\"search_term_string\"}}],\"inLanguage\":\"pt-BR\"},{\"@type\":\"Organization\",\"@id\":\"https:\/\/www.fiemg.com.br\/regional-vale-do-aco\/#organization\",\"name\":\"Regional Vale do a\u00e7o\",\"url\":\"https:\/\/www.fiemg.com.br\/regional-vale-do-aco\/\",\"logo\":{\"@type\":\"ImageObject\",\"inLanguage\":\"pt-BR\",\"@id\":\"https:\/\/www.fiemg.com.br\/regional-vale-do-aco\/#\/schema\/logo\/image\/\",\"url\":\"https:\/\/www.fiemg.com.br\/regional-vale-do-aco\/wp-content\/uploads\/sites\/22\/2023\/02\/Ativo-1.png\",\"contentUrl\":\"https:\/\/www.fiemg.com.br\/regional-vale-do-aco\/wp-content\/uploads\/sites\/22\/2023\/02\/Ativo-1.png\",\"width\":563,\"height\":149,\"caption\":\"Regional Vale do a\u00e7o\"},\"image\":{\"@id\":\"https:\/\/www.fiemg.com.br\/regional-vale-do-aco\/#\/schema\/logo\/image\/\"}}]}<\/script>\n<!-- \/ Yoast SEO plugin. -->","yoast_head_json":{"title":"\u00cdndice de Confian\u00e7a do Empres\u00e1rio Industrial atinge o maior patamar em nove meses - Regional Vale do a\u00e7o","robots":{"index":"index","follow":"follow","max-snippet":"max-snippet:-1","max-image-preview":"max-image-preview:large","max-video-preview":"max-video-preview:-1"},"canonical":"https:\/\/www.fiemg.com.br\/regional-vale-do-aco\/noticias\/indice-de-confianca-do-empresario-industrial-atinge-o-maior-patamar-em-nove-meses\/","og_locale":"pt_BR","og_type":"article","og_title":"\u00cdndice de Confian\u00e7a do Empres\u00e1rio Industrial atinge o maior patamar em nove meses - Regional Vale do a\u00e7o","og_description":"ndicador teve alta de 2,6 pontos entre maio e junho deste ano A pesquisa ICEI-MG divulgada pela FIEMG nesta segunda-feira (19) mostra que o\u00a0\u00cdndice de Confian\u00e7a do Empres\u00e1rio Industrial\u00a0cresceu em junho e atingiu o\u00a0maior patamar em nove meses, com 53,2 pontos. \u00a0Em maio, o indicador estava em 50,6 pontos. O resultado foi influenciado, especialmente, pela\u00a0melhora [&hellip;]","og_url":"https:\/\/www.fiemg.com.br\/regional-vale-do-aco\/noticias\/indice-de-confianca-do-empresario-industrial-atinge-o-maior-patamar-em-nove-meses\/","og_site_name":"Regional Vale do a\u00e7o","article_modified_time":"2023-07-12T13:50:40+00:00","og_image":[{"width":620,"height":240,"url":"https:\/\/www.fiemg.com.br\/regional-vale-do-aco\/wp-content\/uploads\/sites\/22\/2023\/07\/1308681b853f6557be21917916482eba977a4d993fcda593fdafaca9b305a3bc.jpg","type":"image\/jpeg"}],"twitter_card":"summary_large_image","twitter_misc":{"Est. tempo de leitura":"1 minuto"},"schema":{"@context":"https:\/\/schema.org","@graph":[{"@type":"WebPage","@id":"https:\/\/www.fiemg.com.br\/regional-vale-do-aco\/noticias\/indice-de-confianca-do-empresario-industrial-atinge-o-maior-patamar-em-nove-meses\/","url":"https:\/\/www.fiemg.com.br\/regional-vale-do-aco\/noticias\/indice-de-confianca-do-empresario-industrial-atinge-o-maior-patamar-em-nove-meses\/","name":"\u00cdndice de Confian\u00e7a do Empres\u00e1rio Industrial atinge o maior patamar em nove meses - Regional Vale do a\u00e7o","isPartOf":{"@id":"https:\/\/www.fiemg.com.br\/regional-vale-do-aco\/#website"},"primaryImageOfPage":{"@id":"https:\/\/www.fiemg.com.br\/regional-vale-do-aco\/noticias\/indice-de-confianca-do-empresario-industrial-atinge-o-maior-patamar-em-nove-meses\/#primaryimage"},"image":{"@id":"https:\/\/www.fiemg.com.br\/regional-vale-do-aco\/noticias\/indice-de-confianca-do-empresario-industrial-atinge-o-maior-patamar-em-nove-meses\/#primaryimage"},"thumbnailUrl":"https:\/\/www.fiemg.com.br\/regional-vale-do-aco\/wp-content\/uploads\/sites\/22\/2023\/07\/1308681b853f6557be21917916482eba977a4d993fcda593fdafaca9b305a3bc.jpg","datePublished":"2023-06-19T13:40:47+00:00","dateModified":"2023-07-12T13:50:40+00:00","breadcrumb":{"@id":"https:\/\/www.fiemg.com.br\/regional-vale-do-aco\/noticias\/indice-de-confianca-do-empresario-industrial-atinge-o-maior-patamar-em-nove-meses\/#breadcrumb"},"inLanguage":"pt-BR","potentialAction":[{"@type":"ReadAction","target":["https:\/\/www.fiemg.com.br\/regional-vale-do-aco\/noticias\/indice-de-confianca-do-empresario-industrial-atinge-o-maior-patamar-em-nove-meses\/"]}]},{"@type":"ImageObject","inLanguage":"pt-BR","@id":"https:\/\/www.fiemg.com.br\/regional-vale-do-aco\/noticias\/indice-de-confianca-do-empresario-industrial-atinge-o-maior-patamar-em-nove-meses\/#primaryimage","url":"https:\/\/www.fiemg.com.br\/regional-vale-do-aco\/wp-content\/uploads\/sites\/22\/2023\/07\/1308681b853f6557be21917916482eba977a4d993fcda593fdafaca9b305a3bc.jpg","contentUrl":"https:\/\/www.fiemg.com.br\/regional-vale-do-aco\/wp-content\/uploads\/sites\/22\/2023\/07\/1308681b853f6557be21917916482eba977a4d993fcda593fdafaca9b305a3bc.jpg","width":620,"height":240,"caption":"\u00cdndice de Confian\u00e7a do Empres\u00e1rio Industrial atinge o maior patamar em nove meses"},{"@type":"BreadcrumbList","@id":"https:\/\/www.fiemg.com.br\/regional-vale-do-aco\/noticias\/indice-de-confianca-do-empresario-industrial-atinge-o-maior-patamar-em-nove-meses\/#breadcrumb","itemListElement":[{"@type":"ListItem","position":1,"name":"In\u00edcio","item":"https:\/\/www.fiemg.com.br\/regional-vale-do-aco\/"},{"@type":"ListItem","position":2,"name":"\u00cdndice de Confian\u00e7a do Empres\u00e1rio Industrial atinge o maior patamar em nove meses"}]},{"@type":"WebSite","@id":"https:\/\/www.fiemg.com.br\/regional-vale-do-aco\/#website","url":"https:\/\/www.fiemg.com.br\/regional-vale-do-aco\/","name":"Regional Vale do a\u00e7o","description":"Federa\u00e7\u00e3o das Ind\u00fastrias do Estado de Minas Gerais","publisher":{"@id":"https:\/\/www.fiemg.com.br\/regional-vale-do-aco\/#organization"},"potentialAction":[{"@type":"SearchAction","target":{"@type":"EntryPoint","urlTemplate":"https:\/\/www.fiemg.com.br\/regional-vale-do-aco\/?s={search_term_string}"},"query-input":{"@type":"PropertyValueSpecification","valueRequired":true,"valueName":"search_term_string"}}],"inLanguage":"pt-BR"},{"@type":"Organization","@id":"https:\/\/www.fiemg.com.br\/regional-vale-do-aco\/#organization","name":"Regional Vale do a\u00e7o","url":"https:\/\/www.fiemg.com.br\/regional-vale-do-aco\/","logo":{"@type":"ImageObject","inLanguage":"pt-BR","@id":"https:\/\/www.fiemg.com.br\/regional-vale-do-aco\/#\/schema\/logo\/image\/","url":"https:\/\/www.fiemg.com.br\/regional-vale-do-aco\/wp-content\/uploads\/sites\/22\/2023\/02\/Ativo-1.png","contentUrl":"https:\/\/www.fiemg.com.br\/regional-vale-do-aco\/wp-content\/uploads\/sites\/22\/2023\/02\/Ativo-1.png","width":563,"height":149,"caption":"Regional Vale do a\u00e7o"},"image":{"@id":"https:\/\/www.fiemg.com.br\/regional-vale-do-aco\/#\/schema\/logo\/image\/"}}]}},"_links":{"self":[{"href":"https:\/\/www.fiemg.com.br\/regional-vale-do-aco\/wp-json\/wp\/v2\/noticias\/1176","targetHints":{"allow":["GET"]}}],"collection":[{"href":"https:\/\/www.fiemg.com.br\/regional-vale-do-aco\/wp-json\/wp\/v2\/noticias"}],"about":[{"href":"https:\/\/www.fiemg.com.br\/regional-vale-do-aco\/wp-json\/wp\/v2\/types\/noticias"}],"wp:featuredmedia":[{"embeddable":true,"href":"https:\/\/www.fiemg.com.br\/regional-vale-do-aco\/wp-json\/wp\/v2\/media\/1177"}],"wp:attachment":[{"href":"https:\/\/www.fiemg.com.br\/regional-vale-do-aco\/wp-json\/wp\/v2\/media?parent=1176"}],"wp:term":[{"taxonomy":"category","embeddable":true,"href":"https:\/\/www.fiemg.com.br\/regional-vale-do-aco\/wp-json\/wp\/v2\/categories?post=1176"},{"taxonomy":"post_tag","embeddable":true,"href":"https:\/\/www.fiemg.com.br\/regional-vale-do-aco\/wp-json\/wp\/v2\/tags?post=1176"}],"curies":[{"name":"wp","href":"https:\/\/api.w.org\/{rel}","templated":true}]}}