{"id":1180,"date":"2023-06-07T13:22:34","date_gmt":"2023-06-07T13:22:34","guid":{"rendered":"https:\/\/www.fiemg.com.br\/regional-vale-do-aco\/noticias\/ministro-do-trabalho-recebe-pleitos-da-industria\/"},"modified":"2023-07-12T13:51:21","modified_gmt":"2023-07-12T13:51:21","slug":"ministro-do-trabalho-recebe-pleitos-da-industria","status":"publish","type":"noticias","link":"https:\/\/www.fiemg.com.br\/regional-vale-do-aco\/noticias\/ministro-do-trabalho-recebe-pleitos-da-industria\/","title":{"rendered":"Ministro do Trabalho recebe pleitos da ind\u00fastria"},"content":{"rendered":"<header class=\"entry-header\"><em>Encontro realizado na FIEMG promoveu a aproxima\u00e7\u00e3o entre o titular da pasta e o setor produtivo de Minas Gerais<\/em><\/header>\n<div class=\"share pull-right\">\n<div class=\"addthis_sharing_toolbox\"><\/div>\n<\/div>\n<div class=\"entry-content\">\n<p><a class=\"modal-image cboxElement\" href=\"https:\/\/www.fiemg.com.br\/Cms_Data\/Contents\/regionais\/Folders\/Noticias\/ValeDoAco\/~contents\/HBF27E4XTVDGR5MA\/b74026640d60e8a9eb413f761104c28090bce02dbeabb41ccb8b7a2c5821d6a6.jpg\"><img decoding=\"async\" src=\"https:\/\/www.fiemg.com.br\/Assets\/Images\/DynamicImages\/185a708927594a32aa36ba239b63b6eb3a1271186eee3559691179e1af3f3745.jpg\" \/><\/a><\/p>\n<p dir=\"ltr\">O Ministro de Estado do Trabalho e Emprego,<strong>\u00a0Luiz Marinho<\/strong>, participou, nesta ter\u00e7a-feira, dia 6 de junho, de um encontro com empres\u00e1rios e representantes do setor produtivo de Minas Gerais. O evento, que foi promovido pela FIEMG, aconteceu na sede da entidade, em Belo Horizonte, e teve o intuito de apresentar os pleitos dos industriais para a pasta federal.<\/p>\n<p dir=\"ltr\">\u201cA FIEMG vem trabalhando muito para impulsionar o emprego e renda no Brasil, sendo que uma de nossas batalhas \u00e9 a desonera\u00e7\u00e3o da folha de pagamento. Enxergamos, na Reforma Tribut\u00e1ria, uma grande oportunidade de resolvermos esse problema\u201d, afirmou\u00a0<strong>Fl\u00e1vio Roscoe<\/strong>, presidente da FIEMG, na abertura do bate-papo.<\/p>\n<p dir=\"ltr\">\u201cA desonera\u00e7\u00e3o do trabalho \u00e9 fundamental e precisamos repassar essa arrecada\u00e7\u00e3o para outra fonte, que n\u00e3o seja o trabalho\u201d, disse, afirmando que a folha de trabalho brasileira \u00e9 onerada at\u00e9 tr\u00eas vezes mais do que as dos pa\u00edses da Organiza\u00e7\u00e3o para a Coopera\u00e7\u00e3o e o Desenvolvimento Econ\u00f4mico (OCDE). \u201cIsso mina competitividade para os trabalhadores brasileiros e empregadores, pois quando concorremos com o mercado internacional, exportamos esse imposto. Ele n\u00e3o \u00e9 retirado e isso resulta em um efeito cascata na economia\u201d, refor\u00e7ou.<\/p>\n<p dir=\"ltr\">Durante o evento, o l\u00edder empresarial entregou ao ministro um documento com os pleitos do setor produtivo. Dentre as reivindica\u00e7\u00f5es est\u00e3o o incentivo \u00e0 gera\u00e7\u00e3o de emprego, a mudan\u00e7a de jornada para trabalhadores de mineradoras de alta profundidade e a extens\u00e3o do prazo para o lan\u00e7amento das informa\u00e7\u00f5es trabalhistas no e-Social, dentre outras. \u201cTivemos a oportunidade de conversar sobre pontos convergentes que ir\u00e3o melhorar a rela\u00e7\u00e3o trabalhista do pa\u00eds, tendo como foco o aumento da produtividade do trabalhador brasileiro, a prioriza\u00e7\u00e3o das negocia\u00e7\u00f5es coletivas e a harmonia entre trabalhador e empregador\u201d, esclareceu Roscoe.<\/p>\n<p dir=\"ltr\">Para Marinho, sua pasta tem a tarefa de acompanhar as demandas trazidas por empregadores e trabalhadores, promovendo o equil\u00edbrio. \u201cEm qualquer debate, se apenas um lado ficar satisfeito, significa que a negocia\u00e7\u00e3o n\u00e3o foi boa\u201d, afirmou o ministro, ressaltando que o setor produtivo industrial \u00e9 um dos maiores geradores de empregos formais no Brasil e que a pasta est\u00e1 trabalhando para uma legisla\u00e7\u00e3o que modernize as rela\u00e7\u00f5es de trabalho, que valorize o di\u00e1logo social e as negocia\u00e7\u00f5es coletivas. \u201c\u00c9 hora de olhar para frente e come\u00e7ar a promover transforma\u00e7\u00f5es\u201d, ressaltou.<\/p>\n<p dir=\"ltr\">Tamb\u00e9m estiveram presentes no encontro,\u00a0<strong>Carlos Calazans<\/strong>, superintendente Regional do Trabalho e Emprego em Minas, e<strong>\u00a0Marco Ant\u00f4nio de Jesus<\/strong>, copresidente do F\u00f3rum Estadual de Emprego e Renda e presidente da Federa\u00e7\u00e3o Estadual dos Metal\u00fargicos de Minas Gerais (FEM\/Cut). O representante dos trabalhadores elogiou e aprovou a iniciativa do setor produtivo mineiro. \u201cPrecisamos batalhar pela sobreviv\u00eancia dos postos de trabalho e investimento no setor produtivo \u00e9 um dos caminhos. Assim iremos conseguir manter o emprego e a renda da popula\u00e7\u00e3o&#8221;, disse.<\/p>\n<\/div>\n","protected":false},"featured_media":1181,"template":"","categories":[],"tags":[],"class_list":["post-1180","noticias","type-noticias","status-publish","has-post-thumbnail","hentry"],"acf":[],"yoast_head":"<!-- This site is optimized with the Yoast SEO plugin v26.2 - https:\/\/yoast.com\/wordpress\/plugins\/seo\/ -->\n<title>Ministro do Trabalho recebe pleitos da ind\u00fastria - Regional Vale do a\u00e7o<\/title>\n<meta name=\"robots\" content=\"index, follow, max-snippet:-1, max-image-preview:large, max-video-preview:-1\" \/>\n<link rel=\"canonical\" href=\"https:\/\/www.fiemg.com.br\/regional-vale-do-aco\/noticias\/ministro-do-trabalho-recebe-pleitos-da-industria\/\" \/>\n<meta property=\"og:locale\" content=\"pt_BR\" \/>\n<meta property=\"og:type\" content=\"article\" \/>\n<meta property=\"og:title\" content=\"Ministro do Trabalho recebe pleitos da ind\u00fastria - Regional Vale do a\u00e7o\" \/>\n<meta property=\"og:description\" content=\"Encontro realizado na FIEMG promoveu a aproxima\u00e7\u00e3o entre o titular da pasta e o setor produtivo de Minas Gerais O Ministro de Estado do Trabalho e Emprego,\u00a0Luiz Marinho, participou, nesta ter\u00e7a-feira, dia 6 de junho, de um encontro com empres\u00e1rios e representantes do setor produtivo de Minas Gerais. O evento, que foi promovido pela FIEMG, [&hellip;]\" \/>\n<meta property=\"og:url\" content=\"https:\/\/www.fiemg.com.br\/regional-vale-do-aco\/noticias\/ministro-do-trabalho-recebe-pleitos-da-industria\/\" \/>\n<meta property=\"og:site_name\" content=\"Regional Vale do a\u00e7o\" \/>\n<meta property=\"article:modified_time\" content=\"2023-07-12T13:51:21+00:00\" \/>\n<meta property=\"og:image\" content=\"https:\/\/www.fiemg.com.br\/regional-vale-do-aco\/wp-content\/uploads\/sites\/22\/2023\/07\/185a708927594a32aa36ba239b63b6eb3a1271186eee3559691179e1af3f3745.jpg\" \/>\n\t<meta property=\"og:image:width\" content=\"620\" \/>\n\t<meta property=\"og:image:height\" content=\"240\" \/>\n\t<meta property=\"og:image:type\" content=\"image\/jpeg\" \/>\n<meta name=\"twitter:card\" content=\"summary_large_image\" \/>\n<meta name=\"twitter:label1\" content=\"Est. tempo de leitura\" \/>\n\t<meta name=\"twitter:data1\" content=\"3 minutos\" \/>\n<script type=\"application\/ld+json\" class=\"yoast-schema-graph\">{\"@context\":\"https:\/\/schema.org\",\"@graph\":[{\"@type\":\"WebPage\",\"@id\":\"https:\/\/www.fiemg.com.br\/regional-vale-do-aco\/noticias\/ministro-do-trabalho-recebe-pleitos-da-industria\/\",\"url\":\"https:\/\/www.fiemg.com.br\/regional-vale-do-aco\/noticias\/ministro-do-trabalho-recebe-pleitos-da-industria\/\",\"name\":\"Ministro do Trabalho recebe pleitos da ind\u00fastria - Regional Vale do a\u00e7o\",\"isPartOf\":{\"@id\":\"https:\/\/www.fiemg.com.br\/regional-vale-do-aco\/#website\"},\"primaryImageOfPage\":{\"@id\":\"https:\/\/www.fiemg.com.br\/regional-vale-do-aco\/noticias\/ministro-do-trabalho-recebe-pleitos-da-industria\/#primaryimage\"},\"image\":{\"@id\":\"https:\/\/www.fiemg.com.br\/regional-vale-do-aco\/noticias\/ministro-do-trabalho-recebe-pleitos-da-industria\/#primaryimage\"},\"thumbnailUrl\":\"https:\/\/www.fiemg.com.br\/regional-vale-do-aco\/wp-content\/uploads\/sites\/22\/2023\/07\/185a708927594a32aa36ba239b63b6eb3a1271186eee3559691179e1af3f3745.jpg\",\"datePublished\":\"2023-06-07T13:22:34+00:00\",\"dateModified\":\"2023-07-12T13:51:21+00:00\",\"breadcrumb\":{\"@id\":\"https:\/\/www.fiemg.com.br\/regional-vale-do-aco\/noticias\/ministro-do-trabalho-recebe-pleitos-da-industria\/#breadcrumb\"},\"inLanguage\":\"pt-BR\",\"potentialAction\":[{\"@type\":\"ReadAction\",\"target\":[\"https:\/\/www.fiemg.com.br\/regional-vale-do-aco\/noticias\/ministro-do-trabalho-recebe-pleitos-da-industria\/\"]}]},{\"@type\":\"ImageObject\",\"inLanguage\":\"pt-BR\",\"@id\":\"https:\/\/www.fiemg.com.br\/regional-vale-do-aco\/noticias\/ministro-do-trabalho-recebe-pleitos-da-industria\/#primaryimage\",\"url\":\"https:\/\/www.fiemg.com.br\/regional-vale-do-aco\/wp-content\/uploads\/sites\/22\/2023\/07\/185a708927594a32aa36ba239b63b6eb3a1271186eee3559691179e1af3f3745.jpg\",\"contentUrl\":\"https:\/\/www.fiemg.com.br\/regional-vale-do-aco\/wp-content\/uploads\/sites\/22\/2023\/07\/185a708927594a32aa36ba239b63b6eb3a1271186eee3559691179e1af3f3745.jpg\",\"width\":620,\"height\":240,\"caption\":\"Ministro do Trabalho recebe pleitos da ind\u00fastria\"},{\"@type\":\"BreadcrumbList\",\"@id\":\"https:\/\/www.fiemg.com.br\/regional-vale-do-aco\/noticias\/ministro-do-trabalho-recebe-pleitos-da-industria\/#breadcrumb\",\"itemListElement\":[{\"@type\":\"ListItem\",\"position\":1,\"name\":\"In\u00edcio\",\"item\":\"https:\/\/www.fiemg.com.br\/regional-vale-do-aco\/\"},{\"@type\":\"ListItem\",\"position\":2,\"name\":\"Ministro do Trabalho recebe pleitos da ind\u00fastria\"}]},{\"@type\":\"WebSite\",\"@id\":\"https:\/\/www.fiemg.com.br\/regional-vale-do-aco\/#website\",\"url\":\"https:\/\/www.fiemg.com.br\/regional-vale-do-aco\/\",\"name\":\"Regional Vale do a\u00e7o\",\"description\":\"Federa\u00e7\u00e3o das Ind\u00fastrias do Estado de Minas Gerais\",\"publisher\":{\"@id\":\"https:\/\/www.fiemg.com.br\/regional-vale-do-aco\/#organization\"},\"potentialAction\":[{\"@type\":\"SearchAction\",\"target\":{\"@type\":\"EntryPoint\",\"urlTemplate\":\"https:\/\/www.fiemg.com.br\/regional-vale-do-aco\/?s={search_term_string}\"},\"query-input\":{\"@type\":\"PropertyValueSpecification\",\"valueRequired\":true,\"valueName\":\"search_term_string\"}}],\"inLanguage\":\"pt-BR\"},{\"@type\":\"Organization\",\"@id\":\"https:\/\/www.fiemg.com.br\/regional-vale-do-aco\/#organization\",\"name\":\"Regional Vale do a\u00e7o\",\"url\":\"https:\/\/www.fiemg.com.br\/regional-vale-do-aco\/\",\"logo\":{\"@type\":\"ImageObject\",\"inLanguage\":\"pt-BR\",\"@id\":\"https:\/\/www.fiemg.com.br\/regional-vale-do-aco\/#\/schema\/logo\/image\/\",\"url\":\"https:\/\/www.fiemg.com.br\/regional-vale-do-aco\/wp-content\/uploads\/sites\/22\/2023\/02\/Ativo-1.png\",\"contentUrl\":\"https:\/\/www.fiemg.com.br\/regional-vale-do-aco\/wp-content\/uploads\/sites\/22\/2023\/02\/Ativo-1.png\",\"width\":563,\"height\":149,\"caption\":\"Regional Vale do a\u00e7o\"},\"image\":{\"@id\":\"https:\/\/www.fiemg.com.br\/regional-vale-do-aco\/#\/schema\/logo\/image\/\"}}]}<\/script>\n<!-- \/ Yoast SEO plugin. -->","yoast_head_json":{"title":"Ministro do Trabalho recebe pleitos da ind\u00fastria - Regional Vale do a\u00e7o","robots":{"index":"index","follow":"follow","max-snippet":"max-snippet:-1","max-image-preview":"max-image-preview:large","max-video-preview":"max-video-preview:-1"},"canonical":"https:\/\/www.fiemg.com.br\/regional-vale-do-aco\/noticias\/ministro-do-trabalho-recebe-pleitos-da-industria\/","og_locale":"pt_BR","og_type":"article","og_title":"Ministro do Trabalho recebe pleitos da ind\u00fastria - Regional Vale do a\u00e7o","og_description":"Encontro realizado na FIEMG promoveu a aproxima\u00e7\u00e3o entre o titular da pasta e o setor produtivo de Minas Gerais O Ministro de Estado do Trabalho e Emprego,\u00a0Luiz Marinho, participou, nesta ter\u00e7a-feira, dia 6 de junho, de um encontro com empres\u00e1rios e representantes do setor produtivo de Minas Gerais. O evento, que foi promovido pela FIEMG, [&hellip;]","og_url":"https:\/\/www.fiemg.com.br\/regional-vale-do-aco\/noticias\/ministro-do-trabalho-recebe-pleitos-da-industria\/","og_site_name":"Regional Vale do a\u00e7o","article_modified_time":"2023-07-12T13:51:21+00:00","og_image":[{"width":620,"height":240,"url":"https:\/\/www.fiemg.com.br\/regional-vale-do-aco\/wp-content\/uploads\/sites\/22\/2023\/07\/185a708927594a32aa36ba239b63b6eb3a1271186eee3559691179e1af3f3745.jpg","type":"image\/jpeg"}],"twitter_card":"summary_large_image","twitter_misc":{"Est. tempo de leitura":"3 minutos"},"schema":{"@context":"https:\/\/schema.org","@graph":[{"@type":"WebPage","@id":"https:\/\/www.fiemg.com.br\/regional-vale-do-aco\/noticias\/ministro-do-trabalho-recebe-pleitos-da-industria\/","url":"https:\/\/www.fiemg.com.br\/regional-vale-do-aco\/noticias\/ministro-do-trabalho-recebe-pleitos-da-industria\/","name":"Ministro do Trabalho recebe pleitos da ind\u00fastria - Regional Vale do a\u00e7o","isPartOf":{"@id":"https:\/\/www.fiemg.com.br\/regional-vale-do-aco\/#website"},"primaryImageOfPage":{"@id":"https:\/\/www.fiemg.com.br\/regional-vale-do-aco\/noticias\/ministro-do-trabalho-recebe-pleitos-da-industria\/#primaryimage"},"image":{"@id":"https:\/\/www.fiemg.com.br\/regional-vale-do-aco\/noticias\/ministro-do-trabalho-recebe-pleitos-da-industria\/#primaryimage"},"thumbnailUrl":"https:\/\/www.fiemg.com.br\/regional-vale-do-aco\/wp-content\/uploads\/sites\/22\/2023\/07\/185a708927594a32aa36ba239b63b6eb3a1271186eee3559691179e1af3f3745.jpg","datePublished":"2023-06-07T13:22:34+00:00","dateModified":"2023-07-12T13:51:21+00:00","breadcrumb":{"@id":"https:\/\/www.fiemg.com.br\/regional-vale-do-aco\/noticias\/ministro-do-trabalho-recebe-pleitos-da-industria\/#breadcrumb"},"inLanguage":"pt-BR","potentialAction":[{"@type":"ReadAction","target":["https:\/\/www.fiemg.com.br\/regional-vale-do-aco\/noticias\/ministro-do-trabalho-recebe-pleitos-da-industria\/"]}]},{"@type":"ImageObject","inLanguage":"pt-BR","@id":"https:\/\/www.fiemg.com.br\/regional-vale-do-aco\/noticias\/ministro-do-trabalho-recebe-pleitos-da-industria\/#primaryimage","url":"https:\/\/www.fiemg.com.br\/regional-vale-do-aco\/wp-content\/uploads\/sites\/22\/2023\/07\/185a708927594a32aa36ba239b63b6eb3a1271186eee3559691179e1af3f3745.jpg","contentUrl":"https:\/\/www.fiemg.com.br\/regional-vale-do-aco\/wp-content\/uploads\/sites\/22\/2023\/07\/185a708927594a32aa36ba239b63b6eb3a1271186eee3559691179e1af3f3745.jpg","width":620,"height":240,"caption":"Ministro do Trabalho recebe pleitos da ind\u00fastria"},{"@type":"BreadcrumbList","@id":"https:\/\/www.fiemg.com.br\/regional-vale-do-aco\/noticias\/ministro-do-trabalho-recebe-pleitos-da-industria\/#breadcrumb","itemListElement":[{"@type":"ListItem","position":1,"name":"In\u00edcio","item":"https:\/\/www.fiemg.com.br\/regional-vale-do-aco\/"},{"@type":"ListItem","position":2,"name":"Ministro do Trabalho recebe pleitos da ind\u00fastria"}]},{"@type":"WebSite","@id":"https:\/\/www.fiemg.com.br\/regional-vale-do-aco\/#website","url":"https:\/\/www.fiemg.com.br\/regional-vale-do-aco\/","name":"Regional Vale do a\u00e7o","description":"Federa\u00e7\u00e3o das Ind\u00fastrias do Estado de Minas Gerais","publisher":{"@id":"https:\/\/www.fiemg.com.br\/regional-vale-do-aco\/#organization"},"potentialAction":[{"@type":"SearchAction","target":{"@type":"EntryPoint","urlTemplate":"https:\/\/www.fiemg.com.br\/regional-vale-do-aco\/?s={search_term_string}"},"query-input":{"@type":"PropertyValueSpecification","valueRequired":true,"valueName":"search_term_string"}}],"inLanguage":"pt-BR"},{"@type":"Organization","@id":"https:\/\/www.fiemg.com.br\/regional-vale-do-aco\/#organization","name":"Regional Vale do a\u00e7o","url":"https:\/\/www.fiemg.com.br\/regional-vale-do-aco\/","logo":{"@type":"ImageObject","inLanguage":"pt-BR","@id":"https:\/\/www.fiemg.com.br\/regional-vale-do-aco\/#\/schema\/logo\/image\/","url":"https:\/\/www.fiemg.com.br\/regional-vale-do-aco\/wp-content\/uploads\/sites\/22\/2023\/02\/Ativo-1.png","contentUrl":"https:\/\/www.fiemg.com.br\/regional-vale-do-aco\/wp-content\/uploads\/sites\/22\/2023\/02\/Ativo-1.png","width":563,"height":149,"caption":"Regional Vale do a\u00e7o"},"image":{"@id":"https:\/\/www.fiemg.com.br\/regional-vale-do-aco\/#\/schema\/logo\/image\/"}}]}},"_links":{"self":[{"href":"https:\/\/www.fiemg.com.br\/regional-vale-do-aco\/wp-json\/wp\/v2\/noticias\/1180","targetHints":{"allow":["GET"]}}],"collection":[{"href":"https:\/\/www.fiemg.com.br\/regional-vale-do-aco\/wp-json\/wp\/v2\/noticias"}],"about":[{"href":"https:\/\/www.fiemg.com.br\/regional-vale-do-aco\/wp-json\/wp\/v2\/types\/noticias"}],"wp:featuredmedia":[{"embeddable":true,"href":"https:\/\/www.fiemg.com.br\/regional-vale-do-aco\/wp-json\/wp\/v2\/media\/1181"}],"wp:attachment":[{"href":"https:\/\/www.fiemg.com.br\/regional-vale-do-aco\/wp-json\/wp\/v2\/media?parent=1180"}],"wp:term":[{"taxonomy":"category","embeddable":true,"href":"https:\/\/www.fiemg.com.br\/regional-vale-do-aco\/wp-json\/wp\/v2\/categories?post=1180"},{"taxonomy":"post_tag","embeddable":true,"href":"https:\/\/www.fiemg.com.br\/regional-vale-do-aco\/wp-json\/wp\/v2\/tags?post=1180"}],"curies":[{"name":"wp","href":"https:\/\/api.w.org\/{rel}","templated":true}]}}