{"id":1516,"date":"2023-08-21T16:45:10","date_gmt":"2023-08-21T19:45:10","guid":{"rendered":"https:\/\/www.fiemg.com.br\/regional-vale-do-aco\/?post_type=noticias&#038;p=1516"},"modified":"2023-08-21T17:04:02","modified_gmt":"2023-08-21T20:04:02","slug":"fiemg-e-sebrae-promovem-curso-de-gerenciamento-de-compras","status":"publish","type":"noticias","link":"https:\/\/www.fiemg.com.br\/regional-vale-do-aco\/noticias\/fiemg-e-sebrae-promovem-curso-de-gerenciamento-de-compras\/","title":{"rendered":"FIEMG e SEBRAE promovem curso de Gerenciamento de Compras"},"content":{"rendered":"<p><img fetchpriority=\"high\" decoding=\"async\" class=\"aligncenter wp-image-1517 size-full\" src=\"https:\/\/www.fiemg.com.br\/regional-vale-do-aco\/wp-content\/uploads\/sites\/22\/2023\/08\/1111-2.jpg\" alt=\"\" width=\"733\" height=\"464\" srcset=\"https:\/\/www.fiemg.com.br\/regional-vale-do-aco\/wp-content\/uploads\/sites\/22\/2023\/08\/1111-2.jpg 733w, https:\/\/www.fiemg.com.br\/regional-vale-do-aco\/wp-content\/uploads\/sites\/22\/2023\/08\/1111-2-300x190.jpg 300w\" sizes=\"(max-width: 733px) 100vw, 733px\" \/><\/p>\n<p>&nbsp;<\/p>\n<p>A FIEMG Regional Vale do A\u00e7o, em parceria com o SEBRAE MG, est\u00e1 com inscri\u00e7\u00f5es abertas para o curso \u201cGerenciamento de Compras \u2013 Reduza Custos e Ganhe Efici\u00eancia\u201d que ser\u00e1 realizado no audit\u00f3rio da FIEMG, em Ipatinga, nos dias 30\/08, das 8h \u00e0s 17h \u00a0e dia 31\/08,\u00a0 das 8h \u00e0s 12h.<\/p>\n<p>Interessados poder\u00e3o se inscrever <a href=\"https:\/\/www.sympla.com.br\/evento\/capacitacao-gerenciamento-de-compras-reduza-custos-e-ganhe-eficiencia\/2065269?_gl=1*iqwkt0*_ga*MTMwNjQ3NzA2Ny4xNjUzMDQ2OTU0*_ga_KXH10SQTZF*MTY5MDkxMDcxOS4xMzEuMS4xNjkwOTExNzU5LjAuMC4w\">neste link<\/a>. O valor do investimento \u00e9 de R$200 para associados \u00e0 FIEMG e R$300 para o p\u00fablico geral.<\/p>\n<p>No conte\u00fado program\u00e1tico T\u00e9cnicas de negocia\u00e7\u00e3o para compradores; Estoque m\u00ednimo\/seguran\u00e7a; Defini\u00e7\u00e3o de prioridades de compras; Ferramentas de gest\u00e3o de compras; Retorno do capital investido em estoques; Gest\u00e3o de estoques com a curva ABC, dentre outros<em>.<\/em><\/p>\n<p>\u201cNosso objetivo com esse curso \u00e9 desenvolver junto aos participantes as habilidades essenciais para uma gest\u00e3o eficaz dos procedimentos de compras e administra\u00e7\u00e3o de estoques, afinal, uma boa gest\u00e3o de compras \u00e9 fundamental, pois garante que os insumos utilizados nesses bens sejam adquiridos de forma organizada e financeiramente vi\u00e1vel ao neg\u00f3cio.\u201d, justifica Luiz S\u00e9rgio Martins J\u00fanior, analista de rela\u00e7\u00f5es empresariais da FIEMG.<\/p>\n<p>Mais informa\u00e7\u00f5es 31 3822-1414 ou <a href=\"mailto:regional-va@fiemg.com.br\">regional-va@fiemg.com.br<\/a><\/p>\n","protected":false},"featured_media":1526,"template":"","categories":[],"tags":[],"class_list":["post-1516","noticias","type-noticias","status-publish","has-post-thumbnail","hentry"],"acf":[],"yoast_head":"<!-- This site is optimized with the Yoast SEO plugin v26.2 - https:\/\/yoast.com\/wordpress\/plugins\/seo\/ -->\n<title>FIEMG e SEBRAE promovem curso de Gerenciamento de Compras - Regional Vale do a\u00e7o<\/title>\n<meta name=\"robots\" content=\"index, follow, max-snippet:-1, max-image-preview:large, max-video-preview:-1\" \/>\n<link rel=\"canonical\" href=\"https:\/\/www.fiemg.com.br\/regional-vale-do-aco\/noticias\/fiemg-e-sebrae-promovem-curso-de-gerenciamento-de-compras\/\" \/>\n<meta property=\"og:locale\" content=\"pt_BR\" \/>\n<meta property=\"og:type\" content=\"article\" \/>\n<meta property=\"og:title\" content=\"FIEMG e SEBRAE promovem curso de Gerenciamento de Compras - Regional Vale do a\u00e7o\" \/>\n<meta property=\"og:description\" content=\"&nbsp; A FIEMG Regional Vale do A\u00e7o, em parceria com o SEBRAE MG, est\u00e1 com inscri\u00e7\u00f5es abertas para o curso \u201cGerenciamento de Compras \u2013 Reduza Custos e Ganhe Efici\u00eancia\u201d que ser\u00e1 realizado no audit\u00f3rio da FIEMG, em Ipatinga, nos dias 30\/08, das 8h \u00e0s 17h \u00a0e dia 31\/08,\u00a0 das 8h \u00e0s 12h. Interessados poder\u00e3o se [&hellip;]\" \/>\n<meta property=\"og:url\" content=\"https:\/\/www.fiemg.com.br\/regional-vale-do-aco\/noticias\/fiemg-e-sebrae-promovem-curso-de-gerenciamento-de-compras\/\" \/>\n<meta property=\"og:site_name\" content=\"Regional Vale do a\u00e7o\" \/>\n<meta property=\"article:modified_time\" content=\"2023-08-21T20:04:02+00:00\" \/>\n<meta property=\"og:image\" content=\"https:\/\/www.fiemg.com.br\/regional-vale-do-aco\/wp-content\/uploads\/sites\/22\/2023\/08\/1111-5-e1692648227298.jpg\" \/>\n\t<meta property=\"og:image:width\" content=\"478\" \/>\n\t<meta property=\"og:image:height\" content=\"464\" \/>\n\t<meta property=\"og:image:type\" content=\"image\/jpeg\" \/>\n<meta name=\"twitter:card\" content=\"summary_large_image\" \/>\n<meta name=\"twitter:label1\" content=\"Est. tempo de leitura\" \/>\n\t<meta name=\"twitter:data1\" content=\"2 minutos\" \/>\n<script type=\"application\/ld+json\" class=\"yoast-schema-graph\">{\"@context\":\"https:\/\/schema.org\",\"@graph\":[{\"@type\":\"WebPage\",\"@id\":\"https:\/\/www.fiemg.com.br\/regional-vale-do-aco\/noticias\/fiemg-e-sebrae-promovem-curso-de-gerenciamento-de-compras\/\",\"url\":\"https:\/\/www.fiemg.com.br\/regional-vale-do-aco\/noticias\/fiemg-e-sebrae-promovem-curso-de-gerenciamento-de-compras\/\",\"name\":\"FIEMG e SEBRAE promovem curso de Gerenciamento de Compras - Regional Vale do a\u00e7o\",\"isPartOf\":{\"@id\":\"https:\/\/www.fiemg.com.br\/regional-vale-do-aco\/#website\"},\"primaryImageOfPage\":{\"@id\":\"https:\/\/www.fiemg.com.br\/regional-vale-do-aco\/noticias\/fiemg-e-sebrae-promovem-curso-de-gerenciamento-de-compras\/#primaryimage\"},\"image\":{\"@id\":\"https:\/\/www.fiemg.com.br\/regional-vale-do-aco\/noticias\/fiemg-e-sebrae-promovem-curso-de-gerenciamento-de-compras\/#primaryimage\"},\"thumbnailUrl\":\"https:\/\/www.fiemg.com.br\/regional-vale-do-aco\/wp-content\/uploads\/sites\/22\/2023\/08\/1111-5-e1692648227298.jpg\",\"datePublished\":\"2023-08-21T19:45:10+00:00\",\"dateModified\":\"2023-08-21T20:04:02+00:00\",\"breadcrumb\":{\"@id\":\"https:\/\/www.fiemg.com.br\/regional-vale-do-aco\/noticias\/fiemg-e-sebrae-promovem-curso-de-gerenciamento-de-compras\/#breadcrumb\"},\"inLanguage\":\"pt-BR\",\"potentialAction\":[{\"@type\":\"ReadAction\",\"target\":[\"https:\/\/www.fiemg.com.br\/regional-vale-do-aco\/noticias\/fiemg-e-sebrae-promovem-curso-de-gerenciamento-de-compras\/\"]}]},{\"@type\":\"ImageObject\",\"inLanguage\":\"pt-BR\",\"@id\":\"https:\/\/www.fiemg.com.br\/regional-vale-do-aco\/noticias\/fiemg-e-sebrae-promovem-curso-de-gerenciamento-de-compras\/#primaryimage\",\"url\":\"https:\/\/www.fiemg.com.br\/regional-vale-do-aco\/wp-content\/uploads\/sites\/22\/2023\/08\/1111-5-e1692648227298.jpg\",\"contentUrl\":\"https:\/\/www.fiemg.com.br\/regional-vale-do-aco\/wp-content\/uploads\/sites\/22\/2023\/08\/1111-5-e1692648227298.jpg\",\"width\":478,\"height\":464},{\"@type\":\"BreadcrumbList\",\"@id\":\"https:\/\/www.fiemg.com.br\/regional-vale-do-aco\/noticias\/fiemg-e-sebrae-promovem-curso-de-gerenciamento-de-compras\/#breadcrumb\",\"itemListElement\":[{\"@type\":\"ListItem\",\"position\":1,\"name\":\"In\u00edcio\",\"item\":\"https:\/\/www.fiemg.com.br\/regional-vale-do-aco\/\"},{\"@type\":\"ListItem\",\"position\":2,\"name\":\"FIEMG e SEBRAE promovem curso de Gerenciamento de Compras\"}]},{\"@type\":\"WebSite\",\"@id\":\"https:\/\/www.fiemg.com.br\/regional-vale-do-aco\/#website\",\"url\":\"https:\/\/www.fiemg.com.br\/regional-vale-do-aco\/\",\"name\":\"Regional Vale do a\u00e7o\",\"description\":\"Federa\u00e7\u00e3o das Ind\u00fastrias do Estado de Minas Gerais\",\"publisher\":{\"@id\":\"https:\/\/www.fiemg.com.br\/regional-vale-do-aco\/#organization\"},\"potentialAction\":[{\"@type\":\"SearchAction\",\"target\":{\"@type\":\"EntryPoint\",\"urlTemplate\":\"https:\/\/www.fiemg.com.br\/regional-vale-do-aco\/?s={search_term_string}\"},\"query-input\":{\"@type\":\"PropertyValueSpecification\",\"valueRequired\":true,\"valueName\":\"search_term_string\"}}],\"inLanguage\":\"pt-BR\"},{\"@type\":\"Organization\",\"@id\":\"https:\/\/www.fiemg.com.br\/regional-vale-do-aco\/#organization\",\"name\":\"Regional Vale do a\u00e7o\",\"url\":\"https:\/\/www.fiemg.com.br\/regional-vale-do-aco\/\",\"logo\":{\"@type\":\"ImageObject\",\"inLanguage\":\"pt-BR\",\"@id\":\"https:\/\/www.fiemg.com.br\/regional-vale-do-aco\/#\/schema\/logo\/image\/\",\"url\":\"https:\/\/www.fiemg.com.br\/regional-vale-do-aco\/wp-content\/uploads\/sites\/22\/2023\/02\/Ativo-1.png\",\"contentUrl\":\"https:\/\/www.fiemg.com.br\/regional-vale-do-aco\/wp-content\/uploads\/sites\/22\/2023\/02\/Ativo-1.png\",\"width\":563,\"height\":149,\"caption\":\"Regional Vale do a\u00e7o\"},\"image\":{\"@id\":\"https:\/\/www.fiemg.com.br\/regional-vale-do-aco\/#\/schema\/logo\/image\/\"}}]}<\/script>\n<!-- \/ Yoast SEO plugin. -->","yoast_head_json":{"title":"FIEMG e SEBRAE promovem curso de Gerenciamento de Compras - Regional Vale do a\u00e7o","robots":{"index":"index","follow":"follow","max-snippet":"max-snippet:-1","max-image-preview":"max-image-preview:large","max-video-preview":"max-video-preview:-1"},"canonical":"https:\/\/www.fiemg.com.br\/regional-vale-do-aco\/noticias\/fiemg-e-sebrae-promovem-curso-de-gerenciamento-de-compras\/","og_locale":"pt_BR","og_type":"article","og_title":"FIEMG e SEBRAE promovem curso de Gerenciamento de Compras - Regional Vale do a\u00e7o","og_description":"&nbsp; A FIEMG Regional Vale do A\u00e7o, em parceria com o SEBRAE MG, est\u00e1 com inscri\u00e7\u00f5es abertas para o curso \u201cGerenciamento de Compras \u2013 Reduza Custos e Ganhe Efici\u00eancia\u201d que ser\u00e1 realizado no audit\u00f3rio da FIEMG, em Ipatinga, nos dias 30\/08, das 8h \u00e0s 17h \u00a0e dia 31\/08,\u00a0 das 8h \u00e0s 12h. Interessados poder\u00e3o se [&hellip;]","og_url":"https:\/\/www.fiemg.com.br\/regional-vale-do-aco\/noticias\/fiemg-e-sebrae-promovem-curso-de-gerenciamento-de-compras\/","og_site_name":"Regional Vale do a\u00e7o","article_modified_time":"2023-08-21T20:04:02+00:00","og_image":[{"width":478,"height":464,"url":"https:\/\/www.fiemg.com.br\/regional-vale-do-aco\/wp-content\/uploads\/sites\/22\/2023\/08\/1111-5-e1692648227298.jpg","type":"image\/jpeg"}],"twitter_card":"summary_large_image","twitter_misc":{"Est. tempo de leitura":"2 minutos"},"schema":{"@context":"https:\/\/schema.org","@graph":[{"@type":"WebPage","@id":"https:\/\/www.fiemg.com.br\/regional-vale-do-aco\/noticias\/fiemg-e-sebrae-promovem-curso-de-gerenciamento-de-compras\/","url":"https:\/\/www.fiemg.com.br\/regional-vale-do-aco\/noticias\/fiemg-e-sebrae-promovem-curso-de-gerenciamento-de-compras\/","name":"FIEMG e SEBRAE promovem curso de Gerenciamento de Compras - Regional Vale do a\u00e7o","isPartOf":{"@id":"https:\/\/www.fiemg.com.br\/regional-vale-do-aco\/#website"},"primaryImageOfPage":{"@id":"https:\/\/www.fiemg.com.br\/regional-vale-do-aco\/noticias\/fiemg-e-sebrae-promovem-curso-de-gerenciamento-de-compras\/#primaryimage"},"image":{"@id":"https:\/\/www.fiemg.com.br\/regional-vale-do-aco\/noticias\/fiemg-e-sebrae-promovem-curso-de-gerenciamento-de-compras\/#primaryimage"},"thumbnailUrl":"https:\/\/www.fiemg.com.br\/regional-vale-do-aco\/wp-content\/uploads\/sites\/22\/2023\/08\/1111-5-e1692648227298.jpg","datePublished":"2023-08-21T19:45:10+00:00","dateModified":"2023-08-21T20:04:02+00:00","breadcrumb":{"@id":"https:\/\/www.fiemg.com.br\/regional-vale-do-aco\/noticias\/fiemg-e-sebrae-promovem-curso-de-gerenciamento-de-compras\/#breadcrumb"},"inLanguage":"pt-BR","potentialAction":[{"@type":"ReadAction","target":["https:\/\/www.fiemg.com.br\/regional-vale-do-aco\/noticias\/fiemg-e-sebrae-promovem-curso-de-gerenciamento-de-compras\/"]}]},{"@type":"ImageObject","inLanguage":"pt-BR","@id":"https:\/\/www.fiemg.com.br\/regional-vale-do-aco\/noticias\/fiemg-e-sebrae-promovem-curso-de-gerenciamento-de-compras\/#primaryimage","url":"https:\/\/www.fiemg.com.br\/regional-vale-do-aco\/wp-content\/uploads\/sites\/22\/2023\/08\/1111-5-e1692648227298.jpg","contentUrl":"https:\/\/www.fiemg.com.br\/regional-vale-do-aco\/wp-content\/uploads\/sites\/22\/2023\/08\/1111-5-e1692648227298.jpg","width":478,"height":464},{"@type":"BreadcrumbList","@id":"https:\/\/www.fiemg.com.br\/regional-vale-do-aco\/noticias\/fiemg-e-sebrae-promovem-curso-de-gerenciamento-de-compras\/#breadcrumb","itemListElement":[{"@type":"ListItem","position":1,"name":"In\u00edcio","item":"https:\/\/www.fiemg.com.br\/regional-vale-do-aco\/"},{"@type":"ListItem","position":2,"name":"FIEMG e SEBRAE promovem curso de Gerenciamento de Compras"}]},{"@type":"WebSite","@id":"https:\/\/www.fiemg.com.br\/regional-vale-do-aco\/#website","url":"https:\/\/www.fiemg.com.br\/regional-vale-do-aco\/","name":"Regional Vale do a\u00e7o","description":"Federa\u00e7\u00e3o das Ind\u00fastrias do Estado de Minas Gerais","publisher":{"@id":"https:\/\/www.fiemg.com.br\/regional-vale-do-aco\/#organization"},"potentialAction":[{"@type":"SearchAction","target":{"@type":"EntryPoint","urlTemplate":"https:\/\/www.fiemg.com.br\/regional-vale-do-aco\/?s={search_term_string}"},"query-input":{"@type":"PropertyValueSpecification","valueRequired":true,"valueName":"search_term_string"}}],"inLanguage":"pt-BR"},{"@type":"Organization","@id":"https:\/\/www.fiemg.com.br\/regional-vale-do-aco\/#organization","name":"Regional Vale do a\u00e7o","url":"https:\/\/www.fiemg.com.br\/regional-vale-do-aco\/","logo":{"@type":"ImageObject","inLanguage":"pt-BR","@id":"https:\/\/www.fiemg.com.br\/regional-vale-do-aco\/#\/schema\/logo\/image\/","url":"https:\/\/www.fiemg.com.br\/regional-vale-do-aco\/wp-content\/uploads\/sites\/22\/2023\/02\/Ativo-1.png","contentUrl":"https:\/\/www.fiemg.com.br\/regional-vale-do-aco\/wp-content\/uploads\/sites\/22\/2023\/02\/Ativo-1.png","width":563,"height":149,"caption":"Regional Vale do a\u00e7o"},"image":{"@id":"https:\/\/www.fiemg.com.br\/regional-vale-do-aco\/#\/schema\/logo\/image\/"}}]}},"_links":{"self":[{"href":"https:\/\/www.fiemg.com.br\/regional-vale-do-aco\/wp-json\/wp\/v2\/noticias\/1516","targetHints":{"allow":["GET"]}}],"collection":[{"href":"https:\/\/www.fiemg.com.br\/regional-vale-do-aco\/wp-json\/wp\/v2\/noticias"}],"about":[{"href":"https:\/\/www.fiemg.com.br\/regional-vale-do-aco\/wp-json\/wp\/v2\/types\/noticias"}],"wp:featuredmedia":[{"embeddable":true,"href":"https:\/\/www.fiemg.com.br\/regional-vale-do-aco\/wp-json\/wp\/v2\/media\/1526"}],"wp:attachment":[{"href":"https:\/\/www.fiemg.com.br\/regional-vale-do-aco\/wp-json\/wp\/v2\/media?parent=1516"}],"wp:term":[{"taxonomy":"category","embeddable":true,"href":"https:\/\/www.fiemg.com.br\/regional-vale-do-aco\/wp-json\/wp\/v2\/categories?post=1516"},{"taxonomy":"post_tag","embeddable":true,"href":"https:\/\/www.fiemg.com.br\/regional-vale-do-aco\/wp-json\/wp\/v2\/tags?post=1516"}],"curies":[{"name":"wp","href":"https:\/\/api.w.org\/{rel}","templated":true}]}}