{"id":1784,"date":"2024-03-15T14:40:09","date_gmt":"2024-03-15T17:40:09","guid":{"rendered":"https:\/\/www.fiemg.com.br\/regional-vale-do-aco\/?post_type=noticias&#038;p=1784"},"modified":"2024-03-15T14:50:40","modified_gmt":"2024-03-15T17:50:40","slug":"sinpava-promove-curso-de-tecnicas-de-argumentacao-de-vendas","status":"publish","type":"noticias","link":"https:\/\/www.fiemg.com.br\/regional-vale-do-aco\/noticias\/sinpava-promove-curso-de-tecnicas-de-argumentacao-de-vendas\/","title":{"rendered":"Sinpava promove curso de T\u00e9cnicas de Argumenta\u00e7\u00e3o de Vendas"},"content":{"rendered":"\n<p>O que o seu cliente quer ouvir? Como solucionar o problema dele? Esses e outros questionamentos foram debatidos nos dias 13, 14 e 15\/03, durante o curso \u201cT\u00e9cnicas de argumenta\u00e7\u00e3o de vendas\u201d, promovido pelo Sindicato Intermunicipal das Ind\u00fastrias de Alimenta\u00e7\u00e3o, Panifica\u00e7\u00e3o, Confeitaria e de Massas Aliment\u00edcias do Vale do A\u00e7o \u2013 Sinpava.<\/p>\n\n\n\n<p>\u201cO conte\u00fado foi muito bom, as t\u00e9cnicas inovadoras com aplicabilidade r\u00e1pida na minha \u00e1rea de atua\u00e7\u00e3o\u201d, destacou Welington Justino da Silva, Consultor de vendas.<\/p>\n\n\n\n<p>Para a Gerente, Shirley Aparecida Rosa, a escolha do tema foi compat\u00edvel \u00e0s necessidades do mercado e dos profissionais. &#8221; Consegui ter outra vis\u00e3o em t\u00e9cnicas de vendas. O curso \u00e9 bem atualizado, tive uma vis\u00e3o abrangente em todas as formas de vendas, tanto online, quanto presencial\u201d, pontuou.<\/p>\n\n\n\n<p>Ant\u00f4nio Eug\u00eanio Fernandes, presidente do Sinpava, ressaltou que vender \u00e9 uma arte e conquistar a fideliza\u00e7\u00e3o de clientes \u00e9 um desafio.<\/p>\n\n\n\n<p>\u201cEssa \u00e9 uma demanda muito forte no mercado em geral. Por isso, em parceria com o SEBRAE e por meio do Programa FIEMG Competitiva, promovemos esse curso no intuito de aprimorar as habilidades em vendas atrav\u00e9s de t\u00e9cnicas que potencializem o poder de persuas\u00e3o, a fim de impactar positivamente no volume e na qualidade das vendas\u201d, disse.<\/p>\n\n\n\n<p>De acordo com a instrutora, Ana Paula Paix\u00e3o, o objetivo do curso \u00e9 fazer com que as pessoas compreendam o real papel do vendedor, como sair do modo operacional e partir para o estrat\u00e9gico, trabalhando a venda com mais assertividade para gerar melhores resultados para o neg\u00f3cio. \u201cNesses tr\u00eas dias trabalhamos v\u00e1rias t\u00e9cnicas desde a abordagem, a forma de atender, os tipos de vendas solicitadas, estrat\u00e9gias na arte de fazer perguntas, t\u00e9cnicas dos 3 sim, a fim de que o cliente concretize a compra, sempre baseado na verdade e na \u00e9tica; porque isso que traz relacionamento a longo prazo\u201d, justificou.<\/p>\n\n\n\n<p>Paix\u00e3o ressaltou ainda que para quem quer se tornar um vendedor de alta performance \u00e9 necess\u00e1rio buscar conhecimento, disciplina, organiza\u00e7\u00e3o, al\u00e9m das t\u00e9cnicas. \u201cVender \u00e9 uma t\u00e9cnica. Vendedor \u00e9 uma das profiss\u00f5es mais valorizadas do mercado. Por isso \u00e9 importante investir em capacita\u00e7\u00e3o, ler e principalmente, aplicar toda a teoria no dia a dia como vendedor\u201d, concluiu.<\/p>\n\n\n\n<p>Interessou? O pr\u00f3ximo curso que ser\u00e1 oferecido pelo Sinpava \u00e9 o de Padeiro Iniciante, dividido em tr\u00eas m\u00f3dulos. Mais informa\u00e7\u00f5es: 31 98527-5593.<\/p>\n","protected":false},"featured_media":1786,"template":"","categories":[],"tags":[],"class_list":["post-1784","noticias","type-noticias","status-publish","has-post-thumbnail","hentry"],"acf":[],"yoast_head":"<!-- This site is optimized with the Yoast SEO plugin v26.2 - https:\/\/yoast.com\/wordpress\/plugins\/seo\/ -->\n<title>Sinpava promove curso de T\u00e9cnicas de Argumenta\u00e7\u00e3o de Vendas - Regional Vale do a\u00e7o<\/title>\n<meta name=\"robots\" content=\"index, follow, max-snippet:-1, max-image-preview:large, max-video-preview:-1\" \/>\n<link rel=\"canonical\" href=\"https:\/\/www.fiemg.com.br\/regional-vale-do-aco\/noticias\/sinpava-promove-curso-de-tecnicas-de-argumentacao-de-vendas\/\" \/>\n<meta property=\"og:locale\" content=\"pt_BR\" \/>\n<meta property=\"og:type\" content=\"article\" \/>\n<meta property=\"og:title\" content=\"Sinpava promove curso de T\u00e9cnicas de Argumenta\u00e7\u00e3o de Vendas - Regional Vale do a\u00e7o\" \/>\n<meta property=\"og:description\" content=\"O que o seu cliente quer ouvir? Como solucionar o problema dele? Esses e outros questionamentos foram debatidos nos dias 13, 14 e 15\/03, durante o curso \u201cT\u00e9cnicas de argumenta\u00e7\u00e3o de vendas\u201d, promovido pelo Sindicato Intermunicipal das Ind\u00fastrias de Alimenta\u00e7\u00e3o, Panifica\u00e7\u00e3o, Confeitaria e de Massas Aliment\u00edcias do Vale do A\u00e7o \u2013 Sinpava. \u201cO conte\u00fado foi [&hellip;]\" \/>\n<meta property=\"og:url\" content=\"https:\/\/www.fiemg.com.br\/regional-vale-do-aco\/noticias\/sinpava-promove-curso-de-tecnicas-de-argumentacao-de-vendas\/\" \/>\n<meta property=\"og:site_name\" content=\"Regional Vale do a\u00e7o\" \/>\n<meta property=\"article:modified_time\" content=\"2024-03-15T17:50:40+00:00\" \/>\n<meta property=\"og:image\" content=\"https:\/\/www.fiemg.com.br\/regional-vale-do-aco\/wp-content\/uploads\/sites\/22\/2024\/03\/IMG_1548-scaled.jpg\" \/>\n\t<meta property=\"og:image:width\" content=\"2560\" \/>\n\t<meta property=\"og:image:height\" content=\"1707\" \/>\n\t<meta property=\"og:image:type\" content=\"image\/jpeg\" \/>\n<meta name=\"twitter:card\" content=\"summary_large_image\" \/>\n<meta name=\"twitter:label1\" content=\"Est. tempo de leitura\" \/>\n\t<meta name=\"twitter:data1\" content=\"3 minutos\" \/>\n<script type=\"application\/ld+json\" class=\"yoast-schema-graph\">{\"@context\":\"https:\/\/schema.org\",\"@graph\":[{\"@type\":\"WebPage\",\"@id\":\"https:\/\/www.fiemg.com.br\/regional-vale-do-aco\/noticias\/sinpava-promove-curso-de-tecnicas-de-argumentacao-de-vendas\/\",\"url\":\"https:\/\/www.fiemg.com.br\/regional-vale-do-aco\/noticias\/sinpava-promove-curso-de-tecnicas-de-argumentacao-de-vendas\/\",\"name\":\"Sinpava promove curso de T\u00e9cnicas de Argumenta\u00e7\u00e3o de Vendas - Regional Vale do a\u00e7o\",\"isPartOf\":{\"@id\":\"https:\/\/www.fiemg.com.br\/regional-vale-do-aco\/#website\"},\"primaryImageOfPage\":{\"@id\":\"https:\/\/www.fiemg.com.br\/regional-vale-do-aco\/noticias\/sinpava-promove-curso-de-tecnicas-de-argumentacao-de-vendas\/#primaryimage\"},\"image\":{\"@id\":\"https:\/\/www.fiemg.com.br\/regional-vale-do-aco\/noticias\/sinpava-promove-curso-de-tecnicas-de-argumentacao-de-vendas\/#primaryimage\"},\"thumbnailUrl\":\"https:\/\/www.fiemg.com.br\/regional-vale-do-aco\/wp-content\/uploads\/sites\/22\/2024\/03\/IMG_1548-scaled.jpg\",\"datePublished\":\"2024-03-15T17:40:09+00:00\",\"dateModified\":\"2024-03-15T17:50:40+00:00\",\"breadcrumb\":{\"@id\":\"https:\/\/www.fiemg.com.br\/regional-vale-do-aco\/noticias\/sinpava-promove-curso-de-tecnicas-de-argumentacao-de-vendas\/#breadcrumb\"},\"inLanguage\":\"pt-BR\",\"potentialAction\":[{\"@type\":\"ReadAction\",\"target\":[\"https:\/\/www.fiemg.com.br\/regional-vale-do-aco\/noticias\/sinpava-promove-curso-de-tecnicas-de-argumentacao-de-vendas\/\"]}]},{\"@type\":\"ImageObject\",\"inLanguage\":\"pt-BR\",\"@id\":\"https:\/\/www.fiemg.com.br\/regional-vale-do-aco\/noticias\/sinpava-promove-curso-de-tecnicas-de-argumentacao-de-vendas\/#primaryimage\",\"url\":\"https:\/\/www.fiemg.com.br\/regional-vale-do-aco\/wp-content\/uploads\/sites\/22\/2024\/03\/IMG_1548-scaled.jpg\",\"contentUrl\":\"https:\/\/www.fiemg.com.br\/regional-vale-do-aco\/wp-content\/uploads\/sites\/22\/2024\/03\/IMG_1548-scaled.jpg\",\"width\":2560,\"height\":1707},{\"@type\":\"BreadcrumbList\",\"@id\":\"https:\/\/www.fiemg.com.br\/regional-vale-do-aco\/noticias\/sinpava-promove-curso-de-tecnicas-de-argumentacao-de-vendas\/#breadcrumb\",\"itemListElement\":[{\"@type\":\"ListItem\",\"position\":1,\"name\":\"In\u00edcio\",\"item\":\"https:\/\/www.fiemg.com.br\/regional-vale-do-aco\/\"},{\"@type\":\"ListItem\",\"position\":2,\"name\":\"Sinpava promove curso de T\u00e9cnicas de Argumenta\u00e7\u00e3o de Vendas\"}]},{\"@type\":\"WebSite\",\"@id\":\"https:\/\/www.fiemg.com.br\/regional-vale-do-aco\/#website\",\"url\":\"https:\/\/www.fiemg.com.br\/regional-vale-do-aco\/\",\"name\":\"Regional Vale do a\u00e7o\",\"description\":\"Federa\u00e7\u00e3o das Ind\u00fastrias do Estado de Minas Gerais\",\"publisher\":{\"@id\":\"https:\/\/www.fiemg.com.br\/regional-vale-do-aco\/#organization\"},\"potentialAction\":[{\"@type\":\"SearchAction\",\"target\":{\"@type\":\"EntryPoint\",\"urlTemplate\":\"https:\/\/www.fiemg.com.br\/regional-vale-do-aco\/?s={search_term_string}\"},\"query-input\":{\"@type\":\"PropertyValueSpecification\",\"valueRequired\":true,\"valueName\":\"search_term_string\"}}],\"inLanguage\":\"pt-BR\"},{\"@type\":\"Organization\",\"@id\":\"https:\/\/www.fiemg.com.br\/regional-vale-do-aco\/#organization\",\"name\":\"Regional Vale do a\u00e7o\",\"url\":\"https:\/\/www.fiemg.com.br\/regional-vale-do-aco\/\",\"logo\":{\"@type\":\"ImageObject\",\"inLanguage\":\"pt-BR\",\"@id\":\"https:\/\/www.fiemg.com.br\/regional-vale-do-aco\/#\/schema\/logo\/image\/\",\"url\":\"https:\/\/www.fiemg.com.br\/regional-vale-do-aco\/wp-content\/uploads\/sites\/22\/2023\/02\/Ativo-1.png\",\"contentUrl\":\"https:\/\/www.fiemg.com.br\/regional-vale-do-aco\/wp-content\/uploads\/sites\/22\/2023\/02\/Ativo-1.png\",\"width\":563,\"height\":149,\"caption\":\"Regional Vale do a\u00e7o\"},\"image\":{\"@id\":\"https:\/\/www.fiemg.com.br\/regional-vale-do-aco\/#\/schema\/logo\/image\/\"}}]}<\/script>\n<!-- \/ Yoast SEO plugin. -->","yoast_head_json":{"title":"Sinpava promove curso de T\u00e9cnicas de Argumenta\u00e7\u00e3o de Vendas - Regional Vale do a\u00e7o","robots":{"index":"index","follow":"follow","max-snippet":"max-snippet:-1","max-image-preview":"max-image-preview:large","max-video-preview":"max-video-preview:-1"},"canonical":"https:\/\/www.fiemg.com.br\/regional-vale-do-aco\/noticias\/sinpava-promove-curso-de-tecnicas-de-argumentacao-de-vendas\/","og_locale":"pt_BR","og_type":"article","og_title":"Sinpava promove curso de T\u00e9cnicas de Argumenta\u00e7\u00e3o de Vendas - Regional Vale do a\u00e7o","og_description":"O que o seu cliente quer ouvir? Como solucionar o problema dele? Esses e outros questionamentos foram debatidos nos dias 13, 14 e 15\/03, durante o curso \u201cT\u00e9cnicas de argumenta\u00e7\u00e3o de vendas\u201d, promovido pelo Sindicato Intermunicipal das Ind\u00fastrias de Alimenta\u00e7\u00e3o, Panifica\u00e7\u00e3o, Confeitaria e de Massas Aliment\u00edcias do Vale do A\u00e7o \u2013 Sinpava. \u201cO conte\u00fado foi [&hellip;]","og_url":"https:\/\/www.fiemg.com.br\/regional-vale-do-aco\/noticias\/sinpava-promove-curso-de-tecnicas-de-argumentacao-de-vendas\/","og_site_name":"Regional Vale do a\u00e7o","article_modified_time":"2024-03-15T17:50:40+00:00","og_image":[{"width":2560,"height":1707,"url":"https:\/\/www.fiemg.com.br\/regional-vale-do-aco\/wp-content\/uploads\/sites\/22\/2024\/03\/IMG_1548-scaled.jpg","type":"image\/jpeg"}],"twitter_card":"summary_large_image","twitter_misc":{"Est. tempo de leitura":"3 minutos"},"schema":{"@context":"https:\/\/schema.org","@graph":[{"@type":"WebPage","@id":"https:\/\/www.fiemg.com.br\/regional-vale-do-aco\/noticias\/sinpava-promove-curso-de-tecnicas-de-argumentacao-de-vendas\/","url":"https:\/\/www.fiemg.com.br\/regional-vale-do-aco\/noticias\/sinpava-promove-curso-de-tecnicas-de-argumentacao-de-vendas\/","name":"Sinpava promove curso de T\u00e9cnicas de Argumenta\u00e7\u00e3o de Vendas - Regional Vale do a\u00e7o","isPartOf":{"@id":"https:\/\/www.fiemg.com.br\/regional-vale-do-aco\/#website"},"primaryImageOfPage":{"@id":"https:\/\/www.fiemg.com.br\/regional-vale-do-aco\/noticias\/sinpava-promove-curso-de-tecnicas-de-argumentacao-de-vendas\/#primaryimage"},"image":{"@id":"https:\/\/www.fiemg.com.br\/regional-vale-do-aco\/noticias\/sinpava-promove-curso-de-tecnicas-de-argumentacao-de-vendas\/#primaryimage"},"thumbnailUrl":"https:\/\/www.fiemg.com.br\/regional-vale-do-aco\/wp-content\/uploads\/sites\/22\/2024\/03\/IMG_1548-scaled.jpg","datePublished":"2024-03-15T17:40:09+00:00","dateModified":"2024-03-15T17:50:40+00:00","breadcrumb":{"@id":"https:\/\/www.fiemg.com.br\/regional-vale-do-aco\/noticias\/sinpava-promove-curso-de-tecnicas-de-argumentacao-de-vendas\/#breadcrumb"},"inLanguage":"pt-BR","potentialAction":[{"@type":"ReadAction","target":["https:\/\/www.fiemg.com.br\/regional-vale-do-aco\/noticias\/sinpava-promove-curso-de-tecnicas-de-argumentacao-de-vendas\/"]}]},{"@type":"ImageObject","inLanguage":"pt-BR","@id":"https:\/\/www.fiemg.com.br\/regional-vale-do-aco\/noticias\/sinpava-promove-curso-de-tecnicas-de-argumentacao-de-vendas\/#primaryimage","url":"https:\/\/www.fiemg.com.br\/regional-vale-do-aco\/wp-content\/uploads\/sites\/22\/2024\/03\/IMG_1548-scaled.jpg","contentUrl":"https:\/\/www.fiemg.com.br\/regional-vale-do-aco\/wp-content\/uploads\/sites\/22\/2024\/03\/IMG_1548-scaled.jpg","width":2560,"height":1707},{"@type":"BreadcrumbList","@id":"https:\/\/www.fiemg.com.br\/regional-vale-do-aco\/noticias\/sinpava-promove-curso-de-tecnicas-de-argumentacao-de-vendas\/#breadcrumb","itemListElement":[{"@type":"ListItem","position":1,"name":"In\u00edcio","item":"https:\/\/www.fiemg.com.br\/regional-vale-do-aco\/"},{"@type":"ListItem","position":2,"name":"Sinpava promove curso de T\u00e9cnicas de Argumenta\u00e7\u00e3o de Vendas"}]},{"@type":"WebSite","@id":"https:\/\/www.fiemg.com.br\/regional-vale-do-aco\/#website","url":"https:\/\/www.fiemg.com.br\/regional-vale-do-aco\/","name":"Regional Vale do a\u00e7o","description":"Federa\u00e7\u00e3o das Ind\u00fastrias do Estado de Minas Gerais","publisher":{"@id":"https:\/\/www.fiemg.com.br\/regional-vale-do-aco\/#organization"},"potentialAction":[{"@type":"SearchAction","target":{"@type":"EntryPoint","urlTemplate":"https:\/\/www.fiemg.com.br\/regional-vale-do-aco\/?s={search_term_string}"},"query-input":{"@type":"PropertyValueSpecification","valueRequired":true,"valueName":"search_term_string"}}],"inLanguage":"pt-BR"},{"@type":"Organization","@id":"https:\/\/www.fiemg.com.br\/regional-vale-do-aco\/#organization","name":"Regional Vale do a\u00e7o","url":"https:\/\/www.fiemg.com.br\/regional-vale-do-aco\/","logo":{"@type":"ImageObject","inLanguage":"pt-BR","@id":"https:\/\/www.fiemg.com.br\/regional-vale-do-aco\/#\/schema\/logo\/image\/","url":"https:\/\/www.fiemg.com.br\/regional-vale-do-aco\/wp-content\/uploads\/sites\/22\/2023\/02\/Ativo-1.png","contentUrl":"https:\/\/www.fiemg.com.br\/regional-vale-do-aco\/wp-content\/uploads\/sites\/22\/2023\/02\/Ativo-1.png","width":563,"height":149,"caption":"Regional Vale do a\u00e7o"},"image":{"@id":"https:\/\/www.fiemg.com.br\/regional-vale-do-aco\/#\/schema\/logo\/image\/"}}]}},"_links":{"self":[{"href":"https:\/\/www.fiemg.com.br\/regional-vale-do-aco\/wp-json\/wp\/v2\/noticias\/1784","targetHints":{"allow":["GET"]}}],"collection":[{"href":"https:\/\/www.fiemg.com.br\/regional-vale-do-aco\/wp-json\/wp\/v2\/noticias"}],"about":[{"href":"https:\/\/www.fiemg.com.br\/regional-vale-do-aco\/wp-json\/wp\/v2\/types\/noticias"}],"wp:featuredmedia":[{"embeddable":true,"href":"https:\/\/www.fiemg.com.br\/regional-vale-do-aco\/wp-json\/wp\/v2\/media\/1786"}],"wp:attachment":[{"href":"https:\/\/www.fiemg.com.br\/regional-vale-do-aco\/wp-json\/wp\/v2\/media?parent=1784"}],"wp:term":[{"taxonomy":"category","embeddable":true,"href":"https:\/\/www.fiemg.com.br\/regional-vale-do-aco\/wp-json\/wp\/v2\/categories?post=1784"},{"taxonomy":"post_tag","embeddable":true,"href":"https:\/\/www.fiemg.com.br\/regional-vale-do-aco\/wp-json\/wp\/v2\/tags?post=1784"}],"curies":[{"name":"wp","href":"https:\/\/api.w.org\/{rel}","templated":true}]}}