{"id":1875,"date":"2024-05-16T14:05:04","date_gmt":"2024-05-16T17:05:04","guid":{"rendered":"https:\/\/www.fiemg.com.br\/regional-vale-do-aco\/?post_type=noticias&#038;p=1875"},"modified":"2024-05-16T14:56:56","modified_gmt":"2024-05-16T17:56:56","slug":"joao-monlevade-recebera-2a-edicao-do-giro-pela-regional","status":"publish","type":"noticias","link":"https:\/\/www.fiemg.com.br\/regional-vale-do-aco\/noticias\/joao-monlevade-recebera-2a-edicao-do-giro-pela-regional\/","title":{"rendered":"Jo\u00e3o Monlevade receber\u00e1 2\u00aa edi\u00e7\u00e3o do Giro pela Regional"},"content":{"rendered":"\n<p>A 2\u00aa<strong> <\/strong>edi\u00e7\u00e3o do Giro pela Regional, em Jo\u00e3o Monlevade, evento promovido pela Federa\u00e7\u00e3o das Ind\u00fastrias do Estado de Minas Gerais &#8211; FIEMG Regional Vale do A\u00e7o, ser\u00e1 nos dias 20 e 21 de maio.<\/p>\n\n\n\n<p>No dia 20\/05, das 13h \u00e0s 17h e no dia 21\/05, das 8h \u00e0s 17h, ser\u00e1 promovido o Curso \u201cLideran\u00e7a para Ch\u00e3o de F\u00e1brica\u201d, no Sesi. As inscri\u00e7\u00f5es poder\u00e3o ser feitas <a href=\"https:\/\/www.sympla.com.br\/evento\/capacitacao-lideranca-para-chao-de-fabrica\/2371478?_gl=1*yhcjdw*_ga*MTMwNjQ3NzA2Ny4xNjUzMDQ2OTU0*_ga_KXH10SQTZF*MTcxNDc0NTAxNC4xNzIuMS4xNzE0NzQ1MTMyLjUyLjAuNzMxNTI1MDU3\">neste link<\/a>. O valor do investimento \u00e9 R$200 para associados aos sindicatos da FIEMG <strong><br><\/strong>e R$300 para o p\u00fablico geral.<\/p>\n\n\n\n<p>Ainda no dia 21\/05, \u00e0s 18h30, ser\u00e3o ministradas as palestras: \u201cO que impede de alcan\u00e7ar meus objetivos\u201d, seguida da palestra: \u201cLGPD \u2013 Legisla\u00e7\u00e3o e Aplica\u00e7\u00f5es\u201d, na sede da Acimon. As inscri\u00e7\u00f5es para as palestras podem ser feitas <a href=\"https:\/\/www.sympla.com.br\/evento\/giro-pela-regional-palestra-lgpd-legislacao-e-aplicacoes\/2452362?_gl=1*1ni5nz2*_ga*MTMwNjQ3NzA2Ny4xNjUzMDQ2OTU0*_ga_KXH10SQTZF*MTcxNDc0NTAxNC4xNzIuMS4xNzE0NzQ1MDYyLjEyLjAuNzMxNTI1MDU3\">neste link<\/a>. Lembrando que as vagas s\u00e3o limitadas. Para participar, basta doar 1 litro de leite.<\/p>\n\n\n\n<p>O objetivo do Giro pela Regional \u00e9 apresentar aos empres\u00e1rios e toda a comunidade Monlevadense, solu\u00e7\u00f5es para aumentar a competitividade e a sustentabilidade das ind\u00fastrias. \u201cNossa expectativa \u00e9 contribuir para a melhoria da gest\u00e3o e aumento da competitividade das ind\u00fastrias, defendendo seus interesses, criando um ambiente prop\u00edcio para o crescimento, al\u00e9m de fomentar o desenvolvimento das ind\u00fastrias, por meio dos servi\u00e7os, produtos e solu\u00e7\u00f5es que a FIEMG juntamente com o Sindicato das Ind\u00fastrias Metal\u00fargicas, Mec\u00e2nicas, Material El\u00e9trico e Eletr\u00f4nico de Jo\u00e3o Monlevade (SIME) tem a oferecer\u201d, afirma o Analista de Rela\u00e7\u00f5es Empresariais da FIEMG, Luiz S\u00e9rgio Martins J\u00fanior.<\/p>\n\n\n\n<p>O Giro pela Regional, em Jo\u00e3o Monlevade, \u00e9 uma realiza\u00e7\u00e3o da FIEMG Regional Vale do A\u00e7o com apoio do Sesi, Senai, Sime, VMS Advogados, Sebrae e Acimon. Outras informa\u00e7\u00f5es pelo telefone (31)3822-1414 ou atrav\u00e9s do email regional-va@fiemg.com.br.&nbsp;<\/p>\n","protected":false},"featured_media":1879,"template":"","categories":[],"tags":[],"class_list":["post-1875","noticias","type-noticias","status-publish","has-post-thumbnail","hentry"],"acf":[],"yoast_head":"<!-- This site is optimized with the Yoast SEO plugin v26.2 - https:\/\/yoast.com\/wordpress\/plugins\/seo\/ -->\n<title>Jo\u00e3o Monlevade receber\u00e1 2\u00aa edi\u00e7\u00e3o do Giro pela Regional - Regional Vale do a\u00e7o<\/title>\n<meta name=\"robots\" content=\"index, follow, max-snippet:-1, max-image-preview:large, max-video-preview:-1\" \/>\n<link rel=\"canonical\" href=\"https:\/\/www.fiemg.com.br\/regional-vale-do-aco\/noticias\/joao-monlevade-recebera-2a-edicao-do-giro-pela-regional\/\" \/>\n<meta property=\"og:locale\" content=\"pt_BR\" \/>\n<meta property=\"og:type\" content=\"article\" \/>\n<meta property=\"og:title\" content=\"Jo\u00e3o Monlevade receber\u00e1 2\u00aa edi\u00e7\u00e3o do Giro pela Regional - Regional Vale do a\u00e7o\" \/>\n<meta property=\"og:description\" content=\"A 2\u00aa edi\u00e7\u00e3o do Giro pela Regional, em Jo\u00e3o Monlevade, evento promovido pela Federa\u00e7\u00e3o das Ind\u00fastrias do Estado de Minas Gerais &#8211; FIEMG Regional Vale do A\u00e7o, ser\u00e1 nos dias 20 e 21 de maio. No dia 20\/05, das 13h \u00e0s 17h e no dia 21\/05, das 8h \u00e0s 17h, ser\u00e1 promovido o Curso \u201cLideran\u00e7a [&hellip;]\" \/>\n<meta property=\"og:url\" content=\"https:\/\/www.fiemg.com.br\/regional-vale-do-aco\/noticias\/joao-monlevade-recebera-2a-edicao-do-giro-pela-regional\/\" \/>\n<meta property=\"og:site_name\" content=\"Regional Vale do a\u00e7o\" \/>\n<meta property=\"article:modified_time\" content=\"2024-05-16T17:56:56+00:00\" \/>\n<meta property=\"og:image\" content=\"https:\/\/www.fiemg.com.br\/regional-vale-do-aco\/wp-content\/uploads\/sites\/22\/2024\/05\/Giro-Site-1.jpg\" \/>\n\t<meta property=\"og:image:width\" content=\"591\" \/>\n\t<meta property=\"og:image:height\" content=\"556\" \/>\n\t<meta property=\"og:image:type\" content=\"image\/jpeg\" \/>\n<meta name=\"twitter:card\" content=\"summary_large_image\" \/>\n<meta name=\"twitter:label1\" content=\"Est. tempo de leitura\" \/>\n\t<meta name=\"twitter:data1\" content=\"2 minutos\" \/>\n<script type=\"application\/ld+json\" class=\"yoast-schema-graph\">{\"@context\":\"https:\/\/schema.org\",\"@graph\":[{\"@type\":\"WebPage\",\"@id\":\"https:\/\/www.fiemg.com.br\/regional-vale-do-aco\/noticias\/joao-monlevade-recebera-2a-edicao-do-giro-pela-regional\/\",\"url\":\"https:\/\/www.fiemg.com.br\/regional-vale-do-aco\/noticias\/joao-monlevade-recebera-2a-edicao-do-giro-pela-regional\/\",\"name\":\"Jo\u00e3o Monlevade receber\u00e1 2\u00aa edi\u00e7\u00e3o do Giro pela Regional - Regional Vale do a\u00e7o\",\"isPartOf\":{\"@id\":\"https:\/\/www.fiemg.com.br\/regional-vale-do-aco\/#website\"},\"primaryImageOfPage\":{\"@id\":\"https:\/\/www.fiemg.com.br\/regional-vale-do-aco\/noticias\/joao-monlevade-recebera-2a-edicao-do-giro-pela-regional\/#primaryimage\"},\"image\":{\"@id\":\"https:\/\/www.fiemg.com.br\/regional-vale-do-aco\/noticias\/joao-monlevade-recebera-2a-edicao-do-giro-pela-regional\/#primaryimage\"},\"thumbnailUrl\":\"https:\/\/www.fiemg.com.br\/regional-vale-do-aco\/wp-content\/uploads\/sites\/22\/2024\/05\/Giro-Site-1.jpg\",\"datePublished\":\"2024-05-16T17:05:04+00:00\",\"dateModified\":\"2024-05-16T17:56:56+00:00\",\"breadcrumb\":{\"@id\":\"https:\/\/www.fiemg.com.br\/regional-vale-do-aco\/noticias\/joao-monlevade-recebera-2a-edicao-do-giro-pela-regional\/#breadcrumb\"},\"inLanguage\":\"pt-BR\",\"potentialAction\":[{\"@type\":\"ReadAction\",\"target\":[\"https:\/\/www.fiemg.com.br\/regional-vale-do-aco\/noticias\/joao-monlevade-recebera-2a-edicao-do-giro-pela-regional\/\"]}]},{\"@type\":\"ImageObject\",\"inLanguage\":\"pt-BR\",\"@id\":\"https:\/\/www.fiemg.com.br\/regional-vale-do-aco\/noticias\/joao-monlevade-recebera-2a-edicao-do-giro-pela-regional\/#primaryimage\",\"url\":\"https:\/\/www.fiemg.com.br\/regional-vale-do-aco\/wp-content\/uploads\/sites\/22\/2024\/05\/Giro-Site-1.jpg\",\"contentUrl\":\"https:\/\/www.fiemg.com.br\/regional-vale-do-aco\/wp-content\/uploads\/sites\/22\/2024\/05\/Giro-Site-1.jpg\",\"width\":591,\"height\":556},{\"@type\":\"BreadcrumbList\",\"@id\":\"https:\/\/www.fiemg.com.br\/regional-vale-do-aco\/noticias\/joao-monlevade-recebera-2a-edicao-do-giro-pela-regional\/#breadcrumb\",\"itemListElement\":[{\"@type\":\"ListItem\",\"position\":1,\"name\":\"In\u00edcio\",\"item\":\"https:\/\/www.fiemg.com.br\/regional-vale-do-aco\/\"},{\"@type\":\"ListItem\",\"position\":2,\"name\":\"Jo\u00e3o Monlevade receber\u00e1 2\u00aa edi\u00e7\u00e3o do Giro pela Regional\"}]},{\"@type\":\"WebSite\",\"@id\":\"https:\/\/www.fiemg.com.br\/regional-vale-do-aco\/#website\",\"url\":\"https:\/\/www.fiemg.com.br\/regional-vale-do-aco\/\",\"name\":\"Regional Vale do a\u00e7o\",\"description\":\"Federa\u00e7\u00e3o das Ind\u00fastrias do Estado de Minas Gerais\",\"publisher\":{\"@id\":\"https:\/\/www.fiemg.com.br\/regional-vale-do-aco\/#organization\"},\"potentialAction\":[{\"@type\":\"SearchAction\",\"target\":{\"@type\":\"EntryPoint\",\"urlTemplate\":\"https:\/\/www.fiemg.com.br\/regional-vale-do-aco\/?s={search_term_string}\"},\"query-input\":{\"@type\":\"PropertyValueSpecification\",\"valueRequired\":true,\"valueName\":\"search_term_string\"}}],\"inLanguage\":\"pt-BR\"},{\"@type\":\"Organization\",\"@id\":\"https:\/\/www.fiemg.com.br\/regional-vale-do-aco\/#organization\",\"name\":\"Regional Vale do a\u00e7o\",\"url\":\"https:\/\/www.fiemg.com.br\/regional-vale-do-aco\/\",\"logo\":{\"@type\":\"ImageObject\",\"inLanguage\":\"pt-BR\",\"@id\":\"https:\/\/www.fiemg.com.br\/regional-vale-do-aco\/#\/schema\/logo\/image\/\",\"url\":\"https:\/\/www.fiemg.com.br\/regional-vale-do-aco\/wp-content\/uploads\/sites\/22\/2023\/02\/Ativo-1.png\",\"contentUrl\":\"https:\/\/www.fiemg.com.br\/regional-vale-do-aco\/wp-content\/uploads\/sites\/22\/2023\/02\/Ativo-1.png\",\"width\":563,\"height\":149,\"caption\":\"Regional Vale do a\u00e7o\"},\"image\":{\"@id\":\"https:\/\/www.fiemg.com.br\/regional-vale-do-aco\/#\/schema\/logo\/image\/\"}}]}<\/script>\n<!-- \/ Yoast SEO plugin. -->","yoast_head_json":{"title":"Jo\u00e3o Monlevade receber\u00e1 2\u00aa edi\u00e7\u00e3o do Giro pela Regional - Regional Vale do a\u00e7o","robots":{"index":"index","follow":"follow","max-snippet":"max-snippet:-1","max-image-preview":"max-image-preview:large","max-video-preview":"max-video-preview:-1"},"canonical":"https:\/\/www.fiemg.com.br\/regional-vale-do-aco\/noticias\/joao-monlevade-recebera-2a-edicao-do-giro-pela-regional\/","og_locale":"pt_BR","og_type":"article","og_title":"Jo\u00e3o Monlevade receber\u00e1 2\u00aa edi\u00e7\u00e3o do Giro pela Regional - Regional Vale do a\u00e7o","og_description":"A 2\u00aa edi\u00e7\u00e3o do Giro pela Regional, em Jo\u00e3o Monlevade, evento promovido pela Federa\u00e7\u00e3o das Ind\u00fastrias do Estado de Minas Gerais &#8211; FIEMG Regional Vale do A\u00e7o, ser\u00e1 nos dias 20 e 21 de maio. No dia 20\/05, das 13h \u00e0s 17h e no dia 21\/05, das 8h \u00e0s 17h, ser\u00e1 promovido o Curso \u201cLideran\u00e7a [&hellip;]","og_url":"https:\/\/www.fiemg.com.br\/regional-vale-do-aco\/noticias\/joao-monlevade-recebera-2a-edicao-do-giro-pela-regional\/","og_site_name":"Regional Vale do a\u00e7o","article_modified_time":"2024-05-16T17:56:56+00:00","og_image":[{"width":591,"height":556,"url":"https:\/\/www.fiemg.com.br\/regional-vale-do-aco\/wp-content\/uploads\/sites\/22\/2024\/05\/Giro-Site-1.jpg","type":"image\/jpeg"}],"twitter_card":"summary_large_image","twitter_misc":{"Est. tempo de leitura":"2 minutos"},"schema":{"@context":"https:\/\/schema.org","@graph":[{"@type":"WebPage","@id":"https:\/\/www.fiemg.com.br\/regional-vale-do-aco\/noticias\/joao-monlevade-recebera-2a-edicao-do-giro-pela-regional\/","url":"https:\/\/www.fiemg.com.br\/regional-vale-do-aco\/noticias\/joao-monlevade-recebera-2a-edicao-do-giro-pela-regional\/","name":"Jo\u00e3o Monlevade receber\u00e1 2\u00aa edi\u00e7\u00e3o do Giro pela Regional - Regional Vale do a\u00e7o","isPartOf":{"@id":"https:\/\/www.fiemg.com.br\/regional-vale-do-aco\/#website"},"primaryImageOfPage":{"@id":"https:\/\/www.fiemg.com.br\/regional-vale-do-aco\/noticias\/joao-monlevade-recebera-2a-edicao-do-giro-pela-regional\/#primaryimage"},"image":{"@id":"https:\/\/www.fiemg.com.br\/regional-vale-do-aco\/noticias\/joao-monlevade-recebera-2a-edicao-do-giro-pela-regional\/#primaryimage"},"thumbnailUrl":"https:\/\/www.fiemg.com.br\/regional-vale-do-aco\/wp-content\/uploads\/sites\/22\/2024\/05\/Giro-Site-1.jpg","datePublished":"2024-05-16T17:05:04+00:00","dateModified":"2024-05-16T17:56:56+00:00","breadcrumb":{"@id":"https:\/\/www.fiemg.com.br\/regional-vale-do-aco\/noticias\/joao-monlevade-recebera-2a-edicao-do-giro-pela-regional\/#breadcrumb"},"inLanguage":"pt-BR","potentialAction":[{"@type":"ReadAction","target":["https:\/\/www.fiemg.com.br\/regional-vale-do-aco\/noticias\/joao-monlevade-recebera-2a-edicao-do-giro-pela-regional\/"]}]},{"@type":"ImageObject","inLanguage":"pt-BR","@id":"https:\/\/www.fiemg.com.br\/regional-vale-do-aco\/noticias\/joao-monlevade-recebera-2a-edicao-do-giro-pela-regional\/#primaryimage","url":"https:\/\/www.fiemg.com.br\/regional-vale-do-aco\/wp-content\/uploads\/sites\/22\/2024\/05\/Giro-Site-1.jpg","contentUrl":"https:\/\/www.fiemg.com.br\/regional-vale-do-aco\/wp-content\/uploads\/sites\/22\/2024\/05\/Giro-Site-1.jpg","width":591,"height":556},{"@type":"BreadcrumbList","@id":"https:\/\/www.fiemg.com.br\/regional-vale-do-aco\/noticias\/joao-monlevade-recebera-2a-edicao-do-giro-pela-regional\/#breadcrumb","itemListElement":[{"@type":"ListItem","position":1,"name":"In\u00edcio","item":"https:\/\/www.fiemg.com.br\/regional-vale-do-aco\/"},{"@type":"ListItem","position":2,"name":"Jo\u00e3o Monlevade receber\u00e1 2\u00aa edi\u00e7\u00e3o do Giro pela Regional"}]},{"@type":"WebSite","@id":"https:\/\/www.fiemg.com.br\/regional-vale-do-aco\/#website","url":"https:\/\/www.fiemg.com.br\/regional-vale-do-aco\/","name":"Regional Vale do a\u00e7o","description":"Federa\u00e7\u00e3o das Ind\u00fastrias do Estado de Minas Gerais","publisher":{"@id":"https:\/\/www.fiemg.com.br\/regional-vale-do-aco\/#organization"},"potentialAction":[{"@type":"SearchAction","target":{"@type":"EntryPoint","urlTemplate":"https:\/\/www.fiemg.com.br\/regional-vale-do-aco\/?s={search_term_string}"},"query-input":{"@type":"PropertyValueSpecification","valueRequired":true,"valueName":"search_term_string"}}],"inLanguage":"pt-BR"},{"@type":"Organization","@id":"https:\/\/www.fiemg.com.br\/regional-vale-do-aco\/#organization","name":"Regional Vale do a\u00e7o","url":"https:\/\/www.fiemg.com.br\/regional-vale-do-aco\/","logo":{"@type":"ImageObject","inLanguage":"pt-BR","@id":"https:\/\/www.fiemg.com.br\/regional-vale-do-aco\/#\/schema\/logo\/image\/","url":"https:\/\/www.fiemg.com.br\/regional-vale-do-aco\/wp-content\/uploads\/sites\/22\/2023\/02\/Ativo-1.png","contentUrl":"https:\/\/www.fiemg.com.br\/regional-vale-do-aco\/wp-content\/uploads\/sites\/22\/2023\/02\/Ativo-1.png","width":563,"height":149,"caption":"Regional Vale do a\u00e7o"},"image":{"@id":"https:\/\/www.fiemg.com.br\/regional-vale-do-aco\/#\/schema\/logo\/image\/"}}]}},"_links":{"self":[{"href":"https:\/\/www.fiemg.com.br\/regional-vale-do-aco\/wp-json\/wp\/v2\/noticias\/1875","targetHints":{"allow":["GET"]}}],"collection":[{"href":"https:\/\/www.fiemg.com.br\/regional-vale-do-aco\/wp-json\/wp\/v2\/noticias"}],"about":[{"href":"https:\/\/www.fiemg.com.br\/regional-vale-do-aco\/wp-json\/wp\/v2\/types\/noticias"}],"wp:featuredmedia":[{"embeddable":true,"href":"https:\/\/www.fiemg.com.br\/regional-vale-do-aco\/wp-json\/wp\/v2\/media\/1879"}],"wp:attachment":[{"href":"https:\/\/www.fiemg.com.br\/regional-vale-do-aco\/wp-json\/wp\/v2\/media?parent=1875"}],"wp:term":[{"taxonomy":"category","embeddable":true,"href":"https:\/\/www.fiemg.com.br\/regional-vale-do-aco\/wp-json\/wp\/v2\/categories?post=1875"},{"taxonomy":"post_tag","embeddable":true,"href":"https:\/\/www.fiemg.com.br\/regional-vale-do-aco\/wp-json\/wp\/v2\/tags?post=1875"}],"curies":[{"name":"wp","href":"https:\/\/api.w.org\/{rel}","templated":true}]}}