{"id":1916,"date":"2024-05-24T15:17:38","date_gmt":"2024-05-24T18:17:38","guid":{"rendered":"https:\/\/www.fiemg.com.br\/regional-vale-do-aco\/?post_type=noticias&#038;p=1916"},"modified":"2024-05-24T15:57:09","modified_gmt":"2024-05-24T18:57:09","slug":"rodada-de-negocios-e-mineracao-do-futuro-movimenta-o-setor-metalmecanico-de-itabira","status":"publish","type":"noticias","link":"https:\/\/www.fiemg.com.br\/regional-vale-do-aco\/noticias\/rodada-de-negocios-e-mineracao-do-futuro-movimenta-o-setor-metalmecanico-de-itabira\/","title":{"rendered":"Rodada de Neg\u00f3cios e Minera\u00e7\u00e3o do Futuro movimenta o setor metalmec\u00e2nico de Itabira"},"content":{"rendered":"\n<p>A 2\u00aa edi\u00e7\u00e3o do Giro pela Regional movimentou o setor metalmec\u00e2nico de Itabira nesta quinta-feira, 23\/05. A iniciativa da FIEMG Regional Vale do A\u00e7o, juntamente com o Sindicato\u00a0Intermunicipal das\u00a0Ind\u00fastrias Metal\u00fargicas,\u00a0Mec\u00e2nicas e de Material El\u00e9trico do Vale do A\u00e7o \u2013 Sindimiva e o Arranjo Produtivo Local &#8211; APL Metalmec\u00e2nico reuniu dezenas de empres\u00e1rios para a Rodada de Neg\u00f3cios com as empresas \u00e2ncoras: ArcelorMittal, Aperam, Cenibra, Usiminas e Vale. Na oportunidade, a Vale apresentou a Minera\u00e7\u00e3o do futuro &#8211; Busca pela independ\u00eancia de barragens de rejeito na minera\u00e7\u00e3o.<\/p>\n\n\n\n<p>\u201cFoi um dia intenso de muito trabalho e prospec\u00e7\u00e3o com a rodada de neg\u00f3cios onde geramos132 reuni\u00f5es, com 5 \u00e2ncoras e 35 empresas fornecedoras. Foi um momento de firmar parcerias estrat\u00e9gicas, al\u00e9m do fomento da economia local. J\u00e1 a noite, debatemos a Minera\u00e7\u00e3o do Futuro com o Gerente Operacional de Rejeitos e Cavas da Vale em Itabira, Weslley Robertt Maciel, que destacou a busca pela independ\u00eancia de barragens de rejeito na minera\u00e7\u00e3o e a mudan\u00e7a na rota de disposi\u00e7\u00e3o do rejeito de min\u00e9rio de ferro, com a implementa\u00e7\u00e3o do processamento e disposi\u00e7\u00e3o a seco do rejeito\u201d, pontuou Renato de Aquino, Vice-presidente do Sindimiva.<\/p>\n\n\n\n<p>H\u00e9lio de Godoy, Diretor-presidente da HC Ind\u00fastria Mec\u00e2nica, parabenizou a iniciativa. \u201cA Rodada de Neg\u00f3cios nos propiciou uma prospec\u00e7\u00e3o a n\u00edvel regional, onde conseguimos conversar com cinco players refer\u00eancia de mercado para que pud\u00e9ssemos apresentar nossas empresas e fazer novos contatos\u201d, disse.<\/p>\n\n\n\n<p>Durante os dias 22 e 23\/05 empresas do setor foram visitadas pela equipe da FIEMG e do Sindimiva no intuito de disseminar o associativismo e suas vantagens. \u201cNosso objetivo foi apresentar nossos servi\u00e7os, a fim de contribuir para a melhoria da gest\u00e3o com foco no aumento da competitividade e sustentabilidade das ind\u00fastrias, criando um ambiente favor\u00e1vel para o crescimento e defesa de interesses\u201d, refor\u00e7ou Luiz S\u00e9rgio Martins J\u00fanior, Analista de Rela\u00e7\u00f5es Empresariais da FIEMG.<\/p>\n\n\n\n<p>\u00c9dio de Oliveira, S\u00f3cio-diretor da L\u00edder Com\u00e9rcio e Servi\u00e7os de Eletromec\u00e2nica, ressaltou que tanto a Rodada, quanto a palestra foram muito interessantes, uma vez que Itabira tem grande potencial. \u201cTivemos a oportunidade de conversar com grandes empresas, apresentar nosso trabalho e vimos uma grande oportunidade de crescimento no setor para a nossa regi\u00e3o. Esperamos que a FIEMG e o Sindimiva realizem mais eventos desse tipo no munic\u00edpio\u201d, comentou.<\/p>\n\n\n\n<p>O Giro pela Regional, em Itabira, foi uma realiza\u00e7\u00e3o da FIEMG Regional Vale do A\u00e7o, do Sindimiva e do APL Metalmec\u00e2nico do Vale do A\u00e7o com apoio do Senai, Vale, ArcelorMittal Monlevade, Aperam, Cenibra e Usiminas.<\/p>\n\n\n\n<p>Os pr\u00f3ximos munic\u00edpios a receberem o evento ser\u00e3o: Caratinga nos dias 17 e 18\/06 e Manhua\u00e7u nos dias 19 e 20\/06.<\/p>\n","protected":false},"featured_media":1918,"template":"","categories":[],"tags":[],"class_list":["post-1916","noticias","type-noticias","status-publish","has-post-thumbnail","hentry"],"acf":[],"yoast_head":"<!-- This site is optimized with the Yoast SEO plugin v26.2 - https:\/\/yoast.com\/wordpress\/plugins\/seo\/ -->\n<title>Rodada de Neg\u00f3cios e Minera\u00e7\u00e3o do Futuro movimenta o setor metalmec\u00e2nico de Itabira - Regional Vale do a\u00e7o<\/title>\n<meta name=\"robots\" content=\"index, follow, max-snippet:-1, max-image-preview:large, max-video-preview:-1\" \/>\n<link rel=\"canonical\" href=\"https:\/\/www.fiemg.com.br\/regional-vale-do-aco\/noticias\/rodada-de-negocios-e-mineracao-do-futuro-movimenta-o-setor-metalmecanico-de-itabira\/\" \/>\n<meta property=\"og:locale\" content=\"pt_BR\" \/>\n<meta property=\"og:type\" content=\"article\" \/>\n<meta property=\"og:title\" content=\"Rodada de Neg\u00f3cios e Minera\u00e7\u00e3o do Futuro movimenta o setor metalmec\u00e2nico de Itabira - Regional Vale do a\u00e7o\" \/>\n<meta property=\"og:description\" content=\"A 2\u00aa edi\u00e7\u00e3o do Giro pela Regional movimentou o setor metalmec\u00e2nico de Itabira nesta quinta-feira, 23\/05. A iniciativa da FIEMG Regional Vale do A\u00e7o, juntamente com o Sindicato\u00a0Intermunicipal das\u00a0Ind\u00fastrias Metal\u00fargicas,\u00a0Mec\u00e2nicas e de Material El\u00e9trico do Vale do A\u00e7o \u2013 Sindimiva e o Arranjo Produtivo Local &#8211; APL Metalmec\u00e2nico reuniu dezenas de empres\u00e1rios para a Rodada [&hellip;]\" \/>\n<meta property=\"og:url\" content=\"https:\/\/www.fiemg.com.br\/regional-vale-do-aco\/noticias\/rodada-de-negocios-e-mineracao-do-futuro-movimenta-o-setor-metalmecanico-de-itabira\/\" \/>\n<meta property=\"og:site_name\" content=\"Regional Vale do a\u00e7o\" \/>\n<meta property=\"article:modified_time\" content=\"2024-05-24T18:57:09+00:00\" \/>\n<meta property=\"og:image\" content=\"https:\/\/www.fiemg.com.br\/regional-vale-do-aco\/wp-content\/uploads\/sites\/22\/2024\/05\/Rodada-de-Negocios.jpg\" \/>\n\t<meta property=\"og:image:width\" content=\"1600\" \/>\n\t<meta property=\"og:image:height\" content=\"899\" \/>\n\t<meta property=\"og:image:type\" content=\"image\/jpeg\" \/>\n<meta name=\"twitter:card\" content=\"summary_large_image\" \/>\n<meta name=\"twitter:label1\" content=\"Est. tempo de leitura\" \/>\n\t<meta name=\"twitter:data1\" content=\"3 minutos\" \/>\n<script type=\"application\/ld+json\" class=\"yoast-schema-graph\">{\"@context\":\"https:\/\/schema.org\",\"@graph\":[{\"@type\":\"WebPage\",\"@id\":\"https:\/\/www.fiemg.com.br\/regional-vale-do-aco\/noticias\/rodada-de-negocios-e-mineracao-do-futuro-movimenta-o-setor-metalmecanico-de-itabira\/\",\"url\":\"https:\/\/www.fiemg.com.br\/regional-vale-do-aco\/noticias\/rodada-de-negocios-e-mineracao-do-futuro-movimenta-o-setor-metalmecanico-de-itabira\/\",\"name\":\"Rodada de Neg\u00f3cios e Minera\u00e7\u00e3o do Futuro movimenta o setor metalmec\u00e2nico de Itabira - Regional Vale do a\u00e7o\",\"isPartOf\":{\"@id\":\"https:\/\/www.fiemg.com.br\/regional-vale-do-aco\/#website\"},\"primaryImageOfPage\":{\"@id\":\"https:\/\/www.fiemg.com.br\/regional-vale-do-aco\/noticias\/rodada-de-negocios-e-mineracao-do-futuro-movimenta-o-setor-metalmecanico-de-itabira\/#primaryimage\"},\"image\":{\"@id\":\"https:\/\/www.fiemg.com.br\/regional-vale-do-aco\/noticias\/rodada-de-negocios-e-mineracao-do-futuro-movimenta-o-setor-metalmecanico-de-itabira\/#primaryimage\"},\"thumbnailUrl\":\"https:\/\/www.fiemg.com.br\/regional-vale-do-aco\/wp-content\/uploads\/sites\/22\/2024\/05\/Rodada-de-Negocios.jpg\",\"datePublished\":\"2024-05-24T18:17:38+00:00\",\"dateModified\":\"2024-05-24T18:57:09+00:00\",\"breadcrumb\":{\"@id\":\"https:\/\/www.fiemg.com.br\/regional-vale-do-aco\/noticias\/rodada-de-negocios-e-mineracao-do-futuro-movimenta-o-setor-metalmecanico-de-itabira\/#breadcrumb\"},\"inLanguage\":\"pt-BR\",\"potentialAction\":[{\"@type\":\"ReadAction\",\"target\":[\"https:\/\/www.fiemg.com.br\/regional-vale-do-aco\/noticias\/rodada-de-negocios-e-mineracao-do-futuro-movimenta-o-setor-metalmecanico-de-itabira\/\"]}]},{\"@type\":\"ImageObject\",\"inLanguage\":\"pt-BR\",\"@id\":\"https:\/\/www.fiemg.com.br\/regional-vale-do-aco\/noticias\/rodada-de-negocios-e-mineracao-do-futuro-movimenta-o-setor-metalmecanico-de-itabira\/#primaryimage\",\"url\":\"https:\/\/www.fiemg.com.br\/regional-vale-do-aco\/wp-content\/uploads\/sites\/22\/2024\/05\/Rodada-de-Negocios.jpg\",\"contentUrl\":\"https:\/\/www.fiemg.com.br\/regional-vale-do-aco\/wp-content\/uploads\/sites\/22\/2024\/05\/Rodada-de-Negocios.jpg\",\"width\":1600,\"height\":899},{\"@type\":\"BreadcrumbList\",\"@id\":\"https:\/\/www.fiemg.com.br\/regional-vale-do-aco\/noticias\/rodada-de-negocios-e-mineracao-do-futuro-movimenta-o-setor-metalmecanico-de-itabira\/#breadcrumb\",\"itemListElement\":[{\"@type\":\"ListItem\",\"position\":1,\"name\":\"In\u00edcio\",\"item\":\"https:\/\/www.fiemg.com.br\/regional-vale-do-aco\/\"},{\"@type\":\"ListItem\",\"position\":2,\"name\":\"Rodada de Neg\u00f3cios e Minera\u00e7\u00e3o do Futuro movimenta o setor metalmec\u00e2nico de Itabira\"}]},{\"@type\":\"WebSite\",\"@id\":\"https:\/\/www.fiemg.com.br\/regional-vale-do-aco\/#website\",\"url\":\"https:\/\/www.fiemg.com.br\/regional-vale-do-aco\/\",\"name\":\"Regional Vale do a\u00e7o\",\"description\":\"Federa\u00e7\u00e3o das Ind\u00fastrias do Estado de Minas Gerais\",\"publisher\":{\"@id\":\"https:\/\/www.fiemg.com.br\/regional-vale-do-aco\/#organization\"},\"potentialAction\":[{\"@type\":\"SearchAction\",\"target\":{\"@type\":\"EntryPoint\",\"urlTemplate\":\"https:\/\/www.fiemg.com.br\/regional-vale-do-aco\/?s={search_term_string}\"},\"query-input\":{\"@type\":\"PropertyValueSpecification\",\"valueRequired\":true,\"valueName\":\"search_term_string\"}}],\"inLanguage\":\"pt-BR\"},{\"@type\":\"Organization\",\"@id\":\"https:\/\/www.fiemg.com.br\/regional-vale-do-aco\/#organization\",\"name\":\"Regional Vale do a\u00e7o\",\"url\":\"https:\/\/www.fiemg.com.br\/regional-vale-do-aco\/\",\"logo\":{\"@type\":\"ImageObject\",\"inLanguage\":\"pt-BR\",\"@id\":\"https:\/\/www.fiemg.com.br\/regional-vale-do-aco\/#\/schema\/logo\/image\/\",\"url\":\"https:\/\/www.fiemg.com.br\/regional-vale-do-aco\/wp-content\/uploads\/sites\/22\/2023\/02\/Ativo-1.png\",\"contentUrl\":\"https:\/\/www.fiemg.com.br\/regional-vale-do-aco\/wp-content\/uploads\/sites\/22\/2023\/02\/Ativo-1.png\",\"width\":563,\"height\":149,\"caption\":\"Regional Vale do a\u00e7o\"},\"image\":{\"@id\":\"https:\/\/www.fiemg.com.br\/regional-vale-do-aco\/#\/schema\/logo\/image\/\"}}]}<\/script>\n<!-- \/ Yoast SEO plugin. -->","yoast_head_json":{"title":"Rodada de Neg\u00f3cios e Minera\u00e7\u00e3o do Futuro movimenta o setor metalmec\u00e2nico de Itabira - Regional Vale do a\u00e7o","robots":{"index":"index","follow":"follow","max-snippet":"max-snippet:-1","max-image-preview":"max-image-preview:large","max-video-preview":"max-video-preview:-1"},"canonical":"https:\/\/www.fiemg.com.br\/regional-vale-do-aco\/noticias\/rodada-de-negocios-e-mineracao-do-futuro-movimenta-o-setor-metalmecanico-de-itabira\/","og_locale":"pt_BR","og_type":"article","og_title":"Rodada de Neg\u00f3cios e Minera\u00e7\u00e3o do Futuro movimenta o setor metalmec\u00e2nico de Itabira - Regional Vale do a\u00e7o","og_description":"A 2\u00aa edi\u00e7\u00e3o do Giro pela Regional movimentou o setor metalmec\u00e2nico de Itabira nesta quinta-feira, 23\/05. A iniciativa da FIEMG Regional Vale do A\u00e7o, juntamente com o Sindicato\u00a0Intermunicipal das\u00a0Ind\u00fastrias Metal\u00fargicas,\u00a0Mec\u00e2nicas e de Material El\u00e9trico do Vale do A\u00e7o \u2013 Sindimiva e o Arranjo Produtivo Local &#8211; APL Metalmec\u00e2nico reuniu dezenas de empres\u00e1rios para a Rodada [&hellip;]","og_url":"https:\/\/www.fiemg.com.br\/regional-vale-do-aco\/noticias\/rodada-de-negocios-e-mineracao-do-futuro-movimenta-o-setor-metalmecanico-de-itabira\/","og_site_name":"Regional Vale do a\u00e7o","article_modified_time":"2024-05-24T18:57:09+00:00","og_image":[{"width":1600,"height":899,"url":"https:\/\/www.fiemg.com.br\/regional-vale-do-aco\/wp-content\/uploads\/sites\/22\/2024\/05\/Rodada-de-Negocios.jpg","type":"image\/jpeg"}],"twitter_card":"summary_large_image","twitter_misc":{"Est. tempo de leitura":"3 minutos"},"schema":{"@context":"https:\/\/schema.org","@graph":[{"@type":"WebPage","@id":"https:\/\/www.fiemg.com.br\/regional-vale-do-aco\/noticias\/rodada-de-negocios-e-mineracao-do-futuro-movimenta-o-setor-metalmecanico-de-itabira\/","url":"https:\/\/www.fiemg.com.br\/regional-vale-do-aco\/noticias\/rodada-de-negocios-e-mineracao-do-futuro-movimenta-o-setor-metalmecanico-de-itabira\/","name":"Rodada de Neg\u00f3cios e Minera\u00e7\u00e3o do Futuro movimenta o setor metalmec\u00e2nico de Itabira - Regional Vale do a\u00e7o","isPartOf":{"@id":"https:\/\/www.fiemg.com.br\/regional-vale-do-aco\/#website"},"primaryImageOfPage":{"@id":"https:\/\/www.fiemg.com.br\/regional-vale-do-aco\/noticias\/rodada-de-negocios-e-mineracao-do-futuro-movimenta-o-setor-metalmecanico-de-itabira\/#primaryimage"},"image":{"@id":"https:\/\/www.fiemg.com.br\/regional-vale-do-aco\/noticias\/rodada-de-negocios-e-mineracao-do-futuro-movimenta-o-setor-metalmecanico-de-itabira\/#primaryimage"},"thumbnailUrl":"https:\/\/www.fiemg.com.br\/regional-vale-do-aco\/wp-content\/uploads\/sites\/22\/2024\/05\/Rodada-de-Negocios.jpg","datePublished":"2024-05-24T18:17:38+00:00","dateModified":"2024-05-24T18:57:09+00:00","breadcrumb":{"@id":"https:\/\/www.fiemg.com.br\/regional-vale-do-aco\/noticias\/rodada-de-negocios-e-mineracao-do-futuro-movimenta-o-setor-metalmecanico-de-itabira\/#breadcrumb"},"inLanguage":"pt-BR","potentialAction":[{"@type":"ReadAction","target":["https:\/\/www.fiemg.com.br\/regional-vale-do-aco\/noticias\/rodada-de-negocios-e-mineracao-do-futuro-movimenta-o-setor-metalmecanico-de-itabira\/"]}]},{"@type":"ImageObject","inLanguage":"pt-BR","@id":"https:\/\/www.fiemg.com.br\/regional-vale-do-aco\/noticias\/rodada-de-negocios-e-mineracao-do-futuro-movimenta-o-setor-metalmecanico-de-itabira\/#primaryimage","url":"https:\/\/www.fiemg.com.br\/regional-vale-do-aco\/wp-content\/uploads\/sites\/22\/2024\/05\/Rodada-de-Negocios.jpg","contentUrl":"https:\/\/www.fiemg.com.br\/regional-vale-do-aco\/wp-content\/uploads\/sites\/22\/2024\/05\/Rodada-de-Negocios.jpg","width":1600,"height":899},{"@type":"BreadcrumbList","@id":"https:\/\/www.fiemg.com.br\/regional-vale-do-aco\/noticias\/rodada-de-negocios-e-mineracao-do-futuro-movimenta-o-setor-metalmecanico-de-itabira\/#breadcrumb","itemListElement":[{"@type":"ListItem","position":1,"name":"In\u00edcio","item":"https:\/\/www.fiemg.com.br\/regional-vale-do-aco\/"},{"@type":"ListItem","position":2,"name":"Rodada de Neg\u00f3cios e Minera\u00e7\u00e3o do Futuro movimenta o setor metalmec\u00e2nico de Itabira"}]},{"@type":"WebSite","@id":"https:\/\/www.fiemg.com.br\/regional-vale-do-aco\/#website","url":"https:\/\/www.fiemg.com.br\/regional-vale-do-aco\/","name":"Regional Vale do a\u00e7o","description":"Federa\u00e7\u00e3o das Ind\u00fastrias do Estado de Minas Gerais","publisher":{"@id":"https:\/\/www.fiemg.com.br\/regional-vale-do-aco\/#organization"},"potentialAction":[{"@type":"SearchAction","target":{"@type":"EntryPoint","urlTemplate":"https:\/\/www.fiemg.com.br\/regional-vale-do-aco\/?s={search_term_string}"},"query-input":{"@type":"PropertyValueSpecification","valueRequired":true,"valueName":"search_term_string"}}],"inLanguage":"pt-BR"},{"@type":"Organization","@id":"https:\/\/www.fiemg.com.br\/regional-vale-do-aco\/#organization","name":"Regional Vale do a\u00e7o","url":"https:\/\/www.fiemg.com.br\/regional-vale-do-aco\/","logo":{"@type":"ImageObject","inLanguage":"pt-BR","@id":"https:\/\/www.fiemg.com.br\/regional-vale-do-aco\/#\/schema\/logo\/image\/","url":"https:\/\/www.fiemg.com.br\/regional-vale-do-aco\/wp-content\/uploads\/sites\/22\/2023\/02\/Ativo-1.png","contentUrl":"https:\/\/www.fiemg.com.br\/regional-vale-do-aco\/wp-content\/uploads\/sites\/22\/2023\/02\/Ativo-1.png","width":563,"height":149,"caption":"Regional Vale do a\u00e7o"},"image":{"@id":"https:\/\/www.fiemg.com.br\/regional-vale-do-aco\/#\/schema\/logo\/image\/"}}]}},"_links":{"self":[{"href":"https:\/\/www.fiemg.com.br\/regional-vale-do-aco\/wp-json\/wp\/v2\/noticias\/1916","targetHints":{"allow":["GET"]}}],"collection":[{"href":"https:\/\/www.fiemg.com.br\/regional-vale-do-aco\/wp-json\/wp\/v2\/noticias"}],"about":[{"href":"https:\/\/www.fiemg.com.br\/regional-vale-do-aco\/wp-json\/wp\/v2\/types\/noticias"}],"wp:featuredmedia":[{"embeddable":true,"href":"https:\/\/www.fiemg.com.br\/regional-vale-do-aco\/wp-json\/wp\/v2\/media\/1918"}],"wp:attachment":[{"href":"https:\/\/www.fiemg.com.br\/regional-vale-do-aco\/wp-json\/wp\/v2\/media?parent=1916"}],"wp:term":[{"taxonomy":"category","embeddable":true,"href":"https:\/\/www.fiemg.com.br\/regional-vale-do-aco\/wp-json\/wp\/v2\/categories?post=1916"},{"taxonomy":"post_tag","embeddable":true,"href":"https:\/\/www.fiemg.com.br\/regional-vale-do-aco\/wp-json\/wp\/v2\/tags?post=1916"}],"curies":[{"name":"wp","href":"https:\/\/api.w.org\/{rel}","templated":true}]}}