{"id":1992,"date":"2024-07-16T14:00:50","date_gmt":"2024-07-16T17:00:50","guid":{"rendered":"https:\/\/www.fiemg.com.br\/regional-vale-do-aco\/?post_type=noticias&#038;p=1992"},"modified":"2024-07-16T15:09:46","modified_gmt":"2024-07-16T18:09:46","slug":"com-mais-de-4-mil-vagas-disponiveis-senai-abre-inscricoes-para-cursos-tecnicos-em-todo-o-estado","status":"publish","type":"noticias","link":"https:\/\/www.fiemg.com.br\/regional-vale-do-aco\/noticias\/com-mais-de-4-mil-vagas-disponiveis-senai-abre-inscricoes-para-cursos-tecnicos-em-todo-o-estado\/","title":{"rendered":"Com mais de 4 mil vagas dispon\u00edveis, SENAI abre inscri\u00e7\u00f5es para cursos t\u00e9cnicos em todo o Estado"},"content":{"rendered":"\n<p>Est\u00e3o abertas, a partir desta ter\u00e7a-feira (16), as inscri\u00e7\u00f5es para os cursos t\u00e9cnicos oferecidos pelo SENAI MG no 2\u00ba semestre de 2024. Ser\u00e3o disponibilizadas mais de 4 mil vagas em unidades de todo o Estado.<\/p>\n\n\n\n<p>No Vale do A\u00e7o s\u00e3o 160 vagas para os cursos t\u00e9cnicos de Mecatr\u00f4nica, Mec\u00e2nica e Eletrot\u00e9cnica em Ipatinga e Eletrot\u00e9cnica, em Tim\u00f3teo. <em><\/em><\/p>\n\n\n\n<p>A dura\u00e7\u00e3o dos cursos s\u00e3o de 18 meses, com carga hor\u00e1ria distinta para cada uma das modalidades dispon\u00edveis. A previs\u00e3o \u00e9 que as aulas tenham in\u00edcio no dia 12 de agosto.<\/p>\n\n\n\n<p>Com instrutores especializados, o SENAI MG busca unir teoria e pr\u00e1tica em ambientes inovadores, que aceleram a entrada dos alunos no mercado de trabalho. A institui\u00e7\u00e3o \u00e9 reconhecida em todo o pa\u00eds como refer\u00eancia em educa\u00e7\u00e3o profissional e tecnol\u00f3gica.<\/p>\n\n\n\n<p>Ricardo Aloysio, gerente de Educa\u00e7\u00e3o e Tecnologia Industrial do SENAI MG, lembra que, nos \u00faltimos dois anos, a institui\u00e7\u00e3o investiu mais de R$ 150 milh\u00f5es em infraestrutura, maquin\u00e1rio, equipamentos e tecnologia, com o objetivo de oferecer aos estudantes as melhores condi\u00e7\u00f5es de ensino. Al\u00e9m disso, ele destaca que o curr\u00edculo dos cursos \u00e9 constru\u00eddo em parceria com as ind\u00fastrias, a fim de atender as demandas do setor produtivo relacionadas \u00e0 forma\u00e7\u00e3o de m\u00e3o de obra especializada.<\/p>\n\n\n\n<p>Neste ano, as matr\u00edculas, que v\u00e3o at\u00e9 o dia 4 de agosto, tem o valor de R$ 79,90 para todas as qualifica\u00e7\u00f5es. Al\u00e9m disso, as mensalidades s\u00e3o fixas at\u00e9 o final do curso, de acordo com a turma, a unidade e o turno escolhidos pelo estudante.<\/p>\n\n\n\n<p>Interessados devem se inscrever pelo portal do&nbsp;<a href=\"https:\/\/www.fiemg.com.br\/cursos-tecnicos-senai\/\" target=\"_blank\" rel=\"noreferrer noopener\">SENAI MG<\/a>&nbsp;ou por meio da plataforma&nbsp;<a href=\"https:\/\/www.futuro.digital\/\" target=\"_blank\" rel=\"noreferrer noopener\">Futuro.Digital<\/a>. Ap\u00f3s o pagamento da matr\u00edcula, os alunos devem comparecer \u00e0 unidade escolhida, portando os documentos previstos no edital, para a assinatura do contrato.<\/p>\n\n\n\n<p>Mais informa\u00e7\u00f5es no SENAI de Ipatinga 31 3822-9604<\/p>\n\n\n\n<p><em>\u00a0\u00a0\u00a0\u00a0\u00a0\u00a0\u00a0\u00a0\u00a0\u00a0\u00a0\u00a0\u00a0\u00a0\u00a0\u00a0\u00a0\u00a0\u00a0\u00a0\u00a0\u00a0\u00a0\u00a0\u00a0\u00a0\u00a0\u00a0\u00a0<\/em>\u00a0\u00a0\u00a0\u00a0  SENAI de Tim\u00f3teo 31 3848-1198<\/p>\n","protected":false},"featured_media":1994,"template":"","categories":[],"tags":[],"class_list":["post-1992","noticias","type-noticias","status-publish","has-post-thumbnail","hentry"],"acf":[],"yoast_head":"<!-- This site is optimized with the Yoast SEO plugin v26.2 - https:\/\/yoast.com\/wordpress\/plugins\/seo\/ -->\n<title>Com mais de 4 mil vagas dispon\u00edveis, SENAI abre inscri\u00e7\u00f5es para cursos t\u00e9cnicos em todo o Estado - Regional Vale do a\u00e7o<\/title>\n<meta name=\"robots\" content=\"index, follow, max-snippet:-1, max-image-preview:large, max-video-preview:-1\" \/>\n<link rel=\"canonical\" href=\"https:\/\/www.fiemg.com.br\/regional-vale-do-aco\/noticias\/com-mais-de-4-mil-vagas-disponiveis-senai-abre-inscricoes-para-cursos-tecnicos-em-todo-o-estado\/\" \/>\n<meta property=\"og:locale\" content=\"pt_BR\" \/>\n<meta property=\"og:type\" content=\"article\" \/>\n<meta property=\"og:title\" content=\"Com mais de 4 mil vagas dispon\u00edveis, SENAI abre inscri\u00e7\u00f5es para cursos t\u00e9cnicos em todo o Estado - Regional Vale do a\u00e7o\" \/>\n<meta property=\"og:description\" content=\"Est\u00e3o abertas, a partir desta ter\u00e7a-feira (16), as inscri\u00e7\u00f5es para os cursos t\u00e9cnicos oferecidos pelo SENAI MG no 2\u00ba semestre de 2024. Ser\u00e3o disponibilizadas mais de 4 mil vagas em unidades de todo o Estado. No Vale do A\u00e7o s\u00e3o 160 vagas para os cursos t\u00e9cnicos de Mecatr\u00f4nica, Mec\u00e2nica e Eletrot\u00e9cnica em Ipatinga e Eletrot\u00e9cnica, [&hellip;]\" \/>\n<meta property=\"og:url\" content=\"https:\/\/www.fiemg.com.br\/regional-vale-do-aco\/noticias\/com-mais-de-4-mil-vagas-disponiveis-senai-abre-inscricoes-para-cursos-tecnicos-em-todo-o-estado\/\" \/>\n<meta property=\"og:site_name\" content=\"Regional Vale do a\u00e7o\" \/>\n<meta property=\"article:modified_time\" content=\"2024-07-16T18:09:46+00:00\" \/>\n<meta property=\"og:image\" content=\"https:\/\/www.fiemg.com.br\/regional-vale-do-aco\/wp-content\/uploads\/sites\/22\/2024\/07\/SENAI-.png\" \/>\n\t<meta property=\"og:image:width\" content=\"1200\" \/>\n\t<meta property=\"og:image:height\" content=\"1200\" \/>\n\t<meta property=\"og:image:type\" content=\"image\/png\" \/>\n<meta name=\"twitter:card\" content=\"summary_large_image\" \/>\n<meta name=\"twitter:label1\" content=\"Est. tempo de leitura\" \/>\n\t<meta name=\"twitter:data1\" content=\"2 minutos\" \/>\n<script type=\"application\/ld+json\" class=\"yoast-schema-graph\">{\"@context\":\"https:\/\/schema.org\",\"@graph\":[{\"@type\":\"WebPage\",\"@id\":\"https:\/\/www.fiemg.com.br\/regional-vale-do-aco\/noticias\/com-mais-de-4-mil-vagas-disponiveis-senai-abre-inscricoes-para-cursos-tecnicos-em-todo-o-estado\/\",\"url\":\"https:\/\/www.fiemg.com.br\/regional-vale-do-aco\/noticias\/com-mais-de-4-mil-vagas-disponiveis-senai-abre-inscricoes-para-cursos-tecnicos-em-todo-o-estado\/\",\"name\":\"Com mais de 4 mil vagas dispon\u00edveis, SENAI abre inscri\u00e7\u00f5es para cursos t\u00e9cnicos em todo o Estado - Regional Vale do a\u00e7o\",\"isPartOf\":{\"@id\":\"https:\/\/www.fiemg.com.br\/regional-vale-do-aco\/#website\"},\"primaryImageOfPage\":{\"@id\":\"https:\/\/www.fiemg.com.br\/regional-vale-do-aco\/noticias\/com-mais-de-4-mil-vagas-disponiveis-senai-abre-inscricoes-para-cursos-tecnicos-em-todo-o-estado\/#primaryimage\"},\"image\":{\"@id\":\"https:\/\/www.fiemg.com.br\/regional-vale-do-aco\/noticias\/com-mais-de-4-mil-vagas-disponiveis-senai-abre-inscricoes-para-cursos-tecnicos-em-todo-o-estado\/#primaryimage\"},\"thumbnailUrl\":\"https:\/\/www.fiemg.com.br\/regional-vale-do-aco\/wp-content\/uploads\/sites\/22\/2024\/07\/SENAI-.png\",\"datePublished\":\"2024-07-16T17:00:50+00:00\",\"dateModified\":\"2024-07-16T18:09:46+00:00\",\"breadcrumb\":{\"@id\":\"https:\/\/www.fiemg.com.br\/regional-vale-do-aco\/noticias\/com-mais-de-4-mil-vagas-disponiveis-senai-abre-inscricoes-para-cursos-tecnicos-em-todo-o-estado\/#breadcrumb\"},\"inLanguage\":\"pt-BR\",\"potentialAction\":[{\"@type\":\"ReadAction\",\"target\":[\"https:\/\/www.fiemg.com.br\/regional-vale-do-aco\/noticias\/com-mais-de-4-mil-vagas-disponiveis-senai-abre-inscricoes-para-cursos-tecnicos-em-todo-o-estado\/\"]}]},{\"@type\":\"ImageObject\",\"inLanguage\":\"pt-BR\",\"@id\":\"https:\/\/www.fiemg.com.br\/regional-vale-do-aco\/noticias\/com-mais-de-4-mil-vagas-disponiveis-senai-abre-inscricoes-para-cursos-tecnicos-em-todo-o-estado\/#primaryimage\",\"url\":\"https:\/\/www.fiemg.com.br\/regional-vale-do-aco\/wp-content\/uploads\/sites\/22\/2024\/07\/SENAI-.png\",\"contentUrl\":\"https:\/\/www.fiemg.com.br\/regional-vale-do-aco\/wp-content\/uploads\/sites\/22\/2024\/07\/SENAI-.png\",\"width\":1200,\"height\":1200},{\"@type\":\"BreadcrumbList\",\"@id\":\"https:\/\/www.fiemg.com.br\/regional-vale-do-aco\/noticias\/com-mais-de-4-mil-vagas-disponiveis-senai-abre-inscricoes-para-cursos-tecnicos-em-todo-o-estado\/#breadcrumb\",\"itemListElement\":[{\"@type\":\"ListItem\",\"position\":1,\"name\":\"In\u00edcio\",\"item\":\"https:\/\/www.fiemg.com.br\/regional-vale-do-aco\/\"},{\"@type\":\"ListItem\",\"position\":2,\"name\":\"Com mais de 4 mil vagas dispon\u00edveis, SENAI abre inscri\u00e7\u00f5es para cursos t\u00e9cnicos em todo o Estado\"}]},{\"@type\":\"WebSite\",\"@id\":\"https:\/\/www.fiemg.com.br\/regional-vale-do-aco\/#website\",\"url\":\"https:\/\/www.fiemg.com.br\/regional-vale-do-aco\/\",\"name\":\"Regional Vale do a\u00e7o\",\"description\":\"Federa\u00e7\u00e3o das Ind\u00fastrias do Estado de Minas Gerais\",\"publisher\":{\"@id\":\"https:\/\/www.fiemg.com.br\/regional-vale-do-aco\/#organization\"},\"potentialAction\":[{\"@type\":\"SearchAction\",\"target\":{\"@type\":\"EntryPoint\",\"urlTemplate\":\"https:\/\/www.fiemg.com.br\/regional-vale-do-aco\/?s={search_term_string}\"},\"query-input\":{\"@type\":\"PropertyValueSpecification\",\"valueRequired\":true,\"valueName\":\"search_term_string\"}}],\"inLanguage\":\"pt-BR\"},{\"@type\":\"Organization\",\"@id\":\"https:\/\/www.fiemg.com.br\/regional-vale-do-aco\/#organization\",\"name\":\"Regional Vale do a\u00e7o\",\"url\":\"https:\/\/www.fiemg.com.br\/regional-vale-do-aco\/\",\"logo\":{\"@type\":\"ImageObject\",\"inLanguage\":\"pt-BR\",\"@id\":\"https:\/\/www.fiemg.com.br\/regional-vale-do-aco\/#\/schema\/logo\/image\/\",\"url\":\"https:\/\/www.fiemg.com.br\/regional-vale-do-aco\/wp-content\/uploads\/sites\/22\/2023\/02\/Ativo-1.png\",\"contentUrl\":\"https:\/\/www.fiemg.com.br\/regional-vale-do-aco\/wp-content\/uploads\/sites\/22\/2023\/02\/Ativo-1.png\",\"width\":563,\"height\":149,\"caption\":\"Regional Vale do a\u00e7o\"},\"image\":{\"@id\":\"https:\/\/www.fiemg.com.br\/regional-vale-do-aco\/#\/schema\/logo\/image\/\"}}]}<\/script>\n<!-- \/ Yoast SEO plugin. -->","yoast_head_json":{"title":"Com mais de 4 mil vagas dispon\u00edveis, SENAI abre inscri\u00e7\u00f5es para cursos t\u00e9cnicos em todo o Estado - Regional Vale do a\u00e7o","robots":{"index":"index","follow":"follow","max-snippet":"max-snippet:-1","max-image-preview":"max-image-preview:large","max-video-preview":"max-video-preview:-1"},"canonical":"https:\/\/www.fiemg.com.br\/regional-vale-do-aco\/noticias\/com-mais-de-4-mil-vagas-disponiveis-senai-abre-inscricoes-para-cursos-tecnicos-em-todo-o-estado\/","og_locale":"pt_BR","og_type":"article","og_title":"Com mais de 4 mil vagas dispon\u00edveis, SENAI abre inscri\u00e7\u00f5es para cursos t\u00e9cnicos em todo o Estado - Regional Vale do a\u00e7o","og_description":"Est\u00e3o abertas, a partir desta ter\u00e7a-feira (16), as inscri\u00e7\u00f5es para os cursos t\u00e9cnicos oferecidos pelo SENAI MG no 2\u00ba semestre de 2024. Ser\u00e3o disponibilizadas mais de 4 mil vagas em unidades de todo o Estado. No Vale do A\u00e7o s\u00e3o 160 vagas para os cursos t\u00e9cnicos de Mecatr\u00f4nica, Mec\u00e2nica e Eletrot\u00e9cnica em Ipatinga e Eletrot\u00e9cnica, [&hellip;]","og_url":"https:\/\/www.fiemg.com.br\/regional-vale-do-aco\/noticias\/com-mais-de-4-mil-vagas-disponiveis-senai-abre-inscricoes-para-cursos-tecnicos-em-todo-o-estado\/","og_site_name":"Regional Vale do a\u00e7o","article_modified_time":"2024-07-16T18:09:46+00:00","og_image":[{"width":1200,"height":1200,"url":"https:\/\/www.fiemg.com.br\/regional-vale-do-aco\/wp-content\/uploads\/sites\/22\/2024\/07\/SENAI-.png","type":"image\/png"}],"twitter_card":"summary_large_image","twitter_misc":{"Est. tempo de leitura":"2 minutos"},"schema":{"@context":"https:\/\/schema.org","@graph":[{"@type":"WebPage","@id":"https:\/\/www.fiemg.com.br\/regional-vale-do-aco\/noticias\/com-mais-de-4-mil-vagas-disponiveis-senai-abre-inscricoes-para-cursos-tecnicos-em-todo-o-estado\/","url":"https:\/\/www.fiemg.com.br\/regional-vale-do-aco\/noticias\/com-mais-de-4-mil-vagas-disponiveis-senai-abre-inscricoes-para-cursos-tecnicos-em-todo-o-estado\/","name":"Com mais de 4 mil vagas dispon\u00edveis, SENAI abre inscri\u00e7\u00f5es para cursos t\u00e9cnicos em todo o Estado - Regional Vale do a\u00e7o","isPartOf":{"@id":"https:\/\/www.fiemg.com.br\/regional-vale-do-aco\/#website"},"primaryImageOfPage":{"@id":"https:\/\/www.fiemg.com.br\/regional-vale-do-aco\/noticias\/com-mais-de-4-mil-vagas-disponiveis-senai-abre-inscricoes-para-cursos-tecnicos-em-todo-o-estado\/#primaryimage"},"image":{"@id":"https:\/\/www.fiemg.com.br\/regional-vale-do-aco\/noticias\/com-mais-de-4-mil-vagas-disponiveis-senai-abre-inscricoes-para-cursos-tecnicos-em-todo-o-estado\/#primaryimage"},"thumbnailUrl":"https:\/\/www.fiemg.com.br\/regional-vale-do-aco\/wp-content\/uploads\/sites\/22\/2024\/07\/SENAI-.png","datePublished":"2024-07-16T17:00:50+00:00","dateModified":"2024-07-16T18:09:46+00:00","breadcrumb":{"@id":"https:\/\/www.fiemg.com.br\/regional-vale-do-aco\/noticias\/com-mais-de-4-mil-vagas-disponiveis-senai-abre-inscricoes-para-cursos-tecnicos-em-todo-o-estado\/#breadcrumb"},"inLanguage":"pt-BR","potentialAction":[{"@type":"ReadAction","target":["https:\/\/www.fiemg.com.br\/regional-vale-do-aco\/noticias\/com-mais-de-4-mil-vagas-disponiveis-senai-abre-inscricoes-para-cursos-tecnicos-em-todo-o-estado\/"]}]},{"@type":"ImageObject","inLanguage":"pt-BR","@id":"https:\/\/www.fiemg.com.br\/regional-vale-do-aco\/noticias\/com-mais-de-4-mil-vagas-disponiveis-senai-abre-inscricoes-para-cursos-tecnicos-em-todo-o-estado\/#primaryimage","url":"https:\/\/www.fiemg.com.br\/regional-vale-do-aco\/wp-content\/uploads\/sites\/22\/2024\/07\/SENAI-.png","contentUrl":"https:\/\/www.fiemg.com.br\/regional-vale-do-aco\/wp-content\/uploads\/sites\/22\/2024\/07\/SENAI-.png","width":1200,"height":1200},{"@type":"BreadcrumbList","@id":"https:\/\/www.fiemg.com.br\/regional-vale-do-aco\/noticias\/com-mais-de-4-mil-vagas-disponiveis-senai-abre-inscricoes-para-cursos-tecnicos-em-todo-o-estado\/#breadcrumb","itemListElement":[{"@type":"ListItem","position":1,"name":"In\u00edcio","item":"https:\/\/www.fiemg.com.br\/regional-vale-do-aco\/"},{"@type":"ListItem","position":2,"name":"Com mais de 4 mil vagas dispon\u00edveis, SENAI abre inscri\u00e7\u00f5es para cursos t\u00e9cnicos em todo o Estado"}]},{"@type":"WebSite","@id":"https:\/\/www.fiemg.com.br\/regional-vale-do-aco\/#website","url":"https:\/\/www.fiemg.com.br\/regional-vale-do-aco\/","name":"Regional Vale do a\u00e7o","description":"Federa\u00e7\u00e3o das Ind\u00fastrias do Estado de Minas Gerais","publisher":{"@id":"https:\/\/www.fiemg.com.br\/regional-vale-do-aco\/#organization"},"potentialAction":[{"@type":"SearchAction","target":{"@type":"EntryPoint","urlTemplate":"https:\/\/www.fiemg.com.br\/regional-vale-do-aco\/?s={search_term_string}"},"query-input":{"@type":"PropertyValueSpecification","valueRequired":true,"valueName":"search_term_string"}}],"inLanguage":"pt-BR"},{"@type":"Organization","@id":"https:\/\/www.fiemg.com.br\/regional-vale-do-aco\/#organization","name":"Regional Vale do a\u00e7o","url":"https:\/\/www.fiemg.com.br\/regional-vale-do-aco\/","logo":{"@type":"ImageObject","inLanguage":"pt-BR","@id":"https:\/\/www.fiemg.com.br\/regional-vale-do-aco\/#\/schema\/logo\/image\/","url":"https:\/\/www.fiemg.com.br\/regional-vale-do-aco\/wp-content\/uploads\/sites\/22\/2023\/02\/Ativo-1.png","contentUrl":"https:\/\/www.fiemg.com.br\/regional-vale-do-aco\/wp-content\/uploads\/sites\/22\/2023\/02\/Ativo-1.png","width":563,"height":149,"caption":"Regional Vale do a\u00e7o"},"image":{"@id":"https:\/\/www.fiemg.com.br\/regional-vale-do-aco\/#\/schema\/logo\/image\/"}}]}},"_links":{"self":[{"href":"https:\/\/www.fiemg.com.br\/regional-vale-do-aco\/wp-json\/wp\/v2\/noticias\/1992","targetHints":{"allow":["GET"]}}],"collection":[{"href":"https:\/\/www.fiemg.com.br\/regional-vale-do-aco\/wp-json\/wp\/v2\/noticias"}],"about":[{"href":"https:\/\/www.fiemg.com.br\/regional-vale-do-aco\/wp-json\/wp\/v2\/types\/noticias"}],"wp:featuredmedia":[{"embeddable":true,"href":"https:\/\/www.fiemg.com.br\/regional-vale-do-aco\/wp-json\/wp\/v2\/media\/1994"}],"wp:attachment":[{"href":"https:\/\/www.fiemg.com.br\/regional-vale-do-aco\/wp-json\/wp\/v2\/media?parent=1992"}],"wp:term":[{"taxonomy":"category","embeddable":true,"href":"https:\/\/www.fiemg.com.br\/regional-vale-do-aco\/wp-json\/wp\/v2\/categories?post=1992"},{"taxonomy":"post_tag","embeddable":true,"href":"https:\/\/www.fiemg.com.br\/regional-vale-do-aco\/wp-json\/wp\/v2\/tags?post=1992"}],"curies":[{"name":"wp","href":"https:\/\/api.w.org\/{rel}","templated":true}]}}