{"id":1999,"date":"2024-07-23T12:57:42","date_gmt":"2024-07-23T15:57:42","guid":{"rendered":"https:\/\/www.fiemg.com.br\/regional-vale-do-aco\/?post_type=noticias&#038;p=1999"},"modified":"2024-07-23T15:27:03","modified_gmt":"2024-07-23T18:27:03","slug":"sinpava-promove-missao-a-fipan","status":"publish","type":"noticias","link":"https:\/\/www.fiemg.com.br\/regional-vale-do-aco\/noticias\/sinpava-promove-missao-a-fipan\/","title":{"rendered":"Sinpava promove Miss\u00e3o a FIPAN"},"content":{"rendered":"\r\n<p>Vinte empresas associadas ao Sindicato Intermunicipal das Ind\u00fastrias de Alimenta\u00e7\u00e3o, Panifica\u00e7\u00e3o, Confeitaria e de Massas Aliment\u00edcias do Vale do A\u00e7o (Sinpava), est\u00e3o participando da FIPAN 2024, maior feira de panifica\u00e7\u00e3o e confeitaria da Am\u00e9rica Latina, que acontece entre os dias 23 e 26 de julho, em S\u00e3o Paulo.<\/p>\r\n\r\n\r\n\r\n<p>Durante os quatro dias a comitiva ter\u00e1 acesso a uma programa\u00e7\u00e3o intensa de palestras, workshops e networking, focados em tend\u00eancias e inova\u00e7\u00f5es que est\u00e3o moldando o futuro da panifica\u00e7\u00e3o e da confeitaria, al\u00e9m de uma gama de produtos, inova\u00e7\u00f5es e avan\u00e7os dos principais fabricantes e fornecedores dos setores com cerca de 480 expositores divididos em 3 pavilh\u00f5es.<\/p>\r\n\r\n\r\n\r\n<p>A iniciativa viabilizada pelo Instituto Euvaldo Lodi (IEL\/MG), atrav\u00e9s do programa FIEMG Competitiva, e pelo SEBRAE\/MG, contando com o apoio da FIEMG Regional Vale do A\u00e7o, visa proporcionar \u00e0s empresas do setor, parcerias estrat\u00e9gicas para explorarem novos mercados.<\/p>\r\n\r\n\r\n\r\n<p>\u201cA miss\u00e3o \u00e0 FIPAN j\u00e1 entrou para o calend\u00e1rio do Sinpava devido a sua relev\u00e2ncia. Um\u00a0evento que estimula o constante progresso e aprimoramento da qualidade de produtos e servi\u00e7os, al\u00e9m da chance de nos manter atualizados por meio de conex\u00f5es e parcerias valiosas\u201d, concluiu Ant\u00f4nio Eug\u00eanio Fernandes, Presidente do Sinpava.<\/p>\r\n","protected":false},"featured_media":2001,"template":"","categories":[],"tags":[],"class_list":["post-1999","noticias","type-noticias","status-publish","has-post-thumbnail","hentry"],"acf":[],"yoast_head":"<!-- This site is optimized with the Yoast SEO plugin v26.2 - https:\/\/yoast.com\/wordpress\/plugins\/seo\/ -->\n<title>Sinpava promove Miss\u00e3o a FIPAN - Regional Vale do a\u00e7o<\/title>\n<meta name=\"robots\" content=\"index, follow, max-snippet:-1, max-image-preview:large, max-video-preview:-1\" \/>\n<link rel=\"canonical\" href=\"https:\/\/www.fiemg.com.br\/regional-vale-do-aco\/noticias\/sinpava-promove-missao-a-fipan\/\" \/>\n<meta property=\"og:locale\" content=\"pt_BR\" \/>\n<meta property=\"og:type\" content=\"article\" \/>\n<meta property=\"og:title\" content=\"Sinpava promove Miss\u00e3o a FIPAN - Regional Vale do a\u00e7o\" \/>\n<meta property=\"og:description\" content=\"Vinte empresas associadas ao Sindicato Intermunicipal das Ind\u00fastrias de Alimenta\u00e7\u00e3o, Panifica\u00e7\u00e3o, Confeitaria e de Massas Aliment\u00edcias do Vale do A\u00e7o (Sinpava), est\u00e3o participando da FIPAN 2024, maior feira de panifica\u00e7\u00e3o e confeitaria da Am\u00e9rica Latina, que acontece entre os dias 23 e 26 de julho, em S\u00e3o Paulo. Durante os quatro dias a comitiva ter\u00e1 [&hellip;]\" \/>\n<meta property=\"og:url\" content=\"https:\/\/www.fiemg.com.br\/regional-vale-do-aco\/noticias\/sinpava-promove-missao-a-fipan\/\" \/>\n<meta property=\"og:site_name\" content=\"Regional Vale do a\u00e7o\" \/>\n<meta property=\"article:modified_time\" content=\"2024-07-23T18:27:03+00:00\" \/>\n<meta property=\"og:image\" content=\"https:\/\/www.fiemg.com.br\/regional-vale-do-aco\/wp-content\/uploads\/sites\/22\/2024\/07\/fipan-S.jpg\" \/>\n\t<meta property=\"og:image:width\" content=\"225\" \/>\n\t<meta property=\"og:image:height\" content=\"225\" \/>\n\t<meta property=\"og:image:type\" content=\"image\/jpeg\" \/>\n<meta name=\"twitter:card\" content=\"summary_large_image\" \/>\n<meta name=\"twitter:label1\" content=\"Est. tempo de leitura\" \/>\n\t<meta name=\"twitter:data1\" content=\"2 minutos\" \/>\n<script type=\"application\/ld+json\" class=\"yoast-schema-graph\">{\"@context\":\"https:\/\/schema.org\",\"@graph\":[{\"@type\":\"WebPage\",\"@id\":\"https:\/\/www.fiemg.com.br\/regional-vale-do-aco\/noticias\/sinpava-promove-missao-a-fipan\/\",\"url\":\"https:\/\/www.fiemg.com.br\/regional-vale-do-aco\/noticias\/sinpava-promove-missao-a-fipan\/\",\"name\":\"Sinpava promove Miss\u00e3o a FIPAN - Regional Vale do a\u00e7o\",\"isPartOf\":{\"@id\":\"https:\/\/www.fiemg.com.br\/regional-vale-do-aco\/#website\"},\"primaryImageOfPage\":{\"@id\":\"https:\/\/www.fiemg.com.br\/regional-vale-do-aco\/noticias\/sinpava-promove-missao-a-fipan\/#primaryimage\"},\"image\":{\"@id\":\"https:\/\/www.fiemg.com.br\/regional-vale-do-aco\/noticias\/sinpava-promove-missao-a-fipan\/#primaryimage\"},\"thumbnailUrl\":\"https:\/\/www.fiemg.com.br\/regional-vale-do-aco\/wp-content\/uploads\/sites\/22\/2024\/07\/fipan-S.jpg\",\"datePublished\":\"2024-07-23T15:57:42+00:00\",\"dateModified\":\"2024-07-23T18:27:03+00:00\",\"breadcrumb\":{\"@id\":\"https:\/\/www.fiemg.com.br\/regional-vale-do-aco\/noticias\/sinpava-promove-missao-a-fipan\/#breadcrumb\"},\"inLanguage\":\"pt-BR\",\"potentialAction\":[{\"@type\":\"ReadAction\",\"target\":[\"https:\/\/www.fiemg.com.br\/regional-vale-do-aco\/noticias\/sinpava-promove-missao-a-fipan\/\"]}]},{\"@type\":\"ImageObject\",\"inLanguage\":\"pt-BR\",\"@id\":\"https:\/\/www.fiemg.com.br\/regional-vale-do-aco\/noticias\/sinpava-promove-missao-a-fipan\/#primaryimage\",\"url\":\"https:\/\/www.fiemg.com.br\/regional-vale-do-aco\/wp-content\/uploads\/sites\/22\/2024\/07\/fipan-S.jpg\",\"contentUrl\":\"https:\/\/www.fiemg.com.br\/regional-vale-do-aco\/wp-content\/uploads\/sites\/22\/2024\/07\/fipan-S.jpg\",\"width\":225,\"height\":225},{\"@type\":\"BreadcrumbList\",\"@id\":\"https:\/\/www.fiemg.com.br\/regional-vale-do-aco\/noticias\/sinpava-promove-missao-a-fipan\/#breadcrumb\",\"itemListElement\":[{\"@type\":\"ListItem\",\"position\":1,\"name\":\"In\u00edcio\",\"item\":\"https:\/\/www.fiemg.com.br\/regional-vale-do-aco\/\"},{\"@type\":\"ListItem\",\"position\":2,\"name\":\"Sinpava promove Miss\u00e3o a FIPAN\"}]},{\"@type\":\"WebSite\",\"@id\":\"https:\/\/www.fiemg.com.br\/regional-vale-do-aco\/#website\",\"url\":\"https:\/\/www.fiemg.com.br\/regional-vale-do-aco\/\",\"name\":\"Regional Vale do a\u00e7o\",\"description\":\"Federa\u00e7\u00e3o das Ind\u00fastrias do Estado de Minas Gerais\",\"publisher\":{\"@id\":\"https:\/\/www.fiemg.com.br\/regional-vale-do-aco\/#organization\"},\"potentialAction\":[{\"@type\":\"SearchAction\",\"target\":{\"@type\":\"EntryPoint\",\"urlTemplate\":\"https:\/\/www.fiemg.com.br\/regional-vale-do-aco\/?s={search_term_string}\"},\"query-input\":{\"@type\":\"PropertyValueSpecification\",\"valueRequired\":true,\"valueName\":\"search_term_string\"}}],\"inLanguage\":\"pt-BR\"},{\"@type\":\"Organization\",\"@id\":\"https:\/\/www.fiemg.com.br\/regional-vale-do-aco\/#organization\",\"name\":\"Regional Vale do a\u00e7o\",\"url\":\"https:\/\/www.fiemg.com.br\/regional-vale-do-aco\/\",\"logo\":{\"@type\":\"ImageObject\",\"inLanguage\":\"pt-BR\",\"@id\":\"https:\/\/www.fiemg.com.br\/regional-vale-do-aco\/#\/schema\/logo\/image\/\",\"url\":\"https:\/\/www.fiemg.com.br\/regional-vale-do-aco\/wp-content\/uploads\/sites\/22\/2023\/02\/Ativo-1.png\",\"contentUrl\":\"https:\/\/www.fiemg.com.br\/regional-vale-do-aco\/wp-content\/uploads\/sites\/22\/2023\/02\/Ativo-1.png\",\"width\":563,\"height\":149,\"caption\":\"Regional Vale do a\u00e7o\"},\"image\":{\"@id\":\"https:\/\/www.fiemg.com.br\/regional-vale-do-aco\/#\/schema\/logo\/image\/\"}}]}<\/script>\n<!-- \/ Yoast SEO plugin. -->","yoast_head_json":{"title":"Sinpava promove Miss\u00e3o a FIPAN - Regional Vale do a\u00e7o","robots":{"index":"index","follow":"follow","max-snippet":"max-snippet:-1","max-image-preview":"max-image-preview:large","max-video-preview":"max-video-preview:-1"},"canonical":"https:\/\/www.fiemg.com.br\/regional-vale-do-aco\/noticias\/sinpava-promove-missao-a-fipan\/","og_locale":"pt_BR","og_type":"article","og_title":"Sinpava promove Miss\u00e3o a FIPAN - Regional Vale do a\u00e7o","og_description":"Vinte empresas associadas ao Sindicato Intermunicipal das Ind\u00fastrias de Alimenta\u00e7\u00e3o, Panifica\u00e7\u00e3o, Confeitaria e de Massas Aliment\u00edcias do Vale do A\u00e7o (Sinpava), est\u00e3o participando da FIPAN 2024, maior feira de panifica\u00e7\u00e3o e confeitaria da Am\u00e9rica Latina, que acontece entre os dias 23 e 26 de julho, em S\u00e3o Paulo. Durante os quatro dias a comitiva ter\u00e1 [&hellip;]","og_url":"https:\/\/www.fiemg.com.br\/regional-vale-do-aco\/noticias\/sinpava-promove-missao-a-fipan\/","og_site_name":"Regional Vale do a\u00e7o","article_modified_time":"2024-07-23T18:27:03+00:00","og_image":[{"width":225,"height":225,"url":"https:\/\/www.fiemg.com.br\/regional-vale-do-aco\/wp-content\/uploads\/sites\/22\/2024\/07\/fipan-S.jpg","type":"image\/jpeg"}],"twitter_card":"summary_large_image","twitter_misc":{"Est. tempo de leitura":"2 minutos"},"schema":{"@context":"https:\/\/schema.org","@graph":[{"@type":"WebPage","@id":"https:\/\/www.fiemg.com.br\/regional-vale-do-aco\/noticias\/sinpava-promove-missao-a-fipan\/","url":"https:\/\/www.fiemg.com.br\/regional-vale-do-aco\/noticias\/sinpava-promove-missao-a-fipan\/","name":"Sinpava promove Miss\u00e3o a FIPAN - Regional Vale do a\u00e7o","isPartOf":{"@id":"https:\/\/www.fiemg.com.br\/regional-vale-do-aco\/#website"},"primaryImageOfPage":{"@id":"https:\/\/www.fiemg.com.br\/regional-vale-do-aco\/noticias\/sinpava-promove-missao-a-fipan\/#primaryimage"},"image":{"@id":"https:\/\/www.fiemg.com.br\/regional-vale-do-aco\/noticias\/sinpava-promove-missao-a-fipan\/#primaryimage"},"thumbnailUrl":"https:\/\/www.fiemg.com.br\/regional-vale-do-aco\/wp-content\/uploads\/sites\/22\/2024\/07\/fipan-S.jpg","datePublished":"2024-07-23T15:57:42+00:00","dateModified":"2024-07-23T18:27:03+00:00","breadcrumb":{"@id":"https:\/\/www.fiemg.com.br\/regional-vale-do-aco\/noticias\/sinpava-promove-missao-a-fipan\/#breadcrumb"},"inLanguage":"pt-BR","potentialAction":[{"@type":"ReadAction","target":["https:\/\/www.fiemg.com.br\/regional-vale-do-aco\/noticias\/sinpava-promove-missao-a-fipan\/"]}]},{"@type":"ImageObject","inLanguage":"pt-BR","@id":"https:\/\/www.fiemg.com.br\/regional-vale-do-aco\/noticias\/sinpava-promove-missao-a-fipan\/#primaryimage","url":"https:\/\/www.fiemg.com.br\/regional-vale-do-aco\/wp-content\/uploads\/sites\/22\/2024\/07\/fipan-S.jpg","contentUrl":"https:\/\/www.fiemg.com.br\/regional-vale-do-aco\/wp-content\/uploads\/sites\/22\/2024\/07\/fipan-S.jpg","width":225,"height":225},{"@type":"BreadcrumbList","@id":"https:\/\/www.fiemg.com.br\/regional-vale-do-aco\/noticias\/sinpava-promove-missao-a-fipan\/#breadcrumb","itemListElement":[{"@type":"ListItem","position":1,"name":"In\u00edcio","item":"https:\/\/www.fiemg.com.br\/regional-vale-do-aco\/"},{"@type":"ListItem","position":2,"name":"Sinpava promove Miss\u00e3o a FIPAN"}]},{"@type":"WebSite","@id":"https:\/\/www.fiemg.com.br\/regional-vale-do-aco\/#website","url":"https:\/\/www.fiemg.com.br\/regional-vale-do-aco\/","name":"Regional Vale do a\u00e7o","description":"Federa\u00e7\u00e3o das Ind\u00fastrias do Estado de Minas Gerais","publisher":{"@id":"https:\/\/www.fiemg.com.br\/regional-vale-do-aco\/#organization"},"potentialAction":[{"@type":"SearchAction","target":{"@type":"EntryPoint","urlTemplate":"https:\/\/www.fiemg.com.br\/regional-vale-do-aco\/?s={search_term_string}"},"query-input":{"@type":"PropertyValueSpecification","valueRequired":true,"valueName":"search_term_string"}}],"inLanguage":"pt-BR"},{"@type":"Organization","@id":"https:\/\/www.fiemg.com.br\/regional-vale-do-aco\/#organization","name":"Regional Vale do a\u00e7o","url":"https:\/\/www.fiemg.com.br\/regional-vale-do-aco\/","logo":{"@type":"ImageObject","inLanguage":"pt-BR","@id":"https:\/\/www.fiemg.com.br\/regional-vale-do-aco\/#\/schema\/logo\/image\/","url":"https:\/\/www.fiemg.com.br\/regional-vale-do-aco\/wp-content\/uploads\/sites\/22\/2023\/02\/Ativo-1.png","contentUrl":"https:\/\/www.fiemg.com.br\/regional-vale-do-aco\/wp-content\/uploads\/sites\/22\/2023\/02\/Ativo-1.png","width":563,"height":149,"caption":"Regional Vale do a\u00e7o"},"image":{"@id":"https:\/\/www.fiemg.com.br\/regional-vale-do-aco\/#\/schema\/logo\/image\/"}}]}},"_links":{"self":[{"href":"https:\/\/www.fiemg.com.br\/regional-vale-do-aco\/wp-json\/wp\/v2\/noticias\/1999","targetHints":{"allow":["GET"]}}],"collection":[{"href":"https:\/\/www.fiemg.com.br\/regional-vale-do-aco\/wp-json\/wp\/v2\/noticias"}],"about":[{"href":"https:\/\/www.fiemg.com.br\/regional-vale-do-aco\/wp-json\/wp\/v2\/types\/noticias"}],"wp:featuredmedia":[{"embeddable":true,"href":"https:\/\/www.fiemg.com.br\/regional-vale-do-aco\/wp-json\/wp\/v2\/media\/2001"}],"wp:attachment":[{"href":"https:\/\/www.fiemg.com.br\/regional-vale-do-aco\/wp-json\/wp\/v2\/media?parent=1999"}],"wp:term":[{"taxonomy":"category","embeddable":true,"href":"https:\/\/www.fiemg.com.br\/regional-vale-do-aco\/wp-json\/wp\/v2\/categories?post=1999"},{"taxonomy":"post_tag","embeddable":true,"href":"https:\/\/www.fiemg.com.br\/regional-vale-do-aco\/wp-json\/wp\/v2\/tags?post=1999"}],"curies":[{"name":"wp","href":"https:\/\/api.w.org\/{rel}","templated":true}]}}